{"id":1644,"date":"2025-06-26T15:17:11","date_gmt":"2025-06-26T13:17:11","guid":{"rendered":"https:\/\/veritasinfo.org\/?p=1644"},"modified":"2025-06-26T15:17:11","modified_gmt":"2025-06-26T13:17:11","slug":"zategnuto-zbog-studenata-vucic-trazi-spas-napadima-na-zapad-koji-je-bombardovao-zbog-kosova","status":"publish","type":"post","link":"https:\/\/veritasinfo.org\/?p=1644&lang=sr","title":{"rendered":"Zategnuto zbog studenata, Vu\u010di\u0107 tra\u017ei spas napadima na Zapad koji je bombardovao zbog Kosova"},"content":{"rendered":"<p data-start=\"170\" data-end=\"434\">Predsednik Srbije, Aleksandar Vu\u010di\u0107, na sastanku koji je odr\u017eao sa nekim predstavnicima srpskih studenata, govorio je izme\u0111u ostalog i o bombardovanju Jugoslavije i re\u017eimu Slobodana Milo\u0161evi\u0107a 1999. godine od strane NATO-a, \u0161to je rezultiralo osloba\u0111anjem Kosova.<\/p>\n<p data-start=\"436\" data-end=\"747\">Srpski predsednik, koji i dalje odr\u017eava bliske veze sa Vladimirom Putinom, rekao je da je na osnovu svog politi\u010dkog iskustva uvideo da u savremenom svetu, \u010dak i kada se svesno kr\u0161i neki princip, postoji moralna obaveza da se \u201enapad na neku zemlju ili neka druga nezakonita radnja\u201c na me\u0111unarodnom planu opravda.<\/p>\n<p data-start=\"749\" data-end=\"936\">Prema re\u010dima \u0161efa srpske dr\u017eave, savremeni svet je nalazio dovoljno razloga da preduzme neku akciju i da je ista bila uskla\u0111ena sa pravnim normama \u201e\u010dak i ako to nije bila potpuna istina\u201c.<\/p>\n<p data-start=\"938\" data-end=\"1514\">\u201eUkratko \u017eelim da vam ka\u017eem ne\u0161to \u0161to sam primetio kao politi\u010dki veteran i \u0161to vam mo\u017ee biti od koristi. U savremenom svetu, do skoro, svi su se pozivali na neku vrstu prava i nekog principa. \u010cak i kada su ih svesno kr\u0161ili, postojala je neka vrsta moralne obaveze da napad na neku zemlju, ili neku drugu nezakonitu radnju na me\u0111unarodnom planu koju bi preduzeli, opravdaju. Da poka\u017eu da su prona\u0161li dovoljno razloga da ne\u0161to u\u010dine i da su to uskladili sa pravnim normama \u2013 \u010dak i ako to nije bila potpuna istina\u201c, rekao je Vu\u010di\u0107 pred srpskim studentima, prenosi Gazeta Express.<\/p>\n<p data-start=\"1516\" data-end=\"1901\">Dalje u svom govoru, Vu\u010di\u0107 ka\u017ee da je 1999. godine Jugoslavija postala \u201epresedan\u201c, ali da, prema njegovim re\u010dima, to tada nije imalo sna\u017ean odjek u celom svetu, jer je Zapad bio toliko dominantan politi\u010dki i ekonomski da se ni\u010diji glas nije mogao \u010duti. Kritikuju\u0107i Zapad, Vu\u010di\u0107 ka\u017ee da tada niko nije mislio da \u0107e im se jednog dana ono \u0161to su uradili 1999. godine vratiti kao bumerang.<\/p>\n<p data-start=\"1903\" data-end=\"2348\" data-is-last-node=\"\" data-is-only-node=\"\">\u201eTo je po\u010delo 1999. godine, kada je Srbija, odnosno Savezna Republika Jugoslavija u to vreme, postala prvi primer, jedan presedan, ali koji nije imao sna\u017ean odjek u celom svetu, jer takozvani \u2018liberalni svet\u2019, dakle zapadna hemisfera, bila je toliko dominantna politi\u010dki i ekonomski, da se niko nije mogao \u010duti, niti je iko mogao da pomisli da \u0107e im se to jednog dana vratiti kao bumerang. Danas im se to vra\u0107a\u201c, dodao je Vu\u010di\u0107.<\/p>\n","protected":false},"excerpt":{"rendered":"<p>Predsednik Srbije, Aleksandar Vu\u010di\u0107, na sastanku koji je odr\u017eao sa nekim predstavnicima srpskih studenata, govorio je izme\u0111u ostalog i o bombardovanju Jugoslavije i re\u017eimu Slobodana<\/p>\n","protected":false},"author":1,"featured_media":1485,"comment_status":"open","ping_status":"open","sticky":false,"template":"","format":"standard","meta":{"footnotes":""},"categories":[74],"tags":[],"class_list":["post-1644","post","type-post","status-publish","format-standard","has-post-thumbnail","hentry","category-svet"],"yoast_head":"<!-- This site is optimized with the Yoast SEO plugin v25.3.1 - https:\/\/yoast.com\/wordpress\/plugins\/seo\/ -->\n<title>Zategnuto zbog studenata, Vu\u010di\u0107 tra\u017ei spas napadima na Zapad koji je bombardovao zbog Kosova -<\/title>\n<meta name=\"robots\" content=\"index, follow, max-snippet:-1, max-image-preview:large, max-video-preview:-1\" \/>\n<link rel=\"canonical\" href=\"https:\/\/veritasinfo.org\/?p=1644&lang=sr\" \/>\n<meta property=\"og:locale\" content=\"en_US\" \/>\n<meta property=\"og:type\" content=\"article\" \/>\n<meta property=\"og:title\" content=\"Zategnuto zbog studenata, Vu\u010di\u0107 tra\u017ei spas napadima na Zapad koji je bombardovao zbog Kosova -\" \/>\n<meta property=\"og:description\" content=\"Predsednik Srbije, Aleksandar Vu\u010di\u0107, na sastanku koji je odr\u017eao sa nekim predstavnicima srpskih studenata, govorio je izme\u0111u ostalog i o bombardovanju Jugoslavije i re\u017eimu Slobodana\" \/>\n<meta property=\"og:url\" content=\"https:\/\/veritasinfo.org\/?p=1644&amp;lang=sr\" \/>\n<meta property=\"article:published_time\" content=\"2025-06-26T13:17:11+00:00\" \/>\n<meta property=\"og:image\" content=\"https:\/\/veritasinfo.org\/wp-content\/uploads\/2025\/06\/Vuqic.webp\" \/>\n\t<meta property=\"og:image:width\" content=\"680\" \/>\n\t<meta property=\"og:image:height\" content=\"434\" \/>\n\t<meta property=\"og:image:type\" content=\"image\/webp\" \/>\n<meta name=\"author\" content=\"admin\" \/>\n<meta name=\"twitter:card\" content=\"summary_large_image\" \/>\n<meta name=\"twitter:label1\" content=\"Written by\" \/>\n\t<meta name=\"twitter:data1\" content=\"admin\" \/>\n\t<meta name=\"twitter:label2\" content=\"Est. reading time\" \/>\n\t<meta name=\"twitter:data2\" content=\"2 minutes\" \/>\n<script type=\"application\/ld+json\" class=\"yoast-schema-graph\">{\"@context\":\"https:\/\/schema.org\",\"@graph\":[{\"@type\":\"WebPage\",\"@id\":\"https:\/\/veritasinfo.org\/?p=1644&lang=sr\",\"url\":\"https:\/\/veritasinfo.org\/?p=1644&lang=sr\",\"name\":\"Zategnuto zbog studenata, Vu\u010di\u0107 tra\u017ei spas napadima na Zapad koji je bombardovao zbog Kosova -\",\"isPartOf\":{\"@id\":\"https:\/\/veritasinfo.org\/#website\"},\"primaryImageOfPage\":{\"@id\":\"https:\/\/veritasinfo.org\/?p=1644&lang=sr#primaryimage\"},\"image\":{\"@id\":\"https:\/\/veritasinfo.org\/?p=1644&lang=sr#primaryimage\"},\"thumbnailUrl\":\"https:\/\/veritasinfo.org\/wp-content\/uploads\/2025\/06\/Vuqic.webp\",\"datePublished\":\"2025-06-26T13:17:11+00:00\",\"author\":{\"@id\":\"https:\/\/veritasinfo.org\/#\/schema\/person\/7701f8c088bece422266b100a712374f\"},\"breadcrumb\":{\"@id\":\"https:\/\/veritasinfo.org\/?p=1644&lang=sr#breadcrumb\"},\"inLanguage\":\"en-US\",\"potentialAction\":[{\"@type\":\"ReadAction\",\"target\":[\"https:\/\/veritasinfo.org\/?p=1644&lang=sr\"]}]},{\"@type\":\"ImageObject\",\"inLanguage\":\"en-US\",\"@id\":\"https:\/\/veritasinfo.org\/?p=1644&lang=sr#primaryimage\",\"url\":\"https:\/\/veritasinfo.org\/wp-content\/uploads\/2025\/06\/Vuqic.webp\",\"contentUrl\":\"https:\/\/veritasinfo.org\/wp-content\/uploads\/2025\/06\/Vuqic.webp\",\"width\":680,\"height\":434},{\"@type\":\"BreadcrumbList\",\"@id\":\"https:\/\/veritasinfo.org\/?p=1644&lang=sr#breadcrumb\",\"itemListElement\":[{\"@type\":\"ListItem\",\"position\":1,\"name\":\"Home\",\"item\":\"https:\/\/veritasinfo.org\/\"},{\"@type\":\"ListItem\",\"position\":2,\"name\":\"Zategnuto zbog studenata, Vu\u010di\u0107 tra\u017ei spas napadima na Zapad koji je bombardovao zbog Kosova\"}]},{\"@type\":\"WebSite\",\"@id\":\"https:\/\/veritasinfo.org\/#website\",\"url\":\"https:\/\/veritasinfo.org\/\",\"name\":\"\",\"description\":\"\",\"potentialAction\":[{\"@type\":\"SearchAction\",\"target\":{\"@type\":\"EntryPoint\",\"urlTemplate\":\"https:\/\/veritasinfo.org\/?s={search_term_string}\"},\"query-input\":{\"@type\":\"PropertyValueSpecification\",\"valueRequired\":true,\"valueName\":\"search_term_string\"}}],\"inLanguage\":\"en-US\"},{\"@type\":\"Person\",\"@id\":\"https:\/\/veritasinfo.org\/#\/schema\/person\/7701f8c088bece422266b100a712374f\",\"name\":\"admin\",\"image\":{\"@type\":\"ImageObject\",\"inLanguage\":\"en-US\",\"@id\":\"https:\/\/veritasinfo.org\/#\/schema\/person\/image\/\",\"url\":\"https:\/\/secure.gravatar.com\/avatar\/ea53aa3bf6c9a12d5fde8ce4deff43fef3885ae33cf60184161a50d6987cfd2f?s=96&d=mm&r=g\",\"contentUrl\":\"https:\/\/secure.gravatar.com\/avatar\/ea53aa3bf6c9a12d5fde8ce4deff43fef3885ae33cf60184161a50d6987cfd2f?s=96&d=mm&r=g\",\"caption\":\"admin\"},\"sameAs\":[\"https:\/\/veritasinfo.org\"],\"url\":\"https:\/\/veritasinfo.org\/?author=1\"}]}<\/script>\n<!-- \/ Yoast SEO plugin. -->","yoast_head_json":{"title":"Zategnuto zbog studenata, Vu\u010di\u0107 tra\u017ei spas napadima na Zapad koji je bombardovao zbog Kosova -","robots":{"index":"index","follow":"follow","max-snippet":"max-snippet:-1","max-image-preview":"max-image-preview:large","max-video-preview":"max-video-preview:-1"},"canonical":"https:\/\/veritasinfo.org\/?p=1644&lang=sr","og_locale":"en_US","og_type":"article","og_title":"Zategnuto zbog studenata, Vu\u010di\u0107 tra\u017ei spas napadima na Zapad koji je bombardovao zbog Kosova -","og_description":"Predsednik Srbije, Aleksandar Vu\u010di\u0107, na sastanku koji je odr\u017eao sa nekim predstavnicima srpskih studenata, govorio je izme\u0111u ostalog i o bombardovanju Jugoslavije i re\u017eimu Slobodana","og_url":"https:\/\/veritasinfo.org\/?p=1644&lang=sr","article_published_time":"2025-06-26T13:17:11+00:00","og_image":[{"width":680,"height":434,"url":"https:\/\/veritasinfo.org\/wp-content\/uploads\/2025\/06\/Vuqic.webp","type":"image\/webp"}],"author":"admin","twitter_card":"summary_large_image","twitter_misc":{"Written by":"admin","Est. reading time":"2 minutes"},"schema":{"@context":"https:\/\/schema.org","@graph":[{"@type":"WebPage","@id":"https:\/\/veritasinfo.org\/?p=1644&lang=sr","url":"https:\/\/veritasinfo.org\/?p=1644&lang=sr","name":"Zategnuto zbog studenata, Vu\u010di\u0107 tra\u017ei spas napadima na Zapad koji je bombardovao zbog Kosova -","isPartOf":{"@id":"https:\/\/veritasinfo.org\/#website"},"primaryImageOfPage":{"@id":"https:\/\/veritasinfo.org\/?p=1644&lang=sr#primaryimage"},"image":{"@id":"https:\/\/veritasinfo.org\/?p=1644&lang=sr#primaryimage"},"thumbnailUrl":"https:\/\/veritasinfo.org\/wp-content\/uploads\/2025\/06\/Vuqic.webp","datePublished":"2025-06-26T13:17:11+00:00","author":{"@id":"https:\/\/veritasinfo.org\/#\/schema\/person\/7701f8c088bece422266b100a712374f"},"breadcrumb":{"@id":"https:\/\/veritasinfo.org\/?p=1644&lang=sr#breadcrumb"},"inLanguage":"en-US","potentialAction":[{"@type":"ReadAction","target":["https:\/\/veritasinfo.org\/?p=1644&lang=sr"]}]},{"@type":"ImageObject","inLanguage":"en-US","@id":"https:\/\/veritasinfo.org\/?p=1644&lang=sr#primaryimage","url":"https:\/\/veritasinfo.org\/wp-content\/uploads\/2025\/06\/Vuqic.webp","contentUrl":"https:\/\/veritasinfo.org\/wp-content\/uploads\/2025\/06\/Vuqic.webp","width":680,"height":434},{"@type":"BreadcrumbList","@id":"https:\/\/veritasinfo.org\/?p=1644&lang=sr#breadcrumb","itemListElement":[{"@type":"ListItem","position":1,"name":"Home","item":"https:\/\/veritasinfo.org\/"},{"@type":"ListItem","position":2,"name":"Zategnuto zbog studenata, Vu\u010di\u0107 tra\u017ei spas napadima na Zapad koji je bombardovao zbog Kosova"}]},{"@type":"WebSite","@id":"https:\/\/veritasinfo.org\/#website","url":"https:\/\/veritasinfo.org\/","name":"","description":"","potentialAction":[{"@type":"SearchAction","target":{"@type":"EntryPoint","urlTemplate":"https:\/\/veritasinfo.org\/?s={search_term_string}"},"query-input":{"@type":"PropertyValueSpecification","valueRequired":true,"valueName":"search_term_string"}}],"inLanguage":"en-US"},{"@type":"Person","@id":"https:\/\/veritasinfo.org\/#\/schema\/person\/7701f8c088bece422266b100a712374f","name":"admin","image":{"@type":"ImageObject","inLanguage":"en-US","@id":"https:\/\/veritasinfo.org\/#\/schema\/person\/image\/","url":"https:\/\/secure.gravatar.com\/avatar\/ea53aa3bf6c9a12d5fde8ce4deff43fef3885ae33cf60184161a50d6987cfd2f?s=96&d=mm&r=g","contentUrl":"https:\/\/secure.gravatar.com\/avatar\/ea53aa3bf6c9a12d5fde8ce4deff43fef3885ae33cf60184161a50d6987cfd2f?s=96&d=mm&r=g","caption":"admin"},"sameAs":["https:\/\/veritasinfo.org"],"url":"https:\/\/veritasinfo.org\/?author=1"}]}},"featured_image_urls":{"full":["https:\/\/veritasinfo.org\/wp-content\/uploads\/2025\/06\/Vuqic.webp",680,434,false],"thumbnail":["https:\/\/veritasinfo.org\/wp-content\/uploads\/2025\/06\/Vuqic-150x150.webp",150,150,true],"medium":["https:\/\/veritasinfo.org\/wp-content\/uploads\/2025\/06\/Vuqic-300x191.webp",300,191,true],"medium_large":["https:\/\/veritasinfo.org\/wp-content\/uploads\/2025\/06\/Vuqic.webp",640,408,false],"large":["https:\/\/veritasinfo.org\/wp-content\/uploads\/2025\/06\/Vuqic.webp",640,408,false],"1536x1536":["https:\/\/veritasinfo.org\/wp-content\/uploads\/2025\/06\/Vuqic.webp",680,434,false],"2048x2048":["https:\/\/veritasinfo.org\/wp-content\/uploads\/2025\/06\/Vuqic.webp",680,434,false],"kreeti-slider-full":["https:\/\/veritasinfo.org\/wp-content\/uploads\/2025\/06\/Vuqic.webp",680,434,false],"kreeti-featured":["https:\/\/veritasinfo.org\/wp-content\/uploads\/2025\/06\/Vuqic.webp",680,434,false],"kreeti-medium":["https:\/\/veritasinfo.org\/wp-content\/uploads\/2025\/06\/Vuqic.webp",680,434,false],"kreeti-medium-square":["https:\/\/veritasinfo.org\/wp-content\/uploads\/2025\/06\/Vuqic.webp",350,223,false]},"author_info":{"info":["admin"]},"category_info":"<a href=\"https:\/\/veritasinfo.org\/?cat=74&#038;lang=sr\" rel=\"category\">Svet<\/a>","tag_info":"Svet","comment_count":"0","_links":{"self":[{"href":"https:\/\/veritasinfo.org\/index.php?rest_route=\/wp\/v2\/posts\/1644","targetHints":{"allow":["GET"]}}],"collection":[{"href":"https:\/\/veritasinfo.org\/index.php?rest_route=\/wp\/v2\/posts"}],"about":[{"href":"https:\/\/veritasinfo.org\/index.php?rest_route=\/wp\/v2\/types\/post"}],"author":[{"embeddable":true,"href":"https:\/\/veritasinfo.org\/index.php?rest_route=\/wp\/v2\/users\/1"}],"replies":[{"embeddable":true,"href":"https:\/\/veritasinfo.org\/index.php?rest_route=%2Fwp%2Fv2%2Fcomments&post=1644"}],"version-history":[{"count":1,"href":"https:\/\/veritasinfo.org\/index.php?rest_route=\/wp\/v2\/posts\/1644\/revisions"}],"predecessor-version":[{"id":1645,"href":"https:\/\/veritasinfo.org\/index.php?rest_route=\/wp\/v2\/posts\/1644\/revisions\/1645"}],"wp:featuredmedia":[{"embeddable":true,"href":"https:\/\/veritasinfo.org\/index.php?rest_route=\/wp\/v2\/media\/1485"}],"wp:attachment":[{"href":"https:\/\/veritasinfo.org\/index.php?rest_route=%2Fwp%2Fv2%2Fmedia&parent=1644"}],"wp:term":[{"taxonomy":"category","embeddable":true,"href":"https:\/\/veritasinfo.org\/index.php?rest_route=%2Fwp%2Fv2%2Fcategories&post=1644"},{"taxonomy":"post_tag","embeddable":true,"href":"https:\/\/veritasinfo.org\/index.php?rest_route=%2Fwp%2Fv2%2Ftags&post=1644"}],"curies":[{"name":"wp","href":"https:\/\/api.w.org\/{rel}","templated":true}]}}