{"id":16423,"date":"2025-10-15T14:56:37","date_gmt":"2025-10-15T12:56:37","guid":{"rendered":"https:\/\/veritasinfo.org\/?p=16423"},"modified":"2025-10-15T14:56:37","modified_gmt":"2025-10-15T12:56:37","slug":"osmani-pas-takimit-me-von-der-leyen-kosova-eshte-gati-te-ece-perpara-drejt-be","status":"publish","type":"post","link":"https:\/\/veritasinfo.org\/?p=16423","title":{"rendered":"Osmani pas takimit me Von der Leyen: Kosova \u00ebsht\u00eb gati t\u00eb ec\u00eb p\u00ebrpara drejt BE"},"content":{"rendered":"<p>Prishtin\u00eb 15 Tetor 2025<\/p>\n<p>Presidentja e Republik\u00ebs s\u00eb Kosov\u00ebs, Vjosa Osmani, priti sot n\u00eb takim Presidenten e Komisionit Evropian, Ursula von der Leyen.<\/p>\n<p>Gjat\u00eb takimit, Presidentja Osmani theksoi p\u00ebrkushtimin e Republik\u00ebs s\u00eb Kosov\u00ebs ndaj agjend\u00ebs s\u00eb reformave n\u00eb kuad\u00ebr t\u00eb Planit t\u00eb Rritjes, duke n\u00ebnvizuar r\u00ebnd\u00ebsin\u00eb e zbatimit t\u00eb tyre dhe bashk\u00ebpunimit t\u00eb ngusht\u00eb me Bashkimin Evropian n\u00eb k\u00ebt\u00eb proces. Tani q\u00eb Kuvendi \u00ebsht\u00eb konstituuar, Presidentja shprehi pritjet e saj q\u00eb miratimi i Planit t\u00eb Rritjes t\u00eb jet\u00eb nd\u00ebr vendimet e para t\u00eb Kuvendit.<\/p>\n<p>Presidentja Osmani theksoi se reformat e suksesshme dhe p\u00ebrparimi i vazhduesh\u00ebm i Kosov\u00ebs n\u00eb indekset nd\u00ebrkomb\u00ebtare t\u00eb demokracis\u00eb dhe sundimit t\u00eb ligjit jan\u00eb d\u00ebshmi e qart\u00eb e p\u00ebrkushtimit t\u00eb vendit ton\u00eb ndaj integrimit evropian. N\u00eb k\u00ebt\u00eb kontekst, ajo ritheksoi r\u00ebnd\u00ebsin\u00eb q\u00eb Kosov\u00ebs t\u2019i jepet statusi i vendit kandidat p\u00ebr an\u00ebtar\u00ebsim n\u00eb Bashkimin Evropian, duke gjetur m\u00ebnyra p\u00ebr thyerjen e bllokad\u00ebs aktuale q\u00eb ekziston n\u00eb BE.<\/p>\n<p>N\u00eb takim, Presidentja Osmani po ashtu theksoi domosdoshm\u00ebrin\u00eb e heqjes s\u00eb masave t\u00eb padrejta ndaj Kosov\u00ebs, duke rikujtuar se edhe vet\u00eb Komisioni Evropian ka konfirmuar se k\u00ebto masa duhet t\u00eb hiqen, q\u00eb nga propozimi i P\u00ebrfaq\u00ebsuesit t\u00eb Lart\u00eb t\u00eb BE-s\u00eb n\u00eb qershor 2024.<\/p>\n<p>Duke folur p\u00ebr p\u00ebrpjekjet e Kosov\u00ebs drejt p\u00ebrafrimit me Bashkimin Evropian, Presidentja Osmani theksoi se mb\u00ebshtetja e Komisionit Evropian n\u00eb k\u00ebt\u00eb proces mbetet thelb\u00ebsore. Ajo ritheksoi p\u00ebrkushtimin e popullit t\u00eb Kosov\u00ebs, popullit m\u00eb pro-evropian n\u00eb bot\u00eb, p\u00ebr t\u00eb ardhmen evropiane t\u00eb vendit ton\u00eb.<\/p>\n<p>P\u00ebrve\u00e7 k\u00ebsaj, Presidentja ngriti gjithashtu \u00e7\u00ebshtjen e rritjes s\u00eb bashk\u00ebpunimit me BE-n\u00eb p\u00ebr t\u00eb mb\u00ebshtetur sektorin e sh\u00ebndet\u00ebsis\u00eb n\u00eb Kosov\u00eb, si nj\u00eb domosdoshm\u00ebri p\u00ebr zhvillimin e vendit dhe ngritjen e cil\u00ebsis\u00eb s\u00eb jet\u00ebs p\u00ebr t\u00eb gjith\u00eb qytetar\u00ebt e Kosov\u00ebs.<\/p>\n<p>P\u00ebrgjat\u00eb takimit u diskutua p\u00ebr procesin e formimit t\u00eb qeveris\u00eb pas konstituimit t\u00eb Kuvendit, si dhe p\u00ebr zhvillimin e zgjedhjeve lokale, nj\u00eb ushtrim i r\u00ebnd\u00ebsish\u00ebm demokratik q\u00eb edhe nj\u00eb her\u00eb d\u00ebshmoi profesionalizmin e institucioneve tona dhe p\u00ebrkushtimin e qytetar\u00ebve ndaj demokracis\u00eb. Ajo gjithashtu shprehu shqet\u00ebsimin p\u00ebr nd\u00ebrhyrjet e vazhdueshme dhe t\u00eb paligjshme t\u00eb Serbis\u00eb n\u00eb proceset zgjedhore n\u00eb Kosov\u00eb, jan\u00eb veprime destabilizuese q\u00eb bien ndesh me t\u00eb drejt\u00ebn nd\u00ebrkomb\u00ebtare.<\/p>\n","protected":false},"excerpt":{"rendered":"<p>Prishtin\u00eb 15 Tetor 2025 Presidentja e Republik\u00ebs s\u00eb Kosov\u00ebs, Vjosa Osmani, priti sot n\u00eb takim Presidenten e Komisionit Evropian, Ursula von der Leyen. Gjat\u00eb takimit,<\/p>\n","protected":false},"author":6,"featured_media":16424,"comment_status":"open","ping_status":"open","sticky":false,"template":"","format":"standard","meta":{"footnotes":""},"categories":[60],"tags":[],"class_list":["post-16423","post","type-post","status-publish","format-standard","has-post-thumbnail","hentry","category-shoqerore-sq"],"yoast_head":"<!-- This site is optimized with the Yoast SEO plugin v25.3.1 - https:\/\/yoast.com\/wordpress\/plugins\/seo\/ -->\n<title>Osmani pas takimit me Von der Leyen: Kosova \u00ebsht\u00eb gati t\u00eb ec\u00eb p\u00ebrpara drejt BE -<\/title>\n<meta name=\"robots\" content=\"index, follow, max-snippet:-1, max-image-preview:large, max-video-preview:-1\" \/>\n<link rel=\"canonical\" href=\"https:\/\/veritasinfo.org\/?p=16423\" \/>\n<meta property=\"og:locale\" content=\"en_US\" \/>\n<meta property=\"og:type\" content=\"article\" \/>\n<meta property=\"og:title\" content=\"Osmani pas takimit me Von der Leyen: Kosova \u00ebsht\u00eb gati t\u00eb ec\u00eb p\u00ebrpara drejt BE -\" \/>\n<meta property=\"og:description\" content=\"Prishtin\u00eb 15 Tetor 2025 Presidentja e Republik\u00ebs s\u00eb Kosov\u00ebs, Vjosa Osmani, priti sot n\u00eb takim Presidenten e Komisionit Evropian, Ursula von der Leyen. Gjat\u00eb takimit,\" \/>\n<meta property=\"og:url\" content=\"https:\/\/veritasinfo.org\/?p=16423\" \/>\n<meta property=\"article:published_time\" content=\"2025-10-15T12:56:37+00:00\" \/>\n<meta property=\"og:image\" content=\"https:\/\/veritasinfo.org\/wp-content\/uploads\/2025\/10\/561529172_1141391834777712_7104690854851104076_n.jpg\" \/>\n\t<meta property=\"og:image:width\" content=\"1620\" \/>\n\t<meta property=\"og:image:height\" content=\"1080\" \/>\n\t<meta property=\"og:image:type\" content=\"image\/jpeg\" \/>\n<meta name=\"author\" content=\"US5\" \/>\n<meta name=\"twitter:card\" content=\"summary_large_image\" \/>\n<meta name=\"twitter:label1\" content=\"Written by\" \/>\n\t<meta name=\"twitter:data1\" content=\"US5\" \/>\n\t<meta name=\"twitter:label2\" content=\"Est. reading time\" \/>\n\t<meta name=\"twitter:data2\" content=\"2 minutes\" \/>\n<script type=\"application\/ld+json\" class=\"yoast-schema-graph\">{\"@context\":\"https:\/\/schema.org\",\"@graph\":[{\"@type\":\"WebPage\",\"@id\":\"https:\/\/veritasinfo.org\/?p=16423\",\"url\":\"https:\/\/veritasinfo.org\/?p=16423\",\"name\":\"Osmani pas takimit me Von der Leyen: Kosova \u00ebsht\u00eb gati t\u00eb ec\u00eb p\u00ebrpara drejt BE -\",\"isPartOf\":{\"@id\":\"https:\/\/veritasinfo.org\/#website\"},\"primaryImageOfPage\":{\"@id\":\"https:\/\/veritasinfo.org\/?p=16423#primaryimage\"},\"image\":{\"@id\":\"https:\/\/veritasinfo.org\/?p=16423#primaryimage\"},\"thumbnailUrl\":\"https:\/\/veritasinfo.org\/wp-content\/uploads\/2025\/10\/561529172_1141391834777712_7104690854851104076_n.jpg\",\"datePublished\":\"2025-10-15T12:56:37+00:00\",\"author\":{\"@id\":\"https:\/\/veritasinfo.org\/#\/schema\/person\/bc442336e35414d04494ab8fb45db4c6\"},\"breadcrumb\":{\"@id\":\"https:\/\/veritasinfo.org\/?p=16423#breadcrumb\"},\"inLanguage\":\"en-US\",\"potentialAction\":[{\"@type\":\"ReadAction\",\"target\":[\"https:\/\/veritasinfo.org\/?p=16423\"]}]},{\"@type\":\"ImageObject\",\"inLanguage\":\"en-US\",\"@id\":\"https:\/\/veritasinfo.org\/?p=16423#primaryimage\",\"url\":\"https:\/\/veritasinfo.org\/wp-content\/uploads\/2025\/10\/561529172_1141391834777712_7104690854851104076_n.jpg\",\"contentUrl\":\"https:\/\/veritasinfo.org\/wp-content\/uploads\/2025\/10\/561529172_1141391834777712_7104690854851104076_n.jpg\",\"width\":1620,\"height\":1080},{\"@type\":\"BreadcrumbList\",\"@id\":\"https:\/\/veritasinfo.org\/?p=16423#breadcrumb\",\"itemListElement\":[{\"@type\":\"ListItem\",\"position\":1,\"name\":\"Home\",\"item\":\"https:\/\/veritasinfo.org\/\"},{\"@type\":\"ListItem\",\"position\":2,\"name\":\"Osmani pas takimit me Von der Leyen: Kosova \u00ebsht\u00eb gati t\u00eb ec\u00eb p\u00ebrpara drejt BE\"}]},{\"@type\":\"WebSite\",\"@id\":\"https:\/\/veritasinfo.org\/#website\",\"url\":\"https:\/\/veritasinfo.org\/\",\"name\":\"\",\"description\":\"\",\"potentialAction\":[{\"@type\":\"SearchAction\",\"target\":{\"@type\":\"EntryPoint\",\"urlTemplate\":\"https:\/\/veritasinfo.org\/?s={search_term_string}\"},\"query-input\":{\"@type\":\"PropertyValueSpecification\",\"valueRequired\":true,\"valueName\":\"search_term_string\"}}],\"inLanguage\":\"en-US\"},{\"@type\":\"Person\",\"@id\":\"https:\/\/veritasinfo.org\/#\/schema\/person\/bc442336e35414d04494ab8fb45db4c6\",\"name\":\"US5\",\"image\":{\"@type\":\"ImageObject\",\"inLanguage\":\"en-US\",\"@id\":\"https:\/\/veritasinfo.org\/#\/schema\/person\/image\/\",\"url\":\"https:\/\/secure.gravatar.com\/avatar\/16a61e7272a0c5d001121ebb9e60e925d5816e4ac1e443ed3e640d9a6ae55d0c?s=96&d=mm&r=g\",\"contentUrl\":\"https:\/\/secure.gravatar.com\/avatar\/16a61e7272a0c5d001121ebb9e60e925d5816e4ac1e443ed3e640d9a6ae55d0c?s=96&d=mm&r=g\",\"caption\":\"US5\"},\"url\":\"https:\/\/veritasinfo.org\/?author=6\"}]}<\/script>\n<!-- \/ Yoast SEO plugin. -->","yoast_head_json":{"title":"Osmani pas takimit me Von der Leyen: Kosova \u00ebsht\u00eb gati t\u00eb ec\u00eb p\u00ebrpara drejt BE -","robots":{"index":"index","follow":"follow","max-snippet":"max-snippet:-1","max-image-preview":"max-image-preview:large","max-video-preview":"max-video-preview:-1"},"canonical":"https:\/\/veritasinfo.org\/?p=16423","og_locale":"en_US","og_type":"article","og_title":"Osmani pas takimit me Von der Leyen: Kosova \u00ebsht\u00eb gati t\u00eb ec\u00eb p\u00ebrpara drejt BE -","og_description":"Prishtin\u00eb 15 Tetor 2025 Presidentja e Republik\u00ebs s\u00eb Kosov\u00ebs, Vjosa Osmani, priti sot n\u00eb takim Presidenten e Komisionit Evropian, Ursula von der Leyen. Gjat\u00eb takimit,","og_url":"https:\/\/veritasinfo.org\/?p=16423","article_published_time":"2025-10-15T12:56:37+00:00","og_image":[{"width":1620,"height":1080,"url":"https:\/\/veritasinfo.org\/wp-content\/uploads\/2025\/10\/561529172_1141391834777712_7104690854851104076_n.jpg","type":"image\/jpeg"}],"author":"US5","twitter_card":"summary_large_image","twitter_misc":{"Written by":"US5","Est. reading time":"2 minutes"},"schema":{"@context":"https:\/\/schema.org","@graph":[{"@type":"WebPage","@id":"https:\/\/veritasinfo.org\/?p=16423","url":"https:\/\/veritasinfo.org\/?p=16423","name":"Osmani pas takimit me Von der Leyen: Kosova \u00ebsht\u00eb gati t\u00eb ec\u00eb p\u00ebrpara drejt BE -","isPartOf":{"@id":"https:\/\/veritasinfo.org\/#website"},"primaryImageOfPage":{"@id":"https:\/\/veritasinfo.org\/?p=16423#primaryimage"},"image":{"@id":"https:\/\/veritasinfo.org\/?p=16423#primaryimage"},"thumbnailUrl":"https:\/\/veritasinfo.org\/wp-content\/uploads\/2025\/10\/561529172_1141391834777712_7104690854851104076_n.jpg","datePublished":"2025-10-15T12:56:37+00:00","author":{"@id":"https:\/\/veritasinfo.org\/#\/schema\/person\/bc442336e35414d04494ab8fb45db4c6"},"breadcrumb":{"@id":"https:\/\/veritasinfo.org\/?p=16423#breadcrumb"},"inLanguage":"en-US","potentialAction":[{"@type":"ReadAction","target":["https:\/\/veritasinfo.org\/?p=16423"]}]},{"@type":"ImageObject","inLanguage":"en-US","@id":"https:\/\/veritasinfo.org\/?p=16423#primaryimage","url":"https:\/\/veritasinfo.org\/wp-content\/uploads\/2025\/10\/561529172_1141391834777712_7104690854851104076_n.jpg","contentUrl":"https:\/\/veritasinfo.org\/wp-content\/uploads\/2025\/10\/561529172_1141391834777712_7104690854851104076_n.jpg","width":1620,"height":1080},{"@type":"BreadcrumbList","@id":"https:\/\/veritasinfo.org\/?p=16423#breadcrumb","itemListElement":[{"@type":"ListItem","position":1,"name":"Home","item":"https:\/\/veritasinfo.org\/"},{"@type":"ListItem","position":2,"name":"Osmani pas takimit me Von der Leyen: Kosova \u00ebsht\u00eb gati t\u00eb ec\u00eb p\u00ebrpara drejt BE"}]},{"@type":"WebSite","@id":"https:\/\/veritasinfo.org\/#website","url":"https:\/\/veritasinfo.org\/","name":"","description":"","potentialAction":[{"@type":"SearchAction","target":{"@type":"EntryPoint","urlTemplate":"https:\/\/veritasinfo.org\/?s={search_term_string}"},"query-input":{"@type":"PropertyValueSpecification","valueRequired":true,"valueName":"search_term_string"}}],"inLanguage":"en-US"},{"@type":"Person","@id":"https:\/\/veritasinfo.org\/#\/schema\/person\/bc442336e35414d04494ab8fb45db4c6","name":"US5","image":{"@type":"ImageObject","inLanguage":"en-US","@id":"https:\/\/veritasinfo.org\/#\/schema\/person\/image\/","url":"https:\/\/secure.gravatar.com\/avatar\/16a61e7272a0c5d001121ebb9e60e925d5816e4ac1e443ed3e640d9a6ae55d0c?s=96&d=mm&r=g","contentUrl":"https:\/\/secure.gravatar.com\/avatar\/16a61e7272a0c5d001121ebb9e60e925d5816e4ac1e443ed3e640d9a6ae55d0c?s=96&d=mm&r=g","caption":"US5"},"url":"https:\/\/veritasinfo.org\/?author=6"}]}},"featured_image_urls":{"full":["https:\/\/veritasinfo.org\/wp-content\/uploads\/2025\/10\/561529172_1141391834777712_7104690854851104076_n.jpg",1620,1080,false],"thumbnail":["https:\/\/veritasinfo.org\/wp-content\/uploads\/2025\/10\/561529172_1141391834777712_7104690854851104076_n-150x150.jpg",150,150,true],"medium":["https:\/\/veritasinfo.org\/wp-content\/uploads\/2025\/10\/561529172_1141391834777712_7104690854851104076_n-300x200.jpg",300,200,true],"medium_large":["https:\/\/veritasinfo.org\/wp-content\/uploads\/2025\/10\/561529172_1141391834777712_7104690854851104076_n-768x512.jpg",640,427,true],"large":["https:\/\/veritasinfo.org\/wp-content\/uploads\/2025\/10\/561529172_1141391834777712_7104690854851104076_n-1024x683.jpg",640,427,true],"1536x1536":["https:\/\/veritasinfo.org\/wp-content\/uploads\/2025\/10\/561529172_1141391834777712_7104690854851104076_n-1536x1024.jpg",1536,1024,true],"2048x2048":["https:\/\/veritasinfo.org\/wp-content\/uploads\/2025\/10\/561529172_1141391834777712_7104690854851104076_n.jpg",1620,1080,false],"kreeti-slider-full":["https:\/\/veritasinfo.org\/wp-content\/uploads\/2025\/10\/561529172_1141391834777712_7104690854851104076_n.jpg",1080,720,false],"kreeti-featured":["https:\/\/veritasinfo.org\/wp-content\/uploads\/2025\/10\/561529172_1141391834777712_7104690854851104076_n.jpg",1024,683,false],"kreeti-medium":["https:\/\/veritasinfo.org\/wp-content\/uploads\/2025\/10\/561529172_1141391834777712_7104690854851104076_n.jpg",720,480,false],"kreeti-medium-square":["https:\/\/veritasinfo.org\/wp-content\/uploads\/2025\/10\/561529172_1141391834777712_7104690854851104076_n.jpg",350,233,false]},"author_info":{"info":["US5"]},"category_info":"<a href=\"https:\/\/veritasinfo.org\/?cat=60\" rel=\"category\">Shoq\u00ebrore<\/a>","tag_info":"Shoq\u00ebrore","comment_count":"0","_links":{"self":[{"href":"https:\/\/veritasinfo.org\/index.php?rest_route=\/wp\/v2\/posts\/16423","targetHints":{"allow":["GET"]}}],"collection":[{"href":"https:\/\/veritasinfo.org\/index.php?rest_route=\/wp\/v2\/posts"}],"about":[{"href":"https:\/\/veritasinfo.org\/index.php?rest_route=\/wp\/v2\/types\/post"}],"author":[{"embeddable":true,"href":"https:\/\/veritasinfo.org\/index.php?rest_route=\/wp\/v2\/users\/6"}],"replies":[{"embeddable":true,"href":"https:\/\/veritasinfo.org\/index.php?rest_route=%2Fwp%2Fv2%2Fcomments&post=16423"}],"version-history":[{"count":1,"href":"https:\/\/veritasinfo.org\/index.php?rest_route=\/wp\/v2\/posts\/16423\/revisions"}],"predecessor-version":[{"id":16425,"href":"https:\/\/veritasinfo.org\/index.php?rest_route=\/wp\/v2\/posts\/16423\/revisions\/16425"}],"wp:featuredmedia":[{"embeddable":true,"href":"https:\/\/veritasinfo.org\/index.php?rest_route=\/wp\/v2\/media\/16424"}],"wp:attachment":[{"href":"https:\/\/veritasinfo.org\/index.php?rest_route=%2Fwp%2Fv2%2Fmedia&parent=16423"}],"wp:term":[{"taxonomy":"category","embeddable":true,"href":"https:\/\/veritasinfo.org\/index.php?rest_route=%2Fwp%2Fv2%2Fcategories&post=16423"},{"taxonomy":"post_tag","embeddable":true,"href":"https:\/\/veritasinfo.org\/index.php?rest_route=%2Fwp%2Fv2%2Ftags&post=16423"}],"curies":[{"name":"wp","href":"https:\/\/api.w.org\/{rel}","templated":true}]}}