{"id":1642,"date":"2025-06-26T15:08:46","date_gmt":"2025-06-26T13:08:46","guid":{"rendered":"https:\/\/veritasinfo.org\/?p=1642"},"modified":"2025-06-26T15:08:46","modified_gmt":"2025-06-26T13:08:46","slug":"punet-ngushte-per-shkak-te-studenteve-vuciq-kerkon-shpetim-duke-goditur-perendimin-qe-i-bombardoi-per-kosoven","status":"publish","type":"post","link":"https:\/\/veritasinfo.org\/?p=1642","title":{"rendered":"Pun\u00ebt ngusht\u00eb p\u00ebr shkak t\u00eb student\u00ebve, Vu\u00e7iq k\u00ebrkon shp\u00ebtim duke goditur Per\u00ebndimin q\u00eb i bombardoi p\u00ebr Kosov\u00ebn"},"content":{"rendered":"<p><strong>Beograd, 26 Qershor 2025<\/strong><\/p>\n<p><strong><br \/>\nPresidenti i Serbis\u00eb, Aleksander Vucic, n\u00eb nj\u00eb takim q\u00eb ka mbajtur me disa p\u00ebrfaq\u00ebsues t\u00eb student\u00ebve serb\u00eb, ka folur mes tjerash edhe p\u00ebr bombardimin e Jugosllavis\u00eb dhe regjimit t\u00eb Sllobodan Millosheviqit n\u00eb vitin 1999 nga NATO, veprim ky q\u00eb rezultoi me \u00e7lirimin e Kosov\u00ebs.\u00a0Presidenti serb i cili vazhdon t\u00eb mbaj\u00eb lidhjet e tij t\u00eb ngushta me Vladimir Putninin, ka th\u00ebn\u00eb se bazuar n\u00eb p\u00ebrvoj\u00ebn e tij politike, ka par\u00eb q\u00eb n\u00eb bot\u00ebn moderne, edhe kur shkelet ndonj\u00eb parim me vet\u00ebdije, ekziston nj\u00eb detyrim moral \u201cq\u00eb sulmin ndaj nj\u00eb vendi apo ndonj\u00eb veprim tjet\u00ebr t\u00eb kund\u00ebrligjsh\u00ebm\u201d q\u00eb merrej n\u00eb plan nd\u00ebrkomb\u00ebtar, t\u00eb jepej nj\u00eb justifikim.\u00a0<\/strong><\/p>\n<p>Sipas kreut t\u00eb shtetit serb, bota moderne tregonte se kishte gjetur arsye t\u00eb mjaftueshme p\u00ebr ta nd\u00ebrmarr\u00eb nj\u00eb veprim dhe se i nj\u00ebjti ishte i harmonizuar me normat juridike \u201cedhe n\u00ebse kjo nuk ishte plot\u00ebsisht e v\u00ebrtet\u00eb\u201d<\/p>\n<p>\u201cMe pak fjal\u00eb dua t\u2019ju them di\u00e7ka q\u00eb e kam v\u00ebrejtur si nj\u00eb veteran politik dhe q\u00eb mund t\u2019ju vlej\u00eb. N\u00eb bot\u00ebn moderne, deri von\u00eb, t\u00eb gjith\u00eb i referoheshin nj\u00ebfar\u00eb t\u00eb drejte dhe nj\u00ebfar\u00eb parimi. Edhe kur i shkelnin me vet\u00ebdije, ekzistonte nj\u00eb lloj detyrimi moral q\u00eb sulmin ndaj nj\u00eb vendi, apo ndonj\u00eb veprim tjet\u00ebr t\u00eb kund\u00ebrligjsh\u00ebm n\u00eb planin nd\u00ebrkomb\u00ebtar q\u00eb nd\u00ebrmerrnin, ta justifikonin. T\u00eb tregonin se kishin gjetur arsye t\u00eb mjaftueshme p\u00ebr t\u00eb nd\u00ebrmarr\u00eb di\u00e7ka dhe se e kishin harmonizuar at\u00eb me normat juridike \u2013 edhe n\u00ebse kjo nuk ishte plot\u00ebsisht e v\u00ebrtet\u00eb\u201d, ka th\u00ebn\u00eb Vu\u00e7iq para student\u00ebve serb\u00eb, shkruan Gazeta Express.<\/p>\n<p>Tutje n\u00eb fjalimin e tij, Vu\u00e7iq thot\u00eb se n\u00eb vitin 1999 Jugosllavia ishte b\u00ebr\u00eb \u201cnj\u00eb precedent\u201d, por q\u00eb sipas tij s\u2019ka pasur jehon\u00eb t\u00eb fuqishme n\u00eb t\u00eb gjith\u00eb bot\u00ebn, meq\u00eb Per\u00ebndimi ishte aq dominues politikisht e ekonomikisht sa q\u00eb z\u00ebri i askujt s\u2019mund t\u00eb d\u00ebgjohej. Duke goditur Per\u00ebndimin, Vu\u00e7iq thot\u00eb se n\u00eb at\u00eb koh\u00eb askush nuk e kishte menduar se nj\u00eb dit\u00eb do t\u2019iu kthehej bumerang ajo \u00e7far\u00eb kan\u00eb b\u00ebr\u00eb m\u00eb 1999.<\/p>\n<div class=\"mandeta-ad mandeta-ad-tag_inarticle2\">\n<div><\/div>\n<\/div>\n<p>\u201cKjo filloi n\u00eb vitin 1999, kur Serbia, p\u00ebrkat\u00ebsisht Republika Federale e Jugosllavis\u00eb n\u00eb at\u00eb koh\u00eb, u b\u00eb shembulli i par\u00eb, nj\u00eb precedent, por q\u00eb nuk pati jehon\u00eb t\u00eb fuqishme n\u00eb t\u00eb gjith\u00eb bot\u00ebn, sepse i ashtuquajturi \u201cbot\u00eb liberale\u201d, pra hemisfera per\u00ebndimore, ishte aq dominuese politikisht dhe ekonomikisht, saq\u00eb askush nuk mund t\u00eb d\u00ebgjohej, e as t\u00eb mendonte se nj\u00eb dit\u00eb kjo do t\u2019u kthehej si bumerang. Sot, po u kthehet\u201d, ka th\u00ebn\u00eb tutje Vu\u00e7iq.\/GazetaExpress\/<\/p>\n","protected":false},"excerpt":{"rendered":"<p>Beograd, 26 Qershor 2025 Presidenti i Serbis\u00eb, Aleksander Vucic, n\u00eb nj\u00eb takim q\u00eb ka mbajtur me disa p\u00ebrfaq\u00ebsues t\u00eb student\u00ebve serb\u00eb, ka folur mes tjerash<\/p>\n","protected":false},"author":1,"featured_media":1485,"comment_status":"open","ping_status":"open","sticky":false,"template":"","format":"standard","meta":{"footnotes":""},"categories":[72],"tags":[],"class_list":["post-1642","post","type-post","status-publish","format-standard","has-post-thumbnail","hentry","category-bota"],"yoast_head":"<!-- This site is optimized with the Yoast SEO plugin v25.3.1 - https:\/\/yoast.com\/wordpress\/plugins\/seo\/ -->\n<title>Pun\u00ebt ngusht\u00eb p\u00ebr shkak t\u00eb student\u00ebve, Vu\u00e7iq k\u00ebrkon shp\u00ebtim duke goditur Per\u00ebndimin q\u00eb i bombardoi p\u00ebr Kosov\u00ebn -<\/title>\n<meta name=\"robots\" content=\"index, follow, max-snippet:-1, max-image-preview:large, max-video-preview:-1\" \/>\n<link rel=\"canonical\" href=\"https:\/\/veritasinfo.org\/?p=1642\" \/>\n<meta property=\"og:locale\" content=\"en_US\" \/>\n<meta property=\"og:type\" content=\"article\" \/>\n<meta property=\"og:title\" content=\"Pun\u00ebt ngusht\u00eb p\u00ebr shkak t\u00eb student\u00ebve, Vu\u00e7iq k\u00ebrkon shp\u00ebtim duke goditur Per\u00ebndimin q\u00eb i bombardoi p\u00ebr Kosov\u00ebn -\" \/>\n<meta property=\"og:description\" content=\"Beograd, 26 Qershor 2025 Presidenti i Serbis\u00eb, Aleksander Vucic, n\u00eb nj\u00eb takim q\u00eb ka mbajtur me disa p\u00ebrfaq\u00ebsues t\u00eb student\u00ebve serb\u00eb, ka folur mes tjerash\" \/>\n<meta property=\"og:url\" content=\"https:\/\/veritasinfo.org\/?p=1642\" \/>\n<meta property=\"article:published_time\" content=\"2025-06-26T13:08:46+00:00\" \/>\n<meta property=\"og:image\" content=\"https:\/\/veritasinfo.org\/wp-content\/uploads\/2025\/06\/Vuqic.webp\" \/>\n\t<meta property=\"og:image:width\" content=\"680\" \/>\n\t<meta property=\"og:image:height\" content=\"434\" \/>\n\t<meta property=\"og:image:type\" content=\"image\/webp\" \/>\n<meta name=\"author\" content=\"admin\" \/>\n<meta name=\"twitter:card\" content=\"summary_large_image\" \/>\n<meta name=\"twitter:label1\" content=\"Written by\" \/>\n\t<meta name=\"twitter:data1\" content=\"admin\" \/>\n\t<meta name=\"twitter:label2\" content=\"Est. reading time\" \/>\n\t<meta name=\"twitter:data2\" content=\"2 minutes\" \/>\n<script type=\"application\/ld+json\" class=\"yoast-schema-graph\">{\"@context\":\"https:\/\/schema.org\",\"@graph\":[{\"@type\":\"WebPage\",\"@id\":\"https:\/\/veritasinfo.org\/?p=1642\",\"url\":\"https:\/\/veritasinfo.org\/?p=1642\",\"name\":\"Pun\u00ebt ngusht\u00eb p\u00ebr shkak t\u00eb student\u00ebve, Vu\u00e7iq k\u00ebrkon shp\u00ebtim duke goditur Per\u00ebndimin q\u00eb i bombardoi p\u00ebr Kosov\u00ebn -\",\"isPartOf\":{\"@id\":\"https:\/\/veritasinfo.org\/#website\"},\"primaryImageOfPage\":{\"@id\":\"https:\/\/veritasinfo.org\/?p=1642#primaryimage\"},\"image\":{\"@id\":\"https:\/\/veritasinfo.org\/?p=1642#primaryimage\"},\"thumbnailUrl\":\"https:\/\/veritasinfo.org\/wp-content\/uploads\/2025\/06\/Vuqic.webp\",\"datePublished\":\"2025-06-26T13:08:46+00:00\",\"author\":{\"@id\":\"https:\/\/veritasinfo.org\/#\/schema\/person\/7701f8c088bece422266b100a712374f\"},\"breadcrumb\":{\"@id\":\"https:\/\/veritasinfo.org\/?p=1642#breadcrumb\"},\"inLanguage\":\"en-US\",\"potentialAction\":[{\"@type\":\"ReadAction\",\"target\":[\"https:\/\/veritasinfo.org\/?p=1642\"]}]},{\"@type\":\"ImageObject\",\"inLanguage\":\"en-US\",\"@id\":\"https:\/\/veritasinfo.org\/?p=1642#primaryimage\",\"url\":\"https:\/\/veritasinfo.org\/wp-content\/uploads\/2025\/06\/Vuqic.webp\",\"contentUrl\":\"https:\/\/veritasinfo.org\/wp-content\/uploads\/2025\/06\/Vuqic.webp\",\"width\":680,\"height\":434},{\"@type\":\"BreadcrumbList\",\"@id\":\"https:\/\/veritasinfo.org\/?p=1642#breadcrumb\",\"itemListElement\":[{\"@type\":\"ListItem\",\"position\":1,\"name\":\"Home\",\"item\":\"https:\/\/veritasinfo.org\/\"},{\"@type\":\"ListItem\",\"position\":2,\"name\":\"Pun\u00ebt ngusht\u00eb p\u00ebr shkak t\u00eb student\u00ebve, Vu\u00e7iq k\u00ebrkon shp\u00ebtim duke goditur Per\u00ebndimin q\u00eb i bombardoi p\u00ebr Kosov\u00ebn\"}]},{\"@type\":\"WebSite\",\"@id\":\"https:\/\/veritasinfo.org\/#website\",\"url\":\"https:\/\/veritasinfo.org\/\",\"name\":\"\",\"description\":\"\",\"potentialAction\":[{\"@type\":\"SearchAction\",\"target\":{\"@type\":\"EntryPoint\",\"urlTemplate\":\"https:\/\/veritasinfo.org\/?s={search_term_string}\"},\"query-input\":{\"@type\":\"PropertyValueSpecification\",\"valueRequired\":true,\"valueName\":\"search_term_string\"}}],\"inLanguage\":\"en-US\"},{\"@type\":\"Person\",\"@id\":\"https:\/\/veritasinfo.org\/#\/schema\/person\/7701f8c088bece422266b100a712374f\",\"name\":\"admin\",\"image\":{\"@type\":\"ImageObject\",\"inLanguage\":\"en-US\",\"@id\":\"https:\/\/veritasinfo.org\/#\/schema\/person\/image\/\",\"url\":\"https:\/\/secure.gravatar.com\/avatar\/ea53aa3bf6c9a12d5fde8ce4deff43fef3885ae33cf60184161a50d6987cfd2f?s=96&d=mm&r=g\",\"contentUrl\":\"https:\/\/secure.gravatar.com\/avatar\/ea53aa3bf6c9a12d5fde8ce4deff43fef3885ae33cf60184161a50d6987cfd2f?s=96&d=mm&r=g\",\"caption\":\"admin\"},\"sameAs\":[\"https:\/\/veritasinfo.org\"],\"url\":\"https:\/\/veritasinfo.org\/?author=1\"}]}<\/script>\n<!-- \/ Yoast SEO plugin. -->","yoast_head_json":{"title":"Pun\u00ebt ngusht\u00eb p\u00ebr shkak t\u00eb student\u00ebve, Vu\u00e7iq k\u00ebrkon shp\u00ebtim duke goditur Per\u00ebndimin q\u00eb i bombardoi p\u00ebr Kosov\u00ebn -","robots":{"index":"index","follow":"follow","max-snippet":"max-snippet:-1","max-image-preview":"max-image-preview:large","max-video-preview":"max-video-preview:-1"},"canonical":"https:\/\/veritasinfo.org\/?p=1642","og_locale":"en_US","og_type":"article","og_title":"Pun\u00ebt ngusht\u00eb p\u00ebr shkak t\u00eb student\u00ebve, Vu\u00e7iq k\u00ebrkon shp\u00ebtim duke goditur Per\u00ebndimin q\u00eb i bombardoi p\u00ebr Kosov\u00ebn -","og_description":"Beograd, 26 Qershor 2025 Presidenti i Serbis\u00eb, Aleksander Vucic, n\u00eb nj\u00eb takim q\u00eb ka mbajtur me disa p\u00ebrfaq\u00ebsues t\u00eb student\u00ebve serb\u00eb, ka folur mes tjerash","og_url":"https:\/\/veritasinfo.org\/?p=1642","article_published_time":"2025-06-26T13:08:46+00:00","og_image":[{"width":680,"height":434,"url":"https:\/\/veritasinfo.org\/wp-content\/uploads\/2025\/06\/Vuqic.webp","type":"image\/webp"}],"author":"admin","twitter_card":"summary_large_image","twitter_misc":{"Written by":"admin","Est. reading time":"2 minutes"},"schema":{"@context":"https:\/\/schema.org","@graph":[{"@type":"WebPage","@id":"https:\/\/veritasinfo.org\/?p=1642","url":"https:\/\/veritasinfo.org\/?p=1642","name":"Pun\u00ebt ngusht\u00eb p\u00ebr shkak t\u00eb student\u00ebve, Vu\u00e7iq k\u00ebrkon shp\u00ebtim duke goditur Per\u00ebndimin q\u00eb i bombardoi p\u00ebr Kosov\u00ebn -","isPartOf":{"@id":"https:\/\/veritasinfo.org\/#website"},"primaryImageOfPage":{"@id":"https:\/\/veritasinfo.org\/?p=1642#primaryimage"},"image":{"@id":"https:\/\/veritasinfo.org\/?p=1642#primaryimage"},"thumbnailUrl":"https:\/\/veritasinfo.org\/wp-content\/uploads\/2025\/06\/Vuqic.webp","datePublished":"2025-06-26T13:08:46+00:00","author":{"@id":"https:\/\/veritasinfo.org\/#\/schema\/person\/7701f8c088bece422266b100a712374f"},"breadcrumb":{"@id":"https:\/\/veritasinfo.org\/?p=1642#breadcrumb"},"inLanguage":"en-US","potentialAction":[{"@type":"ReadAction","target":["https:\/\/veritasinfo.org\/?p=1642"]}]},{"@type":"ImageObject","inLanguage":"en-US","@id":"https:\/\/veritasinfo.org\/?p=1642#primaryimage","url":"https:\/\/veritasinfo.org\/wp-content\/uploads\/2025\/06\/Vuqic.webp","contentUrl":"https:\/\/veritasinfo.org\/wp-content\/uploads\/2025\/06\/Vuqic.webp","width":680,"height":434},{"@type":"BreadcrumbList","@id":"https:\/\/veritasinfo.org\/?p=1642#breadcrumb","itemListElement":[{"@type":"ListItem","position":1,"name":"Home","item":"https:\/\/veritasinfo.org\/"},{"@type":"ListItem","position":2,"name":"Pun\u00ebt ngusht\u00eb p\u00ebr shkak t\u00eb student\u00ebve, Vu\u00e7iq k\u00ebrkon shp\u00ebtim duke goditur Per\u00ebndimin q\u00eb i bombardoi p\u00ebr Kosov\u00ebn"}]},{"@type":"WebSite","@id":"https:\/\/veritasinfo.org\/#website","url":"https:\/\/veritasinfo.org\/","name":"","description":"","potentialAction":[{"@type":"SearchAction","target":{"@type":"EntryPoint","urlTemplate":"https:\/\/veritasinfo.org\/?s={search_term_string}"},"query-input":{"@type":"PropertyValueSpecification","valueRequired":true,"valueName":"search_term_string"}}],"inLanguage":"en-US"},{"@type":"Person","@id":"https:\/\/veritasinfo.org\/#\/schema\/person\/7701f8c088bece422266b100a712374f","name":"admin","image":{"@type":"ImageObject","inLanguage":"en-US","@id":"https:\/\/veritasinfo.org\/#\/schema\/person\/image\/","url":"https:\/\/secure.gravatar.com\/avatar\/ea53aa3bf6c9a12d5fde8ce4deff43fef3885ae33cf60184161a50d6987cfd2f?s=96&d=mm&r=g","contentUrl":"https:\/\/secure.gravatar.com\/avatar\/ea53aa3bf6c9a12d5fde8ce4deff43fef3885ae33cf60184161a50d6987cfd2f?s=96&d=mm&r=g","caption":"admin"},"sameAs":["https:\/\/veritasinfo.org"],"url":"https:\/\/veritasinfo.org\/?author=1"}]}},"featured_image_urls":{"full":["https:\/\/veritasinfo.org\/wp-content\/uploads\/2025\/06\/Vuqic.webp",680,434,false],"thumbnail":["https:\/\/veritasinfo.org\/wp-content\/uploads\/2025\/06\/Vuqic-150x150.webp",150,150,true],"medium":["https:\/\/veritasinfo.org\/wp-content\/uploads\/2025\/06\/Vuqic-300x191.webp",300,191,true],"medium_large":["https:\/\/veritasinfo.org\/wp-content\/uploads\/2025\/06\/Vuqic.webp",640,408,false],"large":["https:\/\/veritasinfo.org\/wp-content\/uploads\/2025\/06\/Vuqic.webp",640,408,false],"1536x1536":["https:\/\/veritasinfo.org\/wp-content\/uploads\/2025\/06\/Vuqic.webp",680,434,false],"2048x2048":["https:\/\/veritasinfo.org\/wp-content\/uploads\/2025\/06\/Vuqic.webp",680,434,false],"kreeti-slider-full":["https:\/\/veritasinfo.org\/wp-content\/uploads\/2025\/06\/Vuqic.webp",680,434,false],"kreeti-featured":["https:\/\/veritasinfo.org\/wp-content\/uploads\/2025\/06\/Vuqic.webp",680,434,false],"kreeti-medium":["https:\/\/veritasinfo.org\/wp-content\/uploads\/2025\/06\/Vuqic.webp",680,434,false],"kreeti-medium-square":["https:\/\/veritasinfo.org\/wp-content\/uploads\/2025\/06\/Vuqic.webp",350,223,false]},"author_info":{"info":["admin"]},"category_info":"<a href=\"https:\/\/veritasinfo.org\/?cat=72\" rel=\"category\">Bota<\/a>","tag_info":"Bota","comment_count":"0","_links":{"self":[{"href":"https:\/\/veritasinfo.org\/index.php?rest_route=\/wp\/v2\/posts\/1642","targetHints":{"allow":["GET"]}}],"collection":[{"href":"https:\/\/veritasinfo.org\/index.php?rest_route=\/wp\/v2\/posts"}],"about":[{"href":"https:\/\/veritasinfo.org\/index.php?rest_route=\/wp\/v2\/types\/post"}],"author":[{"embeddable":true,"href":"https:\/\/veritasinfo.org\/index.php?rest_route=\/wp\/v2\/users\/1"}],"replies":[{"embeddable":true,"href":"https:\/\/veritasinfo.org\/index.php?rest_route=%2Fwp%2Fv2%2Fcomments&post=1642"}],"version-history":[{"count":1,"href":"https:\/\/veritasinfo.org\/index.php?rest_route=\/wp\/v2\/posts\/1642\/revisions"}],"predecessor-version":[{"id":1643,"href":"https:\/\/veritasinfo.org\/index.php?rest_route=\/wp\/v2\/posts\/1642\/revisions\/1643"}],"wp:featuredmedia":[{"embeddable":true,"href":"https:\/\/veritasinfo.org\/index.php?rest_route=\/wp\/v2\/media\/1485"}],"wp:attachment":[{"href":"https:\/\/veritasinfo.org\/index.php?rest_route=%2Fwp%2Fv2%2Fmedia&parent=1642"}],"wp:term":[{"taxonomy":"category","embeddable":true,"href":"https:\/\/veritasinfo.org\/index.php?rest_route=%2Fwp%2Fv2%2Fcategories&post=1642"},{"taxonomy":"post_tag","embeddable":true,"href":"https:\/\/veritasinfo.org\/index.php?rest_route=%2Fwp%2Fv2%2Ftags&post=1642"}],"curies":[{"name":"wp","href":"https:\/\/api.w.org\/{rel}","templated":true}]}}