{"id":16411,"date":"2025-10-15T11:57:21","date_gmt":"2025-10-15T09:57:21","guid":{"rendered":"https:\/\/veritasinfo.org\/?p=16411"},"modified":"2025-10-15T11:57:21","modified_gmt":"2025-10-15T09:57:21","slug":"caktohet-seanca-ndaj-tre-serbeve-qe-dyshohen-per-krime-lufte-ne-kosove-gjykata-iu-ben-thirrje-te-dorezohen","status":"publish","type":"post","link":"https:\/\/veritasinfo.org\/?p=16411","title":{"rendered":"Caktohet seanca ndaj tre serb\u00ebve q\u00eb dyshohen p\u00ebr krime lufte n\u00eb Kosov\u00eb, gjykata iu b\u00ebn thirrje t\u00eb dor\u00ebzohen"},"content":{"rendered":"<p>Prishtin\u00eb 15 Tetor<\/p>\n<p>Gjykata Themelore n\u00eb Prishtin\u00eb ka njoftuar se ka caktuar seanc\u00ebn e shqyrtimit fillestar ndaj tre t\u00eb pandehurve serb\u00eb, t\u00eb dyshuar p\u00ebr krime lufte kund\u00ebr popullsis\u00eb civile.<\/p>\n<p>B\u00ebhet fjal\u00eb p\u00ebr t\u00eb pandehurit Du\u0161an Gavrani\u010d, Zoran \u0160arac dhe \u017darko Cvetanovi\u010d. Sipas propozimit t\u00eb Prokuroris\u00eb Speciale t\u00eb Republik\u00ebs s\u00eb Kosov\u00ebs, gjykimi n\u00eb k\u00ebt\u00eb \u00e7\u00ebshtje do t\u00eb zhvillohet n\u00eb munges\u00eb t\u00eb tyre, pasi q\u00eb t\u00eb pandehurit kan\u00eb qen\u00eb t\u00eb paarritsh\u00ebm deri n\u00eb momentin e ngritjes s\u00eb aktakuz\u00ebs.<\/p>\n<p>N\u00eb komunikat\u00eb, Gjykata Themelore iu ka b\u00ebr\u00eb thirrje t\u00eb tre t\u00eb pandehurve q\u00eb t\u00eb paraqiten dhe t\u00eb dor\u00ebzohen para organeve t\u00eb ndjekjes s\u00eb Republik\u00ebs s\u00eb Kosov\u00ebs.<\/p>\n<p>\u201cP\u00ebr k\u00ebt\u00eb arsye, p\u00ebrmes k\u00ebsaj komunikate ju b\u00ebhet thirrje t\u00eb pandehurve Du\u0161an Gavrani\u010d, Zoran \u0160arac dhe \u017darko Cvetanovi\u010d, q\u00eb t\u00eb paraqiten dhe t\u00eb dor\u00ebzohen para organeve t\u00eb ndjekjes s\u00eb Republik\u00ebs s\u00eb Kosov\u00ebs. Gjithashtu, u b\u00ebhet thirrje t\u00eb gjith\u00eb personave q\u00eb posedojn\u00eb informacione relevante lidhur me vendndodhjen e t\u00eb akuzuarve, q\u00eb t\u2019i komunikojn\u00eb k\u00ebto informacione Policis\u00eb s\u00eb Kosov\u00ebs apo organeve tjera kompetente,\u201d thuhet n\u00eb njoftim.<\/p>\n<p>Seanca e shqyrtimit fillestar \u00ebsht\u00eb caktuar t\u00eb mbahet m\u00eb 22 dhjetor, n\u00eb ora 13:15.<\/p>\n<p>Gjykata ka b\u00ebr\u00eb t\u00eb ditur se do t\u00eb vazhdoj\u00eb t\u00eb informoj\u00eb opinionin publik p\u00ebr zhvillimet e m\u00ebtejshme lidhur me k\u00ebt\u00eb \u00e7\u00ebshtje penale.<\/p>\n","protected":false},"excerpt":{"rendered":"<p>Prishtin\u00eb 15 Tetor Gjykata Themelore n\u00eb Prishtin\u00eb ka njoftuar se ka caktuar seanc\u00ebn e shqyrtimit fillestar ndaj tre t\u00eb pandehurve serb\u00eb, t\u00eb dyshuar p\u00ebr krime<\/p>\n","protected":false},"author":6,"featured_media":16412,"comment_status":"open","ping_status":"open","sticky":false,"template":"","format":"standard","meta":{"footnotes":""},"categories":[60],"tags":[],"class_list":["post-16411","post","type-post","status-publish","format-standard","has-post-thumbnail","hentry","category-shoqerore-sq"],"yoast_head":"<!-- This site is optimized with the Yoast SEO plugin v25.3.1 - https:\/\/yoast.com\/wordpress\/plugins\/seo\/ -->\n<title>Caktohet seanca ndaj tre serb\u00ebve q\u00eb dyshohen p\u00ebr krime lufte n\u00eb Kosov\u00eb, gjykata iu b\u00ebn thirrje t\u00eb dor\u00ebzohen -<\/title>\n<meta name=\"robots\" content=\"index, follow, max-snippet:-1, max-image-preview:large, max-video-preview:-1\" \/>\n<link rel=\"canonical\" href=\"https:\/\/veritasinfo.org\/?p=16411\" \/>\n<meta property=\"og:locale\" content=\"en_US\" \/>\n<meta property=\"og:type\" content=\"article\" \/>\n<meta property=\"og:title\" content=\"Caktohet seanca ndaj tre serb\u00ebve q\u00eb dyshohen p\u00ebr krime lufte n\u00eb Kosov\u00eb, gjykata iu b\u00ebn thirrje t\u00eb dor\u00ebzohen -\" \/>\n<meta property=\"og:description\" content=\"Prishtin\u00eb 15 Tetor Gjykata Themelore n\u00eb Prishtin\u00eb ka njoftuar se ka caktuar seanc\u00ebn e shqyrtimit fillestar ndaj tre t\u00eb pandehurve serb\u00eb, t\u00eb dyshuar p\u00ebr krime\" \/>\n<meta property=\"og:url\" content=\"https:\/\/veritasinfo.org\/?p=16411\" \/>\n<meta property=\"article:published_time\" content=\"2025-10-15T09:57:21+00:00\" \/>\n<meta property=\"og:image\" content=\"https:\/\/veritasinfo.org\/wp-content\/uploads\/2025\/10\/IMG-20251015-WA0001.jpg\" \/>\n\t<meta property=\"og:image:width\" content=\"750\" \/>\n\t<meta property=\"og:image:height\" content=\"375\" \/>\n\t<meta property=\"og:image:type\" content=\"image\/jpeg\" \/>\n<meta name=\"author\" content=\"US5\" \/>\n<meta name=\"twitter:card\" content=\"summary_large_image\" \/>\n<meta name=\"twitter:label1\" content=\"Written by\" \/>\n\t<meta name=\"twitter:data1\" content=\"US5\" \/>\n\t<meta name=\"twitter:label2\" content=\"Est. reading time\" \/>\n\t<meta name=\"twitter:data2\" content=\"1 minute\" \/>\n<script type=\"application\/ld+json\" class=\"yoast-schema-graph\">{\"@context\":\"https:\/\/schema.org\",\"@graph\":[{\"@type\":\"WebPage\",\"@id\":\"https:\/\/veritasinfo.org\/?p=16411\",\"url\":\"https:\/\/veritasinfo.org\/?p=16411\",\"name\":\"Caktohet seanca ndaj tre serb\u00ebve q\u00eb dyshohen p\u00ebr krime lufte n\u00eb Kosov\u00eb, gjykata iu b\u00ebn thirrje t\u00eb dor\u00ebzohen -\",\"isPartOf\":{\"@id\":\"https:\/\/veritasinfo.org\/#website\"},\"primaryImageOfPage\":{\"@id\":\"https:\/\/veritasinfo.org\/?p=16411#primaryimage\"},\"image\":{\"@id\":\"https:\/\/veritasinfo.org\/?p=16411#primaryimage\"},\"thumbnailUrl\":\"https:\/\/veritasinfo.org\/wp-content\/uploads\/2025\/10\/IMG-20251015-WA0001.jpg\",\"datePublished\":\"2025-10-15T09:57:21+00:00\",\"author\":{\"@id\":\"https:\/\/veritasinfo.org\/#\/schema\/person\/bc442336e35414d04494ab8fb45db4c6\"},\"breadcrumb\":{\"@id\":\"https:\/\/veritasinfo.org\/?p=16411#breadcrumb\"},\"inLanguage\":\"en-US\",\"potentialAction\":[{\"@type\":\"ReadAction\",\"target\":[\"https:\/\/veritasinfo.org\/?p=16411\"]}]},{\"@type\":\"ImageObject\",\"inLanguage\":\"en-US\",\"@id\":\"https:\/\/veritasinfo.org\/?p=16411#primaryimage\",\"url\":\"https:\/\/veritasinfo.org\/wp-content\/uploads\/2025\/10\/IMG-20251015-WA0001.jpg\",\"contentUrl\":\"https:\/\/veritasinfo.org\/wp-content\/uploads\/2025\/10\/IMG-20251015-WA0001.jpg\",\"width\":750,\"height\":375},{\"@type\":\"BreadcrumbList\",\"@id\":\"https:\/\/veritasinfo.org\/?p=16411#breadcrumb\",\"itemListElement\":[{\"@type\":\"ListItem\",\"position\":1,\"name\":\"Home\",\"item\":\"https:\/\/veritasinfo.org\/\"},{\"@type\":\"ListItem\",\"position\":2,\"name\":\"Caktohet seanca ndaj tre serb\u00ebve q\u00eb dyshohen p\u00ebr krime lufte n\u00eb Kosov\u00eb, gjykata iu b\u00ebn thirrje t\u00eb dor\u00ebzohen\"}]},{\"@type\":\"WebSite\",\"@id\":\"https:\/\/veritasinfo.org\/#website\",\"url\":\"https:\/\/veritasinfo.org\/\",\"name\":\"\",\"description\":\"\",\"potentialAction\":[{\"@type\":\"SearchAction\",\"target\":{\"@type\":\"EntryPoint\",\"urlTemplate\":\"https:\/\/veritasinfo.org\/?s={search_term_string}\"},\"query-input\":{\"@type\":\"PropertyValueSpecification\",\"valueRequired\":true,\"valueName\":\"search_term_string\"}}],\"inLanguage\":\"en-US\"},{\"@type\":\"Person\",\"@id\":\"https:\/\/veritasinfo.org\/#\/schema\/person\/bc442336e35414d04494ab8fb45db4c6\",\"name\":\"US5\",\"image\":{\"@type\":\"ImageObject\",\"inLanguage\":\"en-US\",\"@id\":\"https:\/\/veritasinfo.org\/#\/schema\/person\/image\/\",\"url\":\"https:\/\/secure.gravatar.com\/avatar\/16a61e7272a0c5d001121ebb9e60e925d5816e4ac1e443ed3e640d9a6ae55d0c?s=96&d=mm&r=g\",\"contentUrl\":\"https:\/\/secure.gravatar.com\/avatar\/16a61e7272a0c5d001121ebb9e60e925d5816e4ac1e443ed3e640d9a6ae55d0c?s=96&d=mm&r=g\",\"caption\":\"US5\"},\"url\":\"https:\/\/veritasinfo.org\/?author=6\"}]}<\/script>\n<!-- \/ Yoast SEO plugin. -->","yoast_head_json":{"title":"Caktohet seanca ndaj tre serb\u00ebve q\u00eb dyshohen p\u00ebr krime lufte n\u00eb Kosov\u00eb, gjykata iu b\u00ebn thirrje t\u00eb dor\u00ebzohen -","robots":{"index":"index","follow":"follow","max-snippet":"max-snippet:-1","max-image-preview":"max-image-preview:large","max-video-preview":"max-video-preview:-1"},"canonical":"https:\/\/veritasinfo.org\/?p=16411","og_locale":"en_US","og_type":"article","og_title":"Caktohet seanca ndaj tre serb\u00ebve q\u00eb dyshohen p\u00ebr krime lufte n\u00eb Kosov\u00eb, gjykata iu b\u00ebn thirrje t\u00eb dor\u00ebzohen -","og_description":"Prishtin\u00eb 15 Tetor Gjykata Themelore n\u00eb Prishtin\u00eb ka njoftuar se ka caktuar seanc\u00ebn e shqyrtimit fillestar ndaj tre t\u00eb pandehurve serb\u00eb, t\u00eb dyshuar p\u00ebr krime","og_url":"https:\/\/veritasinfo.org\/?p=16411","article_published_time":"2025-10-15T09:57:21+00:00","og_image":[{"width":750,"height":375,"url":"https:\/\/veritasinfo.org\/wp-content\/uploads\/2025\/10\/IMG-20251015-WA0001.jpg","type":"image\/jpeg"}],"author":"US5","twitter_card":"summary_large_image","twitter_misc":{"Written by":"US5","Est. reading time":"1 minute"},"schema":{"@context":"https:\/\/schema.org","@graph":[{"@type":"WebPage","@id":"https:\/\/veritasinfo.org\/?p=16411","url":"https:\/\/veritasinfo.org\/?p=16411","name":"Caktohet seanca ndaj tre serb\u00ebve q\u00eb dyshohen p\u00ebr krime lufte n\u00eb Kosov\u00eb, gjykata iu b\u00ebn thirrje t\u00eb dor\u00ebzohen -","isPartOf":{"@id":"https:\/\/veritasinfo.org\/#website"},"primaryImageOfPage":{"@id":"https:\/\/veritasinfo.org\/?p=16411#primaryimage"},"image":{"@id":"https:\/\/veritasinfo.org\/?p=16411#primaryimage"},"thumbnailUrl":"https:\/\/veritasinfo.org\/wp-content\/uploads\/2025\/10\/IMG-20251015-WA0001.jpg","datePublished":"2025-10-15T09:57:21+00:00","author":{"@id":"https:\/\/veritasinfo.org\/#\/schema\/person\/bc442336e35414d04494ab8fb45db4c6"},"breadcrumb":{"@id":"https:\/\/veritasinfo.org\/?p=16411#breadcrumb"},"inLanguage":"en-US","potentialAction":[{"@type":"ReadAction","target":["https:\/\/veritasinfo.org\/?p=16411"]}]},{"@type":"ImageObject","inLanguage":"en-US","@id":"https:\/\/veritasinfo.org\/?p=16411#primaryimage","url":"https:\/\/veritasinfo.org\/wp-content\/uploads\/2025\/10\/IMG-20251015-WA0001.jpg","contentUrl":"https:\/\/veritasinfo.org\/wp-content\/uploads\/2025\/10\/IMG-20251015-WA0001.jpg","width":750,"height":375},{"@type":"BreadcrumbList","@id":"https:\/\/veritasinfo.org\/?p=16411#breadcrumb","itemListElement":[{"@type":"ListItem","position":1,"name":"Home","item":"https:\/\/veritasinfo.org\/"},{"@type":"ListItem","position":2,"name":"Caktohet seanca ndaj tre serb\u00ebve q\u00eb dyshohen p\u00ebr krime lufte n\u00eb Kosov\u00eb, gjykata iu b\u00ebn thirrje t\u00eb dor\u00ebzohen"}]},{"@type":"WebSite","@id":"https:\/\/veritasinfo.org\/#website","url":"https:\/\/veritasinfo.org\/","name":"","description":"","potentialAction":[{"@type":"SearchAction","target":{"@type":"EntryPoint","urlTemplate":"https:\/\/veritasinfo.org\/?s={search_term_string}"},"query-input":{"@type":"PropertyValueSpecification","valueRequired":true,"valueName":"search_term_string"}}],"inLanguage":"en-US"},{"@type":"Person","@id":"https:\/\/veritasinfo.org\/#\/schema\/person\/bc442336e35414d04494ab8fb45db4c6","name":"US5","image":{"@type":"ImageObject","inLanguage":"en-US","@id":"https:\/\/veritasinfo.org\/#\/schema\/person\/image\/","url":"https:\/\/secure.gravatar.com\/avatar\/16a61e7272a0c5d001121ebb9e60e925d5816e4ac1e443ed3e640d9a6ae55d0c?s=96&d=mm&r=g","contentUrl":"https:\/\/secure.gravatar.com\/avatar\/16a61e7272a0c5d001121ebb9e60e925d5816e4ac1e443ed3e640d9a6ae55d0c?s=96&d=mm&r=g","caption":"US5"},"url":"https:\/\/veritasinfo.org\/?author=6"}]}},"featured_image_urls":{"full":["https:\/\/veritasinfo.org\/wp-content\/uploads\/2025\/10\/IMG-20251015-WA0001.jpg",750,375,false],"thumbnail":["https:\/\/veritasinfo.org\/wp-content\/uploads\/2025\/10\/IMG-20251015-WA0001-150x150.jpg",150,150,true],"medium":["https:\/\/veritasinfo.org\/wp-content\/uploads\/2025\/10\/IMG-20251015-WA0001-300x150.jpg",300,150,true],"medium_large":["https:\/\/veritasinfo.org\/wp-content\/uploads\/2025\/10\/IMG-20251015-WA0001.jpg",640,320,false],"large":["https:\/\/veritasinfo.org\/wp-content\/uploads\/2025\/10\/IMG-20251015-WA0001.jpg",640,320,false],"1536x1536":["https:\/\/veritasinfo.org\/wp-content\/uploads\/2025\/10\/IMG-20251015-WA0001.jpg",750,375,false],"2048x2048":["https:\/\/veritasinfo.org\/wp-content\/uploads\/2025\/10\/IMG-20251015-WA0001.jpg",750,375,false],"kreeti-slider-full":["https:\/\/veritasinfo.org\/wp-content\/uploads\/2025\/10\/IMG-20251015-WA0001.jpg",750,375,false],"kreeti-featured":["https:\/\/veritasinfo.org\/wp-content\/uploads\/2025\/10\/IMG-20251015-WA0001.jpg",750,375,false],"kreeti-medium":["https:\/\/veritasinfo.org\/wp-content\/uploads\/2025\/10\/IMG-20251015-WA0001.jpg",720,360,false],"kreeti-medium-square":["https:\/\/veritasinfo.org\/wp-content\/uploads\/2025\/10\/IMG-20251015-WA0001.jpg",350,175,false]},"author_info":{"info":["US5"]},"category_info":"<a href=\"https:\/\/veritasinfo.org\/?cat=60\" rel=\"category\">Shoq\u00ebrore<\/a>","tag_info":"Shoq\u00ebrore","comment_count":"0","_links":{"self":[{"href":"https:\/\/veritasinfo.org\/index.php?rest_route=\/wp\/v2\/posts\/16411","targetHints":{"allow":["GET"]}}],"collection":[{"href":"https:\/\/veritasinfo.org\/index.php?rest_route=\/wp\/v2\/posts"}],"about":[{"href":"https:\/\/veritasinfo.org\/index.php?rest_route=\/wp\/v2\/types\/post"}],"author":[{"embeddable":true,"href":"https:\/\/veritasinfo.org\/index.php?rest_route=\/wp\/v2\/users\/6"}],"replies":[{"embeddable":true,"href":"https:\/\/veritasinfo.org\/index.php?rest_route=%2Fwp%2Fv2%2Fcomments&post=16411"}],"version-history":[{"count":1,"href":"https:\/\/veritasinfo.org\/index.php?rest_route=\/wp\/v2\/posts\/16411\/revisions"}],"predecessor-version":[{"id":16413,"href":"https:\/\/veritasinfo.org\/index.php?rest_route=\/wp\/v2\/posts\/16411\/revisions\/16413"}],"wp:featuredmedia":[{"embeddable":true,"href":"https:\/\/veritasinfo.org\/index.php?rest_route=\/wp\/v2\/media\/16412"}],"wp:attachment":[{"href":"https:\/\/veritasinfo.org\/index.php?rest_route=%2Fwp%2Fv2%2Fmedia&parent=16411"}],"wp:term":[{"taxonomy":"category","embeddable":true,"href":"https:\/\/veritasinfo.org\/index.php?rest_route=%2Fwp%2Fv2%2Fcategories&post=16411"},{"taxonomy":"post_tag","embeddable":true,"href":"https:\/\/veritasinfo.org\/index.php?rest_route=%2Fwp%2Fv2%2Ftags&post=16411"}],"curies":[{"name":"wp","href":"https:\/\/api.w.org\/{rel}","templated":true}]}}