{"id":16382,"date":"2025-10-15T10:08:29","date_gmt":"2025-10-15T08:08:29","guid":{"rendered":"https:\/\/veritasinfo.org\/?p=16382"},"modified":"2025-10-15T10:08:29","modified_gmt":"2025-10-15T08:08:29","slug":"jahjaga-vizite-ne-komanden-me-te-madhe-te-nato-s-paqja-nuk-ruhet-vetem-permes-forcave-ushtarake","status":"publish","type":"post","link":"https:\/\/veritasinfo.org\/?p=16382","title":{"rendered":"Jahjaga vizit\u00eb n\u00eb komand\u00ebn m\u00eb t\u00eb madhe t\u00eb NATO-s: Paqja nuk ruhet vet\u00ebm p\u00ebrmes forcave ushtarake"},"content":{"rendered":"<p>Prishtin\u00eb 15 Tetor 2025<\/p>\n<p>Ish-presidentja e Kosov\u00ebs, Atifete Jajhaga \u00ebsht\u00eb pritur n\u00eb nj\u00eb vizit\u00eb n\u00eb komand\u00ebn m\u00eb t\u00eb madhe t\u00eb NATO-s q\u00eb e mbulon Evrop\u00ebn, Lindjen e Mesme dhe Afrik\u00ebn, n\u00eb Napoli e Itali.Aty mori pjes\u00eb, me ftes\u00ebn e Admiralit Stuart B. Munsch, Komandant i Komand\u00ebs t\u00eb Forcave t\u00eb P\u00ebrbashk\u00ebta, e ku tha se kjo \u00ebsht\u00eb vizita e par\u00eb nga Kosova q\u00eb b\u00ebhet n\u00eb k\u00ebt\u00eb komand\u00eb. Ish-presidentja tha t\u00eb ken\u00eb biseduar mes tjerash p\u00ebr rolin q\u00eb Kosova luan si partnere e p\u00ebrkushtuar p\u00ebr paqe dhe stabilitet n\u00eb rajon.\u201cE nderuar me ftes\u00ebn e Admiralit Stuart B. Munsch, Komandant i Komand\u00ebs t\u00eb Forcave t\u00eb P\u00ebrbashk\u00ebta, p\u00ebr nj\u00eb vizit\u00eb t\u00eb par\u00eb nga Kosova n\u00eb komand\u00ebn m\u00eb t\u00eb madhe t\u00eb NATO-s q\u00eb mbulon Evrop\u00ebn, Lindjen e Mesme dhe Afrik\u00ebn,  n\u00eb Napoli, Itali. Gjat\u00eb vizit\u00ebs, pata mund\u00ebsin\u00eb t\u00eb bashk\u00ebbisedoj me ekipin drejtues p\u00ebr integrimin e parimeve t\u00eb  Agjend\u00ebs p\u00ebr Grat\u00eb, Paqen dhe Sigurin\u00eb n\u00eb operacionet aktuale dhe t\u00eb ardhshme t\u00eb NATO-s, si dhe t\u00eb shk\u00ebmbej mendime p\u00ebr rolin q\u00eb Kosova  luan si partnere e p\u00ebrkushtuar p\u00ebr paqe dhe stabilitet  n\u00eb rajon. Admiralin Munsch  e p\u00ebrg\u00ebzova p\u00ebr pun\u00ebn e jasht\u00ebzakonshme t\u00eb NATO-s dhe t\u00eb misionit t\u00eb KFOR-it n\u00eb Kosov\u00eb, q\u00eb p\u00ebr m\u00eb shum\u00eb se dy dekada kan\u00eb garantuar nj\u00eb mjedis t\u00eb sigurt p\u00ebr qytetar\u00ebt tan\u00eb. Gjithmon\u00eb falenderuese p\u00ebr intervenimin e NATO-s n\u00eb vitin 1999, hap ky i cili shp\u00ebtoi nj\u00eb popull t\u00eb t\u00ebr\u00eb nga gjenocidi serb dhe hapi rrug\u00ebn drejt liris\u00eb\u201d, ka shkruar Jahjaga.Nd\u00ebr t\u00eb tjera, Jahjaga n\u00ebnvizoi se paqja nuk ruhet vet\u00ebm p\u00ebrmes forcave ushtarake, por edhe p\u00ebrmes vlerave t\u00eb p\u00ebrbashk\u00ebta demokratike.\u201cN\u00eb fund shpreha thell\u00ebsisht mir\u00ebnjohjen time p\u00ebr udh\u00ebheqjen, partneritetin dhe miq\u00ebsin\u00eb q\u00eb Admirali Munsch dhe NATO e kan\u00eb nd\u00ebrtuar me popullin e Kosov\u00ebs. Bashk\u00ebpunimi yn\u00eb d\u00ebshmon se paqja nuk ruhet vet\u00ebm p\u00ebrmes forcave ushtarake, por edhe p\u00ebrmes vlerave t\u00eb p\u00ebrbashk\u00ebta demokratike\u201d, ka shkruar ish-presidentja.<\/p>\n","protected":false},"excerpt":{"rendered":"<p>Prishtin\u00eb 15 Tetor 2025 Ish-presidentja e Kosov\u00ebs, Atifete Jajhaga \u00ebsht\u00eb pritur n\u00eb nj\u00eb vizit\u00eb n\u00eb komand\u00ebn m\u00eb t\u00eb madhe t\u00eb NATO-s q\u00eb e mbulon Evrop\u00ebn,<\/p>\n","protected":false},"author":6,"featured_media":16383,"comment_status":"open","ping_status":"open","sticky":false,"template":"","format":"standard","meta":{"footnotes":""},"categories":[60],"tags":[],"class_list":["post-16382","post","type-post","status-publish","format-standard","has-post-thumbnail","hentry","category-shoqerore-sq"],"yoast_head":"<!-- This site is optimized with the Yoast SEO plugin v25.3.1 - https:\/\/yoast.com\/wordpress\/plugins\/seo\/ -->\n<title>Jahjaga vizit\u00eb n\u00eb komand\u00ebn m\u00eb t\u00eb madhe t\u00eb NATO-s: Paqja nuk ruhet vet\u00ebm p\u00ebrmes forcave ushtarake -<\/title>\n<meta name=\"robots\" content=\"index, follow, max-snippet:-1, max-image-preview:large, max-video-preview:-1\" \/>\n<link rel=\"canonical\" href=\"https:\/\/veritasinfo.org\/?p=16382\" \/>\n<meta property=\"og:locale\" content=\"en_US\" \/>\n<meta property=\"og:type\" content=\"article\" \/>\n<meta property=\"og:title\" content=\"Jahjaga vizit\u00eb n\u00eb komand\u00ebn m\u00eb t\u00eb madhe t\u00eb NATO-s: Paqja nuk ruhet vet\u00ebm p\u00ebrmes forcave ushtarake -\" \/>\n<meta property=\"og:description\" content=\"Prishtin\u00eb 15 Tetor 2025 Ish-presidentja e Kosov\u00ebs, Atifete Jajhaga \u00ebsht\u00eb pritur n\u00eb nj\u00eb vizit\u00eb n\u00eb komand\u00ebn m\u00eb t\u00eb madhe t\u00eb NATO-s q\u00eb e mbulon Evrop\u00ebn,\" \/>\n<meta property=\"og:url\" content=\"https:\/\/veritasinfo.org\/?p=16382\" \/>\n<meta property=\"article:published_time\" content=\"2025-10-15T08:08:29+00:00\" \/>\n<meta property=\"og:image\" content=\"https:\/\/veritasinfo.org\/wp-content\/uploads\/2025\/10\/jah-ad5-850x578-1.jpg\" \/>\n\t<meta property=\"og:image:width\" content=\"850\" \/>\n\t<meta property=\"og:image:height\" content=\"578\" \/>\n\t<meta property=\"og:image:type\" content=\"image\/jpeg\" \/>\n<meta name=\"author\" content=\"US5\" \/>\n<meta name=\"twitter:card\" content=\"summary_large_image\" \/>\n<meta name=\"twitter:label1\" content=\"Written by\" \/>\n\t<meta name=\"twitter:data1\" content=\"US5\" \/>\n\t<meta name=\"twitter:label2\" content=\"Est. reading time\" \/>\n\t<meta name=\"twitter:data2\" content=\"1 minute\" \/>\n<script type=\"application\/ld+json\" class=\"yoast-schema-graph\">{\"@context\":\"https:\/\/schema.org\",\"@graph\":[{\"@type\":\"WebPage\",\"@id\":\"https:\/\/veritasinfo.org\/?p=16382\",\"url\":\"https:\/\/veritasinfo.org\/?p=16382\",\"name\":\"Jahjaga vizit\u00eb n\u00eb komand\u00ebn m\u00eb t\u00eb madhe t\u00eb NATO-s: Paqja nuk ruhet vet\u00ebm p\u00ebrmes forcave ushtarake -\",\"isPartOf\":{\"@id\":\"https:\/\/veritasinfo.org\/#website\"},\"primaryImageOfPage\":{\"@id\":\"https:\/\/veritasinfo.org\/?p=16382#primaryimage\"},\"image\":{\"@id\":\"https:\/\/veritasinfo.org\/?p=16382#primaryimage\"},\"thumbnailUrl\":\"https:\/\/veritasinfo.org\/wp-content\/uploads\/2025\/10\/jah-ad5-850x578-1.jpg\",\"datePublished\":\"2025-10-15T08:08:29+00:00\",\"author\":{\"@id\":\"https:\/\/veritasinfo.org\/#\/schema\/person\/bc442336e35414d04494ab8fb45db4c6\"},\"breadcrumb\":{\"@id\":\"https:\/\/veritasinfo.org\/?p=16382#breadcrumb\"},\"inLanguage\":\"en-US\",\"potentialAction\":[{\"@type\":\"ReadAction\",\"target\":[\"https:\/\/veritasinfo.org\/?p=16382\"]}]},{\"@type\":\"ImageObject\",\"inLanguage\":\"en-US\",\"@id\":\"https:\/\/veritasinfo.org\/?p=16382#primaryimage\",\"url\":\"https:\/\/veritasinfo.org\/wp-content\/uploads\/2025\/10\/jah-ad5-850x578-1.jpg\",\"contentUrl\":\"https:\/\/veritasinfo.org\/wp-content\/uploads\/2025\/10\/jah-ad5-850x578-1.jpg\",\"width\":850,\"height\":578},{\"@type\":\"BreadcrumbList\",\"@id\":\"https:\/\/veritasinfo.org\/?p=16382#breadcrumb\",\"itemListElement\":[{\"@type\":\"ListItem\",\"position\":1,\"name\":\"Home\",\"item\":\"https:\/\/veritasinfo.org\/\"},{\"@type\":\"ListItem\",\"position\":2,\"name\":\"Jahjaga vizit\u00eb n\u00eb komand\u00ebn m\u00eb t\u00eb madhe t\u00eb NATO-s: Paqja nuk ruhet vet\u00ebm p\u00ebrmes forcave ushtarake\"}]},{\"@type\":\"WebSite\",\"@id\":\"https:\/\/veritasinfo.org\/#website\",\"url\":\"https:\/\/veritasinfo.org\/\",\"name\":\"\",\"description\":\"\",\"potentialAction\":[{\"@type\":\"SearchAction\",\"target\":{\"@type\":\"EntryPoint\",\"urlTemplate\":\"https:\/\/veritasinfo.org\/?s={search_term_string}\"},\"query-input\":{\"@type\":\"PropertyValueSpecification\",\"valueRequired\":true,\"valueName\":\"search_term_string\"}}],\"inLanguage\":\"en-US\"},{\"@type\":\"Person\",\"@id\":\"https:\/\/veritasinfo.org\/#\/schema\/person\/bc442336e35414d04494ab8fb45db4c6\",\"name\":\"US5\",\"image\":{\"@type\":\"ImageObject\",\"inLanguage\":\"en-US\",\"@id\":\"https:\/\/veritasinfo.org\/#\/schema\/person\/image\/\",\"url\":\"https:\/\/secure.gravatar.com\/avatar\/16a61e7272a0c5d001121ebb9e60e925d5816e4ac1e443ed3e640d9a6ae55d0c?s=96&d=mm&r=g\",\"contentUrl\":\"https:\/\/secure.gravatar.com\/avatar\/16a61e7272a0c5d001121ebb9e60e925d5816e4ac1e443ed3e640d9a6ae55d0c?s=96&d=mm&r=g\",\"caption\":\"US5\"},\"url\":\"https:\/\/veritasinfo.org\/?author=6\"}]}<\/script>\n<!-- \/ Yoast SEO plugin. -->","yoast_head_json":{"title":"Jahjaga vizit\u00eb n\u00eb komand\u00ebn m\u00eb t\u00eb madhe t\u00eb NATO-s: Paqja nuk ruhet vet\u00ebm p\u00ebrmes forcave ushtarake -","robots":{"index":"index","follow":"follow","max-snippet":"max-snippet:-1","max-image-preview":"max-image-preview:large","max-video-preview":"max-video-preview:-1"},"canonical":"https:\/\/veritasinfo.org\/?p=16382","og_locale":"en_US","og_type":"article","og_title":"Jahjaga vizit\u00eb n\u00eb komand\u00ebn m\u00eb t\u00eb madhe t\u00eb NATO-s: Paqja nuk ruhet vet\u00ebm p\u00ebrmes forcave ushtarake -","og_description":"Prishtin\u00eb 15 Tetor 2025 Ish-presidentja e Kosov\u00ebs, Atifete Jajhaga \u00ebsht\u00eb pritur n\u00eb nj\u00eb vizit\u00eb n\u00eb komand\u00ebn m\u00eb t\u00eb madhe t\u00eb NATO-s q\u00eb e mbulon Evrop\u00ebn,","og_url":"https:\/\/veritasinfo.org\/?p=16382","article_published_time":"2025-10-15T08:08:29+00:00","og_image":[{"width":850,"height":578,"url":"https:\/\/veritasinfo.org\/wp-content\/uploads\/2025\/10\/jah-ad5-850x578-1.jpg","type":"image\/jpeg"}],"author":"US5","twitter_card":"summary_large_image","twitter_misc":{"Written by":"US5","Est. reading time":"1 minute"},"schema":{"@context":"https:\/\/schema.org","@graph":[{"@type":"WebPage","@id":"https:\/\/veritasinfo.org\/?p=16382","url":"https:\/\/veritasinfo.org\/?p=16382","name":"Jahjaga vizit\u00eb n\u00eb komand\u00ebn m\u00eb t\u00eb madhe t\u00eb NATO-s: Paqja nuk ruhet vet\u00ebm p\u00ebrmes forcave ushtarake -","isPartOf":{"@id":"https:\/\/veritasinfo.org\/#website"},"primaryImageOfPage":{"@id":"https:\/\/veritasinfo.org\/?p=16382#primaryimage"},"image":{"@id":"https:\/\/veritasinfo.org\/?p=16382#primaryimage"},"thumbnailUrl":"https:\/\/veritasinfo.org\/wp-content\/uploads\/2025\/10\/jah-ad5-850x578-1.jpg","datePublished":"2025-10-15T08:08:29+00:00","author":{"@id":"https:\/\/veritasinfo.org\/#\/schema\/person\/bc442336e35414d04494ab8fb45db4c6"},"breadcrumb":{"@id":"https:\/\/veritasinfo.org\/?p=16382#breadcrumb"},"inLanguage":"en-US","potentialAction":[{"@type":"ReadAction","target":["https:\/\/veritasinfo.org\/?p=16382"]}]},{"@type":"ImageObject","inLanguage":"en-US","@id":"https:\/\/veritasinfo.org\/?p=16382#primaryimage","url":"https:\/\/veritasinfo.org\/wp-content\/uploads\/2025\/10\/jah-ad5-850x578-1.jpg","contentUrl":"https:\/\/veritasinfo.org\/wp-content\/uploads\/2025\/10\/jah-ad5-850x578-1.jpg","width":850,"height":578},{"@type":"BreadcrumbList","@id":"https:\/\/veritasinfo.org\/?p=16382#breadcrumb","itemListElement":[{"@type":"ListItem","position":1,"name":"Home","item":"https:\/\/veritasinfo.org\/"},{"@type":"ListItem","position":2,"name":"Jahjaga vizit\u00eb n\u00eb komand\u00ebn m\u00eb t\u00eb madhe t\u00eb NATO-s: Paqja nuk ruhet vet\u00ebm p\u00ebrmes forcave ushtarake"}]},{"@type":"WebSite","@id":"https:\/\/veritasinfo.org\/#website","url":"https:\/\/veritasinfo.org\/","name":"","description":"","potentialAction":[{"@type":"SearchAction","target":{"@type":"EntryPoint","urlTemplate":"https:\/\/veritasinfo.org\/?s={search_term_string}"},"query-input":{"@type":"PropertyValueSpecification","valueRequired":true,"valueName":"search_term_string"}}],"inLanguage":"en-US"},{"@type":"Person","@id":"https:\/\/veritasinfo.org\/#\/schema\/person\/bc442336e35414d04494ab8fb45db4c6","name":"US5","image":{"@type":"ImageObject","inLanguage":"en-US","@id":"https:\/\/veritasinfo.org\/#\/schema\/person\/image\/","url":"https:\/\/secure.gravatar.com\/avatar\/16a61e7272a0c5d001121ebb9e60e925d5816e4ac1e443ed3e640d9a6ae55d0c?s=96&d=mm&r=g","contentUrl":"https:\/\/secure.gravatar.com\/avatar\/16a61e7272a0c5d001121ebb9e60e925d5816e4ac1e443ed3e640d9a6ae55d0c?s=96&d=mm&r=g","caption":"US5"},"url":"https:\/\/veritasinfo.org\/?author=6"}]}},"featured_image_urls":{"full":["https:\/\/veritasinfo.org\/wp-content\/uploads\/2025\/10\/jah-ad5-850x578-1.jpg",850,578,false],"thumbnail":["https:\/\/veritasinfo.org\/wp-content\/uploads\/2025\/10\/jah-ad5-850x578-1-150x150.jpg",150,150,true],"medium":["https:\/\/veritasinfo.org\/wp-content\/uploads\/2025\/10\/jah-ad5-850x578-1-300x204.jpg",300,204,true],"medium_large":["https:\/\/veritasinfo.org\/wp-content\/uploads\/2025\/10\/jah-ad5-850x578-1-768x522.jpg",640,435,true],"large":["https:\/\/veritasinfo.org\/wp-content\/uploads\/2025\/10\/jah-ad5-850x578-1.jpg",640,435,false],"1536x1536":["https:\/\/veritasinfo.org\/wp-content\/uploads\/2025\/10\/jah-ad5-850x578-1.jpg",850,578,false],"2048x2048":["https:\/\/veritasinfo.org\/wp-content\/uploads\/2025\/10\/jah-ad5-850x578-1.jpg",850,578,false],"kreeti-slider-full":["https:\/\/veritasinfo.org\/wp-content\/uploads\/2025\/10\/jah-ad5-850x578-1.jpg",850,578,false],"kreeti-featured":["https:\/\/veritasinfo.org\/wp-content\/uploads\/2025\/10\/jah-ad5-850x578-1.jpg",850,578,false],"kreeti-medium":["https:\/\/veritasinfo.org\/wp-content\/uploads\/2025\/10\/jah-ad5-850x578-1.jpg",720,490,false],"kreeti-medium-square":["https:\/\/veritasinfo.org\/wp-content\/uploads\/2025\/10\/jah-ad5-850x578-1.jpg",350,238,false]},"author_info":{"info":["US5"]},"category_info":"<a href=\"https:\/\/veritasinfo.org\/?cat=60\" rel=\"category\">Shoq\u00ebrore<\/a>","tag_info":"Shoq\u00ebrore","comment_count":"0","_links":{"self":[{"href":"https:\/\/veritasinfo.org\/index.php?rest_route=\/wp\/v2\/posts\/16382","targetHints":{"allow":["GET"]}}],"collection":[{"href":"https:\/\/veritasinfo.org\/index.php?rest_route=\/wp\/v2\/posts"}],"about":[{"href":"https:\/\/veritasinfo.org\/index.php?rest_route=\/wp\/v2\/types\/post"}],"author":[{"embeddable":true,"href":"https:\/\/veritasinfo.org\/index.php?rest_route=\/wp\/v2\/users\/6"}],"replies":[{"embeddable":true,"href":"https:\/\/veritasinfo.org\/index.php?rest_route=%2Fwp%2Fv2%2Fcomments&post=16382"}],"version-history":[{"count":1,"href":"https:\/\/veritasinfo.org\/index.php?rest_route=\/wp\/v2\/posts\/16382\/revisions"}],"predecessor-version":[{"id":16384,"href":"https:\/\/veritasinfo.org\/index.php?rest_route=\/wp\/v2\/posts\/16382\/revisions\/16384"}],"wp:featuredmedia":[{"embeddable":true,"href":"https:\/\/veritasinfo.org\/index.php?rest_route=\/wp\/v2\/media\/16383"}],"wp:attachment":[{"href":"https:\/\/veritasinfo.org\/index.php?rest_route=%2Fwp%2Fv2%2Fmedia&parent=16382"}],"wp:term":[{"taxonomy":"category","embeddable":true,"href":"https:\/\/veritasinfo.org\/index.php?rest_route=%2Fwp%2Fv2%2Fcategories&post=16382"},{"taxonomy":"post_tag","embeddable":true,"href":"https:\/\/veritasinfo.org\/index.php?rest_route=%2Fwp%2Fv2%2Ftags&post=16382"}],"curies":[{"name":"wp","href":"https:\/\/api.w.org\/{rel}","templated":true}]}}