{"id":16352,"date":"2025-10-14T21:05:55","date_gmt":"2025-10-14T19:05:55","guid":{"rendered":"https:\/\/veritasinfo.org\/?p=16352"},"modified":"2025-10-14T21:06:47","modified_gmt":"2025-10-14T19:06:47","slug":"kurti-inkurajon-qytetaret-qe-te-aplikojne-per-subvencionimin-e-energjise","status":"publish","type":"post","link":"https:\/\/veritasinfo.org\/?p=16352","title":{"rendered":"Kurti inkurajon qytetar\u00ebt q\u00eb t\u00eb aplikojn\u00eb p\u00ebr subvencionimin e energjis\u00eb"},"content":{"rendered":"<p>Prishtin\u00eb, 14 tetor 2025<\/p>\n<p>Kryeministri n\u00eb detyr\u00eb, Albin Kurti ka njoftuar se nga ky muaj, krahas rritjes prej 20% t\u00eb shum\u00ebs p\u00ebr familjet p\u00ebrfituese t\u00eb asistenc\u00ebs sociale, ka nisur zbatimi i Programit p\u00ebr Mbrojtjen e Konsumator\u00ebve t\u00eb Cenuesh\u00ebm t\u00eb Energjis\u00eb Elektrike p\u00ebr vitin 2025\u20132026.<\/p>\n<p>Ky program synon t\u00eb ofroj\u00eb mb\u00ebshtetje financiare p\u00ebr familjet m\u00eb t\u00eb cenueshme gjat\u00eb sezonit t\u00eb dimrit, p\u00ebr t\u00eb leht\u00ebsuar p\u00ebrballimin e kostove t\u00eb energjis\u00eb elektrike.<\/p>\n<p>Aplikimi dhe Platforma<\/p>\n<p>Qytetar\u00ebt mund t\u00eb aplikojn\u00eb p\u00ebr subvencionim p\u00ebrmes platform\u00ebs zyrtare eKosova, n\u00eb kategorin\u00eb \u201cSh\u00ebrbime \u2013 Grante dhe Subvencione\u201d, p\u00ebrmes k\u00ebtyre linkeve:<\/p>\n<p>P\u00ebr asistenc\u00ebn sociale: https:\/\/ekosova.rks-gov.net\/Service\/32<\/p>\n<p>P\u00ebr subvencionin e energjis\u00eb: https:\/\/ekosova.rks-gov.net\/562<\/p>\n<p>Kush mund t\u00eb p\u00ebrfitoj\u00eb?<\/p>\n<p>P\u00ebr t\u00eb qen\u00eb p\u00ebrfitues, familjet duhet t\u00eb p\u00ebrmbushin k\u00ebto kritere:<\/p>\n<p>T\u00eb jen\u00eb shtetas t\u00eb Republik\u00ebs s\u00eb Kosov\u00ebs;<\/p>\n<p>T\u00eb ken\u00eb t\u00eb ardhura deri n\u00eb 150 \u20ac p\u00ebr an\u00ebtar t\u00eb familjes;<\/p>\n<p>T\u00eb ken\u00eb pasuri t\u00eb paluajtshme jo m\u00eb shum\u00eb se 100,000 \u20ac.<\/p>\n<p>Subvencioni llogaritet bazuar n\u00eb nj\u00eb formul\u00eb q\u00eb merr parasysh t\u00eb ardhurat mesatare familjare dhe fatur\u00ebn mujore t\u00eb energjis\u00eb.<\/p>\n<p>P\u00ebr ata q\u00eb kan\u00eb aplikuar m\u00eb par\u00eb<\/p>\n<p>Familjet q\u00eb kan\u00eb qen\u00eb pjes\u00eb e programit n\u00eb vitin 2024 nuk kan\u00eb nevoj\u00eb t\u00eb riaplikojn\u00eb, pasi t\u00eb dh\u00ebnat jan\u00eb bartur automatikisht. Megjithat\u00eb, n\u00ebse ka ndryshime si: numri i an\u00ebtar\u00ebve t\u00eb familjes, vendbanimi apo njeh\u00ebsori elektrik, t\u00eb dh\u00ebnat mund t\u00eb p\u00ebrdit\u00ebsohen n\u00eb formularin ekzistues dhe t\u00eb konfirmohen duke klikuar \u201cApliko\u201d.<\/p>\n<p>Afati p\u00ebr aplikim<\/p>\n<p>Aplikimi do t\u00eb jet\u00eb i hapur p\u00ebr 6 muaj, por pagesat nuk do t\u00eb b\u00ebhen retroaktivisht, andaj qytetar\u00ebt ftohen t\u00eb aplikojn\u00eb brenda muajit tetor p\u00ebr t\u00eb p\u00ebrfituar mb\u00ebshtetjen q\u00eb nga fillimi i programit.<\/p>\n<p>&nbsp;<\/p>\n","protected":false},"excerpt":{"rendered":"<p>Prishtin\u00eb, 14 tetor 2025 Kryeministri n\u00eb detyr\u00eb, Albin Kurti ka njoftuar se nga ky muaj, krahas rritjes prej 20% t\u00eb shum\u00ebs p\u00ebr familjet p\u00ebrfituese t\u00eb<\/p>\n","protected":false},"author":7,"featured_media":14086,"comment_status":"open","ping_status":"open","sticky":false,"template":"","format":"standard","meta":{"footnotes":""},"categories":[60],"tags":[],"class_list":["post-16352","post","type-post","status-publish","format-standard","has-post-thumbnail","hentry","category-shoqerore-sq"],"yoast_head":"<!-- This site is optimized with the Yoast SEO plugin v25.3.1 - https:\/\/yoast.com\/wordpress\/plugins\/seo\/ -->\n<title>Kurti inkurajon qytetar\u00ebt q\u00eb t\u00eb aplikojn\u00eb p\u00ebr subvencionimin e energjis\u00eb -<\/title>\n<meta name=\"robots\" content=\"index, follow, max-snippet:-1, max-image-preview:large, max-video-preview:-1\" \/>\n<link rel=\"canonical\" href=\"https:\/\/veritasinfo.org\/?p=16352\" \/>\n<meta property=\"og:locale\" content=\"en_US\" \/>\n<meta property=\"og:type\" content=\"article\" \/>\n<meta property=\"og:title\" content=\"Kurti inkurajon qytetar\u00ebt q\u00eb t\u00eb aplikojn\u00eb p\u00ebr subvencionimin e energjis\u00eb -\" \/>\n<meta property=\"og:description\" content=\"Prishtin\u00eb, 14 tetor 2025 Kryeministri n\u00eb detyr\u00eb, Albin Kurti ka njoftuar se nga ky muaj, krahas rritjes prej 20% t\u00eb shum\u00ebs p\u00ebr familjet p\u00ebrfituese t\u00eb\" \/>\n<meta property=\"og:url\" content=\"https:\/\/veritasinfo.org\/?p=16352\" \/>\n<meta property=\"article:published_time\" content=\"2025-10-14T19:05:55+00:00\" \/>\n<meta property=\"article:modified_time\" content=\"2025-10-14T19:06:47+00:00\" \/>\n<meta property=\"og:image\" content=\"https:\/\/veritasinfo.org\/wp-content\/uploads\/2025\/09\/image-9.webp\" \/>\n\t<meta property=\"og:image:width\" content=\"1245\" \/>\n\t<meta property=\"og:image:height\" content=\"700\" \/>\n\t<meta property=\"og:image:type\" content=\"image\/webp\" \/>\n<meta name=\"author\" content=\"US6\" \/>\n<meta name=\"twitter:card\" content=\"summary_large_image\" \/>\n<meta name=\"twitter:label1\" content=\"Written by\" \/>\n\t<meta name=\"twitter:data1\" content=\"US6\" \/>\n\t<meta name=\"twitter:label2\" content=\"Est. reading time\" \/>\n\t<meta name=\"twitter:data2\" content=\"2 minutes\" \/>\n<script type=\"application\/ld+json\" class=\"yoast-schema-graph\">{\"@context\":\"https:\/\/schema.org\",\"@graph\":[{\"@type\":\"WebPage\",\"@id\":\"https:\/\/veritasinfo.org\/?p=16352\",\"url\":\"https:\/\/veritasinfo.org\/?p=16352\",\"name\":\"Kurti inkurajon qytetar\u00ebt q\u00eb t\u00eb aplikojn\u00eb p\u00ebr subvencionimin e energjis\u00eb -\",\"isPartOf\":{\"@id\":\"https:\/\/veritasinfo.org\/#website\"},\"primaryImageOfPage\":{\"@id\":\"https:\/\/veritasinfo.org\/?p=16352#primaryimage\"},\"image\":{\"@id\":\"https:\/\/veritasinfo.org\/?p=16352#primaryimage\"},\"thumbnailUrl\":\"https:\/\/veritasinfo.org\/wp-content\/uploads\/2025\/09\/image-9.webp\",\"datePublished\":\"2025-10-14T19:05:55+00:00\",\"dateModified\":\"2025-10-14T19:06:47+00:00\",\"author\":{\"@id\":\"https:\/\/veritasinfo.org\/#\/schema\/person\/fe199eede04c3937362892b7444747cc\"},\"breadcrumb\":{\"@id\":\"https:\/\/veritasinfo.org\/?p=16352#breadcrumb\"},\"inLanguage\":\"en-US\",\"potentialAction\":[{\"@type\":\"ReadAction\",\"target\":[\"https:\/\/veritasinfo.org\/?p=16352\"]}]},{\"@type\":\"ImageObject\",\"inLanguage\":\"en-US\",\"@id\":\"https:\/\/veritasinfo.org\/?p=16352#primaryimage\",\"url\":\"https:\/\/veritasinfo.org\/wp-content\/uploads\/2025\/09\/image-9.webp\",\"contentUrl\":\"https:\/\/veritasinfo.org\/wp-content\/uploads\/2025\/09\/image-9.webp\",\"width\":1245,\"height\":700},{\"@type\":\"BreadcrumbList\",\"@id\":\"https:\/\/veritasinfo.org\/?p=16352#breadcrumb\",\"itemListElement\":[{\"@type\":\"ListItem\",\"position\":1,\"name\":\"Home\",\"item\":\"https:\/\/veritasinfo.org\/\"},{\"@type\":\"ListItem\",\"position\":2,\"name\":\"Kurti inkurajon qytetar\u00ebt q\u00eb t\u00eb aplikojn\u00eb p\u00ebr subvencionimin e energjis\u00eb\"}]},{\"@type\":\"WebSite\",\"@id\":\"https:\/\/veritasinfo.org\/#website\",\"url\":\"https:\/\/veritasinfo.org\/\",\"name\":\"\",\"description\":\"\",\"potentialAction\":[{\"@type\":\"SearchAction\",\"target\":{\"@type\":\"EntryPoint\",\"urlTemplate\":\"https:\/\/veritasinfo.org\/?s={search_term_string}\"},\"query-input\":{\"@type\":\"PropertyValueSpecification\",\"valueRequired\":true,\"valueName\":\"search_term_string\"}}],\"inLanguage\":\"en-US\"},{\"@type\":\"Person\",\"@id\":\"https:\/\/veritasinfo.org\/#\/schema\/person\/fe199eede04c3937362892b7444747cc\",\"name\":\"US6\",\"image\":{\"@type\":\"ImageObject\",\"inLanguage\":\"en-US\",\"@id\":\"https:\/\/veritasinfo.org\/#\/schema\/person\/image\/\",\"url\":\"https:\/\/secure.gravatar.com\/avatar\/cb16c3c31c9d23b9b8c705964598220b3014e42ff51eb540ff23cefa3ae8c15f?s=96&d=mm&r=g\",\"contentUrl\":\"https:\/\/secure.gravatar.com\/avatar\/cb16c3c31c9d23b9b8c705964598220b3014e42ff51eb540ff23cefa3ae8c15f?s=96&d=mm&r=g\",\"caption\":\"US6\"},\"url\":\"https:\/\/veritasinfo.org\/?author=7\"}]}<\/script>\n<!-- \/ Yoast SEO plugin. -->","yoast_head_json":{"title":"Kurti inkurajon qytetar\u00ebt q\u00eb t\u00eb aplikojn\u00eb p\u00ebr subvencionimin e energjis\u00eb -","robots":{"index":"index","follow":"follow","max-snippet":"max-snippet:-1","max-image-preview":"max-image-preview:large","max-video-preview":"max-video-preview:-1"},"canonical":"https:\/\/veritasinfo.org\/?p=16352","og_locale":"en_US","og_type":"article","og_title":"Kurti inkurajon qytetar\u00ebt q\u00eb t\u00eb aplikojn\u00eb p\u00ebr subvencionimin e energjis\u00eb -","og_description":"Prishtin\u00eb, 14 tetor 2025 Kryeministri n\u00eb detyr\u00eb, Albin Kurti ka njoftuar se nga ky muaj, krahas rritjes prej 20% t\u00eb shum\u00ebs p\u00ebr familjet p\u00ebrfituese t\u00eb","og_url":"https:\/\/veritasinfo.org\/?p=16352","article_published_time":"2025-10-14T19:05:55+00:00","article_modified_time":"2025-10-14T19:06:47+00:00","og_image":[{"width":1245,"height":700,"url":"https:\/\/veritasinfo.org\/wp-content\/uploads\/2025\/09\/image-9.webp","type":"image\/webp"}],"author":"US6","twitter_card":"summary_large_image","twitter_misc":{"Written by":"US6","Est. reading time":"2 minutes"},"schema":{"@context":"https:\/\/schema.org","@graph":[{"@type":"WebPage","@id":"https:\/\/veritasinfo.org\/?p=16352","url":"https:\/\/veritasinfo.org\/?p=16352","name":"Kurti inkurajon qytetar\u00ebt q\u00eb t\u00eb aplikojn\u00eb p\u00ebr subvencionimin e energjis\u00eb -","isPartOf":{"@id":"https:\/\/veritasinfo.org\/#website"},"primaryImageOfPage":{"@id":"https:\/\/veritasinfo.org\/?p=16352#primaryimage"},"image":{"@id":"https:\/\/veritasinfo.org\/?p=16352#primaryimage"},"thumbnailUrl":"https:\/\/veritasinfo.org\/wp-content\/uploads\/2025\/09\/image-9.webp","datePublished":"2025-10-14T19:05:55+00:00","dateModified":"2025-10-14T19:06:47+00:00","author":{"@id":"https:\/\/veritasinfo.org\/#\/schema\/person\/fe199eede04c3937362892b7444747cc"},"breadcrumb":{"@id":"https:\/\/veritasinfo.org\/?p=16352#breadcrumb"},"inLanguage":"en-US","potentialAction":[{"@type":"ReadAction","target":["https:\/\/veritasinfo.org\/?p=16352"]}]},{"@type":"ImageObject","inLanguage":"en-US","@id":"https:\/\/veritasinfo.org\/?p=16352#primaryimage","url":"https:\/\/veritasinfo.org\/wp-content\/uploads\/2025\/09\/image-9.webp","contentUrl":"https:\/\/veritasinfo.org\/wp-content\/uploads\/2025\/09\/image-9.webp","width":1245,"height":700},{"@type":"BreadcrumbList","@id":"https:\/\/veritasinfo.org\/?p=16352#breadcrumb","itemListElement":[{"@type":"ListItem","position":1,"name":"Home","item":"https:\/\/veritasinfo.org\/"},{"@type":"ListItem","position":2,"name":"Kurti inkurajon qytetar\u00ebt q\u00eb t\u00eb aplikojn\u00eb p\u00ebr subvencionimin e energjis\u00eb"}]},{"@type":"WebSite","@id":"https:\/\/veritasinfo.org\/#website","url":"https:\/\/veritasinfo.org\/","name":"","description":"","potentialAction":[{"@type":"SearchAction","target":{"@type":"EntryPoint","urlTemplate":"https:\/\/veritasinfo.org\/?s={search_term_string}"},"query-input":{"@type":"PropertyValueSpecification","valueRequired":true,"valueName":"search_term_string"}}],"inLanguage":"en-US"},{"@type":"Person","@id":"https:\/\/veritasinfo.org\/#\/schema\/person\/fe199eede04c3937362892b7444747cc","name":"US6","image":{"@type":"ImageObject","inLanguage":"en-US","@id":"https:\/\/veritasinfo.org\/#\/schema\/person\/image\/","url":"https:\/\/secure.gravatar.com\/avatar\/cb16c3c31c9d23b9b8c705964598220b3014e42ff51eb540ff23cefa3ae8c15f?s=96&d=mm&r=g","contentUrl":"https:\/\/secure.gravatar.com\/avatar\/cb16c3c31c9d23b9b8c705964598220b3014e42ff51eb540ff23cefa3ae8c15f?s=96&d=mm&r=g","caption":"US6"},"url":"https:\/\/veritasinfo.org\/?author=7"}]}},"featured_image_urls":{"full":["https:\/\/veritasinfo.org\/wp-content\/uploads\/2025\/09\/image-9.webp",1245,700,false],"thumbnail":["https:\/\/veritasinfo.org\/wp-content\/uploads\/2025\/09\/image-9-150x150.webp",150,150,true],"medium":["https:\/\/veritasinfo.org\/wp-content\/uploads\/2025\/09\/image-9-300x169.webp",300,169,true],"medium_large":["https:\/\/veritasinfo.org\/wp-content\/uploads\/2025\/09\/image-9-768x432.webp",640,360,true],"large":["https:\/\/veritasinfo.org\/wp-content\/uploads\/2025\/09\/image-9-1024x576.webp",640,360,true],"1536x1536":["https:\/\/veritasinfo.org\/wp-content\/uploads\/2025\/09\/image-9.webp",1245,700,false],"2048x2048":["https:\/\/veritasinfo.org\/wp-content\/uploads\/2025\/09\/image-9.webp",1245,700,false],"kreeti-slider-full":["https:\/\/veritasinfo.org\/wp-content\/uploads\/2025\/09\/image-9.webp",1245,700,false],"kreeti-featured":["https:\/\/veritasinfo.org\/wp-content\/uploads\/2025\/09\/image-9.webp",1024,576,false],"kreeti-medium":["https:\/\/veritasinfo.org\/wp-content\/uploads\/2025\/09\/image-9.webp",720,405,false],"kreeti-medium-square":["https:\/\/veritasinfo.org\/wp-content\/uploads\/2025\/09\/image-9.webp",350,197,false]},"author_info":{"info":["US6"]},"category_info":"<a href=\"https:\/\/veritasinfo.org\/?cat=60\" rel=\"category\">Shoq\u00ebrore<\/a>","tag_info":"Shoq\u00ebrore","comment_count":"0","_links":{"self":[{"href":"https:\/\/veritasinfo.org\/index.php?rest_route=\/wp\/v2\/posts\/16352","targetHints":{"allow":["GET"]}}],"collection":[{"href":"https:\/\/veritasinfo.org\/index.php?rest_route=\/wp\/v2\/posts"}],"about":[{"href":"https:\/\/veritasinfo.org\/index.php?rest_route=\/wp\/v2\/types\/post"}],"author":[{"embeddable":true,"href":"https:\/\/veritasinfo.org\/index.php?rest_route=\/wp\/v2\/users\/7"}],"replies":[{"embeddable":true,"href":"https:\/\/veritasinfo.org\/index.php?rest_route=%2Fwp%2Fv2%2Fcomments&post=16352"}],"version-history":[{"count":1,"href":"https:\/\/veritasinfo.org\/index.php?rest_route=\/wp\/v2\/posts\/16352\/revisions"}],"predecessor-version":[{"id":16353,"href":"https:\/\/veritasinfo.org\/index.php?rest_route=\/wp\/v2\/posts\/16352\/revisions\/16353"}],"wp:featuredmedia":[{"embeddable":true,"href":"https:\/\/veritasinfo.org\/index.php?rest_route=\/wp\/v2\/media\/14086"}],"wp:attachment":[{"href":"https:\/\/veritasinfo.org\/index.php?rest_route=%2Fwp%2Fv2%2Fmedia&parent=16352"}],"wp:term":[{"taxonomy":"category","embeddable":true,"href":"https:\/\/veritasinfo.org\/index.php?rest_route=%2Fwp%2Fv2%2Fcategories&post=16352"},{"taxonomy":"post_tag","embeddable":true,"href":"https:\/\/veritasinfo.org\/index.php?rest_route=%2Fwp%2Fv2%2Ftags&post=16352"}],"curies":[{"name":"wp","href":"https:\/\/api.w.org\/{rel}","templated":true}]}}