{"id":16328,"date":"2025-10-14T16:47:16","date_gmt":"2025-10-14T14:47:16","guid":{"rendered":"https:\/\/veritasinfo.org\/?p=16328"},"modified":"2025-10-14T16:47:16","modified_gmt":"2025-10-14T14:47:16","slug":"be-pergezon-zgjedhjet-paqesore-ne-kosove","status":"publish","type":"post","link":"https:\/\/veritasinfo.org\/?p=16328","title":{"rendered":"BE p\u00ebrg\u00ebzon zgjedhjet paq\u00ebsore n\u00eb Kosov\u00eb"},"content":{"rendered":"<p>Prishtin\u00eb, 14 tetor 2025<\/p>\n<p>Bashkimi Evropian ka mir\u00ebpritur procesin zgjedhor paq\u00ebsor n\u00eb Kosov\u00eb dhe \u00ebsht\u00eb shpehur e k\u00ebnaqur q\u00eb n\u00eb rundin e par\u00eb t\u00eb zgjedhjeve lokale m\u00eb 12 tetor pati pjes\u00ebmarrje t\u00eb t\u00eb gjitha komuniteteve.<\/p>\n<p>\u201cP\u00ebr ato komuna ku kryetar\u00ebt jan\u00eb zgjedhur n\u00eb rundin e par\u00eb, ne b\u00ebjm\u00eb thirrje p\u00ebr nj\u00eb certifikim t\u00eb shpejt\u00eb dhe zbatim t\u00eb rezultateve t\u00eb zgjedhjeve p\u00ebrmes nj\u00eb tranzicioni t\u00eb rregullt t\u00eb pushtetit lokal\u201d, tha p\u00ebr Radion Evropa e Lir\u00eb z\u00ebdh\u00ebn\u00ebsja e BE-s\u00eb, Anitta Hipper.<\/p>\n<p>\u201cP\u00ebr komunat e tjera, ku do t\u00eb zhvillohet rundi i dyt\u00eb i zgjedhjeve p\u00ebr kryetar komune, b\u00ebjm\u00eb thirrje p\u00ebr nj\u00eb proces po aq paq\u00ebsor, konkurrues dhe gjith\u00ebp\u00ebrfshir\u00ebs m\u00eb 9 n\u00ebntor\u201d, shtoi ajo.<\/p>\n<p>Nga BE-ja theksojn\u00eb se aktualisht n\u00eb Kosov\u00eb ndodhet misioni i tyre i ekspert\u00ebve, me ftes\u00eb t\u00eb presidente\u00ads s\u00eb Kosov\u00ebs, Vjosa Osmanit. Ky ekip po v\u00ebzhgon procesin zgjedhor dhe, n\u00eb fund, do t\u00eb jap\u00eb vler\u00ebsimin t\u00eb t\u00eb gjith\u00eb procesit.<\/p>\n<p>\u201cRaporti i Misionit t\u00eb BE-s\u00eb p\u00ebr V\u00ebzhgimin e Zgjedhjeve (EOM) n\u00eb Kosov\u00eb, i majit 2025, theksoi disa raste t\u00eb nd\u00ebrhyrjeve gjat\u00eb zgjedhjeve t\u00eb p\u00ebrgjithshme t\u00eb mbajtura n\u00eb shkurt t\u00eb vitit 2025. Ne presim q\u00eb t\u00eb gjitha pal\u00ebt t\u00eb p\u00ebrmbahen nga veprime t\u00eb tilla gjat\u00eb periudh\u00ebs zgjedhore\u201d, theksoi Hipper.<\/p>\n<p>Presidentja e Kosov\u00ebs, Vjosa Osmani, dhe kryeministri n\u00eb detyr\u00eb, Albin Kurti, kan\u00eb akuzuar Serbin\u00eb p\u00ebr nd\u00ebrhyrje n\u00eb procesin zgjedhor n\u00eb Kosov\u00eb, duke \u201cbler\u00eb\u201d komunitetin serb q\u00eb t\u00eb votoj\u00eb p\u00ebr List\u00ebn Serbe, dhe kan\u00eb k\u00ebrkuar reagim nga Bashkimi Evropian.<\/p>\n<p>Beogradi zyrtar i ka mohuar k\u00ebto akuza.<\/p>\n<p>BE-ja nuk ka dh\u00ebn\u00eb nj\u00eb p\u00ebrgjigje konkrete n\u00eb pyetjen e Radios Evropa e Lir\u00eb n\u00ebse ka njohuri p\u00ebr nd\u00ebrhyrje t\u00eb Serbis\u00eb n\u00eb procesin zgjedhor n\u00eb Kosov\u00eb.<\/p>\n<p>Megjithat\u00eb, misioni v\u00ebzhgues i BE-s\u00eb p\u00ebr zgjedhjet parlamentare t\u00eb shkurtit kishte konstatuar se mediat shtet\u00ebrore ruse RT Balkan dhe Sputnik Srbija \u2013 t\u00eb mb\u00ebshtetura nga Kremlini \u2013 kishin publikuar dhjet\u00ebra materiale p\u00ebr zgjedhjet n\u00eb Kosov\u00eb gjat\u00eb fushat\u00ebs zgjedhore, me \u201cp\u00ebrmbajtje manipuluese\u201d t\u00eb drejtuara ndaj komunitetit serb.<\/p>\n<p>N\u00eb zgjedhjet e 12 tetorit, kan\u00eb votuar 39.58 p\u00ebr qind e mbi dy milion\u00eb qytetar\u00ebve me t\u00eb drejt\u00eb vote.<\/p>\n<p>Sipas t\u00eb dh\u00ebnave t\u00eb Komisionit Qendror t\u00eb Zgjedhjeve, n\u00eb zgjedhjet lokale t\u00eb s\u00eb diel\u00ebs, n\u00eb 21 komuna \u00ebsht\u00eb zgjedhur kryetari n\u00eb raundin e par\u00eb, nd\u00ebrsa n\u00eb 17 komuna t\u00eb tjera, p\u00ebrfshir\u00eb Prishtin\u00ebn, do t\u00eb mbahet edhe rundi i dyt\u00eb.<\/p>\n<p>Praktikat e m\u00ebparshme kan\u00eb treguar se fitorja n\u00eb rundin e par\u00eb nuk garanton fitoren p\u00ebrfundimtare edhe n\u00eb raundin e dyt\u00eb n\u00eb rastet kur ka balotazh.<\/p>\n<p>Nga komunat me shumic\u00eb serbe, vet\u00ebm n\u00eb Kllokot do t\u00eb ket\u00eb rund t\u00eb dyt\u00eb, nd\u00ebrsa n\u00eb n\u00ebnt\u00eb t\u00eb tjerat ka fituar Lista Serbe, partia m\u00eb e madhe e serb\u00ebve t\u00eb Kosov\u00ebs, e cila ka mb\u00ebshtetjen e Beogradit.<\/p>\n<p>&nbsp;<\/p>\n","protected":false},"excerpt":{"rendered":"<p>Prishtin\u00eb, 14 tetor 2025 Bashkimi Evropian ka mir\u00ebpritur procesin zgjedhor paq\u00ebsor n\u00eb Kosov\u00eb dhe \u00ebsht\u00eb shpehur e k\u00ebnaqur q\u00eb n\u00eb rundin e par\u00eb t\u00eb zgjedhjeve<\/p>\n","protected":false},"author":7,"featured_media":15489,"comment_status":"open","ping_status":"open","sticky":false,"template":"","format":"standard","meta":{"footnotes":""},"categories":[8],"tags":[],"class_list":["post-16328","post","type-post","status-publish","format-standard","has-post-thumbnail","hentry","category-blog-sq"],"yoast_head":"<!-- This site is optimized with the Yoast SEO plugin v25.3.1 - https:\/\/yoast.com\/wordpress\/plugins\/seo\/ -->\n<title>BE p\u00ebrg\u00ebzon zgjedhjet paq\u00ebsore n\u00eb Kosov\u00eb -<\/title>\n<meta name=\"robots\" content=\"index, follow, max-snippet:-1, max-image-preview:large, max-video-preview:-1\" \/>\n<link rel=\"canonical\" href=\"https:\/\/veritasinfo.org\/?p=16328\" \/>\n<meta property=\"og:locale\" content=\"en_US\" \/>\n<meta property=\"og:type\" content=\"article\" \/>\n<meta property=\"og:title\" content=\"BE p\u00ebrg\u00ebzon zgjedhjet paq\u00ebsore n\u00eb Kosov\u00eb -\" \/>\n<meta property=\"og:description\" content=\"Prishtin\u00eb, 14 tetor 2025 Bashkimi Evropian ka mir\u00ebpritur procesin zgjedhor paq\u00ebsor n\u00eb Kosov\u00eb dhe \u00ebsht\u00eb shpehur e k\u00ebnaqur q\u00eb n\u00eb rundin e par\u00eb t\u00eb zgjedhjeve\" \/>\n<meta property=\"og:url\" content=\"https:\/\/veritasinfo.org\/?p=16328\" \/>\n<meta property=\"article:published_time\" content=\"2025-10-14T14:47:16+00:00\" \/>\n<meta property=\"og:image\" content=\"https:\/\/veritasinfo.org\/wp-content\/uploads\/2025\/10\/Imazh-i-WhatsApp-2025-10-09-ne-11.27.59_d9c92794.jpg\" \/>\n\t<meta property=\"og:image:width\" content=\"900\" \/>\n\t<meta property=\"og:image:height\" content=\"570\" \/>\n\t<meta property=\"og:image:type\" content=\"image\/jpeg\" \/>\n<meta name=\"author\" content=\"US6\" \/>\n<meta name=\"twitter:card\" content=\"summary_large_image\" \/>\n<meta name=\"twitter:label1\" content=\"Written by\" \/>\n\t<meta name=\"twitter:data1\" content=\"US6\" \/>\n\t<meta name=\"twitter:label2\" content=\"Est. reading time\" \/>\n\t<meta name=\"twitter:data2\" content=\"3 minutes\" \/>\n<script type=\"application\/ld+json\" class=\"yoast-schema-graph\">{\"@context\":\"https:\/\/schema.org\",\"@graph\":[{\"@type\":\"WebPage\",\"@id\":\"https:\/\/veritasinfo.org\/?p=16328\",\"url\":\"https:\/\/veritasinfo.org\/?p=16328\",\"name\":\"BE p\u00ebrg\u00ebzon zgjedhjet paq\u00ebsore n\u00eb Kosov\u00eb -\",\"isPartOf\":{\"@id\":\"https:\/\/veritasinfo.org\/#website\"},\"primaryImageOfPage\":{\"@id\":\"https:\/\/veritasinfo.org\/?p=16328#primaryimage\"},\"image\":{\"@id\":\"https:\/\/veritasinfo.org\/?p=16328#primaryimage\"},\"thumbnailUrl\":\"https:\/\/veritasinfo.org\/wp-content\/uploads\/2025\/10\/Imazh-i-WhatsApp-2025-10-09-ne-11.27.59_d9c92794.jpg\",\"datePublished\":\"2025-10-14T14:47:16+00:00\",\"author\":{\"@id\":\"https:\/\/veritasinfo.org\/#\/schema\/person\/fe199eede04c3937362892b7444747cc\"},\"breadcrumb\":{\"@id\":\"https:\/\/veritasinfo.org\/?p=16328#breadcrumb\"},\"inLanguage\":\"en-US\",\"potentialAction\":[{\"@type\":\"ReadAction\",\"target\":[\"https:\/\/veritasinfo.org\/?p=16328\"]}]},{\"@type\":\"ImageObject\",\"inLanguage\":\"en-US\",\"@id\":\"https:\/\/veritasinfo.org\/?p=16328#primaryimage\",\"url\":\"https:\/\/veritasinfo.org\/wp-content\/uploads\/2025\/10\/Imazh-i-WhatsApp-2025-10-09-ne-11.27.59_d9c92794.jpg\",\"contentUrl\":\"https:\/\/veritasinfo.org\/wp-content\/uploads\/2025\/10\/Imazh-i-WhatsApp-2025-10-09-ne-11.27.59_d9c92794.jpg\",\"width\":900,\"height\":570},{\"@type\":\"BreadcrumbList\",\"@id\":\"https:\/\/veritasinfo.org\/?p=16328#breadcrumb\",\"itemListElement\":[{\"@type\":\"ListItem\",\"position\":1,\"name\":\"Home\",\"item\":\"https:\/\/veritasinfo.org\/\"},{\"@type\":\"ListItem\",\"position\":2,\"name\":\"BE p\u00ebrg\u00ebzon zgjedhjet paq\u00ebsore n\u00eb Kosov\u00eb\"}]},{\"@type\":\"WebSite\",\"@id\":\"https:\/\/veritasinfo.org\/#website\",\"url\":\"https:\/\/veritasinfo.org\/\",\"name\":\"\",\"description\":\"\",\"potentialAction\":[{\"@type\":\"SearchAction\",\"target\":{\"@type\":\"EntryPoint\",\"urlTemplate\":\"https:\/\/veritasinfo.org\/?s={search_term_string}\"},\"query-input\":{\"@type\":\"PropertyValueSpecification\",\"valueRequired\":true,\"valueName\":\"search_term_string\"}}],\"inLanguage\":\"en-US\"},{\"@type\":\"Person\",\"@id\":\"https:\/\/veritasinfo.org\/#\/schema\/person\/fe199eede04c3937362892b7444747cc\",\"name\":\"US6\",\"image\":{\"@type\":\"ImageObject\",\"inLanguage\":\"en-US\",\"@id\":\"https:\/\/veritasinfo.org\/#\/schema\/person\/image\/\",\"url\":\"https:\/\/secure.gravatar.com\/avatar\/cb16c3c31c9d23b9b8c705964598220b3014e42ff51eb540ff23cefa3ae8c15f?s=96&d=mm&r=g\",\"contentUrl\":\"https:\/\/secure.gravatar.com\/avatar\/cb16c3c31c9d23b9b8c705964598220b3014e42ff51eb540ff23cefa3ae8c15f?s=96&d=mm&r=g\",\"caption\":\"US6\"},\"url\":\"https:\/\/veritasinfo.org\/?author=7\"}]}<\/script>\n<!-- \/ Yoast SEO plugin. -->","yoast_head_json":{"title":"BE p\u00ebrg\u00ebzon zgjedhjet paq\u00ebsore n\u00eb Kosov\u00eb -","robots":{"index":"index","follow":"follow","max-snippet":"max-snippet:-1","max-image-preview":"max-image-preview:large","max-video-preview":"max-video-preview:-1"},"canonical":"https:\/\/veritasinfo.org\/?p=16328","og_locale":"en_US","og_type":"article","og_title":"BE p\u00ebrg\u00ebzon zgjedhjet paq\u00ebsore n\u00eb Kosov\u00eb -","og_description":"Prishtin\u00eb, 14 tetor 2025 Bashkimi Evropian ka mir\u00ebpritur procesin zgjedhor paq\u00ebsor n\u00eb Kosov\u00eb dhe \u00ebsht\u00eb shpehur e k\u00ebnaqur q\u00eb n\u00eb rundin e par\u00eb t\u00eb zgjedhjeve","og_url":"https:\/\/veritasinfo.org\/?p=16328","article_published_time":"2025-10-14T14:47:16+00:00","og_image":[{"width":900,"height":570,"url":"https:\/\/veritasinfo.org\/wp-content\/uploads\/2025\/10\/Imazh-i-WhatsApp-2025-10-09-ne-11.27.59_d9c92794.jpg","type":"image\/jpeg"}],"author":"US6","twitter_card":"summary_large_image","twitter_misc":{"Written by":"US6","Est. reading time":"3 minutes"},"schema":{"@context":"https:\/\/schema.org","@graph":[{"@type":"WebPage","@id":"https:\/\/veritasinfo.org\/?p=16328","url":"https:\/\/veritasinfo.org\/?p=16328","name":"BE p\u00ebrg\u00ebzon zgjedhjet paq\u00ebsore n\u00eb Kosov\u00eb -","isPartOf":{"@id":"https:\/\/veritasinfo.org\/#website"},"primaryImageOfPage":{"@id":"https:\/\/veritasinfo.org\/?p=16328#primaryimage"},"image":{"@id":"https:\/\/veritasinfo.org\/?p=16328#primaryimage"},"thumbnailUrl":"https:\/\/veritasinfo.org\/wp-content\/uploads\/2025\/10\/Imazh-i-WhatsApp-2025-10-09-ne-11.27.59_d9c92794.jpg","datePublished":"2025-10-14T14:47:16+00:00","author":{"@id":"https:\/\/veritasinfo.org\/#\/schema\/person\/fe199eede04c3937362892b7444747cc"},"breadcrumb":{"@id":"https:\/\/veritasinfo.org\/?p=16328#breadcrumb"},"inLanguage":"en-US","potentialAction":[{"@type":"ReadAction","target":["https:\/\/veritasinfo.org\/?p=16328"]}]},{"@type":"ImageObject","inLanguage":"en-US","@id":"https:\/\/veritasinfo.org\/?p=16328#primaryimage","url":"https:\/\/veritasinfo.org\/wp-content\/uploads\/2025\/10\/Imazh-i-WhatsApp-2025-10-09-ne-11.27.59_d9c92794.jpg","contentUrl":"https:\/\/veritasinfo.org\/wp-content\/uploads\/2025\/10\/Imazh-i-WhatsApp-2025-10-09-ne-11.27.59_d9c92794.jpg","width":900,"height":570},{"@type":"BreadcrumbList","@id":"https:\/\/veritasinfo.org\/?p=16328#breadcrumb","itemListElement":[{"@type":"ListItem","position":1,"name":"Home","item":"https:\/\/veritasinfo.org\/"},{"@type":"ListItem","position":2,"name":"BE p\u00ebrg\u00ebzon zgjedhjet paq\u00ebsore n\u00eb Kosov\u00eb"}]},{"@type":"WebSite","@id":"https:\/\/veritasinfo.org\/#website","url":"https:\/\/veritasinfo.org\/","name":"","description":"","potentialAction":[{"@type":"SearchAction","target":{"@type":"EntryPoint","urlTemplate":"https:\/\/veritasinfo.org\/?s={search_term_string}"},"query-input":{"@type":"PropertyValueSpecification","valueRequired":true,"valueName":"search_term_string"}}],"inLanguage":"en-US"},{"@type":"Person","@id":"https:\/\/veritasinfo.org\/#\/schema\/person\/fe199eede04c3937362892b7444747cc","name":"US6","image":{"@type":"ImageObject","inLanguage":"en-US","@id":"https:\/\/veritasinfo.org\/#\/schema\/person\/image\/","url":"https:\/\/secure.gravatar.com\/avatar\/cb16c3c31c9d23b9b8c705964598220b3014e42ff51eb540ff23cefa3ae8c15f?s=96&d=mm&r=g","contentUrl":"https:\/\/secure.gravatar.com\/avatar\/cb16c3c31c9d23b9b8c705964598220b3014e42ff51eb540ff23cefa3ae8c15f?s=96&d=mm&r=g","caption":"US6"},"url":"https:\/\/veritasinfo.org\/?author=7"}]}},"featured_image_urls":{"full":["https:\/\/veritasinfo.org\/wp-content\/uploads\/2025\/10\/Imazh-i-WhatsApp-2025-10-09-ne-11.27.59_d9c92794.jpg",900,570,false],"thumbnail":["https:\/\/veritasinfo.org\/wp-content\/uploads\/2025\/10\/Imazh-i-WhatsApp-2025-10-09-ne-11.27.59_d9c92794-150x150.jpg",150,150,true],"medium":["https:\/\/veritasinfo.org\/wp-content\/uploads\/2025\/10\/Imazh-i-WhatsApp-2025-10-09-ne-11.27.59_d9c92794-300x190.jpg",300,190,true],"medium_large":["https:\/\/veritasinfo.org\/wp-content\/uploads\/2025\/10\/Imazh-i-WhatsApp-2025-10-09-ne-11.27.59_d9c92794-768x486.jpg",640,405,true],"large":["https:\/\/veritasinfo.org\/wp-content\/uploads\/2025\/10\/Imazh-i-WhatsApp-2025-10-09-ne-11.27.59_d9c92794.jpg",640,405,false],"1536x1536":["https:\/\/veritasinfo.org\/wp-content\/uploads\/2025\/10\/Imazh-i-WhatsApp-2025-10-09-ne-11.27.59_d9c92794.jpg",900,570,false],"2048x2048":["https:\/\/veritasinfo.org\/wp-content\/uploads\/2025\/10\/Imazh-i-WhatsApp-2025-10-09-ne-11.27.59_d9c92794.jpg",900,570,false],"kreeti-slider-full":["https:\/\/veritasinfo.org\/wp-content\/uploads\/2025\/10\/Imazh-i-WhatsApp-2025-10-09-ne-11.27.59_d9c92794.jpg",900,570,false],"kreeti-featured":["https:\/\/veritasinfo.org\/wp-content\/uploads\/2025\/10\/Imazh-i-WhatsApp-2025-10-09-ne-11.27.59_d9c92794.jpg",900,570,false],"kreeti-medium":["https:\/\/veritasinfo.org\/wp-content\/uploads\/2025\/10\/Imazh-i-WhatsApp-2025-10-09-ne-11.27.59_d9c92794.jpg",720,456,false],"kreeti-medium-square":["https:\/\/veritasinfo.org\/wp-content\/uploads\/2025\/10\/Imazh-i-WhatsApp-2025-10-09-ne-11.27.59_d9c92794.jpg",350,222,false]},"author_info":{"info":["US6"]},"category_info":"<a href=\"https:\/\/veritasinfo.org\/?cat=8\" rel=\"category\">Zgjedhjet parlamentare 2025<\/a>","tag_info":"Zgjedhjet parlamentare 2025","comment_count":"0","_links":{"self":[{"href":"https:\/\/veritasinfo.org\/index.php?rest_route=\/wp\/v2\/posts\/16328","targetHints":{"allow":["GET"]}}],"collection":[{"href":"https:\/\/veritasinfo.org\/index.php?rest_route=\/wp\/v2\/posts"}],"about":[{"href":"https:\/\/veritasinfo.org\/index.php?rest_route=\/wp\/v2\/types\/post"}],"author":[{"embeddable":true,"href":"https:\/\/veritasinfo.org\/index.php?rest_route=\/wp\/v2\/users\/7"}],"replies":[{"embeddable":true,"href":"https:\/\/veritasinfo.org\/index.php?rest_route=%2Fwp%2Fv2%2Fcomments&post=16328"}],"version-history":[{"count":1,"href":"https:\/\/veritasinfo.org\/index.php?rest_route=\/wp\/v2\/posts\/16328\/revisions"}],"predecessor-version":[{"id":16329,"href":"https:\/\/veritasinfo.org\/index.php?rest_route=\/wp\/v2\/posts\/16328\/revisions\/16329"}],"wp:featuredmedia":[{"embeddable":true,"href":"https:\/\/veritasinfo.org\/index.php?rest_route=\/wp\/v2\/media\/15489"}],"wp:attachment":[{"href":"https:\/\/veritasinfo.org\/index.php?rest_route=%2Fwp%2Fv2%2Fmedia&parent=16328"}],"wp:term":[{"taxonomy":"category","embeddable":true,"href":"https:\/\/veritasinfo.org\/index.php?rest_route=%2Fwp%2Fv2%2Fcategories&post=16328"},{"taxonomy":"post_tag","embeddable":true,"href":"https:\/\/veritasinfo.org\/index.php?rest_route=%2Fwp%2Fv2%2Ftags&post=16328"}],"curies":[{"name":"wp","href":"https:\/\/api.w.org\/{rel}","templated":true}]}}