{"id":1631,"date":"2025-06-26T14:33:39","date_gmt":"2025-06-26T12:33:39","guid":{"rendered":"https:\/\/veritasinfo.org\/?p=1631"},"modified":"2025-06-26T14:36:03","modified_gmt":"2025-06-26T12:36:03","slug":"arrestime-dhe-tensione-ne-serbi-para-tubimit-te-madh-te-paralajmeruar-per-te-shtunen","status":"publish","type":"post","link":"https:\/\/veritasinfo.org\/?p=1631","title":{"rendered":"Arrestime dhe tensione n\u00eb Serbi para tubimit t\u00eb madh t\u00eb paralajm\u00ebruar p\u00ebr t\u00eb shtun\u00ebn"},"content":{"rendered":"<p>Beograd, 26 Qershor 2025<\/p>\n<p style=\"font-weight: 400;\"><span style=\"font-style: inherit; font-weight: inherit;\">Policia n\u00eb Serbi ka arrestuar disa persona t\u00eb akuzuar se kan\u00eb komplotuar rr\u00ebzimin e qeveris\u00eb, mes tensionesh para tubimit t\u00eb madh anti-qeveri k\u00ebt\u00eb fundjav\u00eb n\u00eb Beograd.<\/span><\/p>\n<p style=\"font-weight: 400;\"><span style=\"font-style: inherit; font-weight: inherit;\">Policia ka th\u00ebn\u00eb se gjasht\u00eb persona u arrestuan t\u00eb m\u00ebrkur\u00ebn n\u00ebn dyshimin p\u00ebr \u201cp\u00ebrgatitje t\u00eb akteve kriminale kund\u00ebr rendit kushtetues dhe siguris\u00eb s\u00eb Serbis\u00eb\u201d dhe \u201cthirrjen p\u00ebr ndryshim t\u00eb dhunsh\u00ebm t\u00eb rendit kushtetues\u201d.<\/span><\/p>\n<p style=\"font-weight: 400;\"><span style=\"font-style: inherit; font-weight: inherit;\">T\u00eb pakt\u00ebn nj\u00eb student u arrestua n\u00eb fillim t\u00eb jav\u00ebs me akuz\u00ebn p\u00ebr p\u00ebrgatitje t\u00eb \u201cnj\u00eb akti terrorist\u201d bazuar n\u00eb bisedat private n\u00eb telefon. Qindra kan\u00eb protestuar t\u00eb enjten kund\u00ebr arrestimit.<\/span><\/p>\n<p style=\"font-weight: 400;\"><span style=\"font-style: inherit; font-weight: inherit;\">Student\u00ebt kan\u00eb thirrur protest\u00ebn e s\u00eb shtun\u00ebs me k\u00ebrkes\u00ebn p\u00ebr zgjedhje t\u00eb parakohshme.<\/span><\/p>\n<p style=\"font-weight: 400;\"><span style=\"font-style: inherit; font-weight: inherit;\">Presidenti Aleksand\u00ebr Vu\u00e7iq ka refuzuar k\u00ebrkes\u00ebn p\u00ebr zgjedhje, duke akuzuar protestuesit se po planifikojn\u00eb t\u00eb nxisin dhun\u00eb n\u00eb tubimin e s\u00eb shtun\u00ebs.<\/span><\/p>\n<p>&nbsp;<\/p>\n","protected":false},"excerpt":{"rendered":"<p>Beograd, 26 Qershor 2025 Policia n\u00eb Serbi ka arrestuar disa persona t\u00eb akuzuar se kan\u00eb komplotuar rr\u00ebzimin e qeveris\u00eb, mes tensionesh para tubimit t\u00eb madh<\/p>\n","protected":false},"author":1,"featured_media":1635,"comment_status":"open","ping_status":"open","sticky":false,"template":"","format":"standard","meta":{"footnotes":""},"categories":[58],"tags":[],"class_list":["post-1631","post","type-post","status-publish","format-standard","has-post-thumbnail","hentry","category-politike-sq"],"yoast_head":"<!-- This site is optimized with the Yoast SEO plugin v25.3.1 - https:\/\/yoast.com\/wordpress\/plugins\/seo\/ -->\n<title>Arrestime dhe tensione n\u00eb Serbi para tubimit t\u00eb madh t\u00eb paralajm\u00ebruar p\u00ebr t\u00eb shtun\u00ebn -<\/title>\n<meta name=\"robots\" content=\"index, follow, max-snippet:-1, max-image-preview:large, max-video-preview:-1\" \/>\n<link rel=\"canonical\" href=\"https:\/\/veritasinfo.org\/?p=1631\" \/>\n<meta property=\"og:locale\" content=\"en_US\" \/>\n<meta property=\"og:type\" content=\"article\" \/>\n<meta property=\"og:title\" content=\"Arrestime dhe tensione n\u00eb Serbi para tubimit t\u00eb madh t\u00eb paralajm\u00ebruar p\u00ebr t\u00eb shtun\u00ebn -\" \/>\n<meta property=\"og:description\" content=\"Beograd, 26 Qershor 2025 Policia n\u00eb Serbi ka arrestuar disa persona t\u00eb akuzuar se kan\u00eb komplotuar rr\u00ebzimin e qeveris\u00eb, mes tensionesh para tubimit t\u00eb madh\" \/>\n<meta property=\"og:url\" content=\"https:\/\/veritasinfo.org\/?p=1631\" \/>\n<meta property=\"article:published_time\" content=\"2025-06-26T12:33:39+00:00\" \/>\n<meta property=\"article:modified_time\" content=\"2025-06-26T12:36:03+00:00\" \/>\n<meta property=\"og:image\" content=\"https:\/\/veritasinfo.org\/wp-content\/uploads\/2025\/06\/IMG_1576.webp\" \/>\n\t<meta property=\"og:image:width\" content=\"800\" \/>\n\t<meta property=\"og:image:height\" content=\"600\" \/>\n\t<meta property=\"og:image:type\" content=\"image\/webp\" \/>\n<meta name=\"author\" content=\"admin\" \/>\n<meta name=\"twitter:card\" content=\"summary_large_image\" \/>\n<meta name=\"twitter:label1\" content=\"Written by\" \/>\n\t<meta name=\"twitter:data1\" content=\"admin\" \/>\n\t<meta name=\"twitter:label2\" content=\"Est. reading time\" \/>\n\t<meta name=\"twitter:data2\" content=\"1 minute\" \/>\n<script type=\"application\/ld+json\" class=\"yoast-schema-graph\">{\"@context\":\"https:\/\/schema.org\",\"@graph\":[{\"@type\":\"WebPage\",\"@id\":\"https:\/\/veritasinfo.org\/?p=1631\",\"url\":\"https:\/\/veritasinfo.org\/?p=1631\",\"name\":\"Arrestime dhe tensione n\u00eb Serbi para tubimit t\u00eb madh t\u00eb paralajm\u00ebruar p\u00ebr t\u00eb shtun\u00ebn -\",\"isPartOf\":{\"@id\":\"https:\/\/veritasinfo.org\/#website\"},\"primaryImageOfPage\":{\"@id\":\"https:\/\/veritasinfo.org\/?p=1631#primaryimage\"},\"image\":{\"@id\":\"https:\/\/veritasinfo.org\/?p=1631#primaryimage\"},\"thumbnailUrl\":\"https:\/\/veritasinfo.org\/wp-content\/uploads\/2025\/06\/IMG_1576.webp\",\"datePublished\":\"2025-06-26T12:33:39+00:00\",\"dateModified\":\"2025-06-26T12:36:03+00:00\",\"author\":{\"@id\":\"https:\/\/veritasinfo.org\/#\/schema\/person\/7701f8c088bece422266b100a712374f\"},\"breadcrumb\":{\"@id\":\"https:\/\/veritasinfo.org\/?p=1631#breadcrumb\"},\"inLanguage\":\"en-US\",\"potentialAction\":[{\"@type\":\"ReadAction\",\"target\":[\"https:\/\/veritasinfo.org\/?p=1631\"]}]},{\"@type\":\"ImageObject\",\"inLanguage\":\"en-US\",\"@id\":\"https:\/\/veritasinfo.org\/?p=1631#primaryimage\",\"url\":\"https:\/\/veritasinfo.org\/wp-content\/uploads\/2025\/06\/IMG_1576.webp\",\"contentUrl\":\"https:\/\/veritasinfo.org\/wp-content\/uploads\/2025\/06\/IMG_1576.webp\",\"width\":800,\"height\":600},{\"@type\":\"BreadcrumbList\",\"@id\":\"https:\/\/veritasinfo.org\/?p=1631#breadcrumb\",\"itemListElement\":[{\"@type\":\"ListItem\",\"position\":1,\"name\":\"Home\",\"item\":\"https:\/\/veritasinfo.org\/\"},{\"@type\":\"ListItem\",\"position\":2,\"name\":\"Arrestime dhe tensione n\u00eb Serbi para tubimit t\u00eb madh t\u00eb paralajm\u00ebruar p\u00ebr t\u00eb shtun\u00ebn\"}]},{\"@type\":\"WebSite\",\"@id\":\"https:\/\/veritasinfo.org\/#website\",\"url\":\"https:\/\/veritasinfo.org\/\",\"name\":\"\",\"description\":\"\",\"potentialAction\":[{\"@type\":\"SearchAction\",\"target\":{\"@type\":\"EntryPoint\",\"urlTemplate\":\"https:\/\/veritasinfo.org\/?s={search_term_string}\"},\"query-input\":{\"@type\":\"PropertyValueSpecification\",\"valueRequired\":true,\"valueName\":\"search_term_string\"}}],\"inLanguage\":\"en-US\"},{\"@type\":\"Person\",\"@id\":\"https:\/\/veritasinfo.org\/#\/schema\/person\/7701f8c088bece422266b100a712374f\",\"name\":\"admin\",\"image\":{\"@type\":\"ImageObject\",\"inLanguage\":\"en-US\",\"@id\":\"https:\/\/veritasinfo.org\/#\/schema\/person\/image\/\",\"url\":\"https:\/\/secure.gravatar.com\/avatar\/ea53aa3bf6c9a12d5fde8ce4deff43fef3885ae33cf60184161a50d6987cfd2f?s=96&d=mm&r=g\",\"contentUrl\":\"https:\/\/secure.gravatar.com\/avatar\/ea53aa3bf6c9a12d5fde8ce4deff43fef3885ae33cf60184161a50d6987cfd2f?s=96&d=mm&r=g\",\"caption\":\"admin\"},\"sameAs\":[\"https:\/\/veritasinfo.org\"],\"url\":\"https:\/\/veritasinfo.org\/?author=1\"}]}<\/script>\n<!-- \/ Yoast SEO plugin. -->","yoast_head_json":{"title":"Arrestime dhe tensione n\u00eb Serbi para tubimit t\u00eb madh t\u00eb paralajm\u00ebruar p\u00ebr t\u00eb shtun\u00ebn -","robots":{"index":"index","follow":"follow","max-snippet":"max-snippet:-1","max-image-preview":"max-image-preview:large","max-video-preview":"max-video-preview:-1"},"canonical":"https:\/\/veritasinfo.org\/?p=1631","og_locale":"en_US","og_type":"article","og_title":"Arrestime dhe tensione n\u00eb Serbi para tubimit t\u00eb madh t\u00eb paralajm\u00ebruar p\u00ebr t\u00eb shtun\u00ebn -","og_description":"Beograd, 26 Qershor 2025 Policia n\u00eb Serbi ka arrestuar disa persona t\u00eb akuzuar se kan\u00eb komplotuar rr\u00ebzimin e qeveris\u00eb, mes tensionesh para tubimit t\u00eb madh","og_url":"https:\/\/veritasinfo.org\/?p=1631","article_published_time":"2025-06-26T12:33:39+00:00","article_modified_time":"2025-06-26T12:36:03+00:00","og_image":[{"width":800,"height":600,"url":"https:\/\/veritasinfo.org\/wp-content\/uploads\/2025\/06\/IMG_1576.webp","type":"image\/webp"}],"author":"admin","twitter_card":"summary_large_image","twitter_misc":{"Written by":"admin","Est. reading time":"1 minute"},"schema":{"@context":"https:\/\/schema.org","@graph":[{"@type":"WebPage","@id":"https:\/\/veritasinfo.org\/?p=1631","url":"https:\/\/veritasinfo.org\/?p=1631","name":"Arrestime dhe tensione n\u00eb Serbi para tubimit t\u00eb madh t\u00eb paralajm\u00ebruar p\u00ebr t\u00eb shtun\u00ebn -","isPartOf":{"@id":"https:\/\/veritasinfo.org\/#website"},"primaryImageOfPage":{"@id":"https:\/\/veritasinfo.org\/?p=1631#primaryimage"},"image":{"@id":"https:\/\/veritasinfo.org\/?p=1631#primaryimage"},"thumbnailUrl":"https:\/\/veritasinfo.org\/wp-content\/uploads\/2025\/06\/IMG_1576.webp","datePublished":"2025-06-26T12:33:39+00:00","dateModified":"2025-06-26T12:36:03+00:00","author":{"@id":"https:\/\/veritasinfo.org\/#\/schema\/person\/7701f8c088bece422266b100a712374f"},"breadcrumb":{"@id":"https:\/\/veritasinfo.org\/?p=1631#breadcrumb"},"inLanguage":"en-US","potentialAction":[{"@type":"ReadAction","target":["https:\/\/veritasinfo.org\/?p=1631"]}]},{"@type":"ImageObject","inLanguage":"en-US","@id":"https:\/\/veritasinfo.org\/?p=1631#primaryimage","url":"https:\/\/veritasinfo.org\/wp-content\/uploads\/2025\/06\/IMG_1576.webp","contentUrl":"https:\/\/veritasinfo.org\/wp-content\/uploads\/2025\/06\/IMG_1576.webp","width":800,"height":600},{"@type":"BreadcrumbList","@id":"https:\/\/veritasinfo.org\/?p=1631#breadcrumb","itemListElement":[{"@type":"ListItem","position":1,"name":"Home","item":"https:\/\/veritasinfo.org\/"},{"@type":"ListItem","position":2,"name":"Arrestime dhe tensione n\u00eb Serbi para tubimit t\u00eb madh t\u00eb paralajm\u00ebruar p\u00ebr t\u00eb shtun\u00ebn"}]},{"@type":"WebSite","@id":"https:\/\/veritasinfo.org\/#website","url":"https:\/\/veritasinfo.org\/","name":"","description":"","potentialAction":[{"@type":"SearchAction","target":{"@type":"EntryPoint","urlTemplate":"https:\/\/veritasinfo.org\/?s={search_term_string}"},"query-input":{"@type":"PropertyValueSpecification","valueRequired":true,"valueName":"search_term_string"}}],"inLanguage":"en-US"},{"@type":"Person","@id":"https:\/\/veritasinfo.org\/#\/schema\/person\/7701f8c088bece422266b100a712374f","name":"admin","image":{"@type":"ImageObject","inLanguage":"en-US","@id":"https:\/\/veritasinfo.org\/#\/schema\/person\/image\/","url":"https:\/\/secure.gravatar.com\/avatar\/ea53aa3bf6c9a12d5fde8ce4deff43fef3885ae33cf60184161a50d6987cfd2f?s=96&d=mm&r=g","contentUrl":"https:\/\/secure.gravatar.com\/avatar\/ea53aa3bf6c9a12d5fde8ce4deff43fef3885ae33cf60184161a50d6987cfd2f?s=96&d=mm&r=g","caption":"admin"},"sameAs":["https:\/\/veritasinfo.org"],"url":"https:\/\/veritasinfo.org\/?author=1"}]}},"featured_image_urls":{"full":["https:\/\/veritasinfo.org\/wp-content\/uploads\/2025\/06\/IMG_1576.webp",800,600,false],"thumbnail":["https:\/\/veritasinfo.org\/wp-content\/uploads\/2025\/06\/IMG_1576-150x150.webp",150,150,true],"medium":["https:\/\/veritasinfo.org\/wp-content\/uploads\/2025\/06\/IMG_1576-300x225.webp",300,225,true],"medium_large":["https:\/\/veritasinfo.org\/wp-content\/uploads\/2025\/06\/IMG_1576-768x576.webp",640,480,true],"large":["https:\/\/veritasinfo.org\/wp-content\/uploads\/2025\/06\/IMG_1576.webp",640,480,false],"1536x1536":["https:\/\/veritasinfo.org\/wp-content\/uploads\/2025\/06\/IMG_1576.webp",800,600,false],"2048x2048":["https:\/\/veritasinfo.org\/wp-content\/uploads\/2025\/06\/IMG_1576.webp",800,600,false],"kreeti-slider-full":["https:\/\/veritasinfo.org\/wp-content\/uploads\/2025\/06\/IMG_1576.webp",800,600,false],"kreeti-featured":["https:\/\/veritasinfo.org\/wp-content\/uploads\/2025\/06\/IMG_1576.webp",800,600,false],"kreeti-medium":["https:\/\/veritasinfo.org\/wp-content\/uploads\/2025\/06\/IMG_1576.webp",707,530,false],"kreeti-medium-square":["https:\/\/veritasinfo.org\/wp-content\/uploads\/2025\/06\/IMG_1576.webp",350,263,false]},"author_info":{"info":["admin"]},"category_info":"<a href=\"https:\/\/veritasinfo.org\/?cat=58\" rel=\"category\">Politik\u00eb<\/a>","tag_info":"Politik\u00eb","comment_count":"0","_links":{"self":[{"href":"https:\/\/veritasinfo.org\/index.php?rest_route=\/wp\/v2\/posts\/1631","targetHints":{"allow":["GET"]}}],"collection":[{"href":"https:\/\/veritasinfo.org\/index.php?rest_route=\/wp\/v2\/posts"}],"about":[{"href":"https:\/\/veritasinfo.org\/index.php?rest_route=\/wp\/v2\/types\/post"}],"author":[{"embeddable":true,"href":"https:\/\/veritasinfo.org\/index.php?rest_route=\/wp\/v2\/users\/1"}],"replies":[{"embeddable":true,"href":"https:\/\/veritasinfo.org\/index.php?rest_route=%2Fwp%2Fv2%2Fcomments&post=1631"}],"version-history":[{"count":1,"href":"https:\/\/veritasinfo.org\/index.php?rest_route=\/wp\/v2\/posts\/1631\/revisions"}],"predecessor-version":[{"id":1633,"href":"https:\/\/veritasinfo.org\/index.php?rest_route=\/wp\/v2\/posts\/1631\/revisions\/1633"}],"wp:featuredmedia":[{"embeddable":true,"href":"https:\/\/veritasinfo.org\/index.php?rest_route=\/wp\/v2\/media\/1635"}],"wp:attachment":[{"href":"https:\/\/veritasinfo.org\/index.php?rest_route=%2Fwp%2Fv2%2Fmedia&parent=1631"}],"wp:term":[{"taxonomy":"category","embeddable":true,"href":"https:\/\/veritasinfo.org\/index.php?rest_route=%2Fwp%2Fv2%2Fcategories&post=1631"},{"taxonomy":"post_tag","embeddable":true,"href":"https:\/\/veritasinfo.org\/index.php?rest_route=%2Fwp%2Fv2%2Ftags&post=1631"}],"curies":[{"name":"wp","href":"https:\/\/api.w.org\/{rel}","templated":true}]}}