{"id":16286,"date":"2025-10-14T12:33:15","date_gmt":"2025-10-14T10:33:15","guid":{"rendered":"https:\/\/veritasinfo.org\/?p=16286"},"modified":"2025-10-14T12:33:15","modified_gmt":"2025-10-14T10:33:15","slug":"kurti-ende-si-kemi-nisur-diskutimet-per-formimin-e-qeverise","status":"publish","type":"post","link":"https:\/\/veritasinfo.org\/?p=16286","title":{"rendered":"Kurti: Ende s\u2019i kemi nisur diskutimet p\u00ebr formimin e qeveris\u00eb"},"content":{"rendered":"<p>Prishtin\u00eb 14 Tetor 2025<\/p>\n<p>Kryeministri n\u00eb detyr\u00eb, Albin Kurti, ka deklaruar se ende nuk ka zhvilluar komunikime me ndonj\u00eb parti ose me deputet\u00eb lidhur me formimin e qeveris\u00eb s\u00eb re, por ka paralajm\u00ebruar se n\u00eb dit\u00ebt n\u00eb vijim do t\u00eb nis\u00eb nj\u00eb plan konkret p\u00ebr k\u00ebt\u00eb proces.<\/p>\n<div id=\"pa_dspl_0\">\n<div id=\"pa_v2_28194\">\n<p>Kurti tha se dit\u00ebt e fundit ka qen\u00eb i angazhuar me analiz\u00ebn e rezultateve zgjedhore dhe me vler\u00ebsimin e kontributeve t\u00eb fushatave n\u00ebp\u00ebr komuna, duke shtuar se p\u00ebr k\u00ebt\u00eb arsye nuk ka pasur ende takime politike.<\/p>\n<p>\u201cTep\u00ebr shum\u00eb pun\u00eb k\u00ebto dit\u00eb, analiza e rezultateve nga qendrat. Na duhet ta shohim kontributet q\u00eb kan\u00eb pasur fushatat n\u00ebp\u00ebr komuna me rezultatin q\u00eb kemi arritur, n\u00eb m\u00ebnyr\u00eb q\u00eb sa m\u00eb shpejt t\u00eb fillojm\u00eb me fushat\u00ebn p\u00ebr balotazhe. Andaj dje dhe sot nuk kam arritur ende q\u00eb t\u2019i zhvilloj ato komunikime. Por po e b\u00ebjm\u00eb nj\u00eb plan edhe p\u00ebr k\u00ebt\u00eb gj\u00eb. I kemi m\u00eb shum\u00eb se 10 dit\u00eb\u201d, tha Kurti, raporton EO.<\/p>\n<p>Presidentja Vjosa Osmani ka n\u00ebnshkruar t\u00eb shtun\u00ebn dekretin me t\u00eb cilin e mandaton Albin Kurtin p\u00ebr formimin e qeveris\u00eb.<\/p>\n<p>Sipas Kushtetut\u00ebs, presidentja n\u00eb konsultim me partin\u00eb ose koalicionin q\u00eb ka shumic\u00ebn n\u00eb Kuvend, mandaton kandidatin p\u00ebr kryeminist\u00ebr. Mandatari ka koh\u00eb 15 dit\u00eb q\u00eb t\u00eb paraqes\u00eb p\u00ebrb\u00ebrjen e Qeveris\u00eb e t\u00eb k\u00ebrkoj\u00eb miratimin nga Kuvendi. Kabineti i propozuar, p\u00ebr t\u2019u miratuar duhet t\u00eb siguroj\u00eb t\u00eb pakt\u00ebn 61 vota n\u00eb Kuvendin me 120 deputet\u00eb.<\/p>\n<p>N\u00eb rast se nuk arrin t\u00eb siguroj\u00eb mb\u00ebshtetjen e 61 deputet\u00ebve, presidentja Osmani ka detyr\u00ebn brenda dhjet\u00eb dit\u00ebsh t\u00eb ftoj\u00eb partit\u00eb p\u00ebr konsultime dhe t\u00eb vendos\u00eb p\u00ebr mandatarin q\u00eb ka shanset m\u00eb t\u00eb m\u00ebdha p\u00ebr t\u00eb formuar Qeverin\u00eb. Mandatari ka 15 dit\u00eb t\u00eb tjera koh\u00eb p\u00ebr t\u00eb dor\u00ebzuar p\u00ebrb\u00ebrjen e re t\u00eb kabinetit qeveritar n\u00eb Kuvend. N\u00ebse as pas p\u00ebrpjekjes s\u00eb dyt\u00eb Qeveria nuk mund t\u00eb formohet, presidentja Osmani, sipas Kushtetut\u00ebs, duhet t\u00eb shpall\u00eb zgjedhje t\u00eb reja, q\u00eb duhet t\u00eb mbahen brenda 40 dit\u00ebsh.<\/p>\n<p>L\u00ebvizja Vet\u00ebvendosje, q\u00eb doli e para nga zgjedhjet e 9 shkurtit, ka 48 deputet\u00eb n\u00eb Kuvend. Ajo pret p\u00ebrkrahje nga shtat\u00eb deputet\u00ebt e komuniteteve pakic\u00eb joserbe, e nd\u00ebrkoh\u00eb edhe mund\u00ebsin\u00eb e p\u00ebrfshirjes s\u00eb Nism\u00ebs Socialdemokrate q\u00eb ka tri ul\u00ebse n\u00eb Kuvend. Me Nism\u00ebn \u00ebsht\u00eb konfirmuar se ka pasur negociata, por q\u00eb nuk kan\u00eb prodhuar marr\u00ebveshje.<\/p>\n<\/div>\n<\/div>\n","protected":false},"excerpt":{"rendered":"<p>Prishtin\u00eb 14 Tetor 2025 Kryeministri n\u00eb detyr\u00eb, Albin Kurti, ka deklaruar se ende nuk ka zhvilluar komunikime me ndonj\u00eb parti ose me deputet\u00eb lidhur me<\/p>\n","protected":false},"author":6,"featured_media":16287,"comment_status":"open","ping_status":"open","sticky":false,"template":"","format":"standard","meta":{"footnotes":""},"categories":[60],"tags":[],"class_list":["post-16286","post","type-post","status-publish","format-standard","has-post-thumbnail","hentry","category-shoqerore-sq"],"yoast_head":"<!-- This site is optimized with the Yoast SEO plugin v25.3.1 - https:\/\/yoast.com\/wordpress\/plugins\/seo\/ -->\n<title>Kurti: Ende s\u2019i kemi nisur diskutimet p\u00ebr formimin e qeveris\u00eb -<\/title>\n<meta name=\"robots\" content=\"index, follow, max-snippet:-1, max-image-preview:large, max-video-preview:-1\" \/>\n<link rel=\"canonical\" href=\"https:\/\/veritasinfo.org\/?p=16286\" \/>\n<meta property=\"og:locale\" content=\"en_US\" \/>\n<meta property=\"og:type\" content=\"article\" \/>\n<meta property=\"og:title\" content=\"Kurti: Ende s\u2019i kemi nisur diskutimet p\u00ebr formimin e qeveris\u00eb -\" \/>\n<meta property=\"og:description\" content=\"Prishtin\u00eb 14 Tetor 2025 Kryeministri n\u00eb detyr\u00eb, Albin Kurti, ka deklaruar se ende nuk ka zhvilluar komunikime me ndonj\u00eb parti ose me deputet\u00eb lidhur me\" \/>\n<meta property=\"og:url\" content=\"https:\/\/veritasinfo.org\/?p=16286\" \/>\n<meta property=\"article:published_time\" content=\"2025-10-14T10:33:15+00:00\" \/>\n<meta property=\"og:image\" content=\"https:\/\/veritasinfo.org\/wp-content\/uploads\/2025\/10\/Borelj_Kurti_14.jpg\" \/>\n\t<meta property=\"og:image:width\" content=\"1440\" \/>\n\t<meta property=\"og:image:height\" content=\"960\" \/>\n\t<meta property=\"og:image:type\" content=\"image\/jpeg\" \/>\n<meta name=\"author\" content=\"US5\" \/>\n<meta name=\"twitter:card\" content=\"summary_large_image\" \/>\n<meta name=\"twitter:label1\" content=\"Written by\" \/>\n\t<meta name=\"twitter:data1\" content=\"US5\" \/>\n\t<meta name=\"twitter:label2\" content=\"Est. reading time\" \/>\n\t<meta name=\"twitter:data2\" content=\"2 minutes\" \/>\n<script type=\"application\/ld+json\" class=\"yoast-schema-graph\">{\"@context\":\"https:\/\/schema.org\",\"@graph\":[{\"@type\":\"WebPage\",\"@id\":\"https:\/\/veritasinfo.org\/?p=16286\",\"url\":\"https:\/\/veritasinfo.org\/?p=16286\",\"name\":\"Kurti: Ende s\u2019i kemi nisur diskutimet p\u00ebr formimin e qeveris\u00eb -\",\"isPartOf\":{\"@id\":\"https:\/\/veritasinfo.org\/#website\"},\"primaryImageOfPage\":{\"@id\":\"https:\/\/veritasinfo.org\/?p=16286#primaryimage\"},\"image\":{\"@id\":\"https:\/\/veritasinfo.org\/?p=16286#primaryimage\"},\"thumbnailUrl\":\"https:\/\/veritasinfo.org\/wp-content\/uploads\/2025\/10\/Borelj_Kurti_14.jpg\",\"datePublished\":\"2025-10-14T10:33:15+00:00\",\"author\":{\"@id\":\"https:\/\/veritasinfo.org\/#\/schema\/person\/bc442336e35414d04494ab8fb45db4c6\"},\"breadcrumb\":{\"@id\":\"https:\/\/veritasinfo.org\/?p=16286#breadcrumb\"},\"inLanguage\":\"en-US\",\"potentialAction\":[{\"@type\":\"ReadAction\",\"target\":[\"https:\/\/veritasinfo.org\/?p=16286\"]}]},{\"@type\":\"ImageObject\",\"inLanguage\":\"en-US\",\"@id\":\"https:\/\/veritasinfo.org\/?p=16286#primaryimage\",\"url\":\"https:\/\/veritasinfo.org\/wp-content\/uploads\/2025\/10\/Borelj_Kurti_14.jpg\",\"contentUrl\":\"https:\/\/veritasinfo.org\/wp-content\/uploads\/2025\/10\/Borelj_Kurti_14.jpg\",\"width\":1440,\"height\":960},{\"@type\":\"BreadcrumbList\",\"@id\":\"https:\/\/veritasinfo.org\/?p=16286#breadcrumb\",\"itemListElement\":[{\"@type\":\"ListItem\",\"position\":1,\"name\":\"Home\",\"item\":\"https:\/\/veritasinfo.org\/\"},{\"@type\":\"ListItem\",\"position\":2,\"name\":\"Kurti: Ende s\u2019i kemi nisur diskutimet p\u00ebr formimin e qeveris\u00eb\"}]},{\"@type\":\"WebSite\",\"@id\":\"https:\/\/veritasinfo.org\/#website\",\"url\":\"https:\/\/veritasinfo.org\/\",\"name\":\"\",\"description\":\"\",\"potentialAction\":[{\"@type\":\"SearchAction\",\"target\":{\"@type\":\"EntryPoint\",\"urlTemplate\":\"https:\/\/veritasinfo.org\/?s={search_term_string}\"},\"query-input\":{\"@type\":\"PropertyValueSpecification\",\"valueRequired\":true,\"valueName\":\"search_term_string\"}}],\"inLanguage\":\"en-US\"},{\"@type\":\"Person\",\"@id\":\"https:\/\/veritasinfo.org\/#\/schema\/person\/bc442336e35414d04494ab8fb45db4c6\",\"name\":\"US5\",\"image\":{\"@type\":\"ImageObject\",\"inLanguage\":\"en-US\",\"@id\":\"https:\/\/veritasinfo.org\/#\/schema\/person\/image\/\",\"url\":\"https:\/\/secure.gravatar.com\/avatar\/16a61e7272a0c5d001121ebb9e60e925d5816e4ac1e443ed3e640d9a6ae55d0c?s=96&d=mm&r=g\",\"contentUrl\":\"https:\/\/secure.gravatar.com\/avatar\/16a61e7272a0c5d001121ebb9e60e925d5816e4ac1e443ed3e640d9a6ae55d0c?s=96&d=mm&r=g\",\"caption\":\"US5\"},\"url\":\"https:\/\/veritasinfo.org\/?author=6\"}]}<\/script>\n<!-- \/ Yoast SEO plugin. -->","yoast_head_json":{"title":"Kurti: Ende s\u2019i kemi nisur diskutimet p\u00ebr formimin e qeveris\u00eb -","robots":{"index":"index","follow":"follow","max-snippet":"max-snippet:-1","max-image-preview":"max-image-preview:large","max-video-preview":"max-video-preview:-1"},"canonical":"https:\/\/veritasinfo.org\/?p=16286","og_locale":"en_US","og_type":"article","og_title":"Kurti: Ende s\u2019i kemi nisur diskutimet p\u00ebr formimin e qeveris\u00eb -","og_description":"Prishtin\u00eb 14 Tetor 2025 Kryeministri n\u00eb detyr\u00eb, Albin Kurti, ka deklaruar se ende nuk ka zhvilluar komunikime me ndonj\u00eb parti ose me deputet\u00eb lidhur me","og_url":"https:\/\/veritasinfo.org\/?p=16286","article_published_time":"2025-10-14T10:33:15+00:00","og_image":[{"width":1440,"height":960,"url":"https:\/\/veritasinfo.org\/wp-content\/uploads\/2025\/10\/Borelj_Kurti_14.jpg","type":"image\/jpeg"}],"author":"US5","twitter_card":"summary_large_image","twitter_misc":{"Written by":"US5","Est. reading time":"2 minutes"},"schema":{"@context":"https:\/\/schema.org","@graph":[{"@type":"WebPage","@id":"https:\/\/veritasinfo.org\/?p=16286","url":"https:\/\/veritasinfo.org\/?p=16286","name":"Kurti: Ende s\u2019i kemi nisur diskutimet p\u00ebr formimin e qeveris\u00eb -","isPartOf":{"@id":"https:\/\/veritasinfo.org\/#website"},"primaryImageOfPage":{"@id":"https:\/\/veritasinfo.org\/?p=16286#primaryimage"},"image":{"@id":"https:\/\/veritasinfo.org\/?p=16286#primaryimage"},"thumbnailUrl":"https:\/\/veritasinfo.org\/wp-content\/uploads\/2025\/10\/Borelj_Kurti_14.jpg","datePublished":"2025-10-14T10:33:15+00:00","author":{"@id":"https:\/\/veritasinfo.org\/#\/schema\/person\/bc442336e35414d04494ab8fb45db4c6"},"breadcrumb":{"@id":"https:\/\/veritasinfo.org\/?p=16286#breadcrumb"},"inLanguage":"en-US","potentialAction":[{"@type":"ReadAction","target":["https:\/\/veritasinfo.org\/?p=16286"]}]},{"@type":"ImageObject","inLanguage":"en-US","@id":"https:\/\/veritasinfo.org\/?p=16286#primaryimage","url":"https:\/\/veritasinfo.org\/wp-content\/uploads\/2025\/10\/Borelj_Kurti_14.jpg","contentUrl":"https:\/\/veritasinfo.org\/wp-content\/uploads\/2025\/10\/Borelj_Kurti_14.jpg","width":1440,"height":960},{"@type":"BreadcrumbList","@id":"https:\/\/veritasinfo.org\/?p=16286#breadcrumb","itemListElement":[{"@type":"ListItem","position":1,"name":"Home","item":"https:\/\/veritasinfo.org\/"},{"@type":"ListItem","position":2,"name":"Kurti: Ende s\u2019i kemi nisur diskutimet p\u00ebr formimin e qeveris\u00eb"}]},{"@type":"WebSite","@id":"https:\/\/veritasinfo.org\/#website","url":"https:\/\/veritasinfo.org\/","name":"","description":"","potentialAction":[{"@type":"SearchAction","target":{"@type":"EntryPoint","urlTemplate":"https:\/\/veritasinfo.org\/?s={search_term_string}"},"query-input":{"@type":"PropertyValueSpecification","valueRequired":true,"valueName":"search_term_string"}}],"inLanguage":"en-US"},{"@type":"Person","@id":"https:\/\/veritasinfo.org\/#\/schema\/person\/bc442336e35414d04494ab8fb45db4c6","name":"US5","image":{"@type":"ImageObject","inLanguage":"en-US","@id":"https:\/\/veritasinfo.org\/#\/schema\/person\/image\/","url":"https:\/\/secure.gravatar.com\/avatar\/16a61e7272a0c5d001121ebb9e60e925d5816e4ac1e443ed3e640d9a6ae55d0c?s=96&d=mm&r=g","contentUrl":"https:\/\/secure.gravatar.com\/avatar\/16a61e7272a0c5d001121ebb9e60e925d5816e4ac1e443ed3e640d9a6ae55d0c?s=96&d=mm&r=g","caption":"US5"},"url":"https:\/\/veritasinfo.org\/?author=6"}]}},"featured_image_urls":{"full":["https:\/\/veritasinfo.org\/wp-content\/uploads\/2025\/10\/Borelj_Kurti_14.jpg",1440,960,false],"thumbnail":["https:\/\/veritasinfo.org\/wp-content\/uploads\/2025\/10\/Borelj_Kurti_14-150x150.jpg",150,150,true],"medium":["https:\/\/veritasinfo.org\/wp-content\/uploads\/2025\/10\/Borelj_Kurti_14-300x200.jpg",300,200,true],"medium_large":["https:\/\/veritasinfo.org\/wp-content\/uploads\/2025\/10\/Borelj_Kurti_14-768x512.jpg",640,427,true],"large":["https:\/\/veritasinfo.org\/wp-content\/uploads\/2025\/10\/Borelj_Kurti_14-1024x683.jpg",640,427,true],"1536x1536":["https:\/\/veritasinfo.org\/wp-content\/uploads\/2025\/10\/Borelj_Kurti_14.jpg",1440,960,false],"2048x2048":["https:\/\/veritasinfo.org\/wp-content\/uploads\/2025\/10\/Borelj_Kurti_14.jpg",1440,960,false],"kreeti-slider-full":["https:\/\/veritasinfo.org\/wp-content\/uploads\/2025\/10\/Borelj_Kurti_14.jpg",1080,720,false],"kreeti-featured":["https:\/\/veritasinfo.org\/wp-content\/uploads\/2025\/10\/Borelj_Kurti_14.jpg",1024,683,false],"kreeti-medium":["https:\/\/veritasinfo.org\/wp-content\/uploads\/2025\/10\/Borelj_Kurti_14.jpg",720,480,false],"kreeti-medium-square":["https:\/\/veritasinfo.org\/wp-content\/uploads\/2025\/10\/Borelj_Kurti_14.jpg",350,233,false]},"author_info":{"info":["US5"]},"category_info":"<a href=\"https:\/\/veritasinfo.org\/?cat=60\" rel=\"category\">Shoq\u00ebrore<\/a>","tag_info":"Shoq\u00ebrore","comment_count":"0","_links":{"self":[{"href":"https:\/\/veritasinfo.org\/index.php?rest_route=\/wp\/v2\/posts\/16286","targetHints":{"allow":["GET"]}}],"collection":[{"href":"https:\/\/veritasinfo.org\/index.php?rest_route=\/wp\/v2\/posts"}],"about":[{"href":"https:\/\/veritasinfo.org\/index.php?rest_route=\/wp\/v2\/types\/post"}],"author":[{"embeddable":true,"href":"https:\/\/veritasinfo.org\/index.php?rest_route=\/wp\/v2\/users\/6"}],"replies":[{"embeddable":true,"href":"https:\/\/veritasinfo.org\/index.php?rest_route=%2Fwp%2Fv2%2Fcomments&post=16286"}],"version-history":[{"count":1,"href":"https:\/\/veritasinfo.org\/index.php?rest_route=\/wp\/v2\/posts\/16286\/revisions"}],"predecessor-version":[{"id":16288,"href":"https:\/\/veritasinfo.org\/index.php?rest_route=\/wp\/v2\/posts\/16286\/revisions\/16288"}],"wp:featuredmedia":[{"embeddable":true,"href":"https:\/\/veritasinfo.org\/index.php?rest_route=\/wp\/v2\/media\/16287"}],"wp:attachment":[{"href":"https:\/\/veritasinfo.org\/index.php?rest_route=%2Fwp%2Fv2%2Fmedia&parent=16286"}],"wp:term":[{"taxonomy":"category","embeddable":true,"href":"https:\/\/veritasinfo.org\/index.php?rest_route=%2Fwp%2Fv2%2Fcategories&post=16286"},{"taxonomy":"post_tag","embeddable":true,"href":"https:\/\/veritasinfo.org\/index.php?rest_route=%2Fwp%2Fv2%2Ftags&post=16286"}],"curies":[{"name":"wp","href":"https:\/\/api.w.org\/{rel}","templated":true}]}}