{"id":16276,"date":"2025-10-14T11:56:49","date_gmt":"2025-10-14T09:56:49","guid":{"rendered":"https:\/\/veritasinfo.org\/?p=16276"},"modified":"2025-10-14T11:56:49","modified_gmt":"2025-10-14T09:56:49","slug":"kosova-hap-kapitull-te-ri-ne-mbrojtjen-e-te-drejtave-autoriale-lansohen-kosova-music-rights-society","status":"publish","type":"post","link":"https:\/\/veritasinfo.org\/?p=16276","title":{"rendered":"Kosova hap kapitull t\u00eb ri n\u00eb mbrojtjen e t\u00eb drejtave autoriale \u2013 lansohen \u201cKosova Music Rights Society\u201d"},"content":{"rendered":"<p>Prishtin\u00eb 14 Tetor 2025<\/p>\n<p>Ministria e Kultur\u00ebs, Rinis\u00eb dhe Sportit ka b\u00ebr\u00eb sot lansimin e organizat\u00ebs s\u00eb par\u00eb p\u00ebr menaxhimin kolektiv t\u00eb t\u00eb drejtave autoriale n\u00eb Kosov\u00eb \u2013 Kosova Music Rights Society (KMRS), q\u00eb do t\u00eb mbroj\u00eb t\u00eb drejtat e autor\u00ebve, kompozitor\u00ebve, interpretuesve dhe producent\u00ebve t\u00eb muzik\u00ebs, raporton Ekonomia Online.<\/p>\n<p>N\u00eb k\u00ebt\u00eb ngjarje mori pjes\u00eb edhe kryeministri n\u00eb detyr\u00eb Albin Kurti, i cili tha se kjo nism\u00eb sh\u00ebnon nj\u00eb hap t\u00eb r\u00ebnd\u00ebsish\u00ebm p\u00ebr respektimin e pun\u00ebs s\u00eb krijuesve kosovar\u00eb dhe vendosjen e Kosov\u00ebs n\u00eb rrjetin evropian t\u00eb mbrojtjes s\u00eb t\u00eb drejtave autoriale.<\/p>\n<p>\u201c\u00c7do nism\u00eb e jona si kjo e sotmja q\u00ebndron mbi supet e maleve shpirt\u00ebrore q\u00eb jan\u00eb nd\u00ebrtuara dhe vazhdojn\u00eb ta b\u00ebjn\u00eb Kosov\u00ebn nj\u00eb vend hipermuzikor. P\u00ebr k\u00ebt\u00eb arsye ne kemi detyrim t\u00eb k\u00ebsaj krijimtarie dhe k\u00ebtyre krijuesve. Sot po sh\u00ebnojm\u00eb nj\u00eb hap q\u00eb shkon p\u00ebrtej muzik\u00ebs, sepse n\u00eb thelb t\u00eb k\u00ebsaj nisme t\u00eb KMRS dhe pun\u00ebs q\u00eb i pret p\u00ebrpara q\u00ebndron nj\u00eb ide m\u00eb e madhe \u2013 ajo e t\u00eb drejt\u00ebs p\u00ebr t\u00eb zot\u00ebruar frytin e pun\u00ebs son\u00eb, p\u00ebr t\u00eb fituar edhe autori nga dobia publike. Kjo nuk \u00ebsht\u00eb vet\u00ebm \u00e7\u00ebshtje ligjore, por edhe morale, kulturore dhe filozofike. KMRS tani \u00ebsht\u00eb nj\u00eb organizat\u00eb besimi, midis krijuesve dhe shtetit, si dhe midis publikut dhe artistit. Me k\u00ebt\u00eb hap, Kosova hyn n\u00eb nj\u00eb kapitull t\u00eb ri t\u00eb menaxhimit kolektiv t\u00eb t\u00eb drejtave autoriale, duke u b\u00ebr\u00eb pjes\u00eb e traditave bot\u00ebrore institucionale t\u00eb rrjetit evropian t\u00eb bashk\u00ebpunimit,\u201d tha Kurti.<\/p>\n<p>Sekretari i Ministris\u00eb s\u00eb Kultur\u00ebs, Rinis\u00eb dhe Sportit, Bislim Bislimi, tha se themelimi i KMRS \u00ebsht\u00eb nj\u00eb moment i r\u00ebnd\u00ebsish\u00ebm p\u00ebr zhvillimin e infrastruktur\u00ebs ligjore e institucionale n\u00eb fush\u00ebn e artit dhe t\u00eb drejtave autoriale.<\/p>\n<p>\u201cKjo sh\u00ebnon nj\u00eb moment t\u00eb r\u00ebnd\u00ebsish\u00ebm, nj\u00eb hap vendimtar drejt mbrojtjes s\u00eb t\u00eb drejtave t\u00eb krijuesve tan\u00eb, forcimit t\u00eb themeleve t\u00eb infrastruktur\u00ebs s\u00eb sistemit ligjor e institucional p\u00ebr zhvillimin ton\u00eb social, kulturor e ekonomik, n\u00eb vij\u00eb me objektivat shtet\u00ebrore t\u00eb asociimit t\u00eb Kosov\u00ebs me standardet e BE-s\u00eb n\u00eb fush\u00ebn e t\u00eb drejt\u00ebs s\u00eb autorit dhe t\u00eb drejtave t\u00eb p\u00ebraf\u00ebrta.<\/p>\n<p>Themelimi i k\u00ebsaj organizate \u00ebsht\u00eb shum\u00eb m\u00eb tep\u00ebr se sa nj\u00eb p\u00ebrmbushje formale institucionale, \u00ebsht\u00eb para s\u00eb gjithash shenj\u00eb e njohjes dhe mir\u00ebnjohjes s\u00eb pun\u00ebs s\u00eb krijuesve dhe artist\u00ebve tan\u00eb. Organizata e re do t\u00eb sh\u00ebrbej\u00eb si organiz\u00ebm i autorizuar p\u00ebr menaxhimin e t\u00eb drejtave t\u00eb autorit dhe t\u00eb drejtave t\u00eb p\u00ebraf\u00ebrta n\u00eb fush\u00ebn e muzik\u00ebs, n\u00eb em\u00ebr t\u00eb autor\u00ebve, kompozitor\u00ebve, interpretuesve dhe producent\u00ebve. Ajo do t\u00eb menaxhoj\u00eb lejimin zyrtar t\u00eb veprave t\u00eb muzik\u00ebs,\u201d tha Bislimi.<\/p>\n<p>Nd\u00ebrsa kryetarja e organizat\u00ebs Kosova Music Rights Society (KMRS), Kaltrina Mehmeti, tha se krijuesit e muzik\u00ebs n\u00eb Kosov\u00eb kan\u00eb punuar p\u00ebr m\u00eb shum\u00eb se dy dekada pa mbrojtje ligjore dhe se themelimi i k\u00ebsaj organizate p\u00ebrb\u00ebn nj\u00eb hap historik p\u00ebr industrin\u00eb muzikore.<\/p>\n<p>\u201cKjo industri e muzik\u00ebs kaq e fuqishme n\u00eb Kosov\u00eb dhe jasht\u00eb saj, paradoksalisht ka funksionuar m\u00eb shum\u00eb se 25 vite pa asnj\u00eb mbrojtje ligjore dhe pa asnj\u00eb kompensim n\u00eb em\u00ebr t\u00eb t\u00eb drejt\u00ebs s\u00eb autorit. \u00cbsht\u00eb momenti q\u00eb ky borxh moral t\u2019i p\u00ebrkushtohet komunitetit artistik, q\u00eb t\u00eb njihet me t\u00eb drejta m\u00eb bazike e themelore, ashtu si \u00e7do qytetar i Kosov\u00ebs,\u201d tha Mehmeti.<\/p>\n","protected":false},"excerpt":{"rendered":"<p>Prishtin\u00eb 14 Tetor 2025 Ministria e Kultur\u00ebs, Rinis\u00eb dhe Sportit ka b\u00ebr\u00eb sot lansimin e organizat\u00ebs s\u00eb par\u00eb p\u00ebr menaxhimin kolektiv t\u00eb t\u00eb drejtave autoriale<\/p>\n","protected":false},"author":6,"featured_media":16277,"comment_status":"open","ping_status":"open","sticky":false,"template":"","format":"standard","meta":{"footnotes":""},"categories":[54],"tags":[],"class_list":["post-16276","post","type-post","status-publish","format-standard","has-post-thumbnail","hentry","category-kulture-sq"],"yoast_head":"<!-- This site is optimized with the Yoast SEO plugin v25.3.1 - https:\/\/yoast.com\/wordpress\/plugins\/seo\/ -->\n<title>Kosova hap kapitull t\u00eb ri n\u00eb mbrojtjen e t\u00eb drejtave autoriale \u2013 lansohen \u201cKosova Music Rights Society\u201d -<\/title>\n<meta name=\"robots\" content=\"index, follow, max-snippet:-1, max-image-preview:large, max-video-preview:-1\" \/>\n<link rel=\"canonical\" href=\"https:\/\/veritasinfo.org\/?p=16276\" \/>\n<meta property=\"og:locale\" content=\"en_US\" \/>\n<meta property=\"og:type\" content=\"article\" \/>\n<meta property=\"og:title\" content=\"Kosova hap kapitull t\u00eb ri n\u00eb mbrojtjen e t\u00eb drejtave autoriale \u2013 lansohen \u201cKosova Music Rights Society\u201d -\" \/>\n<meta property=\"og:description\" content=\"Prishtin\u00eb 14 Tetor 2025 Ministria e Kultur\u00ebs, Rinis\u00eb dhe Sportit ka b\u00ebr\u00eb sot lansimin e organizat\u00ebs s\u00eb par\u00eb p\u00ebr menaxhimin kolektiv t\u00eb t\u00eb drejtave autoriale\" \/>\n<meta property=\"og:url\" content=\"https:\/\/veritasinfo.org\/?p=16276\" \/>\n<meta property=\"article:published_time\" content=\"2025-10-14T09:56:49+00:00\" \/>\n<meta property=\"og:image\" content=\"https:\/\/veritasinfo.org\/wp-content\/uploads\/2025\/10\/albin-kurti112-1333x1000-1.jpg\" \/>\n\t<meta property=\"og:image:width\" content=\"1333\" \/>\n\t<meta property=\"og:image:height\" content=\"1000\" \/>\n\t<meta property=\"og:image:type\" content=\"image\/jpeg\" \/>\n<meta name=\"author\" content=\"US5\" \/>\n<meta name=\"twitter:card\" content=\"summary_large_image\" \/>\n<meta name=\"twitter:label1\" content=\"Written by\" \/>\n\t<meta name=\"twitter:data1\" content=\"US5\" \/>\n\t<meta name=\"twitter:label2\" content=\"Est. reading time\" \/>\n\t<meta name=\"twitter:data2\" content=\"3 minutes\" \/>\n<script type=\"application\/ld+json\" class=\"yoast-schema-graph\">{\"@context\":\"https:\/\/schema.org\",\"@graph\":[{\"@type\":\"WebPage\",\"@id\":\"https:\/\/veritasinfo.org\/?p=16276\",\"url\":\"https:\/\/veritasinfo.org\/?p=16276\",\"name\":\"Kosova hap kapitull t\u00eb ri n\u00eb mbrojtjen e t\u00eb drejtave autoriale \u2013 lansohen \u201cKosova Music Rights Society\u201d -\",\"isPartOf\":{\"@id\":\"https:\/\/veritasinfo.org\/#website\"},\"primaryImageOfPage\":{\"@id\":\"https:\/\/veritasinfo.org\/?p=16276#primaryimage\"},\"image\":{\"@id\":\"https:\/\/veritasinfo.org\/?p=16276#primaryimage\"},\"thumbnailUrl\":\"https:\/\/veritasinfo.org\/wp-content\/uploads\/2025\/10\/albin-kurti112-1333x1000-1.jpg\",\"datePublished\":\"2025-10-14T09:56:49+00:00\",\"author\":{\"@id\":\"https:\/\/veritasinfo.org\/#\/schema\/person\/bc442336e35414d04494ab8fb45db4c6\"},\"breadcrumb\":{\"@id\":\"https:\/\/veritasinfo.org\/?p=16276#breadcrumb\"},\"inLanguage\":\"en-US\",\"potentialAction\":[{\"@type\":\"ReadAction\",\"target\":[\"https:\/\/veritasinfo.org\/?p=16276\"]}]},{\"@type\":\"ImageObject\",\"inLanguage\":\"en-US\",\"@id\":\"https:\/\/veritasinfo.org\/?p=16276#primaryimage\",\"url\":\"https:\/\/veritasinfo.org\/wp-content\/uploads\/2025\/10\/albin-kurti112-1333x1000-1.jpg\",\"contentUrl\":\"https:\/\/veritasinfo.org\/wp-content\/uploads\/2025\/10\/albin-kurti112-1333x1000-1.jpg\",\"width\":1333,\"height\":1000},{\"@type\":\"BreadcrumbList\",\"@id\":\"https:\/\/veritasinfo.org\/?p=16276#breadcrumb\",\"itemListElement\":[{\"@type\":\"ListItem\",\"position\":1,\"name\":\"Home\",\"item\":\"https:\/\/veritasinfo.org\/\"},{\"@type\":\"ListItem\",\"position\":2,\"name\":\"Kosova hap kapitull t\u00eb ri n\u00eb mbrojtjen e t\u00eb drejtave autoriale \u2013 lansohen \u201cKosova Music Rights Society\u201d\"}]},{\"@type\":\"WebSite\",\"@id\":\"https:\/\/veritasinfo.org\/#website\",\"url\":\"https:\/\/veritasinfo.org\/\",\"name\":\"\",\"description\":\"\",\"potentialAction\":[{\"@type\":\"SearchAction\",\"target\":{\"@type\":\"EntryPoint\",\"urlTemplate\":\"https:\/\/veritasinfo.org\/?s={search_term_string}\"},\"query-input\":{\"@type\":\"PropertyValueSpecification\",\"valueRequired\":true,\"valueName\":\"search_term_string\"}}],\"inLanguage\":\"en-US\"},{\"@type\":\"Person\",\"@id\":\"https:\/\/veritasinfo.org\/#\/schema\/person\/bc442336e35414d04494ab8fb45db4c6\",\"name\":\"US5\",\"image\":{\"@type\":\"ImageObject\",\"inLanguage\":\"en-US\",\"@id\":\"https:\/\/veritasinfo.org\/#\/schema\/person\/image\/\",\"url\":\"https:\/\/secure.gravatar.com\/avatar\/16a61e7272a0c5d001121ebb9e60e925d5816e4ac1e443ed3e640d9a6ae55d0c?s=96&d=mm&r=g\",\"contentUrl\":\"https:\/\/secure.gravatar.com\/avatar\/16a61e7272a0c5d001121ebb9e60e925d5816e4ac1e443ed3e640d9a6ae55d0c?s=96&d=mm&r=g\",\"caption\":\"US5\"},\"url\":\"https:\/\/veritasinfo.org\/?author=6\"}]}<\/script>\n<!-- \/ Yoast SEO plugin. -->","yoast_head_json":{"title":"Kosova hap kapitull t\u00eb ri n\u00eb mbrojtjen e t\u00eb drejtave autoriale \u2013 lansohen \u201cKosova Music Rights Society\u201d -","robots":{"index":"index","follow":"follow","max-snippet":"max-snippet:-1","max-image-preview":"max-image-preview:large","max-video-preview":"max-video-preview:-1"},"canonical":"https:\/\/veritasinfo.org\/?p=16276","og_locale":"en_US","og_type":"article","og_title":"Kosova hap kapitull t\u00eb ri n\u00eb mbrojtjen e t\u00eb drejtave autoriale \u2013 lansohen \u201cKosova Music Rights Society\u201d -","og_description":"Prishtin\u00eb 14 Tetor 2025 Ministria e Kultur\u00ebs, Rinis\u00eb dhe Sportit ka b\u00ebr\u00eb sot lansimin e organizat\u00ebs s\u00eb par\u00eb p\u00ebr menaxhimin kolektiv t\u00eb t\u00eb drejtave autoriale","og_url":"https:\/\/veritasinfo.org\/?p=16276","article_published_time":"2025-10-14T09:56:49+00:00","og_image":[{"width":1333,"height":1000,"url":"https:\/\/veritasinfo.org\/wp-content\/uploads\/2025\/10\/albin-kurti112-1333x1000-1.jpg","type":"image\/jpeg"}],"author":"US5","twitter_card":"summary_large_image","twitter_misc":{"Written by":"US5","Est. reading time":"3 minutes"},"schema":{"@context":"https:\/\/schema.org","@graph":[{"@type":"WebPage","@id":"https:\/\/veritasinfo.org\/?p=16276","url":"https:\/\/veritasinfo.org\/?p=16276","name":"Kosova hap kapitull t\u00eb ri n\u00eb mbrojtjen e t\u00eb drejtave autoriale \u2013 lansohen \u201cKosova Music Rights Society\u201d -","isPartOf":{"@id":"https:\/\/veritasinfo.org\/#website"},"primaryImageOfPage":{"@id":"https:\/\/veritasinfo.org\/?p=16276#primaryimage"},"image":{"@id":"https:\/\/veritasinfo.org\/?p=16276#primaryimage"},"thumbnailUrl":"https:\/\/veritasinfo.org\/wp-content\/uploads\/2025\/10\/albin-kurti112-1333x1000-1.jpg","datePublished":"2025-10-14T09:56:49+00:00","author":{"@id":"https:\/\/veritasinfo.org\/#\/schema\/person\/bc442336e35414d04494ab8fb45db4c6"},"breadcrumb":{"@id":"https:\/\/veritasinfo.org\/?p=16276#breadcrumb"},"inLanguage":"en-US","potentialAction":[{"@type":"ReadAction","target":["https:\/\/veritasinfo.org\/?p=16276"]}]},{"@type":"ImageObject","inLanguage":"en-US","@id":"https:\/\/veritasinfo.org\/?p=16276#primaryimage","url":"https:\/\/veritasinfo.org\/wp-content\/uploads\/2025\/10\/albin-kurti112-1333x1000-1.jpg","contentUrl":"https:\/\/veritasinfo.org\/wp-content\/uploads\/2025\/10\/albin-kurti112-1333x1000-1.jpg","width":1333,"height":1000},{"@type":"BreadcrumbList","@id":"https:\/\/veritasinfo.org\/?p=16276#breadcrumb","itemListElement":[{"@type":"ListItem","position":1,"name":"Home","item":"https:\/\/veritasinfo.org\/"},{"@type":"ListItem","position":2,"name":"Kosova hap kapitull t\u00eb ri n\u00eb mbrojtjen e t\u00eb drejtave autoriale \u2013 lansohen \u201cKosova Music Rights Society\u201d"}]},{"@type":"WebSite","@id":"https:\/\/veritasinfo.org\/#website","url":"https:\/\/veritasinfo.org\/","name":"","description":"","potentialAction":[{"@type":"SearchAction","target":{"@type":"EntryPoint","urlTemplate":"https:\/\/veritasinfo.org\/?s={search_term_string}"},"query-input":{"@type":"PropertyValueSpecification","valueRequired":true,"valueName":"search_term_string"}}],"inLanguage":"en-US"},{"@type":"Person","@id":"https:\/\/veritasinfo.org\/#\/schema\/person\/bc442336e35414d04494ab8fb45db4c6","name":"US5","image":{"@type":"ImageObject","inLanguage":"en-US","@id":"https:\/\/veritasinfo.org\/#\/schema\/person\/image\/","url":"https:\/\/secure.gravatar.com\/avatar\/16a61e7272a0c5d001121ebb9e60e925d5816e4ac1e443ed3e640d9a6ae55d0c?s=96&d=mm&r=g","contentUrl":"https:\/\/secure.gravatar.com\/avatar\/16a61e7272a0c5d001121ebb9e60e925d5816e4ac1e443ed3e640d9a6ae55d0c?s=96&d=mm&r=g","caption":"US5"},"url":"https:\/\/veritasinfo.org\/?author=6"}]}},"featured_image_urls":{"full":["https:\/\/veritasinfo.org\/wp-content\/uploads\/2025\/10\/albin-kurti112-1333x1000-1.jpg",1333,1000,false],"thumbnail":["https:\/\/veritasinfo.org\/wp-content\/uploads\/2025\/10\/albin-kurti112-1333x1000-1-150x150.jpg",150,150,true],"medium":["https:\/\/veritasinfo.org\/wp-content\/uploads\/2025\/10\/albin-kurti112-1333x1000-1-300x225.jpg",300,225,true],"medium_large":["https:\/\/veritasinfo.org\/wp-content\/uploads\/2025\/10\/albin-kurti112-1333x1000-1-768x576.jpg",640,480,true],"large":["https:\/\/veritasinfo.org\/wp-content\/uploads\/2025\/10\/albin-kurti112-1333x1000-1-1024x768.jpg",640,480,true],"1536x1536":["https:\/\/veritasinfo.org\/wp-content\/uploads\/2025\/10\/albin-kurti112-1333x1000-1.jpg",1333,1000,false],"2048x2048":["https:\/\/veritasinfo.org\/wp-content\/uploads\/2025\/10\/albin-kurti112-1333x1000-1.jpg",1333,1000,false],"kreeti-slider-full":["https:\/\/veritasinfo.org\/wp-content\/uploads\/2025\/10\/albin-kurti112-1333x1000-1.jpg",960,720,false],"kreeti-featured":["https:\/\/veritasinfo.org\/wp-content\/uploads\/2025\/10\/albin-kurti112-1333x1000-1.jpg",1024,768,false],"kreeti-medium":["https:\/\/veritasinfo.org\/wp-content\/uploads\/2025\/10\/albin-kurti112-1333x1000-1.jpg",706,530,false],"kreeti-medium-square":["https:\/\/veritasinfo.org\/wp-content\/uploads\/2025\/10\/albin-kurti112-1333x1000-1.jpg",350,263,false]},"author_info":{"info":["US5"]},"category_info":"<a href=\"https:\/\/veritasinfo.org\/?cat=54\" rel=\"category\">Kultur\u00eb<\/a>","tag_info":"Kultur\u00eb","comment_count":"0","_links":{"self":[{"href":"https:\/\/veritasinfo.org\/index.php?rest_route=\/wp\/v2\/posts\/16276","targetHints":{"allow":["GET"]}}],"collection":[{"href":"https:\/\/veritasinfo.org\/index.php?rest_route=\/wp\/v2\/posts"}],"about":[{"href":"https:\/\/veritasinfo.org\/index.php?rest_route=\/wp\/v2\/types\/post"}],"author":[{"embeddable":true,"href":"https:\/\/veritasinfo.org\/index.php?rest_route=\/wp\/v2\/users\/6"}],"replies":[{"embeddable":true,"href":"https:\/\/veritasinfo.org\/index.php?rest_route=%2Fwp%2Fv2%2Fcomments&post=16276"}],"version-history":[{"count":1,"href":"https:\/\/veritasinfo.org\/index.php?rest_route=\/wp\/v2\/posts\/16276\/revisions"}],"predecessor-version":[{"id":16283,"href":"https:\/\/veritasinfo.org\/index.php?rest_route=\/wp\/v2\/posts\/16276\/revisions\/16283"}],"wp:featuredmedia":[{"embeddable":true,"href":"https:\/\/veritasinfo.org\/index.php?rest_route=\/wp\/v2\/media\/16277"}],"wp:attachment":[{"href":"https:\/\/veritasinfo.org\/index.php?rest_route=%2Fwp%2Fv2%2Fmedia&parent=16276"}],"wp:term":[{"taxonomy":"category","embeddable":true,"href":"https:\/\/veritasinfo.org\/index.php?rest_route=%2Fwp%2Fv2%2Fcategories&post=16276"},{"taxonomy":"post_tag","embeddable":true,"href":"https:\/\/veritasinfo.org\/index.php?rest_route=%2Fwp%2Fv2%2Ftags&post=16276"}],"curies":[{"name":"wp","href":"https:\/\/api.w.org\/{rel}","templated":true}]}}