{"id":16270,"date":"2025-10-14T11:25:04","date_gmt":"2025-10-14T09:25:04","guid":{"rendered":"https:\/\/veritasinfo.org\/?p=16270"},"modified":"2025-10-14T11:25:04","modified_gmt":"2025-10-14T09:25:04","slug":"partite-e-be-se-thirrje-shefes-se-ke-se-qe-te-denoje-shtypjen-nga-vuciqi","status":"publish","type":"post","link":"https:\/\/veritasinfo.org\/?p=16270","title":{"rendered":"Partit\u00eb e BE-s\u00eb, thirrje shefes s\u00eb KE-s\u00eb, q\u00eb t\u00eb d\u00ebnoj\u00eb shtypjen nga Vu\u00e7iqi"},"content":{"rendered":"<p>Beograd 14 Tetor 2025<\/p>\n<p><strong>Kat\u00ebr parti politike evropiane i b\u00ebn\u00eb thirrje t\u00eb h\u00ebn\u00ebn presidentes s\u00eb Komisionit Evropian, Ursula von der Leyen, q\u00eb t\u00eb d\u00ebnoj\u00eb shtypjen e protestave t\u00eb opozit\u00ebs dhe student\u00ebve n\u00eb Serbi, nd\u00ebrsa ajo nis nj\u00eb turne rajonal q\u00eb p\u00ebrfshin edhe vizit\u00ebn n\u00eb Beograd.<\/strong><\/p>\n<p>&nbsp;<\/p>\n<p>Partia Demokratike Evropiane, Partia e Gjelb\u00ebr Evropiane, Partia e Socialist\u00ebve Evropian\u00eb (PES) dhe Aleanca e Liberal\u00ebve dhe Demokrat\u00ebve p\u00ebr Evrop\u00ebn (ALDE) i k\u00ebrkuan Brukselit t\u00eb \u201cq\u00ebndroj\u00eb n\u00eb an\u00ebn e atyre q\u00eb mbrojn\u00eb demokracin\u00eb n\u00eb Serbi\u201d dhe t\u00eb mb\u00ebshtes\u00eb thirrjet e student\u00ebve dhe opozit\u00ebs p\u00ebr zgjedhje t\u00eb parakohshme.<\/p>\n<p>\u201cPas vizit\u00ebs son\u00eb n\u00eb Serbi dhe takimeve me forcat qytetare dhe demokratike, \u00ebsht\u00eb m\u00eb e qart\u00eb se kurr\u00eb se duhet t\u00eb zgjedhim nj\u00eb an\u00eb,\u201d tha Sandro Gozi, sekretari i p\u00ebrgjithsh\u00ebm i Partis\u00eb Demokratike Evropiane. \u201cVizita e presidentes von der Leyen n\u00eb Serbi \u00ebsht\u00eb nj\u00eb moment vendimtar p\u00ebr t\u00eb treguar se ku q\u00ebndron Evropa \u2013 me student\u00ebt, me ata q\u00eb protestojn\u00eb paq\u00ebsisht dhe, mbi t\u00eb gjitha, me lirin\u00eb dhe sundimin e ligjit.\u201d<\/p>\n<p>Partit\u00eb theksuan se presidenti Aleksandar Vu\u00e7iq \u201cka shtypur protestuesit, p\u00ebrfshir\u00eb p\u00ebrmes dhun\u00ebs, p\u00ebr gati nj\u00eb vit,\u201d dhe paralajm\u00ebruan se qeveria e tij mund t\u00eb p\u00ebrpiqet t\u00eb p\u00ebrdor\u00eb vizit\u00ebn e von der Leyen p\u00ebr t\u00eb pretenduar mb\u00ebshtetje nga BE-ja.<\/p>\n<p>\u201cNuk duhet t\u00eb shp\u00ebrblejm\u00eb autokrat\u00ebt,\u201d thuhet n\u00eb deklarat\u00eb, duke i b\u00ebr\u00eb thirrje BE-s\u00eb t\u00eb mbaj\u00eb nj\u00eb q\u00ebndrim t\u00eb fort\u00eb n\u00eb mbrojtje t\u00eb demokracis\u00eb dhe sundimit t\u00eb ligjit n\u00eb Serbi.<\/p>\n<p>Turneu ballkanik i von der Leyen, pjes\u00eb e p\u00ebrpjekjeve t\u00eb saj para samitit p\u00ebr zgjerimin e BE-s\u00eb dhe stabilitetin rajonal, p\u00ebrfshin ndalesa n\u00eb disa kryeqytete t\u00eb Ballkanit Per\u00ebndimor k\u00ebt\u00eb jav\u00eb.<\/p>\n","protected":false},"excerpt":{"rendered":"<p>Beograd 14 Tetor 2025 Kat\u00ebr parti politike evropiane i b\u00ebn\u00eb thirrje t\u00eb h\u00ebn\u00ebn presidentes s\u00eb Komisionit Evropian, Ursula von der Leyen, q\u00eb t\u00eb d\u00ebnoj\u00eb shtypjen<\/p>\n","protected":false},"author":6,"featured_media":16272,"comment_status":"open","ping_status":"open","sticky":false,"template":"","format":"standard","meta":{"footnotes":""},"categories":[60],"tags":[],"class_list":["post-16270","post","type-post","status-publish","format-standard","has-post-thumbnail","hentry","category-shoqerore-sq"],"yoast_head":"<!-- This site is optimized with the Yoast SEO plugin v25.3.1 - https:\/\/yoast.com\/wordpress\/plugins\/seo\/ -->\n<title>Partit\u00eb e BE-s\u00eb, thirrje shefes s\u00eb KE-s\u00eb, q\u00eb t\u00eb d\u00ebnoj\u00eb shtypjen nga Vu\u00e7iqi -<\/title>\n<meta name=\"robots\" content=\"index, follow, max-snippet:-1, max-image-preview:large, max-video-preview:-1\" \/>\n<link rel=\"canonical\" href=\"https:\/\/veritasinfo.org\/?p=16270\" \/>\n<meta property=\"og:locale\" content=\"en_US\" \/>\n<meta property=\"og:type\" content=\"article\" \/>\n<meta property=\"og:title\" content=\"Partit\u00eb e BE-s\u00eb, thirrje shefes s\u00eb KE-s\u00eb, q\u00eb t\u00eb d\u00ebnoj\u00eb shtypjen nga Vu\u00e7iqi -\" \/>\n<meta property=\"og:description\" content=\"Beograd 14 Tetor 2025 Kat\u00ebr parti politike evropiane i b\u00ebn\u00eb thirrje t\u00eb h\u00ebn\u00ebn presidentes s\u00eb Komisionit Evropian, Ursula von der Leyen, q\u00eb t\u00eb d\u00ebnoj\u00eb shtypjen\" \/>\n<meta property=\"og:url\" content=\"https:\/\/veritasinfo.org\/?p=16270\" \/>\n<meta property=\"article:published_time\" content=\"2025-10-14T09:25:04+00:00\" \/>\n<meta property=\"og:image\" content=\"https:\/\/veritasinfo.org\/wp-content\/uploads\/2025\/10\/706797-qgZLqkAQrI.jpg\" \/>\n\t<meta property=\"og:image:width\" content=\"780\" \/>\n\t<meta property=\"og:image:height\" content=\"500\" \/>\n\t<meta property=\"og:image:type\" content=\"image\/jpeg\" \/>\n<meta name=\"author\" content=\"US5\" \/>\n<meta name=\"twitter:card\" content=\"summary_large_image\" \/>\n<meta name=\"twitter:label1\" content=\"Written by\" \/>\n\t<meta name=\"twitter:data1\" content=\"US5\" \/>\n\t<meta name=\"twitter:label2\" content=\"Est. reading time\" \/>\n\t<meta name=\"twitter:data2\" content=\"2 minutes\" \/>\n<script type=\"application\/ld+json\" class=\"yoast-schema-graph\">{\"@context\":\"https:\/\/schema.org\",\"@graph\":[{\"@type\":\"WebPage\",\"@id\":\"https:\/\/veritasinfo.org\/?p=16270\",\"url\":\"https:\/\/veritasinfo.org\/?p=16270\",\"name\":\"Partit\u00eb e BE-s\u00eb, thirrje shefes s\u00eb KE-s\u00eb, q\u00eb t\u00eb d\u00ebnoj\u00eb shtypjen nga Vu\u00e7iqi -\",\"isPartOf\":{\"@id\":\"https:\/\/veritasinfo.org\/#website\"},\"primaryImageOfPage\":{\"@id\":\"https:\/\/veritasinfo.org\/?p=16270#primaryimage\"},\"image\":{\"@id\":\"https:\/\/veritasinfo.org\/?p=16270#primaryimage\"},\"thumbnailUrl\":\"https:\/\/veritasinfo.org\/wp-content\/uploads\/2025\/10\/706797-qgZLqkAQrI.jpg\",\"datePublished\":\"2025-10-14T09:25:04+00:00\",\"author\":{\"@id\":\"https:\/\/veritasinfo.org\/#\/schema\/person\/bc442336e35414d04494ab8fb45db4c6\"},\"breadcrumb\":{\"@id\":\"https:\/\/veritasinfo.org\/?p=16270#breadcrumb\"},\"inLanguage\":\"en-US\",\"potentialAction\":[{\"@type\":\"ReadAction\",\"target\":[\"https:\/\/veritasinfo.org\/?p=16270\"]}]},{\"@type\":\"ImageObject\",\"inLanguage\":\"en-US\",\"@id\":\"https:\/\/veritasinfo.org\/?p=16270#primaryimage\",\"url\":\"https:\/\/veritasinfo.org\/wp-content\/uploads\/2025\/10\/706797-qgZLqkAQrI.jpg\",\"contentUrl\":\"https:\/\/veritasinfo.org\/wp-content\/uploads\/2025\/10\/706797-qgZLqkAQrI.jpg\",\"width\":780,\"height\":500},{\"@type\":\"BreadcrumbList\",\"@id\":\"https:\/\/veritasinfo.org\/?p=16270#breadcrumb\",\"itemListElement\":[{\"@type\":\"ListItem\",\"position\":1,\"name\":\"Home\",\"item\":\"https:\/\/veritasinfo.org\/\"},{\"@type\":\"ListItem\",\"position\":2,\"name\":\"Partit\u00eb e BE-s\u00eb, thirrje shefes s\u00eb KE-s\u00eb, q\u00eb t\u00eb d\u00ebnoj\u00eb shtypjen nga Vu\u00e7iqi\"}]},{\"@type\":\"WebSite\",\"@id\":\"https:\/\/veritasinfo.org\/#website\",\"url\":\"https:\/\/veritasinfo.org\/\",\"name\":\"\",\"description\":\"\",\"potentialAction\":[{\"@type\":\"SearchAction\",\"target\":{\"@type\":\"EntryPoint\",\"urlTemplate\":\"https:\/\/veritasinfo.org\/?s={search_term_string}\"},\"query-input\":{\"@type\":\"PropertyValueSpecification\",\"valueRequired\":true,\"valueName\":\"search_term_string\"}}],\"inLanguage\":\"en-US\"},{\"@type\":\"Person\",\"@id\":\"https:\/\/veritasinfo.org\/#\/schema\/person\/bc442336e35414d04494ab8fb45db4c6\",\"name\":\"US5\",\"image\":{\"@type\":\"ImageObject\",\"inLanguage\":\"en-US\",\"@id\":\"https:\/\/veritasinfo.org\/#\/schema\/person\/image\/\",\"url\":\"https:\/\/secure.gravatar.com\/avatar\/16a61e7272a0c5d001121ebb9e60e925d5816e4ac1e443ed3e640d9a6ae55d0c?s=96&d=mm&r=g\",\"contentUrl\":\"https:\/\/secure.gravatar.com\/avatar\/16a61e7272a0c5d001121ebb9e60e925d5816e4ac1e443ed3e640d9a6ae55d0c?s=96&d=mm&r=g\",\"caption\":\"US5\"},\"url\":\"https:\/\/veritasinfo.org\/?author=6\"}]}<\/script>\n<!-- \/ Yoast SEO plugin. -->","yoast_head_json":{"title":"Partit\u00eb e BE-s\u00eb, thirrje shefes s\u00eb KE-s\u00eb, q\u00eb t\u00eb d\u00ebnoj\u00eb shtypjen nga Vu\u00e7iqi -","robots":{"index":"index","follow":"follow","max-snippet":"max-snippet:-1","max-image-preview":"max-image-preview:large","max-video-preview":"max-video-preview:-1"},"canonical":"https:\/\/veritasinfo.org\/?p=16270","og_locale":"en_US","og_type":"article","og_title":"Partit\u00eb e BE-s\u00eb, thirrje shefes s\u00eb KE-s\u00eb, q\u00eb t\u00eb d\u00ebnoj\u00eb shtypjen nga Vu\u00e7iqi -","og_description":"Beograd 14 Tetor 2025 Kat\u00ebr parti politike evropiane i b\u00ebn\u00eb thirrje t\u00eb h\u00ebn\u00ebn presidentes s\u00eb Komisionit Evropian, Ursula von der Leyen, q\u00eb t\u00eb d\u00ebnoj\u00eb shtypjen","og_url":"https:\/\/veritasinfo.org\/?p=16270","article_published_time":"2025-10-14T09:25:04+00:00","og_image":[{"width":780,"height":500,"url":"https:\/\/veritasinfo.org\/wp-content\/uploads\/2025\/10\/706797-qgZLqkAQrI.jpg","type":"image\/jpeg"}],"author":"US5","twitter_card":"summary_large_image","twitter_misc":{"Written by":"US5","Est. reading time":"2 minutes"},"schema":{"@context":"https:\/\/schema.org","@graph":[{"@type":"WebPage","@id":"https:\/\/veritasinfo.org\/?p=16270","url":"https:\/\/veritasinfo.org\/?p=16270","name":"Partit\u00eb e BE-s\u00eb, thirrje shefes s\u00eb KE-s\u00eb, q\u00eb t\u00eb d\u00ebnoj\u00eb shtypjen nga Vu\u00e7iqi -","isPartOf":{"@id":"https:\/\/veritasinfo.org\/#website"},"primaryImageOfPage":{"@id":"https:\/\/veritasinfo.org\/?p=16270#primaryimage"},"image":{"@id":"https:\/\/veritasinfo.org\/?p=16270#primaryimage"},"thumbnailUrl":"https:\/\/veritasinfo.org\/wp-content\/uploads\/2025\/10\/706797-qgZLqkAQrI.jpg","datePublished":"2025-10-14T09:25:04+00:00","author":{"@id":"https:\/\/veritasinfo.org\/#\/schema\/person\/bc442336e35414d04494ab8fb45db4c6"},"breadcrumb":{"@id":"https:\/\/veritasinfo.org\/?p=16270#breadcrumb"},"inLanguage":"en-US","potentialAction":[{"@type":"ReadAction","target":["https:\/\/veritasinfo.org\/?p=16270"]}]},{"@type":"ImageObject","inLanguage":"en-US","@id":"https:\/\/veritasinfo.org\/?p=16270#primaryimage","url":"https:\/\/veritasinfo.org\/wp-content\/uploads\/2025\/10\/706797-qgZLqkAQrI.jpg","contentUrl":"https:\/\/veritasinfo.org\/wp-content\/uploads\/2025\/10\/706797-qgZLqkAQrI.jpg","width":780,"height":500},{"@type":"BreadcrumbList","@id":"https:\/\/veritasinfo.org\/?p=16270#breadcrumb","itemListElement":[{"@type":"ListItem","position":1,"name":"Home","item":"https:\/\/veritasinfo.org\/"},{"@type":"ListItem","position":2,"name":"Partit\u00eb e BE-s\u00eb, thirrje shefes s\u00eb KE-s\u00eb, q\u00eb t\u00eb d\u00ebnoj\u00eb shtypjen nga Vu\u00e7iqi"}]},{"@type":"WebSite","@id":"https:\/\/veritasinfo.org\/#website","url":"https:\/\/veritasinfo.org\/","name":"","description":"","potentialAction":[{"@type":"SearchAction","target":{"@type":"EntryPoint","urlTemplate":"https:\/\/veritasinfo.org\/?s={search_term_string}"},"query-input":{"@type":"PropertyValueSpecification","valueRequired":true,"valueName":"search_term_string"}}],"inLanguage":"en-US"},{"@type":"Person","@id":"https:\/\/veritasinfo.org\/#\/schema\/person\/bc442336e35414d04494ab8fb45db4c6","name":"US5","image":{"@type":"ImageObject","inLanguage":"en-US","@id":"https:\/\/veritasinfo.org\/#\/schema\/person\/image\/","url":"https:\/\/secure.gravatar.com\/avatar\/16a61e7272a0c5d001121ebb9e60e925d5816e4ac1e443ed3e640d9a6ae55d0c?s=96&d=mm&r=g","contentUrl":"https:\/\/secure.gravatar.com\/avatar\/16a61e7272a0c5d001121ebb9e60e925d5816e4ac1e443ed3e640d9a6ae55d0c?s=96&d=mm&r=g","caption":"US5"},"url":"https:\/\/veritasinfo.org\/?author=6"}]}},"featured_image_urls":{"full":["https:\/\/veritasinfo.org\/wp-content\/uploads\/2025\/10\/706797-qgZLqkAQrI.jpg",780,500,false],"thumbnail":["https:\/\/veritasinfo.org\/wp-content\/uploads\/2025\/10\/706797-qgZLqkAQrI-150x150.jpg",150,150,true],"medium":["https:\/\/veritasinfo.org\/wp-content\/uploads\/2025\/10\/706797-qgZLqkAQrI-300x192.jpg",300,192,true],"medium_large":["https:\/\/veritasinfo.org\/wp-content\/uploads\/2025\/10\/706797-qgZLqkAQrI-768x492.jpg",640,410,true],"large":["https:\/\/veritasinfo.org\/wp-content\/uploads\/2025\/10\/706797-qgZLqkAQrI.jpg",640,410,false],"1536x1536":["https:\/\/veritasinfo.org\/wp-content\/uploads\/2025\/10\/706797-qgZLqkAQrI.jpg",780,500,false],"2048x2048":["https:\/\/veritasinfo.org\/wp-content\/uploads\/2025\/10\/706797-qgZLqkAQrI.jpg",780,500,false],"kreeti-slider-full":["https:\/\/veritasinfo.org\/wp-content\/uploads\/2025\/10\/706797-qgZLqkAQrI.jpg",780,500,false],"kreeti-featured":["https:\/\/veritasinfo.org\/wp-content\/uploads\/2025\/10\/706797-qgZLqkAQrI.jpg",780,500,false],"kreeti-medium":["https:\/\/veritasinfo.org\/wp-content\/uploads\/2025\/10\/706797-qgZLqkAQrI.jpg",720,462,false],"kreeti-medium-square":["https:\/\/veritasinfo.org\/wp-content\/uploads\/2025\/10\/706797-qgZLqkAQrI.jpg",350,224,false]},"author_info":{"info":["US5"]},"category_info":"<a href=\"https:\/\/veritasinfo.org\/?cat=60\" rel=\"category\">Shoq\u00ebrore<\/a>","tag_info":"Shoq\u00ebrore","comment_count":"0","_links":{"self":[{"href":"https:\/\/veritasinfo.org\/index.php?rest_route=\/wp\/v2\/posts\/16270","targetHints":{"allow":["GET"]}}],"collection":[{"href":"https:\/\/veritasinfo.org\/index.php?rest_route=\/wp\/v2\/posts"}],"about":[{"href":"https:\/\/veritasinfo.org\/index.php?rest_route=\/wp\/v2\/types\/post"}],"author":[{"embeddable":true,"href":"https:\/\/veritasinfo.org\/index.php?rest_route=\/wp\/v2\/users\/6"}],"replies":[{"embeddable":true,"href":"https:\/\/veritasinfo.org\/index.php?rest_route=%2Fwp%2Fv2%2Fcomments&post=16270"}],"version-history":[{"count":1,"href":"https:\/\/veritasinfo.org\/index.php?rest_route=\/wp\/v2\/posts\/16270\/revisions"}],"predecessor-version":[{"id":16273,"href":"https:\/\/veritasinfo.org\/index.php?rest_route=\/wp\/v2\/posts\/16270\/revisions\/16273"}],"wp:featuredmedia":[{"embeddable":true,"href":"https:\/\/veritasinfo.org\/index.php?rest_route=\/wp\/v2\/media\/16272"}],"wp:attachment":[{"href":"https:\/\/veritasinfo.org\/index.php?rest_route=%2Fwp%2Fv2%2Fmedia&parent=16270"}],"wp:term":[{"taxonomy":"category","embeddable":true,"href":"https:\/\/veritasinfo.org\/index.php?rest_route=%2Fwp%2Fv2%2Fcategories&post=16270"},{"taxonomy":"post_tag","embeddable":true,"href":"https:\/\/veritasinfo.org\/index.php?rest_route=%2Fwp%2Fv2%2Ftags&post=16270"}],"curies":[{"name":"wp","href":"https:\/\/api.w.org\/{rel}","templated":true}]}}