{"id":16233,"date":"2025-10-14T07:34:34","date_gmt":"2025-10-14T05:34:34","guid":{"rendered":"https:\/\/veritasinfo.org\/?p=16233"},"modified":"2025-10-14T07:34:34","modified_gmt":"2025-10-14T05:34:34","slug":"te-premten-protesta-liria-ka-emer-ne-tirane-rama-mijera-zemra-do-te-kerkojne-drejtesi","status":"publish","type":"post","link":"https:\/\/veritasinfo.org\/?p=16233","title":{"rendered":"T\u00eb premten protesta \u201cLiria ka em\u00ebr\u201d n\u00eb Tiran\u00eb, Rama: Mij\u00ebra zemra do t\u00eb k\u00ebrkojn\u00eb drejt\u00ebsi"},"content":{"rendered":"<p><strong>Tiran\u00eb, 14 tetor 2025<\/strong><\/p>\n<p>Kryeministri i Shqip\u00ebris\u00eb, Edi Rama, ka publikuar si\u00e7 e quajti \u2013 ftes\u00eb-thirrjen p\u00ebr protest\u00ebn e s\u00eb premtes q\u00eb do t\u00eb mbahet n\u00eb Tiran\u00eb, n\u00eb k\u00ebrkim t\u00eb drejt\u00ebsis\u00eb p\u00ebr ish-krer\u00ebt e U\u00c7K-s\u00eb q\u00eb po gjykohen n\u00eb Hag\u00eb.<\/p>\n<p>Rama tha se k\u00ebrkes\u00ebn nga organizator\u00ebt p\u00ebr postimin e njoftimit e ka pranuar me k\u00ebnaq\u00ebsi.<\/p>\n<p>\u201cMe k\u00ebnaq\u00ebsi dhe i nderuar t\u2019u bindem organizator\u00ebve p\u00ebr ta postuar k\u00ebt\u00eb ftes\u00eb-thirrje. LIRIA KA EM\u00cbR. Nga Kosova, Maqedonia e Veriut, Shqip\u00ebria, diaspora e \u00e7do cep i trojeve shqiptare \u2014 mij\u00ebra zemra do t\u00eb bashkohen k\u00ebt\u00eb t\u00eb premte, m\u00eb 17 tetor, ora 17:00, p\u00ebr t\u00eb k\u00ebrkuar nj\u00ebz\u00ebri DREJT\u00cbSI P\u00cbR \u00c7LIRIMTAR\u00cbT \u201d, ka shkruar n\u00eb Facebook, kryeministri Rama.<\/p>\n","protected":false},"excerpt":{"rendered":"<p>Tiran\u00eb, 14 tetor 2025 Kryeministri i Shqip\u00ebris\u00eb, Edi Rama, ka publikuar si\u00e7 e quajti \u2013 ftes\u00eb-thirrjen p\u00ebr protest\u00ebn e s\u00eb premtes q\u00eb do t\u00eb mbahet<\/p>\n","protected":false},"author":2,"featured_media":16234,"comment_status":"open","ping_status":"open","sticky":false,"template":"","format":"standard","meta":{"footnotes":""},"categories":[60],"tags":[],"class_list":["post-16233","post","type-post","status-publish","format-standard","has-post-thumbnail","hentry","category-shoqerore-sq"],"yoast_head":"<!-- This site is optimized with the Yoast SEO plugin v25.3.1 - https:\/\/yoast.com\/wordpress\/plugins\/seo\/ -->\n<title>T\u00eb premten protesta \u201cLiria ka em\u00ebr\u201d n\u00eb Tiran\u00eb, Rama: Mij\u00ebra zemra do t\u00eb k\u00ebrkojn\u00eb drejt\u00ebsi -<\/title>\n<meta name=\"robots\" content=\"index, follow, max-snippet:-1, max-image-preview:large, max-video-preview:-1\" \/>\n<link rel=\"canonical\" href=\"https:\/\/veritasinfo.org\/?p=16233\" \/>\n<meta property=\"og:locale\" content=\"en_US\" \/>\n<meta property=\"og:type\" content=\"article\" \/>\n<meta property=\"og:title\" content=\"T\u00eb premten protesta \u201cLiria ka em\u00ebr\u201d n\u00eb Tiran\u00eb, Rama: Mij\u00ebra zemra do t\u00eb k\u00ebrkojn\u00eb drejt\u00ebsi -\" \/>\n<meta property=\"og:description\" content=\"Tiran\u00eb, 14 tetor 2025 Kryeministri i Shqip\u00ebris\u00eb, Edi Rama, ka publikuar si\u00e7 e quajti \u2013 ftes\u00eb-thirrjen p\u00ebr protest\u00ebn e s\u00eb premtes q\u00eb do t\u00eb mbahet\" \/>\n<meta property=\"og:url\" content=\"https:\/\/veritasinfo.org\/?p=16233\" \/>\n<meta property=\"article:published_time\" content=\"2025-10-14T05:34:34+00:00\" \/>\n<meta property=\"og:image\" content=\"https:\/\/veritasinfo.org\/wp-content\/uploads\/2025\/10\/tirana.jpg\" \/>\n\t<meta property=\"og:image:width\" content=\"1366\" \/>\n\t<meta property=\"og:image:height\" content=\"1024\" \/>\n\t<meta property=\"og:image:type\" content=\"image\/jpeg\" \/>\n<meta name=\"author\" content=\"US1\" \/>\n<meta name=\"twitter:card\" content=\"summary_large_image\" \/>\n<meta name=\"twitter:label1\" content=\"Written by\" \/>\n\t<meta name=\"twitter:data1\" content=\"US1\" \/>\n\t<meta name=\"twitter:label2\" content=\"Est. reading time\" \/>\n\t<meta name=\"twitter:data2\" content=\"1 minute\" \/>\n<script type=\"application\/ld+json\" class=\"yoast-schema-graph\">{\"@context\":\"https:\/\/schema.org\",\"@graph\":[{\"@type\":\"WebPage\",\"@id\":\"https:\/\/veritasinfo.org\/?p=16233\",\"url\":\"https:\/\/veritasinfo.org\/?p=16233\",\"name\":\"T\u00eb premten protesta \u201cLiria ka em\u00ebr\u201d n\u00eb Tiran\u00eb, Rama: Mij\u00ebra zemra do t\u00eb k\u00ebrkojn\u00eb drejt\u00ebsi -\",\"isPartOf\":{\"@id\":\"https:\/\/veritasinfo.org\/#website\"},\"primaryImageOfPage\":{\"@id\":\"https:\/\/veritasinfo.org\/?p=16233#primaryimage\"},\"image\":{\"@id\":\"https:\/\/veritasinfo.org\/?p=16233#primaryimage\"},\"thumbnailUrl\":\"https:\/\/veritasinfo.org\/wp-content\/uploads\/2025\/10\/tirana.jpg\",\"datePublished\":\"2025-10-14T05:34:34+00:00\",\"author\":{\"@id\":\"https:\/\/veritasinfo.org\/#\/schema\/person\/c2b8be262ea994d0995addca692c5e98\"},\"breadcrumb\":{\"@id\":\"https:\/\/veritasinfo.org\/?p=16233#breadcrumb\"},\"inLanguage\":\"en-US\",\"potentialAction\":[{\"@type\":\"ReadAction\",\"target\":[\"https:\/\/veritasinfo.org\/?p=16233\"]}]},{\"@type\":\"ImageObject\",\"inLanguage\":\"en-US\",\"@id\":\"https:\/\/veritasinfo.org\/?p=16233#primaryimage\",\"url\":\"https:\/\/veritasinfo.org\/wp-content\/uploads\/2025\/10\/tirana.jpg\",\"contentUrl\":\"https:\/\/veritasinfo.org\/wp-content\/uploads\/2025\/10\/tirana.jpg\",\"width\":1366,\"height\":1024},{\"@type\":\"BreadcrumbList\",\"@id\":\"https:\/\/veritasinfo.org\/?p=16233#breadcrumb\",\"itemListElement\":[{\"@type\":\"ListItem\",\"position\":1,\"name\":\"Home\",\"item\":\"https:\/\/veritasinfo.org\/\"},{\"@type\":\"ListItem\",\"position\":2,\"name\":\"T\u00eb premten protesta \u201cLiria ka em\u00ebr\u201d n\u00eb Tiran\u00eb, Rama: Mij\u00ebra zemra do t\u00eb k\u00ebrkojn\u00eb drejt\u00ebsi\"}]},{\"@type\":\"WebSite\",\"@id\":\"https:\/\/veritasinfo.org\/#website\",\"url\":\"https:\/\/veritasinfo.org\/\",\"name\":\"\",\"description\":\"\",\"potentialAction\":[{\"@type\":\"SearchAction\",\"target\":{\"@type\":\"EntryPoint\",\"urlTemplate\":\"https:\/\/veritasinfo.org\/?s={search_term_string}\"},\"query-input\":{\"@type\":\"PropertyValueSpecification\",\"valueRequired\":true,\"valueName\":\"search_term_string\"}}],\"inLanguage\":\"en-US\"},{\"@type\":\"Person\",\"@id\":\"https:\/\/veritasinfo.org\/#\/schema\/person\/c2b8be262ea994d0995addca692c5e98\",\"name\":\"US1\",\"image\":{\"@type\":\"ImageObject\",\"inLanguage\":\"en-US\",\"@id\":\"https:\/\/veritasinfo.org\/#\/schema\/person\/image\/\",\"url\":\"https:\/\/secure.gravatar.com\/avatar\/4e96a59bd256abf9956eb9963ac891a47461ffb364d47b0e9aab113328fdb75b?s=96&d=mm&r=g\",\"contentUrl\":\"https:\/\/secure.gravatar.com\/avatar\/4e96a59bd256abf9956eb9963ac891a47461ffb364d47b0e9aab113328fdb75b?s=96&d=mm&r=g\",\"caption\":\"US1\"},\"url\":\"https:\/\/veritasinfo.org\/?author=2\"}]}<\/script>\n<!-- \/ Yoast SEO plugin. -->","yoast_head_json":{"title":"T\u00eb premten protesta \u201cLiria ka em\u00ebr\u201d n\u00eb Tiran\u00eb, Rama: Mij\u00ebra zemra do t\u00eb k\u00ebrkojn\u00eb drejt\u00ebsi -","robots":{"index":"index","follow":"follow","max-snippet":"max-snippet:-1","max-image-preview":"max-image-preview:large","max-video-preview":"max-video-preview:-1"},"canonical":"https:\/\/veritasinfo.org\/?p=16233","og_locale":"en_US","og_type":"article","og_title":"T\u00eb premten protesta \u201cLiria ka em\u00ebr\u201d n\u00eb Tiran\u00eb, Rama: Mij\u00ebra zemra do t\u00eb k\u00ebrkojn\u00eb drejt\u00ebsi -","og_description":"Tiran\u00eb, 14 tetor 2025 Kryeministri i Shqip\u00ebris\u00eb, Edi Rama, ka publikuar si\u00e7 e quajti \u2013 ftes\u00eb-thirrjen p\u00ebr protest\u00ebn e s\u00eb premtes q\u00eb do t\u00eb mbahet","og_url":"https:\/\/veritasinfo.org\/?p=16233","article_published_time":"2025-10-14T05:34:34+00:00","og_image":[{"width":1366,"height":1024,"url":"https:\/\/veritasinfo.org\/wp-content\/uploads\/2025\/10\/tirana.jpg","type":"image\/jpeg"}],"author":"US1","twitter_card":"summary_large_image","twitter_misc":{"Written by":"US1","Est. reading time":"1 minute"},"schema":{"@context":"https:\/\/schema.org","@graph":[{"@type":"WebPage","@id":"https:\/\/veritasinfo.org\/?p=16233","url":"https:\/\/veritasinfo.org\/?p=16233","name":"T\u00eb premten protesta \u201cLiria ka em\u00ebr\u201d n\u00eb Tiran\u00eb, Rama: Mij\u00ebra zemra do t\u00eb k\u00ebrkojn\u00eb drejt\u00ebsi -","isPartOf":{"@id":"https:\/\/veritasinfo.org\/#website"},"primaryImageOfPage":{"@id":"https:\/\/veritasinfo.org\/?p=16233#primaryimage"},"image":{"@id":"https:\/\/veritasinfo.org\/?p=16233#primaryimage"},"thumbnailUrl":"https:\/\/veritasinfo.org\/wp-content\/uploads\/2025\/10\/tirana.jpg","datePublished":"2025-10-14T05:34:34+00:00","author":{"@id":"https:\/\/veritasinfo.org\/#\/schema\/person\/c2b8be262ea994d0995addca692c5e98"},"breadcrumb":{"@id":"https:\/\/veritasinfo.org\/?p=16233#breadcrumb"},"inLanguage":"en-US","potentialAction":[{"@type":"ReadAction","target":["https:\/\/veritasinfo.org\/?p=16233"]}]},{"@type":"ImageObject","inLanguage":"en-US","@id":"https:\/\/veritasinfo.org\/?p=16233#primaryimage","url":"https:\/\/veritasinfo.org\/wp-content\/uploads\/2025\/10\/tirana.jpg","contentUrl":"https:\/\/veritasinfo.org\/wp-content\/uploads\/2025\/10\/tirana.jpg","width":1366,"height":1024},{"@type":"BreadcrumbList","@id":"https:\/\/veritasinfo.org\/?p=16233#breadcrumb","itemListElement":[{"@type":"ListItem","position":1,"name":"Home","item":"https:\/\/veritasinfo.org\/"},{"@type":"ListItem","position":2,"name":"T\u00eb premten protesta \u201cLiria ka em\u00ebr\u201d n\u00eb Tiran\u00eb, Rama: Mij\u00ebra zemra do t\u00eb k\u00ebrkojn\u00eb drejt\u00ebsi"}]},{"@type":"WebSite","@id":"https:\/\/veritasinfo.org\/#website","url":"https:\/\/veritasinfo.org\/","name":"","description":"","potentialAction":[{"@type":"SearchAction","target":{"@type":"EntryPoint","urlTemplate":"https:\/\/veritasinfo.org\/?s={search_term_string}"},"query-input":{"@type":"PropertyValueSpecification","valueRequired":true,"valueName":"search_term_string"}}],"inLanguage":"en-US"},{"@type":"Person","@id":"https:\/\/veritasinfo.org\/#\/schema\/person\/c2b8be262ea994d0995addca692c5e98","name":"US1","image":{"@type":"ImageObject","inLanguage":"en-US","@id":"https:\/\/veritasinfo.org\/#\/schema\/person\/image\/","url":"https:\/\/secure.gravatar.com\/avatar\/4e96a59bd256abf9956eb9963ac891a47461ffb364d47b0e9aab113328fdb75b?s=96&d=mm&r=g","contentUrl":"https:\/\/secure.gravatar.com\/avatar\/4e96a59bd256abf9956eb9963ac891a47461ffb364d47b0e9aab113328fdb75b?s=96&d=mm&r=g","caption":"US1"},"url":"https:\/\/veritasinfo.org\/?author=2"}]}},"featured_image_urls":{"full":["https:\/\/veritasinfo.org\/wp-content\/uploads\/2025\/10\/tirana.jpg",1366,1024,false],"thumbnail":["https:\/\/veritasinfo.org\/wp-content\/uploads\/2025\/10\/tirana-150x150.jpg",150,150,true],"medium":["https:\/\/veritasinfo.org\/wp-content\/uploads\/2025\/10\/tirana-300x225.jpg",300,225,true],"medium_large":["https:\/\/veritasinfo.org\/wp-content\/uploads\/2025\/10\/tirana-768x576.jpg",640,480,true],"large":["https:\/\/veritasinfo.org\/wp-content\/uploads\/2025\/10\/tirana-1024x768.jpg",640,480,true],"1536x1536":["https:\/\/veritasinfo.org\/wp-content\/uploads\/2025\/10\/tirana.jpg",1366,1024,false],"2048x2048":["https:\/\/veritasinfo.org\/wp-content\/uploads\/2025\/10\/tirana.jpg",1366,1024,false],"kreeti-slider-full":["https:\/\/veritasinfo.org\/wp-content\/uploads\/2025\/10\/tirana.jpg",960,720,false],"kreeti-featured":["https:\/\/veritasinfo.org\/wp-content\/uploads\/2025\/10\/tirana.jpg",1024,768,false],"kreeti-medium":["https:\/\/veritasinfo.org\/wp-content\/uploads\/2025\/10\/tirana.jpg",707,530,false],"kreeti-medium-square":["https:\/\/veritasinfo.org\/wp-content\/uploads\/2025\/10\/tirana.jpg",350,262,false]},"author_info":{"info":["US1"]},"category_info":"<a href=\"https:\/\/veritasinfo.org\/?cat=60\" rel=\"category\">Shoq\u00ebrore<\/a>","tag_info":"Shoq\u00ebrore","comment_count":"0","_links":{"self":[{"href":"https:\/\/veritasinfo.org\/index.php?rest_route=\/wp\/v2\/posts\/16233","targetHints":{"allow":["GET"]}}],"collection":[{"href":"https:\/\/veritasinfo.org\/index.php?rest_route=\/wp\/v2\/posts"}],"about":[{"href":"https:\/\/veritasinfo.org\/index.php?rest_route=\/wp\/v2\/types\/post"}],"author":[{"embeddable":true,"href":"https:\/\/veritasinfo.org\/index.php?rest_route=\/wp\/v2\/users\/2"}],"replies":[{"embeddable":true,"href":"https:\/\/veritasinfo.org\/index.php?rest_route=%2Fwp%2Fv2%2Fcomments&post=16233"}],"version-history":[{"count":1,"href":"https:\/\/veritasinfo.org\/index.php?rest_route=\/wp\/v2\/posts\/16233\/revisions"}],"predecessor-version":[{"id":16235,"href":"https:\/\/veritasinfo.org\/index.php?rest_route=\/wp\/v2\/posts\/16233\/revisions\/16235"}],"wp:featuredmedia":[{"embeddable":true,"href":"https:\/\/veritasinfo.org\/index.php?rest_route=\/wp\/v2\/media\/16234"}],"wp:attachment":[{"href":"https:\/\/veritasinfo.org\/index.php?rest_route=%2Fwp%2Fv2%2Fmedia&parent=16233"}],"wp:term":[{"taxonomy":"category","embeddable":true,"href":"https:\/\/veritasinfo.org\/index.php?rest_route=%2Fwp%2Fv2%2Fcategories&post=16233"},{"taxonomy":"post_tag","embeddable":true,"href":"https:\/\/veritasinfo.org\/index.php?rest_route=%2Fwp%2Fv2%2Ftags&post=16233"}],"curies":[{"name":"wp","href":"https:\/\/api.w.org\/{rel}","templated":true}]}}