{"id":16193,"date":"2025-10-13T18:07:41","date_gmt":"2025-10-13T16:07:41","guid":{"rendered":"https:\/\/veritasinfo.org\/?p=16193"},"modified":"2025-10-13T18:07:41","modified_gmt":"2025-10-13T16:07:41","slug":"janjiq-vuciq-po-i-ndan-serbet-ne-kosove","status":"publish","type":"post","link":"https:\/\/veritasinfo.org\/?p=16193","title":{"rendered":"Janjiq: Vu\u00e7iq po i ndan serb\u00ebt n\u00eb Kosov\u00eb"},"content":{"rendered":"<p>Beograd 13 Tetor 2025<\/p>\n<p>Sekretari i p\u00ebrgjithsh\u00ebm i partis\u00eb \u201cSerbia Qend\u00ebr-Zemra&#8221;\u201d, Stefan Janjiq, akuzoi sot presidentin e Serbis\u00eb, Aleksandar Vu\u00e7iq, se ka shkelur r\u00ebnd\u00eb nenin 111 t\u00eb Kushtetut\u00ebs, sipas t\u00eb cilit \u201cpresidenti i Republik\u00ebs shpreh unitetin shtet\u00ebror\u201d, duke i ndar\u00eb serb\u00ebt n\u00eb Kosov\u00eb n\u00eb \u201ctan\u00ebt\u201d dhe \u201ct\u00eb tyre\u201d.<\/p>\n<p>\u201cPrej nga Vu\u00e7iqi e merr t\u00eb drejt\u00ebn q\u00eb, edhe pse nuk \u00ebsht\u00eb person i autorizuar, nj\u00eb list\u00eb ta shpall\u00eb \u2018t\u00eb vet\u00ebn\u2019, nd\u00ebrsa nj\u00eb serb tjet\u00ebr ta konsideroj\u00eb \u2018t\u00eb huaj\u2019? Me k\u00ebt\u00eb ai thellon ndarjet n\u00eb popull, apo ndoshta mendon se Kosova nuk \u00ebsht\u00eb m\u00eb pjes\u00eb e Serbis\u00eb, prandaj k\u00ebrkon q\u00eb p\u00ebrmes nj\u00eb liste t\u00eb ket\u00eb \u2018t\u00eb vet\u00ebn\u2019 atje\u201d, ka deklaruar Janjiqi n\u00eb nj\u00eb njoftim me shkrim, pas paraqitjes s\u00eb mbr\u00ebmshme t\u00eb Vu\u00e7iqit n\u00eb programin e Televizionit \u201cPink\u201d, lidhur me zgjedhjet lokale n\u00eb Kosov\u00eb.<\/p>\n<p>Janjiqi theksoi se, fal\u00eb thirrjes s\u00eb Vu\u00e7iqit p\u00ebr bojkotimin e zgjedhjeve lokale t\u00eb vitit 2023, \u201cshqiptar\u00ebt qeveris\u00ebn n\u00eb kat\u00ebr komuna n\u00eb veri t\u00eb Kosov\u00ebs, pasi u shfuqizuan t\u00eb gjitha institucionet serbe, nd\u00ebrsa, po ashtu, fal\u00eb urdhrit t\u00eb tij, serb\u00ebt u larguan n\u00eb vitin 2022 edhe nga institucionet kosovare, p\u00ebrfshir\u00eb edhe policin\u00eb, me \u00e7ka ai m\u00eb pas mburrej publikisht.\u201d<\/p>\n<p>\u201cPas sulmeve ndaj student\u00ebve dhe pjes\u00ebmarr\u00ebsve n\u00eb protesta n\u00eb mbar\u00eb Serbin\u00eb, si dhe me mb\u00ebshtetjen e drejtp\u00ebrdrejt\u00eb dhe vizitat n\u00ebp\u00ebr \u2018\u00e7ak\u00ebllendet\u2019 e SNS-s\u00eb, Vu\u00e7iqi tani me deklaratat e tij p\u00ebr zgjedhjet n\u00eb Kosov\u00eb po tregon t\u00eb kund\u00ebrt\u00ebn e asaj q\u00eb shkruan n\u00eb nenin 111 t\u00eb Kushtetut\u00ebs \u2013 n\u00eb vend q\u00eb t\u00eb shpreh\u00eb unitet, ai shpreh p\u00ebr\u00e7arje dhe madje krenohet publikisht me k\u00ebt\u00eb. Po t\u00eb kishte qoft\u00eb edhe pak moral, do t\u00eb jepte dor\u00ebheqje\u201d, ka shtuar Janjiqi, sipas njoftimit t\u00eb partis\u00eb \u201cZemra&#8221;\u201d.<\/p>\n","protected":false},"excerpt":{"rendered":"<p>Beograd 13 Tetor 2025 Sekretari i p\u00ebrgjithsh\u00ebm i partis\u00eb \u201cSerbia Qend\u00ebr-Zemra&#8221;\u201d, Stefan Janjiq, akuzoi sot presidentin e Serbis\u00eb, Aleksandar Vu\u00e7iq, se ka shkelur r\u00ebnd\u00eb nenin<\/p>\n","protected":false},"author":6,"featured_media":16194,"comment_status":"open","ping_status":"open","sticky":false,"template":"","format":"standard","meta":{"footnotes":""},"categories":[15],"tags":[],"class_list":["post-16193","post","type-post","status-publish","format-standard","has-post-thumbnail","hentry","category-uncategorized-sq"],"yoast_head":"<!-- This site is optimized with the Yoast SEO plugin v25.3.1 - https:\/\/yoast.com\/wordpress\/plugins\/seo\/ -->\n<title>Janjiq: Vu\u00e7iq po i ndan serb\u00ebt n\u00eb Kosov\u00eb -<\/title>\n<meta name=\"robots\" content=\"index, follow, max-snippet:-1, max-image-preview:large, max-video-preview:-1\" \/>\n<link rel=\"canonical\" href=\"https:\/\/veritasinfo.org\/?p=16193\" \/>\n<meta property=\"og:locale\" content=\"en_US\" \/>\n<meta property=\"og:type\" content=\"article\" \/>\n<meta property=\"og:title\" content=\"Janjiq: Vu\u00e7iq po i ndan serb\u00ebt n\u00eb Kosov\u00eb -\" \/>\n<meta property=\"og:description\" content=\"Beograd 13 Tetor 2025 Sekretari i p\u00ebrgjithsh\u00ebm i partis\u00eb \u201cSerbia Qend\u00ebr-Zemra&#8221;\u201d, Stefan Janjiq, akuzoi sot presidentin e Serbis\u00eb, Aleksandar Vu\u00e7iq, se ka shkelur r\u00ebnd\u00eb nenin\" \/>\n<meta property=\"og:url\" content=\"https:\/\/veritasinfo.org\/?p=16193\" \/>\n<meta property=\"article:published_time\" content=\"2025-10-13T16:07:41+00:00\" \/>\n<meta property=\"og:image\" content=\"https:\/\/veritasinfo.org\/wp-content\/uploads\/2025\/10\/Screenshot-2024-09-06-152437-e1725629901588.jpg.webp\" \/>\n\t<meta property=\"og:image:width\" content=\"878\" \/>\n\t<meta property=\"og:image:height\" content=\"494\" \/>\n\t<meta property=\"og:image:type\" content=\"image\/webp\" \/>\n<meta name=\"author\" content=\"US5\" \/>\n<meta name=\"twitter:card\" content=\"summary_large_image\" \/>\n<meta name=\"twitter:label1\" content=\"Written by\" \/>\n\t<meta name=\"twitter:data1\" content=\"US5\" \/>\n\t<meta name=\"twitter:label2\" content=\"Est. reading time\" \/>\n\t<meta name=\"twitter:data2\" content=\"2 minutes\" \/>\n<script type=\"application\/ld+json\" class=\"yoast-schema-graph\">{\"@context\":\"https:\/\/schema.org\",\"@graph\":[{\"@type\":\"WebPage\",\"@id\":\"https:\/\/veritasinfo.org\/?p=16193\",\"url\":\"https:\/\/veritasinfo.org\/?p=16193\",\"name\":\"Janjiq: Vu\u00e7iq po i ndan serb\u00ebt n\u00eb Kosov\u00eb -\",\"isPartOf\":{\"@id\":\"https:\/\/veritasinfo.org\/#website\"},\"primaryImageOfPage\":{\"@id\":\"https:\/\/veritasinfo.org\/?p=16193#primaryimage\"},\"image\":{\"@id\":\"https:\/\/veritasinfo.org\/?p=16193#primaryimage\"},\"thumbnailUrl\":\"https:\/\/veritasinfo.org\/wp-content\/uploads\/2025\/10\/Screenshot-2024-09-06-152437-e1725629901588.jpg.webp\",\"datePublished\":\"2025-10-13T16:07:41+00:00\",\"author\":{\"@id\":\"https:\/\/veritasinfo.org\/#\/schema\/person\/bc442336e35414d04494ab8fb45db4c6\"},\"breadcrumb\":{\"@id\":\"https:\/\/veritasinfo.org\/?p=16193#breadcrumb\"},\"inLanguage\":\"en-US\",\"potentialAction\":[{\"@type\":\"ReadAction\",\"target\":[\"https:\/\/veritasinfo.org\/?p=16193\"]}]},{\"@type\":\"ImageObject\",\"inLanguage\":\"en-US\",\"@id\":\"https:\/\/veritasinfo.org\/?p=16193#primaryimage\",\"url\":\"https:\/\/veritasinfo.org\/wp-content\/uploads\/2025\/10\/Screenshot-2024-09-06-152437-e1725629901588.jpg.webp\",\"contentUrl\":\"https:\/\/veritasinfo.org\/wp-content\/uploads\/2025\/10\/Screenshot-2024-09-06-152437-e1725629901588.jpg.webp\",\"width\":878,\"height\":494},{\"@type\":\"BreadcrumbList\",\"@id\":\"https:\/\/veritasinfo.org\/?p=16193#breadcrumb\",\"itemListElement\":[{\"@type\":\"ListItem\",\"position\":1,\"name\":\"Home\",\"item\":\"https:\/\/veritasinfo.org\/\"},{\"@type\":\"ListItem\",\"position\":2,\"name\":\"Janjiq: Vu\u00e7iq po i ndan serb\u00ebt n\u00eb Kosov\u00eb\"}]},{\"@type\":\"WebSite\",\"@id\":\"https:\/\/veritasinfo.org\/#website\",\"url\":\"https:\/\/veritasinfo.org\/\",\"name\":\"\",\"description\":\"\",\"potentialAction\":[{\"@type\":\"SearchAction\",\"target\":{\"@type\":\"EntryPoint\",\"urlTemplate\":\"https:\/\/veritasinfo.org\/?s={search_term_string}\"},\"query-input\":{\"@type\":\"PropertyValueSpecification\",\"valueRequired\":true,\"valueName\":\"search_term_string\"}}],\"inLanguage\":\"en-US\"},{\"@type\":\"Person\",\"@id\":\"https:\/\/veritasinfo.org\/#\/schema\/person\/bc442336e35414d04494ab8fb45db4c6\",\"name\":\"US5\",\"image\":{\"@type\":\"ImageObject\",\"inLanguage\":\"en-US\",\"@id\":\"https:\/\/veritasinfo.org\/#\/schema\/person\/image\/\",\"url\":\"https:\/\/secure.gravatar.com\/avatar\/16a61e7272a0c5d001121ebb9e60e925d5816e4ac1e443ed3e640d9a6ae55d0c?s=96&d=mm&r=g\",\"contentUrl\":\"https:\/\/secure.gravatar.com\/avatar\/16a61e7272a0c5d001121ebb9e60e925d5816e4ac1e443ed3e640d9a6ae55d0c?s=96&d=mm&r=g\",\"caption\":\"US5\"},\"url\":\"https:\/\/veritasinfo.org\/?author=6\"}]}<\/script>\n<!-- \/ Yoast SEO plugin. -->","yoast_head_json":{"title":"Janjiq: Vu\u00e7iq po i ndan serb\u00ebt n\u00eb Kosov\u00eb -","robots":{"index":"index","follow":"follow","max-snippet":"max-snippet:-1","max-image-preview":"max-image-preview:large","max-video-preview":"max-video-preview:-1"},"canonical":"https:\/\/veritasinfo.org\/?p=16193","og_locale":"en_US","og_type":"article","og_title":"Janjiq: Vu\u00e7iq po i ndan serb\u00ebt n\u00eb Kosov\u00eb -","og_description":"Beograd 13 Tetor 2025 Sekretari i p\u00ebrgjithsh\u00ebm i partis\u00eb \u201cSerbia Qend\u00ebr-Zemra&#8221;\u201d, Stefan Janjiq, akuzoi sot presidentin e Serbis\u00eb, Aleksandar Vu\u00e7iq, se ka shkelur r\u00ebnd\u00eb nenin","og_url":"https:\/\/veritasinfo.org\/?p=16193","article_published_time":"2025-10-13T16:07:41+00:00","og_image":[{"width":878,"height":494,"url":"https:\/\/veritasinfo.org\/wp-content\/uploads\/2025\/10\/Screenshot-2024-09-06-152437-e1725629901588.jpg.webp","type":"image\/webp"}],"author":"US5","twitter_card":"summary_large_image","twitter_misc":{"Written by":"US5","Est. reading time":"2 minutes"},"schema":{"@context":"https:\/\/schema.org","@graph":[{"@type":"WebPage","@id":"https:\/\/veritasinfo.org\/?p=16193","url":"https:\/\/veritasinfo.org\/?p=16193","name":"Janjiq: Vu\u00e7iq po i ndan serb\u00ebt n\u00eb Kosov\u00eb -","isPartOf":{"@id":"https:\/\/veritasinfo.org\/#website"},"primaryImageOfPage":{"@id":"https:\/\/veritasinfo.org\/?p=16193#primaryimage"},"image":{"@id":"https:\/\/veritasinfo.org\/?p=16193#primaryimage"},"thumbnailUrl":"https:\/\/veritasinfo.org\/wp-content\/uploads\/2025\/10\/Screenshot-2024-09-06-152437-e1725629901588.jpg.webp","datePublished":"2025-10-13T16:07:41+00:00","author":{"@id":"https:\/\/veritasinfo.org\/#\/schema\/person\/bc442336e35414d04494ab8fb45db4c6"},"breadcrumb":{"@id":"https:\/\/veritasinfo.org\/?p=16193#breadcrumb"},"inLanguage":"en-US","potentialAction":[{"@type":"ReadAction","target":["https:\/\/veritasinfo.org\/?p=16193"]}]},{"@type":"ImageObject","inLanguage":"en-US","@id":"https:\/\/veritasinfo.org\/?p=16193#primaryimage","url":"https:\/\/veritasinfo.org\/wp-content\/uploads\/2025\/10\/Screenshot-2024-09-06-152437-e1725629901588.jpg.webp","contentUrl":"https:\/\/veritasinfo.org\/wp-content\/uploads\/2025\/10\/Screenshot-2024-09-06-152437-e1725629901588.jpg.webp","width":878,"height":494},{"@type":"BreadcrumbList","@id":"https:\/\/veritasinfo.org\/?p=16193#breadcrumb","itemListElement":[{"@type":"ListItem","position":1,"name":"Home","item":"https:\/\/veritasinfo.org\/"},{"@type":"ListItem","position":2,"name":"Janjiq: Vu\u00e7iq po i ndan serb\u00ebt n\u00eb Kosov\u00eb"}]},{"@type":"WebSite","@id":"https:\/\/veritasinfo.org\/#website","url":"https:\/\/veritasinfo.org\/","name":"","description":"","potentialAction":[{"@type":"SearchAction","target":{"@type":"EntryPoint","urlTemplate":"https:\/\/veritasinfo.org\/?s={search_term_string}"},"query-input":{"@type":"PropertyValueSpecification","valueRequired":true,"valueName":"search_term_string"}}],"inLanguage":"en-US"},{"@type":"Person","@id":"https:\/\/veritasinfo.org\/#\/schema\/person\/bc442336e35414d04494ab8fb45db4c6","name":"US5","image":{"@type":"ImageObject","inLanguage":"en-US","@id":"https:\/\/veritasinfo.org\/#\/schema\/person\/image\/","url":"https:\/\/secure.gravatar.com\/avatar\/16a61e7272a0c5d001121ebb9e60e925d5816e4ac1e443ed3e640d9a6ae55d0c?s=96&d=mm&r=g","contentUrl":"https:\/\/secure.gravatar.com\/avatar\/16a61e7272a0c5d001121ebb9e60e925d5816e4ac1e443ed3e640d9a6ae55d0c?s=96&d=mm&r=g","caption":"US5"},"url":"https:\/\/veritasinfo.org\/?author=6"}]}},"featured_image_urls":{"full":["https:\/\/veritasinfo.org\/wp-content\/uploads\/2025\/10\/Screenshot-2024-09-06-152437-e1725629901588.jpg.webp",878,494,false],"thumbnail":["https:\/\/veritasinfo.org\/wp-content\/uploads\/2025\/10\/Screenshot-2024-09-06-152437-e1725629901588.jpg-150x150.webp",150,150,true],"medium":["https:\/\/veritasinfo.org\/wp-content\/uploads\/2025\/10\/Screenshot-2024-09-06-152437-e1725629901588.jpg-300x169.webp",300,169,true],"medium_large":["https:\/\/veritasinfo.org\/wp-content\/uploads\/2025\/10\/Screenshot-2024-09-06-152437-e1725629901588.jpg-768x432.webp",640,360,true],"large":["https:\/\/veritasinfo.org\/wp-content\/uploads\/2025\/10\/Screenshot-2024-09-06-152437-e1725629901588.jpg.webp",640,360,false],"1536x1536":["https:\/\/veritasinfo.org\/wp-content\/uploads\/2025\/10\/Screenshot-2024-09-06-152437-e1725629901588.jpg.webp",878,494,false],"2048x2048":["https:\/\/veritasinfo.org\/wp-content\/uploads\/2025\/10\/Screenshot-2024-09-06-152437-e1725629901588.jpg.webp",878,494,false],"kreeti-slider-full":["https:\/\/veritasinfo.org\/wp-content\/uploads\/2025\/10\/Screenshot-2024-09-06-152437-e1725629901588.jpg.webp",878,494,false],"kreeti-featured":["https:\/\/veritasinfo.org\/wp-content\/uploads\/2025\/10\/Screenshot-2024-09-06-152437-e1725629901588.jpg.webp",878,494,false],"kreeti-medium":["https:\/\/veritasinfo.org\/wp-content\/uploads\/2025\/10\/Screenshot-2024-09-06-152437-e1725629901588.jpg.webp",720,405,false],"kreeti-medium-square":["https:\/\/veritasinfo.org\/wp-content\/uploads\/2025\/10\/Screenshot-2024-09-06-152437-e1725629901588.jpg.webp",350,197,false]},"author_info":{"info":["US5"]},"category_info":"<a href=\"https:\/\/veritasinfo.org\/?cat=15\" rel=\"category\">Uncategorized<\/a>","tag_info":"Uncategorized","comment_count":"0","_links":{"self":[{"href":"https:\/\/veritasinfo.org\/index.php?rest_route=\/wp\/v2\/posts\/16193","targetHints":{"allow":["GET"]}}],"collection":[{"href":"https:\/\/veritasinfo.org\/index.php?rest_route=\/wp\/v2\/posts"}],"about":[{"href":"https:\/\/veritasinfo.org\/index.php?rest_route=\/wp\/v2\/types\/post"}],"author":[{"embeddable":true,"href":"https:\/\/veritasinfo.org\/index.php?rest_route=\/wp\/v2\/users\/6"}],"replies":[{"embeddable":true,"href":"https:\/\/veritasinfo.org\/index.php?rest_route=%2Fwp%2Fv2%2Fcomments&post=16193"}],"version-history":[{"count":1,"href":"https:\/\/veritasinfo.org\/index.php?rest_route=\/wp\/v2\/posts\/16193\/revisions"}],"predecessor-version":[{"id":16195,"href":"https:\/\/veritasinfo.org\/index.php?rest_route=\/wp\/v2\/posts\/16193\/revisions\/16195"}],"wp:featuredmedia":[{"embeddable":true,"href":"https:\/\/veritasinfo.org\/index.php?rest_route=\/wp\/v2\/media\/16194"}],"wp:attachment":[{"href":"https:\/\/veritasinfo.org\/index.php?rest_route=%2Fwp%2Fv2%2Fmedia&parent=16193"}],"wp:term":[{"taxonomy":"category","embeddable":true,"href":"https:\/\/veritasinfo.org\/index.php?rest_route=%2Fwp%2Fv2%2Fcategories&post=16193"},{"taxonomy":"post_tag","embeddable":true,"href":"https:\/\/veritasinfo.org\/index.php?rest_route=%2Fwp%2Fv2%2Ftags&post=16193"}],"curies":[{"name":"wp","href":"https:\/\/api.w.org\/{rel}","templated":true}]}}