{"id":16181,"date":"2025-10-13T17:05:44","date_gmt":"2025-10-13T15:05:44","guid":{"rendered":"https:\/\/veritasinfo.org\/?p=16181"},"modified":"2025-10-13T17:05:44","modified_gmt":"2025-10-13T15:05:44","slug":"kosova-perfshihet-ne-ecmi-nje-hap-historik-ne-procesin-e-integrimit","status":"publish","type":"post","link":"https:\/\/veritasinfo.org\/?p=16181","title":{"rendered":"Kosova p\u00ebrfshihet n\u00eb ECMI, nj\u00eb hap historik n\u00eb procesin e integrimit"},"content":{"rendered":"<p>Prishtin\u00eb 13 Tetor 2025<\/p>\n<p>Kosova \u00ebsht\u00eb p\u00ebrfshir\u00eb zyrtarisht n\u00eb Nism\u00ebn p\u00ebr An\u00ebtar\u00ebt Kandidat\u00eb p\u00ebr Zgjerim (ECMI) t\u00eb Komitetit Ekonomik dhe Social Evropiane (EESC), nj\u00eb hap historik q\u00eb sh\u00ebnon avancim t\u00eb r\u00ebnd\u00ebsish\u00ebm n\u00eb rrug\u00ebn e saj drejt integrimit evropian.<\/p>\n<p>Kjo nism\u00eb, e formalizuar n\u00eb vitin 2023, deri m\u00eb tani nuk p\u00ebrfshinte Kosov\u00ebn p\u00ebr shkak t\u00eb munges\u00ebs s\u00eb statusit t\u00eb vendit kandidat p\u00ebr an\u00ebtar\u00ebsim n\u00eb Bashkimin Evropian, njofton Fondacioni Kosovar p\u00ebr Shoq\u00ebri Civile (KCSF).<\/p>\n<p>Tani, p\u00ebrfshirja e Kosov\u00ebs n\u00eb ECMI, si\u00e7 thuhet n\u00eb nj\u00eb njoftim p\u00ebr medie, \u00ebsht\u00eb b\u00ebr\u00eb e mundur fal\u00eb angazhimit t\u00eb vazhduesh\u00ebm t\u00eb KCSF-s\u00eb, p\u00ebrmes Rrjetit Ballkanik p\u00ebr Zhvillim t\u00eb Shoq\u00ebris\u00eb Civile (BCSDN) dhe bashk\u00ebpunimit t\u00eb ngusht\u00eb me partner\u00ebt rajonal\u00eb. Kjo nism\u00eb ka marr\u00eb gjithashtu p\u00ebrkrahjen e presidentit t\u00eb EESC-s\u00eb, Oliver R\u00f6pke.<\/p>\n<p>N\u00ebp\u00ebrmjet k\u00ebtij rrjeti, KCSF ka udh\u00ebhequr nj\u00eb fushat\u00eb avokuese rajonale, e mb\u00ebshtetur nga 104 organizata t\u00eb shoq\u00ebris\u00eb civile nga e gjith\u00eb Ballkani, me q\u00ebllim p\u00ebrfshirjen e Kosov\u00ebs n\u00eb k\u00ebt\u00eb iniciativ\u00eb t\u00eb r\u00ebnd\u00ebsishme europiane, thuhet n\u00eb njoftim.<\/p>\n<p>\u201cKCSF e cil\u00ebson k\u00ebt\u00eb zhvillim si rezultat t\u00eb p\u00ebrpjekjeve t\u00eb gjata t\u00eb shoq\u00ebris\u00eb civile t\u00eb Kosov\u00ebs dhe rajonit, duke d\u00ebshmuar se z\u00ebri i shoq\u00ebris\u00eb civile, solidariteti dhe bashk\u00ebpunimi rajonal mund t\u00eb sjellin ndryshime konkrete. P\u00ebrmes k\u00ebsaj p\u00ebrfshirjeje, shoq\u00ebria civile e Kosov\u00ebs do t\u00eb ket\u00eb mund\u00ebsi t\u00eb kontribuoj\u00eb drejtp\u00ebrdrejt n\u00eb debatet dhe politikat q\u00eb form\u00ebsojn\u00eb t\u00eb ardhmen evropiane, krahas 27 vendeve an\u00ebtare t\u00eb BE-s\u00eb\u201d.<\/p>\n<p><strong>\u00c7far\u00eb jan\u00eb EESC dhe ECMI?<\/strong><\/p>\n<p>Komiteti Ekonomik dhe Social Europian (EESC) \u00ebsht\u00eb nj\u00eb trup\u00eb k\u00ebshilluese e Bashkimit Europian, e themeluar n\u00eb vitin 1957, q\u00eb p\u00ebrfaq\u00ebson z\u00ebrin e shoq\u00ebris\u00eb civile dhe partner\u00ebve social\u00eb n\u00eb politik\u00ebb\u00ebrjen evropiane.<\/p>\n<p>P\u00ebrmes opinioneve t\u00eb tij, EESC k\u00ebshillon institucionet e BE-s\u00eb dhe nxit dialog t\u00eb strukturuar me qytetar\u00ebt e Evrop\u00ebs. Me seli n\u00eb Bruksel, EESC num\u00ebron 329 an\u00ebtar\u00eb nga 27 vendet an\u00ebtare t\u00eb BE-s\u00eb.<\/p>\n<p>N\u00eb shtator 2023, EESC lansoi Nism\u00ebn p\u00ebr An\u00ebtar\u00ebt Kandidat\u00eb p\u00ebr Zgjerim (ECMI), q\u00eb synon t\u00eb p\u00ebrfshij\u00eb p\u00ebrfaq\u00ebsues t\u00eb organizatave t\u00eb shoq\u00ebris\u00eb civile dhe partner\u00ebve social nga vendet kandidate t\u00eb BE-s\u00eb n\u00eb pun\u00ebn k\u00ebshillimore t\u00eb Komitetit.<\/p>\n<p>P\u00ebrmes ECMI, EESC synon p\u00ebrgatitjen dhe integrimin e shteteve kandidate n\u00eb strukturat e BE-s\u00eb para an\u00ebtar\u00ebsimit formal, duke i b\u00ebr\u00eb pjes\u00eb t\u00eb diskutimeve q\u00eb ndikojn\u00eb drejtp\u00ebrdrejt n\u00eb politikat evropiane.<\/p>\n<p><strong>R\u00ebnd\u00ebsia e p\u00ebrfshirjes s\u00eb Kosov\u00ebs n\u00eb ECMI<\/strong><\/p>\n<p>Kosova fillimisht ishte l\u00ebn\u00eb jasht\u00eb ECMI-s\u00eb p\u00ebr shkak t\u00eb kritereve formale t\u00eb statusit kandidat.<\/p>\n<p>N\u00eb prill 2024, KCSF nisi nj\u00eb reagim zyrtar ndaj Komitetit Ekonomik dhe Social Europian, duke argumentuar se mosp\u00ebrfshirja e Kosov\u00ebs ishte e padrejt\u00eb, pasi vendi g\u00ebzon perspektiv\u00eb t\u00eb qart\u00eb evropiane dhe p\u00ebrfshirja e tij n\u00eb ECMI \u00ebsht\u00eb thelb\u00ebsore p\u00ebr barazi dhe p\u00ebrfaq\u00ebsim rajonal.<\/p>\n<p>N\u00eb k\u00ebt\u00eb kuad\u00ebr, m\u00eb 24 maj 2024, p\u00ebrfaq\u00ebsues t\u00eb KCSF-s\u00eb, s\u00eb bashku me organizata t\u00eb tjera t\u00eb shoq\u00ebris\u00eb civile dhe sindikata nga Kosova, zhvilluan takim me udh\u00ebheq\u00ebsit e EESC-s\u00eb, ku shpreh\u00ebn shqet\u00ebsimin p\u00ebr p\u00ebrjashtimin e Kosov\u00ebs dhe k\u00ebrkuan rishikimin e vendimit.<\/p>\n<p>K\u00ebrkesa e nj\u00ebjt\u00eb u p\u00ebrs\u00ebrit edhe n\u00eb Konferenc\u00ebn e Nivelit t\u00eb Lart\u00eb p\u00ebr Shoq\u00ebrin\u00eb Civile, t\u00eb organizuar nga EESC m\u00eb 24 tetor 2024 n\u00eb Bruksel.<\/p>\n<p>N\u00eb n\u00ebntor 2024, Rrjeti Ballkanik p\u00ebr Zhvillim t\u00eb Shoq\u00ebris\u00eb Civile (BCSDN), an\u00ebtare e t\u00eb cilit \u00ebsht\u00eb KCSF, dor\u00ebzoi nj\u00eb let\u00ebr zyrtare t\u00eb n\u00ebnshkruar nga mbi 100 organizata t\u00eb shoq\u00ebris\u00eb civile nga Ballkani, drejtuar EESC-s\u00eb, duke k\u00ebrkuar p\u00ebrfshirjen e Kosov\u00ebs n\u00eb ECMI.<\/p>\n<p>KCSF thekson se p\u00ebrfshirja e Kosov\u00ebs n\u00eb ECMI \u00ebsht\u00eb nj\u00eb arritje e r\u00ebnd\u00ebsishme p\u00ebr bashk\u00ebpunimin rajonal, si dhe nj\u00eb hap i madh drejt integrimit evropian.<\/p>\n<p>Ky zhvillim p\u00ebrfaq\u00ebson fitore p\u00ebr barazin\u00eb dhe p\u00ebrfaq\u00ebsimin e Kosov\u00ebs n\u00eb proceset e BE-s\u00eb, duke hapur mund\u00ebsi t\u00eb reja p\u00ebr bashk\u00ebpunim, p\u00ebrfaq\u00ebsim dhe ndikim t\u00eb shoq\u00ebris\u00eb civile kosovare n\u00eb agjend\u00ebn evropiane.\/rtk<\/p>\n","protected":false},"excerpt":{"rendered":"<p>Prishtin\u00eb 13 Tetor 2025 Kosova \u00ebsht\u00eb p\u00ebrfshir\u00eb zyrtarisht n\u00eb Nism\u00ebn p\u00ebr An\u00ebtar\u00ebt Kandidat\u00eb p\u00ebr Zgjerim (ECMI) t\u00eb Komitetit Ekonomik dhe Social Evropiane (EESC), nj\u00eb hap<\/p>\n","protected":false},"author":6,"featured_media":16182,"comment_status":"open","ping_status":"open","sticky":false,"template":"","format":"standard","meta":{"footnotes":""},"categories":[60],"tags":[],"class_list":["post-16181","post","type-post","status-publish","format-standard","has-post-thumbnail","hentry","category-shoqerore-sq"],"yoast_head":"<!-- This site is optimized with the Yoast SEO plugin v25.3.1 - https:\/\/yoast.com\/wordpress\/plugins\/seo\/ -->\n<title>Kosova p\u00ebrfshihet n\u00eb ECMI, nj\u00eb hap historik n\u00eb procesin e integrimit -<\/title>\n<meta name=\"robots\" content=\"index, follow, max-snippet:-1, max-image-preview:large, max-video-preview:-1\" \/>\n<link rel=\"canonical\" href=\"https:\/\/veritasinfo.org\/?p=16181\" \/>\n<meta property=\"og:locale\" content=\"en_US\" \/>\n<meta property=\"og:type\" content=\"article\" \/>\n<meta property=\"og:title\" content=\"Kosova p\u00ebrfshihet n\u00eb ECMI, nj\u00eb hap historik n\u00eb procesin e integrimit -\" \/>\n<meta property=\"og:description\" content=\"Prishtin\u00eb 13 Tetor 2025 Kosova \u00ebsht\u00eb p\u00ebrfshir\u00eb zyrtarisht n\u00eb Nism\u00ebn p\u00ebr An\u00ebtar\u00ebt Kandidat\u00eb p\u00ebr Zgjerim (ECMI) t\u00eb Komitetit Ekonomik dhe Social Evropiane (EESC), nj\u00eb hap\" \/>\n<meta property=\"og:url\" content=\"https:\/\/veritasinfo.org\/?p=16181\" \/>\n<meta property=\"article:published_time\" content=\"2025-10-13T15:05:44+00:00\" \/>\n<meta property=\"og:image\" content=\"https:\/\/veritasinfo.org\/wp-content\/uploads\/2025\/10\/ZASTAVA.jpg\" \/>\n\t<meta property=\"og:image:width\" content=\"909\" \/>\n\t<meta property=\"og:image:height\" content=\"480\" \/>\n\t<meta property=\"og:image:type\" content=\"image\/jpeg\" \/>\n<meta name=\"author\" content=\"US5\" \/>\n<meta name=\"twitter:card\" content=\"summary_large_image\" \/>\n<meta name=\"twitter:label1\" content=\"Written by\" \/>\n\t<meta name=\"twitter:data1\" content=\"US5\" \/>\n\t<meta name=\"twitter:label2\" content=\"Est. reading time\" \/>\n\t<meta name=\"twitter:data2\" content=\"3 minutes\" \/>\n<script type=\"application\/ld+json\" class=\"yoast-schema-graph\">{\"@context\":\"https:\/\/schema.org\",\"@graph\":[{\"@type\":\"WebPage\",\"@id\":\"https:\/\/veritasinfo.org\/?p=16181\",\"url\":\"https:\/\/veritasinfo.org\/?p=16181\",\"name\":\"Kosova p\u00ebrfshihet n\u00eb ECMI, nj\u00eb hap historik n\u00eb procesin e integrimit -\",\"isPartOf\":{\"@id\":\"https:\/\/veritasinfo.org\/#website\"},\"primaryImageOfPage\":{\"@id\":\"https:\/\/veritasinfo.org\/?p=16181#primaryimage\"},\"image\":{\"@id\":\"https:\/\/veritasinfo.org\/?p=16181#primaryimage\"},\"thumbnailUrl\":\"https:\/\/veritasinfo.org\/wp-content\/uploads\/2025\/10\/ZASTAVA.jpg\",\"datePublished\":\"2025-10-13T15:05:44+00:00\",\"author\":{\"@id\":\"https:\/\/veritasinfo.org\/#\/schema\/person\/bc442336e35414d04494ab8fb45db4c6\"},\"breadcrumb\":{\"@id\":\"https:\/\/veritasinfo.org\/?p=16181#breadcrumb\"},\"inLanguage\":\"en-US\",\"potentialAction\":[{\"@type\":\"ReadAction\",\"target\":[\"https:\/\/veritasinfo.org\/?p=16181\"]}]},{\"@type\":\"ImageObject\",\"inLanguage\":\"en-US\",\"@id\":\"https:\/\/veritasinfo.org\/?p=16181#primaryimage\",\"url\":\"https:\/\/veritasinfo.org\/wp-content\/uploads\/2025\/10\/ZASTAVA.jpg\",\"contentUrl\":\"https:\/\/veritasinfo.org\/wp-content\/uploads\/2025\/10\/ZASTAVA.jpg\",\"width\":909,\"height\":480},{\"@type\":\"BreadcrumbList\",\"@id\":\"https:\/\/veritasinfo.org\/?p=16181#breadcrumb\",\"itemListElement\":[{\"@type\":\"ListItem\",\"position\":1,\"name\":\"Home\",\"item\":\"https:\/\/veritasinfo.org\/\"},{\"@type\":\"ListItem\",\"position\":2,\"name\":\"Kosova p\u00ebrfshihet n\u00eb ECMI, nj\u00eb hap historik n\u00eb procesin e integrimit\"}]},{\"@type\":\"WebSite\",\"@id\":\"https:\/\/veritasinfo.org\/#website\",\"url\":\"https:\/\/veritasinfo.org\/\",\"name\":\"\",\"description\":\"\",\"potentialAction\":[{\"@type\":\"SearchAction\",\"target\":{\"@type\":\"EntryPoint\",\"urlTemplate\":\"https:\/\/veritasinfo.org\/?s={search_term_string}\"},\"query-input\":{\"@type\":\"PropertyValueSpecification\",\"valueRequired\":true,\"valueName\":\"search_term_string\"}}],\"inLanguage\":\"en-US\"},{\"@type\":\"Person\",\"@id\":\"https:\/\/veritasinfo.org\/#\/schema\/person\/bc442336e35414d04494ab8fb45db4c6\",\"name\":\"US5\",\"image\":{\"@type\":\"ImageObject\",\"inLanguage\":\"en-US\",\"@id\":\"https:\/\/veritasinfo.org\/#\/schema\/person\/image\/\",\"url\":\"https:\/\/secure.gravatar.com\/avatar\/16a61e7272a0c5d001121ebb9e60e925d5816e4ac1e443ed3e640d9a6ae55d0c?s=96&d=mm&r=g\",\"contentUrl\":\"https:\/\/secure.gravatar.com\/avatar\/16a61e7272a0c5d001121ebb9e60e925d5816e4ac1e443ed3e640d9a6ae55d0c?s=96&d=mm&r=g\",\"caption\":\"US5\"},\"url\":\"https:\/\/veritasinfo.org\/?author=6\"}]}<\/script>\n<!-- \/ Yoast SEO plugin. -->","yoast_head_json":{"title":"Kosova p\u00ebrfshihet n\u00eb ECMI, nj\u00eb hap historik n\u00eb procesin e integrimit -","robots":{"index":"index","follow":"follow","max-snippet":"max-snippet:-1","max-image-preview":"max-image-preview:large","max-video-preview":"max-video-preview:-1"},"canonical":"https:\/\/veritasinfo.org\/?p=16181","og_locale":"en_US","og_type":"article","og_title":"Kosova p\u00ebrfshihet n\u00eb ECMI, nj\u00eb hap historik n\u00eb procesin e integrimit -","og_description":"Prishtin\u00eb 13 Tetor 2025 Kosova \u00ebsht\u00eb p\u00ebrfshir\u00eb zyrtarisht n\u00eb Nism\u00ebn p\u00ebr An\u00ebtar\u00ebt Kandidat\u00eb p\u00ebr Zgjerim (ECMI) t\u00eb Komitetit Ekonomik dhe Social Evropiane (EESC), nj\u00eb hap","og_url":"https:\/\/veritasinfo.org\/?p=16181","article_published_time":"2025-10-13T15:05:44+00:00","og_image":[{"width":909,"height":480,"url":"https:\/\/veritasinfo.org\/wp-content\/uploads\/2025\/10\/ZASTAVA.jpg","type":"image\/jpeg"}],"author":"US5","twitter_card":"summary_large_image","twitter_misc":{"Written by":"US5","Est. reading time":"3 minutes"},"schema":{"@context":"https:\/\/schema.org","@graph":[{"@type":"WebPage","@id":"https:\/\/veritasinfo.org\/?p=16181","url":"https:\/\/veritasinfo.org\/?p=16181","name":"Kosova p\u00ebrfshihet n\u00eb ECMI, nj\u00eb hap historik n\u00eb procesin e integrimit -","isPartOf":{"@id":"https:\/\/veritasinfo.org\/#website"},"primaryImageOfPage":{"@id":"https:\/\/veritasinfo.org\/?p=16181#primaryimage"},"image":{"@id":"https:\/\/veritasinfo.org\/?p=16181#primaryimage"},"thumbnailUrl":"https:\/\/veritasinfo.org\/wp-content\/uploads\/2025\/10\/ZASTAVA.jpg","datePublished":"2025-10-13T15:05:44+00:00","author":{"@id":"https:\/\/veritasinfo.org\/#\/schema\/person\/bc442336e35414d04494ab8fb45db4c6"},"breadcrumb":{"@id":"https:\/\/veritasinfo.org\/?p=16181#breadcrumb"},"inLanguage":"en-US","potentialAction":[{"@type":"ReadAction","target":["https:\/\/veritasinfo.org\/?p=16181"]}]},{"@type":"ImageObject","inLanguage":"en-US","@id":"https:\/\/veritasinfo.org\/?p=16181#primaryimage","url":"https:\/\/veritasinfo.org\/wp-content\/uploads\/2025\/10\/ZASTAVA.jpg","contentUrl":"https:\/\/veritasinfo.org\/wp-content\/uploads\/2025\/10\/ZASTAVA.jpg","width":909,"height":480},{"@type":"BreadcrumbList","@id":"https:\/\/veritasinfo.org\/?p=16181#breadcrumb","itemListElement":[{"@type":"ListItem","position":1,"name":"Home","item":"https:\/\/veritasinfo.org\/"},{"@type":"ListItem","position":2,"name":"Kosova p\u00ebrfshihet n\u00eb ECMI, nj\u00eb hap historik n\u00eb procesin e integrimit"}]},{"@type":"WebSite","@id":"https:\/\/veritasinfo.org\/#website","url":"https:\/\/veritasinfo.org\/","name":"","description":"","potentialAction":[{"@type":"SearchAction","target":{"@type":"EntryPoint","urlTemplate":"https:\/\/veritasinfo.org\/?s={search_term_string}"},"query-input":{"@type":"PropertyValueSpecification","valueRequired":true,"valueName":"search_term_string"}}],"inLanguage":"en-US"},{"@type":"Person","@id":"https:\/\/veritasinfo.org\/#\/schema\/person\/bc442336e35414d04494ab8fb45db4c6","name":"US5","image":{"@type":"ImageObject","inLanguage":"en-US","@id":"https:\/\/veritasinfo.org\/#\/schema\/person\/image\/","url":"https:\/\/secure.gravatar.com\/avatar\/16a61e7272a0c5d001121ebb9e60e925d5816e4ac1e443ed3e640d9a6ae55d0c?s=96&d=mm&r=g","contentUrl":"https:\/\/secure.gravatar.com\/avatar\/16a61e7272a0c5d001121ebb9e60e925d5816e4ac1e443ed3e640d9a6ae55d0c?s=96&d=mm&r=g","caption":"US5"},"url":"https:\/\/veritasinfo.org\/?author=6"}]}},"featured_image_urls":{"full":["https:\/\/veritasinfo.org\/wp-content\/uploads\/2025\/10\/ZASTAVA.jpg",909,480,false],"thumbnail":["https:\/\/veritasinfo.org\/wp-content\/uploads\/2025\/10\/ZASTAVA-150x150.jpg",150,150,true],"medium":["https:\/\/veritasinfo.org\/wp-content\/uploads\/2025\/10\/ZASTAVA-300x158.jpg",300,158,true],"medium_large":["https:\/\/veritasinfo.org\/wp-content\/uploads\/2025\/10\/ZASTAVA-768x406.jpg",640,338,true],"large":["https:\/\/veritasinfo.org\/wp-content\/uploads\/2025\/10\/ZASTAVA.jpg",640,338,false],"1536x1536":["https:\/\/veritasinfo.org\/wp-content\/uploads\/2025\/10\/ZASTAVA.jpg",909,480,false],"2048x2048":["https:\/\/veritasinfo.org\/wp-content\/uploads\/2025\/10\/ZASTAVA.jpg",909,480,false],"kreeti-slider-full":["https:\/\/veritasinfo.org\/wp-content\/uploads\/2025\/10\/ZASTAVA.jpg",909,480,false],"kreeti-featured":["https:\/\/veritasinfo.org\/wp-content\/uploads\/2025\/10\/ZASTAVA.jpg",909,480,false],"kreeti-medium":["https:\/\/veritasinfo.org\/wp-content\/uploads\/2025\/10\/ZASTAVA.jpg",720,380,false],"kreeti-medium-square":["https:\/\/veritasinfo.org\/wp-content\/uploads\/2025\/10\/ZASTAVA.jpg",350,185,false]},"author_info":{"info":["US5"]},"category_info":"<a href=\"https:\/\/veritasinfo.org\/?cat=60\" rel=\"category\">Shoq\u00ebrore<\/a>","tag_info":"Shoq\u00ebrore","comment_count":"0","_links":{"self":[{"href":"https:\/\/veritasinfo.org\/index.php?rest_route=\/wp\/v2\/posts\/16181","targetHints":{"allow":["GET"]}}],"collection":[{"href":"https:\/\/veritasinfo.org\/index.php?rest_route=\/wp\/v2\/posts"}],"about":[{"href":"https:\/\/veritasinfo.org\/index.php?rest_route=\/wp\/v2\/types\/post"}],"author":[{"embeddable":true,"href":"https:\/\/veritasinfo.org\/index.php?rest_route=\/wp\/v2\/users\/6"}],"replies":[{"embeddable":true,"href":"https:\/\/veritasinfo.org\/index.php?rest_route=%2Fwp%2Fv2%2Fcomments&post=16181"}],"version-history":[{"count":1,"href":"https:\/\/veritasinfo.org\/index.php?rest_route=\/wp\/v2\/posts\/16181\/revisions"}],"predecessor-version":[{"id":16183,"href":"https:\/\/veritasinfo.org\/index.php?rest_route=\/wp\/v2\/posts\/16181\/revisions\/16183"}],"wp:featuredmedia":[{"embeddable":true,"href":"https:\/\/veritasinfo.org\/index.php?rest_route=\/wp\/v2\/media\/16182"}],"wp:attachment":[{"href":"https:\/\/veritasinfo.org\/index.php?rest_route=%2Fwp%2Fv2%2Fmedia&parent=16181"}],"wp:term":[{"taxonomy":"category","embeddable":true,"href":"https:\/\/veritasinfo.org\/index.php?rest_route=%2Fwp%2Fv2%2Fcategories&post=16181"},{"taxonomy":"post_tag","embeddable":true,"href":"https:\/\/veritasinfo.org\/index.php?rest_route=%2Fwp%2Fv2%2Ftags&post=16181"}],"curies":[{"name":"wp","href":"https:\/\/api.w.org\/{rel}","templated":true}]}}