{"id":16176,"date":"2025-10-13T16:43:28","date_gmt":"2025-10-13T14:43:28","guid":{"rendered":"https:\/\/veritasinfo.org\/?p=16176"},"modified":"2025-10-13T16:43:28","modified_gmt":"2025-10-13T14:43:28","slug":"kongresi-i-keshillit-te-evropes-vlereson-zgjedhjet-lokale-ne-kosove","status":"publish","type":"post","link":"https:\/\/veritasinfo.org\/?p=16176","title":{"rendered":"Kongresi i K\u00ebshillit t\u00eb Evrop\u00ebs vler\u00ebson zgjedhjet lokale n\u00eb Kosov\u00eb"},"content":{"rendered":"<p>Prishtin\u00eb, 13 tetor 2025<\/p>\n<p>Kongresi i Autoriteteve Vendore dhe Rajonale i K\u00ebshillit t\u00eb Evrop\u00ebs ka p\u00ebrmbyllur misionin e v\u00ebzhgimit t\u00eb raundit t\u00eb par\u00eb t\u00eb zgjedhjeve lokale n\u00eb Kosov\u00eb, t\u00eb mbajtura m\u00eb 12 tetor 2025.<\/p>\n<p>N\u00eb k\u00ebt\u00eb mision, i kryesuar nga Dominique L\u00e9v\u00eaque nga Franca, mor\u00ebn pjes\u00eb n\u00ebnt\u00eb an\u00ebtar\u00eb t\u00eb Kongresit, t\u00eb cil\u00ebt v\u00ebzhguan procesin n\u00eb 55 qendra votimi t\u00eb p\u00ebrzgjedhura rast\u00ebsisht.<\/p>\n<p>N\u00eb raportin e tyre, v\u00ebzhguesit theksuan se dita e zgjedhjeve kaloi n\u00eb qet\u00ebsi dhe me menaxhim t\u00eb mir\u00eb, pavar\u00ebsisht disa parregullsive t\u00eb vogla, si mungesa e njohurive t\u00eb votuesve p\u00ebr ndryshimet n\u00eb qendrat e votimit, mbyllje jo t\u00eb nj\u00ebtrajtshme t\u00eb kutive dhe p\u00ebrfaq\u00ebsim t\u00eb pamjaftuesh\u00ebm t\u00eb komuniteteve joshumic\u00eb n\u00eb komisionet e votimit. Gjithashtu, u evidentua mungesa e aksesit p\u00ebr votuesit me aft\u00ebsi t\u00eb kufizuara n\u00eb shumic\u00ebn e qendrave.<\/p>\n<p>Kryetarja e delegacionit, Dominique L\u00e9v\u00eaque, vler\u00ebsoi ligjin e ri zgjedhor si nj\u00eb hap p\u00ebrpara p\u00ebr nj\u00eb proces demokratik, nd\u00ebrsa theksoi edhe pjes\u00ebmarrjen aktive t\u00eb komunitetit serb n\u00eb zgjedhje. Megjithat\u00eb, u shpreh\u00ebn shqet\u00ebsime lidhur me politizimin e Komisionit Qendror t\u00eb Zgjedhjeve dhe vendimet fillestare p\u00ebr refuzimin e List\u00ebs Srpska dhe mediave n\u00eb gjuh\u00ebn serbe, t\u00eb cilat m\u00eb von\u00eb u rishikuan.<\/p>\n<p>V\u00ebzhguesit gjithashtu u shpreh\u00ebn keqardhje p\u00ebr numrin e ul\u00ebt t\u00eb grave kandidate dhe p\u00ebrfaq\u00ebsimin e tyre n\u00eb administrat\u00ebn zgjedhore, duke sugjeruar nevoj\u00ebn p\u00ebr p\u00ebrpjekje m\u00eb t\u00eb m\u00ebdha p\u00ebr p\u00ebrfshirjen e tyre n\u00eb demokracin\u00eb lokale.<\/p>\n<p>Raporti p\u00ebrfundimtar i k\u00ebtij misioni do t\u00eb diskutohet n\u00eb Sesionin e Kongresit t\u00eb K\u00ebshillit t\u00eb Evrop\u00ebs n\u00eb mars 2026.<\/p>\n","protected":false},"excerpt":{"rendered":"<p>Prishtin\u00eb, 13 tetor 2025 Kongresi i Autoriteteve Vendore dhe Rajonale i K\u00ebshillit t\u00eb Evrop\u00ebs ka p\u00ebrmbyllur misionin e v\u00ebzhgimit t\u00eb raundit t\u00eb par\u00eb t\u00eb zgjedhjeve<\/p>\n","protected":false},"author":7,"featured_media":16177,"comment_status":"open","ping_status":"open","sticky":false,"template":"","format":"standard","meta":{"footnotes":""},"categories":[8],"tags":[],"class_list":["post-16176","post","type-post","status-publish","format-standard","has-post-thumbnail","hentry","category-blog-sq"],"yoast_head":"<!-- This site is optimized with the Yoast SEO plugin v25.3.1 - https:\/\/yoast.com\/wordpress\/plugins\/seo\/ -->\n<title>Kongresi i K\u00ebshillit t\u00eb Evrop\u00ebs vler\u00ebson zgjedhjet lokale n\u00eb Kosov\u00eb -<\/title>\n<meta name=\"robots\" content=\"index, follow, max-snippet:-1, max-image-preview:large, max-video-preview:-1\" \/>\n<link rel=\"canonical\" href=\"https:\/\/veritasinfo.org\/?p=16176\" \/>\n<meta property=\"og:locale\" content=\"en_US\" \/>\n<meta property=\"og:type\" content=\"article\" \/>\n<meta property=\"og:title\" content=\"Kongresi i K\u00ebshillit t\u00eb Evrop\u00ebs vler\u00ebson zgjedhjet lokale n\u00eb Kosov\u00eb -\" \/>\n<meta property=\"og:description\" content=\"Prishtin\u00eb, 13 tetor 2025 Kongresi i Autoriteteve Vendore dhe Rajonale i K\u00ebshillit t\u00eb Evrop\u00ebs ka p\u00ebrmbyllur misionin e v\u00ebzhgimit t\u00eb raundit t\u00eb par\u00eb t\u00eb zgjedhjeve\" \/>\n<meta property=\"og:url\" content=\"https:\/\/veritasinfo.org\/?p=16176\" \/>\n<meta property=\"article:published_time\" content=\"2025-10-13T14:43:28+00:00\" \/>\n<meta property=\"og:image\" content=\"https:\/\/veritasinfo.org\/wp-content\/uploads\/2025\/10\/1-2.jpg\" \/>\n\t<meta property=\"og:image:width\" content=\"819\" \/>\n\t<meta property=\"og:image:height\" content=\"459\" \/>\n\t<meta property=\"og:image:type\" content=\"image\/jpeg\" \/>\n<meta name=\"author\" content=\"US6\" \/>\n<meta name=\"twitter:card\" content=\"summary_large_image\" \/>\n<meta name=\"twitter:label1\" content=\"Written by\" \/>\n\t<meta name=\"twitter:data1\" content=\"US6\" \/>\n\t<meta name=\"twitter:label2\" content=\"Est. reading time\" \/>\n\t<meta name=\"twitter:data2\" content=\"2 minutes\" \/>\n<script type=\"application\/ld+json\" class=\"yoast-schema-graph\">{\"@context\":\"https:\/\/schema.org\",\"@graph\":[{\"@type\":\"WebPage\",\"@id\":\"https:\/\/veritasinfo.org\/?p=16176\",\"url\":\"https:\/\/veritasinfo.org\/?p=16176\",\"name\":\"Kongresi i K\u00ebshillit t\u00eb Evrop\u00ebs vler\u00ebson zgjedhjet lokale n\u00eb Kosov\u00eb -\",\"isPartOf\":{\"@id\":\"https:\/\/veritasinfo.org\/#website\"},\"primaryImageOfPage\":{\"@id\":\"https:\/\/veritasinfo.org\/?p=16176#primaryimage\"},\"image\":{\"@id\":\"https:\/\/veritasinfo.org\/?p=16176#primaryimage\"},\"thumbnailUrl\":\"https:\/\/veritasinfo.org\/wp-content\/uploads\/2025\/10\/1-2.jpg\",\"datePublished\":\"2025-10-13T14:43:28+00:00\",\"author\":{\"@id\":\"https:\/\/veritasinfo.org\/#\/schema\/person\/fe199eede04c3937362892b7444747cc\"},\"breadcrumb\":{\"@id\":\"https:\/\/veritasinfo.org\/?p=16176#breadcrumb\"},\"inLanguage\":\"en-US\",\"potentialAction\":[{\"@type\":\"ReadAction\",\"target\":[\"https:\/\/veritasinfo.org\/?p=16176\"]}]},{\"@type\":\"ImageObject\",\"inLanguage\":\"en-US\",\"@id\":\"https:\/\/veritasinfo.org\/?p=16176#primaryimage\",\"url\":\"https:\/\/veritasinfo.org\/wp-content\/uploads\/2025\/10\/1-2.jpg\",\"contentUrl\":\"https:\/\/veritasinfo.org\/wp-content\/uploads\/2025\/10\/1-2.jpg\",\"width\":819,\"height\":459},{\"@type\":\"BreadcrumbList\",\"@id\":\"https:\/\/veritasinfo.org\/?p=16176#breadcrumb\",\"itemListElement\":[{\"@type\":\"ListItem\",\"position\":1,\"name\":\"Home\",\"item\":\"https:\/\/veritasinfo.org\/\"},{\"@type\":\"ListItem\",\"position\":2,\"name\":\"Kongresi i K\u00ebshillit t\u00eb Evrop\u00ebs vler\u00ebson zgjedhjet lokale n\u00eb Kosov\u00eb\"}]},{\"@type\":\"WebSite\",\"@id\":\"https:\/\/veritasinfo.org\/#website\",\"url\":\"https:\/\/veritasinfo.org\/\",\"name\":\"\",\"description\":\"\",\"potentialAction\":[{\"@type\":\"SearchAction\",\"target\":{\"@type\":\"EntryPoint\",\"urlTemplate\":\"https:\/\/veritasinfo.org\/?s={search_term_string}\"},\"query-input\":{\"@type\":\"PropertyValueSpecification\",\"valueRequired\":true,\"valueName\":\"search_term_string\"}}],\"inLanguage\":\"en-US\"},{\"@type\":\"Person\",\"@id\":\"https:\/\/veritasinfo.org\/#\/schema\/person\/fe199eede04c3937362892b7444747cc\",\"name\":\"US6\",\"image\":{\"@type\":\"ImageObject\",\"inLanguage\":\"en-US\",\"@id\":\"https:\/\/veritasinfo.org\/#\/schema\/person\/image\/\",\"url\":\"https:\/\/secure.gravatar.com\/avatar\/cb16c3c31c9d23b9b8c705964598220b3014e42ff51eb540ff23cefa3ae8c15f?s=96&d=mm&r=g\",\"contentUrl\":\"https:\/\/secure.gravatar.com\/avatar\/cb16c3c31c9d23b9b8c705964598220b3014e42ff51eb540ff23cefa3ae8c15f?s=96&d=mm&r=g\",\"caption\":\"US6\"},\"url\":\"https:\/\/veritasinfo.org\/?author=7\"}]}<\/script>\n<!-- \/ Yoast SEO plugin. -->","yoast_head_json":{"title":"Kongresi i K\u00ebshillit t\u00eb Evrop\u00ebs vler\u00ebson zgjedhjet lokale n\u00eb Kosov\u00eb -","robots":{"index":"index","follow":"follow","max-snippet":"max-snippet:-1","max-image-preview":"max-image-preview:large","max-video-preview":"max-video-preview:-1"},"canonical":"https:\/\/veritasinfo.org\/?p=16176","og_locale":"en_US","og_type":"article","og_title":"Kongresi i K\u00ebshillit t\u00eb Evrop\u00ebs vler\u00ebson zgjedhjet lokale n\u00eb Kosov\u00eb -","og_description":"Prishtin\u00eb, 13 tetor 2025 Kongresi i Autoriteteve Vendore dhe Rajonale i K\u00ebshillit t\u00eb Evrop\u00ebs ka p\u00ebrmbyllur misionin e v\u00ebzhgimit t\u00eb raundit t\u00eb par\u00eb t\u00eb zgjedhjeve","og_url":"https:\/\/veritasinfo.org\/?p=16176","article_published_time":"2025-10-13T14:43:28+00:00","og_image":[{"width":819,"height":459,"url":"https:\/\/veritasinfo.org\/wp-content\/uploads\/2025\/10\/1-2.jpg","type":"image\/jpeg"}],"author":"US6","twitter_card":"summary_large_image","twitter_misc":{"Written by":"US6","Est. reading time":"2 minutes"},"schema":{"@context":"https:\/\/schema.org","@graph":[{"@type":"WebPage","@id":"https:\/\/veritasinfo.org\/?p=16176","url":"https:\/\/veritasinfo.org\/?p=16176","name":"Kongresi i K\u00ebshillit t\u00eb Evrop\u00ebs vler\u00ebson zgjedhjet lokale n\u00eb Kosov\u00eb -","isPartOf":{"@id":"https:\/\/veritasinfo.org\/#website"},"primaryImageOfPage":{"@id":"https:\/\/veritasinfo.org\/?p=16176#primaryimage"},"image":{"@id":"https:\/\/veritasinfo.org\/?p=16176#primaryimage"},"thumbnailUrl":"https:\/\/veritasinfo.org\/wp-content\/uploads\/2025\/10\/1-2.jpg","datePublished":"2025-10-13T14:43:28+00:00","author":{"@id":"https:\/\/veritasinfo.org\/#\/schema\/person\/fe199eede04c3937362892b7444747cc"},"breadcrumb":{"@id":"https:\/\/veritasinfo.org\/?p=16176#breadcrumb"},"inLanguage":"en-US","potentialAction":[{"@type":"ReadAction","target":["https:\/\/veritasinfo.org\/?p=16176"]}]},{"@type":"ImageObject","inLanguage":"en-US","@id":"https:\/\/veritasinfo.org\/?p=16176#primaryimage","url":"https:\/\/veritasinfo.org\/wp-content\/uploads\/2025\/10\/1-2.jpg","contentUrl":"https:\/\/veritasinfo.org\/wp-content\/uploads\/2025\/10\/1-2.jpg","width":819,"height":459},{"@type":"BreadcrumbList","@id":"https:\/\/veritasinfo.org\/?p=16176#breadcrumb","itemListElement":[{"@type":"ListItem","position":1,"name":"Home","item":"https:\/\/veritasinfo.org\/"},{"@type":"ListItem","position":2,"name":"Kongresi i K\u00ebshillit t\u00eb Evrop\u00ebs vler\u00ebson zgjedhjet lokale n\u00eb Kosov\u00eb"}]},{"@type":"WebSite","@id":"https:\/\/veritasinfo.org\/#website","url":"https:\/\/veritasinfo.org\/","name":"","description":"","potentialAction":[{"@type":"SearchAction","target":{"@type":"EntryPoint","urlTemplate":"https:\/\/veritasinfo.org\/?s={search_term_string}"},"query-input":{"@type":"PropertyValueSpecification","valueRequired":true,"valueName":"search_term_string"}}],"inLanguage":"en-US"},{"@type":"Person","@id":"https:\/\/veritasinfo.org\/#\/schema\/person\/fe199eede04c3937362892b7444747cc","name":"US6","image":{"@type":"ImageObject","inLanguage":"en-US","@id":"https:\/\/veritasinfo.org\/#\/schema\/person\/image\/","url":"https:\/\/secure.gravatar.com\/avatar\/cb16c3c31c9d23b9b8c705964598220b3014e42ff51eb540ff23cefa3ae8c15f?s=96&d=mm&r=g","contentUrl":"https:\/\/secure.gravatar.com\/avatar\/cb16c3c31c9d23b9b8c705964598220b3014e42ff51eb540ff23cefa3ae8c15f?s=96&d=mm&r=g","caption":"US6"},"url":"https:\/\/veritasinfo.org\/?author=7"}]}},"featured_image_urls":{"full":["https:\/\/veritasinfo.org\/wp-content\/uploads\/2025\/10\/1-2.jpg",819,459,false],"thumbnail":["https:\/\/veritasinfo.org\/wp-content\/uploads\/2025\/10\/1-2-150x150.jpg",150,150,true],"medium":["https:\/\/veritasinfo.org\/wp-content\/uploads\/2025\/10\/1-2-300x168.jpg",300,168,true],"medium_large":["https:\/\/veritasinfo.org\/wp-content\/uploads\/2025\/10\/1-2-768x430.jpg",640,358,true],"large":["https:\/\/veritasinfo.org\/wp-content\/uploads\/2025\/10\/1-2.jpg",640,359,false],"1536x1536":["https:\/\/veritasinfo.org\/wp-content\/uploads\/2025\/10\/1-2.jpg",819,459,false],"2048x2048":["https:\/\/veritasinfo.org\/wp-content\/uploads\/2025\/10\/1-2.jpg",819,459,false],"kreeti-slider-full":["https:\/\/veritasinfo.org\/wp-content\/uploads\/2025\/10\/1-2.jpg",819,459,false],"kreeti-featured":["https:\/\/veritasinfo.org\/wp-content\/uploads\/2025\/10\/1-2.jpg",819,459,false],"kreeti-medium":["https:\/\/veritasinfo.org\/wp-content\/uploads\/2025\/10\/1-2.jpg",720,404,false],"kreeti-medium-square":["https:\/\/veritasinfo.org\/wp-content\/uploads\/2025\/10\/1-2.jpg",350,196,false]},"author_info":{"info":["US6"]},"category_info":"<a href=\"https:\/\/veritasinfo.org\/?cat=8\" rel=\"category\">Zgjedhjet parlamentare 2025<\/a>","tag_info":"Zgjedhjet parlamentare 2025","comment_count":"0","_links":{"self":[{"href":"https:\/\/veritasinfo.org\/index.php?rest_route=\/wp\/v2\/posts\/16176","targetHints":{"allow":["GET"]}}],"collection":[{"href":"https:\/\/veritasinfo.org\/index.php?rest_route=\/wp\/v2\/posts"}],"about":[{"href":"https:\/\/veritasinfo.org\/index.php?rest_route=\/wp\/v2\/types\/post"}],"author":[{"embeddable":true,"href":"https:\/\/veritasinfo.org\/index.php?rest_route=\/wp\/v2\/users\/7"}],"replies":[{"embeddable":true,"href":"https:\/\/veritasinfo.org\/index.php?rest_route=%2Fwp%2Fv2%2Fcomments&post=16176"}],"version-history":[{"count":1,"href":"https:\/\/veritasinfo.org\/index.php?rest_route=\/wp\/v2\/posts\/16176\/revisions"}],"predecessor-version":[{"id":16178,"href":"https:\/\/veritasinfo.org\/index.php?rest_route=\/wp\/v2\/posts\/16176\/revisions\/16178"}],"wp:featuredmedia":[{"embeddable":true,"href":"https:\/\/veritasinfo.org\/index.php?rest_route=\/wp\/v2\/media\/16177"}],"wp:attachment":[{"href":"https:\/\/veritasinfo.org\/index.php?rest_route=%2Fwp%2Fv2%2Fmedia&parent=16176"}],"wp:term":[{"taxonomy":"category","embeddable":true,"href":"https:\/\/veritasinfo.org\/index.php?rest_route=%2Fwp%2Fv2%2Fcategories&post=16176"},{"taxonomy":"post_tag","embeddable":true,"href":"https:\/\/veritasinfo.org\/index.php?rest_route=%2Fwp%2Fv2%2Ftags&post=16176"}],"curies":[{"name":"wp","href":"https:\/\/api.w.org\/{rel}","templated":true}]}}