{"id":16166,"date":"2025-10-13T15:16:12","date_gmt":"2025-10-13T13:16:12","guid":{"rendered":"https:\/\/veritasinfo.org\/?p=16166"},"modified":"2025-10-13T15:16:12","modified_gmt":"2025-10-13T13:16:12","slug":"presidentes-osmani-i-ndahet-cmimi-per-grate-paqen-dhe-sigurine","status":"publish","type":"post","link":"https:\/\/veritasinfo.org\/?p=16166","title":{"rendered":"Presidentes Osmani i ndahet \u00c7mimi p\u00ebr Grat\u00eb, Paqen dhe Sigurin\u00eb"},"content":{"rendered":"<p>Prishtin\u00eb 13 Tetor 2025<\/p>\n<p><strong>Presidentja e\u00a0Kosov\u00ebs, Vjosa Osmani, \u00ebsht\u00eb nderuar sot me \u00c7mimin e Asambles\u00eb Parlamentare t\u00eb NATO-s p\u00ebr Grat\u00eb, Paqen dhe Sigurin\u00eb, nj\u00eb vler\u00ebsim q\u00eb nderon lidershipin, kontributin dhe angazhimin e grave q\u00eb kan\u00eb avancuar paqen, sigurin\u00eb dhe demokracin\u00eb n\u00eb vendet e tyre dhe n\u00eb mbar\u00eb bot\u00ebn.<\/strong><\/p>\n<p>&nbsp;<\/p>\n<p>Duke e pranuar k\u00ebt\u00eb \u00e7mim, presidentja Osmani u shpreh se ky \u00ebsht\u00eb \u201cnj\u00eb nder i ve\u00e7ant\u00eb dhe nj\u00eb \u00e7mim q\u00eb i dedikohet popullit t\u00eb Kosov\u00ebs, e n\u00eb ve\u00e7anti t\u00eb gjitha grave t\u00eb Kosov\u00ebs, atyre q\u00eb me guxim, dinjitet e dashuri ndihmuan nd\u00ebrtimin e paqes dhe arritjen e liris\u00eb son\u00eb\u201d.<\/p>\n<p>\u201cPaqja jon\u00eb \u00ebsht\u00eb nd\u00ebrtuar mbi sakrific\u00ebn dhe guximin e tyre, nd\u00ebrsa demokracia jon\u00eb \u00ebsht\u00eb forcuar fal\u00eb p\u00ebrkushtimit t\u00eb grave q\u00eb q\u00ebndruan t\u00eb pal\u00ebkundura n\u00eb \u00e7do hap t\u00eb rrug\u00ebtimit ton\u00eb drejt liris\u00eb e barazis\u00eb\u201d, theksoi presidentja Osmani.<\/p>\n<p>&#8220;M\u00eb tej presidentja Osmani theksoi se vler\u00ebsimi nga Asambleja Parlamentare e NATO-s \u00ebsht\u00eb edhe njohje p\u00ebr p\u00ebrpjekjet e Kosov\u00ebs n\u00eb avancimin e Agjend\u00ebs p\u00ebr Grat\u00eb, Paqen dhe Sigurin\u00eb, p\u00ebrmes Forumit Nd\u00ebrkomb\u00ebtar p\u00ebr Grat\u00eb, Paqen dhe Sigurin\u00eb dhe Qendr\u00ebs Rajonale t\u00eb Ekselenc\u00ebs, q\u00eb tashm\u00eb Presidenca e Republik\u00ebs i ka shnd\u00ebrruar n\u00eb platforma t\u00eb r\u00ebnd\u00ebsishme t\u00eb bashk\u00ebpunimit rajonal e nd\u00ebrkomb\u00ebtar&#8221;, thuhet n\u00eb njoftimin nga Presidenca e Kosov\u00ebs.<\/p>\n<p>Tutje theksohet se ky \u00e7mim i lart\u00eb nd\u00ebrkomb\u00ebtar, p\u00ebrve\u00e7 q\u00eb vler\u00ebson lidershipin e presidentes Osmani, e vendos Kosov\u00ebn nd\u00ebr vendet model n\u00eb bot\u00eb p\u00ebr p\u00ebrfshirjen e grave n\u00eb nd\u00ebrtimin e paqes, forcimin e institucioneve demokratike dhe mbrojtjen e t\u00eb drejtave t\u00eb njeriut.<\/p>\n<p>Presidentja Osmani \u00ebsht\u00eb liderja e par\u00eb nga Evropa Juglindore q\u00eb nderohet me k\u00ebt\u00eb \u00e7mim.<\/p>\n","protected":false},"excerpt":{"rendered":"<p>Prishtin\u00eb 13 Tetor 2025 Presidentja e\u00a0Kosov\u00ebs, Vjosa Osmani, \u00ebsht\u00eb nderuar sot me \u00c7mimin e Asambles\u00eb Parlamentare t\u00eb NATO-s p\u00ebr Grat\u00eb, Paqen dhe Sigurin\u00eb, nj\u00eb vler\u00ebsim<\/p>\n","protected":false},"author":6,"featured_media":16167,"comment_status":"open","ping_status":"open","sticky":false,"template":"","format":"standard","meta":{"footnotes":""},"categories":[60],"tags":[],"class_list":["post-16166","post","type-post","status-publish","format-standard","has-post-thumbnail","hentry","category-shoqerore-sq"],"yoast_head":"<!-- This site is optimized with the Yoast SEO plugin v25.3.1 - https:\/\/yoast.com\/wordpress\/plugins\/seo\/ -->\n<title>Presidentes Osmani i ndahet \u00c7mimi p\u00ebr Grat\u00eb, Paqen dhe Sigurin\u00eb -<\/title>\n<meta name=\"robots\" content=\"index, follow, max-snippet:-1, max-image-preview:large, max-video-preview:-1\" \/>\n<link rel=\"canonical\" href=\"https:\/\/veritasinfo.org\/?p=16166\" \/>\n<meta property=\"og:locale\" content=\"en_US\" \/>\n<meta property=\"og:type\" content=\"article\" \/>\n<meta property=\"og:title\" content=\"Presidentes Osmani i ndahet \u00c7mimi p\u00ebr Grat\u00eb, Paqen dhe Sigurin\u00eb -\" \/>\n<meta property=\"og:description\" content=\"Prishtin\u00eb 13 Tetor 2025 Presidentja e\u00a0Kosov\u00ebs, Vjosa Osmani, \u00ebsht\u00eb nderuar sot me \u00c7mimin e Asambles\u00eb Parlamentare t\u00eb NATO-s p\u00ebr Grat\u00eb, Paqen dhe Sigurin\u00eb, nj\u00eb vler\u00ebsim\" \/>\n<meta property=\"og:url\" content=\"https:\/\/veritasinfo.org\/?p=16166\" \/>\n<meta property=\"article:published_time\" content=\"2025-10-13T13:16:12+00:00\" \/>\n<meta property=\"og:image\" content=\"https:\/\/veritasinfo.org\/wp-content\/uploads\/2025\/10\/706707-hrEqt2QRWY.jpg\" \/>\n\t<meta property=\"og:image:width\" content=\"780\" \/>\n\t<meta property=\"og:image:height\" content=\"500\" \/>\n\t<meta property=\"og:image:type\" content=\"image\/jpeg\" \/>\n<meta name=\"author\" content=\"US5\" \/>\n<meta name=\"twitter:card\" content=\"summary_large_image\" \/>\n<meta name=\"twitter:label1\" content=\"Written by\" \/>\n\t<meta name=\"twitter:data1\" content=\"US5\" \/>\n\t<meta name=\"twitter:label2\" content=\"Est. reading time\" \/>\n\t<meta name=\"twitter:data2\" content=\"2 minutes\" \/>\n<script type=\"application\/ld+json\" class=\"yoast-schema-graph\">{\"@context\":\"https:\/\/schema.org\",\"@graph\":[{\"@type\":\"WebPage\",\"@id\":\"https:\/\/veritasinfo.org\/?p=16166\",\"url\":\"https:\/\/veritasinfo.org\/?p=16166\",\"name\":\"Presidentes Osmani i ndahet \u00c7mimi p\u00ebr Grat\u00eb, Paqen dhe Sigurin\u00eb -\",\"isPartOf\":{\"@id\":\"https:\/\/veritasinfo.org\/#website\"},\"primaryImageOfPage\":{\"@id\":\"https:\/\/veritasinfo.org\/?p=16166#primaryimage\"},\"image\":{\"@id\":\"https:\/\/veritasinfo.org\/?p=16166#primaryimage\"},\"thumbnailUrl\":\"https:\/\/veritasinfo.org\/wp-content\/uploads\/2025\/10\/706707-hrEqt2QRWY.jpg\",\"datePublished\":\"2025-10-13T13:16:12+00:00\",\"author\":{\"@id\":\"https:\/\/veritasinfo.org\/#\/schema\/person\/bc442336e35414d04494ab8fb45db4c6\"},\"breadcrumb\":{\"@id\":\"https:\/\/veritasinfo.org\/?p=16166#breadcrumb\"},\"inLanguage\":\"en-US\",\"potentialAction\":[{\"@type\":\"ReadAction\",\"target\":[\"https:\/\/veritasinfo.org\/?p=16166\"]}]},{\"@type\":\"ImageObject\",\"inLanguage\":\"en-US\",\"@id\":\"https:\/\/veritasinfo.org\/?p=16166#primaryimage\",\"url\":\"https:\/\/veritasinfo.org\/wp-content\/uploads\/2025\/10\/706707-hrEqt2QRWY.jpg\",\"contentUrl\":\"https:\/\/veritasinfo.org\/wp-content\/uploads\/2025\/10\/706707-hrEqt2QRWY.jpg\",\"width\":780,\"height\":500},{\"@type\":\"BreadcrumbList\",\"@id\":\"https:\/\/veritasinfo.org\/?p=16166#breadcrumb\",\"itemListElement\":[{\"@type\":\"ListItem\",\"position\":1,\"name\":\"Home\",\"item\":\"https:\/\/veritasinfo.org\/\"},{\"@type\":\"ListItem\",\"position\":2,\"name\":\"Presidentes Osmani i ndahet \u00c7mimi p\u00ebr Grat\u00eb, Paqen dhe Sigurin\u00eb\"}]},{\"@type\":\"WebSite\",\"@id\":\"https:\/\/veritasinfo.org\/#website\",\"url\":\"https:\/\/veritasinfo.org\/\",\"name\":\"\",\"description\":\"\",\"potentialAction\":[{\"@type\":\"SearchAction\",\"target\":{\"@type\":\"EntryPoint\",\"urlTemplate\":\"https:\/\/veritasinfo.org\/?s={search_term_string}\"},\"query-input\":{\"@type\":\"PropertyValueSpecification\",\"valueRequired\":true,\"valueName\":\"search_term_string\"}}],\"inLanguage\":\"en-US\"},{\"@type\":\"Person\",\"@id\":\"https:\/\/veritasinfo.org\/#\/schema\/person\/bc442336e35414d04494ab8fb45db4c6\",\"name\":\"US5\",\"image\":{\"@type\":\"ImageObject\",\"inLanguage\":\"en-US\",\"@id\":\"https:\/\/veritasinfo.org\/#\/schema\/person\/image\/\",\"url\":\"https:\/\/secure.gravatar.com\/avatar\/16a61e7272a0c5d001121ebb9e60e925d5816e4ac1e443ed3e640d9a6ae55d0c?s=96&d=mm&r=g\",\"contentUrl\":\"https:\/\/secure.gravatar.com\/avatar\/16a61e7272a0c5d001121ebb9e60e925d5816e4ac1e443ed3e640d9a6ae55d0c?s=96&d=mm&r=g\",\"caption\":\"US5\"},\"url\":\"https:\/\/veritasinfo.org\/?author=6\"}]}<\/script>\n<!-- \/ Yoast SEO plugin. -->","yoast_head_json":{"title":"Presidentes Osmani i ndahet \u00c7mimi p\u00ebr Grat\u00eb, Paqen dhe Sigurin\u00eb -","robots":{"index":"index","follow":"follow","max-snippet":"max-snippet:-1","max-image-preview":"max-image-preview:large","max-video-preview":"max-video-preview:-1"},"canonical":"https:\/\/veritasinfo.org\/?p=16166","og_locale":"en_US","og_type":"article","og_title":"Presidentes Osmani i ndahet \u00c7mimi p\u00ebr Grat\u00eb, Paqen dhe Sigurin\u00eb -","og_description":"Prishtin\u00eb 13 Tetor 2025 Presidentja e\u00a0Kosov\u00ebs, Vjosa Osmani, \u00ebsht\u00eb nderuar sot me \u00c7mimin e Asambles\u00eb Parlamentare t\u00eb NATO-s p\u00ebr Grat\u00eb, Paqen dhe Sigurin\u00eb, nj\u00eb vler\u00ebsim","og_url":"https:\/\/veritasinfo.org\/?p=16166","article_published_time":"2025-10-13T13:16:12+00:00","og_image":[{"width":780,"height":500,"url":"https:\/\/veritasinfo.org\/wp-content\/uploads\/2025\/10\/706707-hrEqt2QRWY.jpg","type":"image\/jpeg"}],"author":"US5","twitter_card":"summary_large_image","twitter_misc":{"Written by":"US5","Est. reading time":"2 minutes"},"schema":{"@context":"https:\/\/schema.org","@graph":[{"@type":"WebPage","@id":"https:\/\/veritasinfo.org\/?p=16166","url":"https:\/\/veritasinfo.org\/?p=16166","name":"Presidentes Osmani i ndahet \u00c7mimi p\u00ebr Grat\u00eb, Paqen dhe Sigurin\u00eb -","isPartOf":{"@id":"https:\/\/veritasinfo.org\/#website"},"primaryImageOfPage":{"@id":"https:\/\/veritasinfo.org\/?p=16166#primaryimage"},"image":{"@id":"https:\/\/veritasinfo.org\/?p=16166#primaryimage"},"thumbnailUrl":"https:\/\/veritasinfo.org\/wp-content\/uploads\/2025\/10\/706707-hrEqt2QRWY.jpg","datePublished":"2025-10-13T13:16:12+00:00","author":{"@id":"https:\/\/veritasinfo.org\/#\/schema\/person\/bc442336e35414d04494ab8fb45db4c6"},"breadcrumb":{"@id":"https:\/\/veritasinfo.org\/?p=16166#breadcrumb"},"inLanguage":"en-US","potentialAction":[{"@type":"ReadAction","target":["https:\/\/veritasinfo.org\/?p=16166"]}]},{"@type":"ImageObject","inLanguage":"en-US","@id":"https:\/\/veritasinfo.org\/?p=16166#primaryimage","url":"https:\/\/veritasinfo.org\/wp-content\/uploads\/2025\/10\/706707-hrEqt2QRWY.jpg","contentUrl":"https:\/\/veritasinfo.org\/wp-content\/uploads\/2025\/10\/706707-hrEqt2QRWY.jpg","width":780,"height":500},{"@type":"BreadcrumbList","@id":"https:\/\/veritasinfo.org\/?p=16166#breadcrumb","itemListElement":[{"@type":"ListItem","position":1,"name":"Home","item":"https:\/\/veritasinfo.org\/"},{"@type":"ListItem","position":2,"name":"Presidentes Osmani i ndahet \u00c7mimi p\u00ebr Grat\u00eb, Paqen dhe Sigurin\u00eb"}]},{"@type":"WebSite","@id":"https:\/\/veritasinfo.org\/#website","url":"https:\/\/veritasinfo.org\/","name":"","description":"","potentialAction":[{"@type":"SearchAction","target":{"@type":"EntryPoint","urlTemplate":"https:\/\/veritasinfo.org\/?s={search_term_string}"},"query-input":{"@type":"PropertyValueSpecification","valueRequired":true,"valueName":"search_term_string"}}],"inLanguage":"en-US"},{"@type":"Person","@id":"https:\/\/veritasinfo.org\/#\/schema\/person\/bc442336e35414d04494ab8fb45db4c6","name":"US5","image":{"@type":"ImageObject","inLanguage":"en-US","@id":"https:\/\/veritasinfo.org\/#\/schema\/person\/image\/","url":"https:\/\/secure.gravatar.com\/avatar\/16a61e7272a0c5d001121ebb9e60e925d5816e4ac1e443ed3e640d9a6ae55d0c?s=96&d=mm&r=g","contentUrl":"https:\/\/secure.gravatar.com\/avatar\/16a61e7272a0c5d001121ebb9e60e925d5816e4ac1e443ed3e640d9a6ae55d0c?s=96&d=mm&r=g","caption":"US5"},"url":"https:\/\/veritasinfo.org\/?author=6"}]}},"featured_image_urls":{"full":["https:\/\/veritasinfo.org\/wp-content\/uploads\/2025\/10\/706707-hrEqt2QRWY.jpg",780,500,false],"thumbnail":["https:\/\/veritasinfo.org\/wp-content\/uploads\/2025\/10\/706707-hrEqt2QRWY-150x150.jpg",150,150,true],"medium":["https:\/\/veritasinfo.org\/wp-content\/uploads\/2025\/10\/706707-hrEqt2QRWY-300x192.jpg",300,192,true],"medium_large":["https:\/\/veritasinfo.org\/wp-content\/uploads\/2025\/10\/706707-hrEqt2QRWY-768x492.jpg",640,410,true],"large":["https:\/\/veritasinfo.org\/wp-content\/uploads\/2025\/10\/706707-hrEqt2QRWY.jpg",640,410,false],"1536x1536":["https:\/\/veritasinfo.org\/wp-content\/uploads\/2025\/10\/706707-hrEqt2QRWY.jpg",780,500,false],"2048x2048":["https:\/\/veritasinfo.org\/wp-content\/uploads\/2025\/10\/706707-hrEqt2QRWY.jpg",780,500,false],"kreeti-slider-full":["https:\/\/veritasinfo.org\/wp-content\/uploads\/2025\/10\/706707-hrEqt2QRWY.jpg",780,500,false],"kreeti-featured":["https:\/\/veritasinfo.org\/wp-content\/uploads\/2025\/10\/706707-hrEqt2QRWY.jpg",780,500,false],"kreeti-medium":["https:\/\/veritasinfo.org\/wp-content\/uploads\/2025\/10\/706707-hrEqt2QRWY.jpg",720,462,false],"kreeti-medium-square":["https:\/\/veritasinfo.org\/wp-content\/uploads\/2025\/10\/706707-hrEqt2QRWY.jpg",350,224,false]},"author_info":{"info":["US5"]},"category_info":"<a href=\"https:\/\/veritasinfo.org\/?cat=60\" rel=\"category\">Shoq\u00ebrore<\/a>","tag_info":"Shoq\u00ebrore","comment_count":"0","_links":{"self":[{"href":"https:\/\/veritasinfo.org\/index.php?rest_route=\/wp\/v2\/posts\/16166","targetHints":{"allow":["GET"]}}],"collection":[{"href":"https:\/\/veritasinfo.org\/index.php?rest_route=\/wp\/v2\/posts"}],"about":[{"href":"https:\/\/veritasinfo.org\/index.php?rest_route=\/wp\/v2\/types\/post"}],"author":[{"embeddable":true,"href":"https:\/\/veritasinfo.org\/index.php?rest_route=\/wp\/v2\/users\/6"}],"replies":[{"embeddable":true,"href":"https:\/\/veritasinfo.org\/index.php?rest_route=%2Fwp%2Fv2%2Fcomments&post=16166"}],"version-history":[{"count":1,"href":"https:\/\/veritasinfo.org\/index.php?rest_route=\/wp\/v2\/posts\/16166\/revisions"}],"predecessor-version":[{"id":16168,"href":"https:\/\/veritasinfo.org\/index.php?rest_route=\/wp\/v2\/posts\/16166\/revisions\/16168"}],"wp:featuredmedia":[{"embeddable":true,"href":"https:\/\/veritasinfo.org\/index.php?rest_route=\/wp\/v2\/media\/16167"}],"wp:attachment":[{"href":"https:\/\/veritasinfo.org\/index.php?rest_route=%2Fwp%2Fv2%2Fmedia&parent=16166"}],"wp:term":[{"taxonomy":"category","embeddable":true,"href":"https:\/\/veritasinfo.org\/index.php?rest_route=%2Fwp%2Fv2%2Fcategories&post=16166"},{"taxonomy":"post_tag","embeddable":true,"href":"https:\/\/veritasinfo.org\/index.php?rest_route=%2Fwp%2Fv2%2Ftags&post=16166"}],"curies":[{"name":"wp","href":"https:\/\/api.w.org\/{rel}","templated":true}]}}