{"id":1615,"date":"2025-06-26T09:00:16","date_gmt":"2025-06-26T07:00:16","guid":{"rendered":"https:\/\/veritasinfo.org\/?p=1615"},"modified":"2025-06-26T09:00:16","modified_gmt":"2025-06-26T07:00:16","slug":"uskoro-pocinje-izgradnja-dva-mosta-preko-reke-ibar","status":"publish","type":"post","link":"https:\/\/veritasinfo.org\/?p=1615&lang=sr","title":{"rendered":"Uskoro po\u010dinje izgradnja dva mosta preko reke Ibar"},"content":{"rendered":"<p><strong>Pri\u0161tina, 26 jun 2025<\/strong><\/p>\n<p>Dok je most na Ibru i dalje zatvoren za saobrac\u0301aj vozila uprkos tekuc\u0301im ispitivanju, vlada planira da izgradi jo\u0161 dva mosta, od kojih c\u0301e jedan biti izgra\u0111en u ovom delu, nekoliko metara od mosta na Ibru.<\/p>\n<p>Planirano je da se izgradnja mostova obavi na levoj i desnoj strani glavnog mosta preko Ibra, koji bi, prema vladinim re\u010dima, povezao Ju\u017enu i Severnu Mitrovicu sa ciljem olak\u0161avanja kretanja gra\u0111ana, integracije i razvoja dva dela grada.<\/p>\n<p>Vr\u0161ilac du\u017enosti zamenika ministra za infrastrukturu Hisen Durmi\u0161i, u kratkom odgovoru za RTV21, najavio je da c\u0301e izgradnja ovih mostova uskoro po\u010deti. \u201eU procesu smo, jo\u0161 se ne zna kada c\u0301e ta\u010dno po\u010deti izgradnja mostova, ali vrlo uskoro\u201c, rekao je Durmi\u0161i za RTV21.<\/p>\n","protected":false},"excerpt":{"rendered":"<p>Pri\u0161tina, 26 jun 2025 Dok je most na Ibru i dalje zatvoren za saobrac\u0301aj vozila uprkos tekuc\u0301im ispitivanju, vlada planira da izgradi jo\u0161 dva mosta,<\/p>\n","protected":false},"author":2,"featured_media":1613,"comment_status":"open","ping_status":"open","sticky":false,"template":"","format":"standard","meta":{"footnotes":""},"categories":[30],"tags":[],"class_list":["post-1615","post","type-post","status-publish","format-standard","has-post-thumbnail","hentry","category-drustvo"],"yoast_head":"<!-- This site is optimized with the Yoast SEO plugin v25.3.1 - https:\/\/yoast.com\/wordpress\/plugins\/seo\/ -->\n<title>Uskoro po\u010dinje izgradnja dva mosta preko reke Ibar -<\/title>\n<meta name=\"robots\" content=\"index, follow, max-snippet:-1, max-image-preview:large, max-video-preview:-1\" \/>\n<link rel=\"canonical\" href=\"https:\/\/veritasinfo.org\/?p=1615&lang=sr\" \/>\n<meta property=\"og:locale\" content=\"en_US\" \/>\n<meta property=\"og:type\" content=\"article\" \/>\n<meta property=\"og:title\" content=\"Uskoro po\u010dinje izgradnja dva mosta preko reke Ibar -\" \/>\n<meta property=\"og:description\" content=\"Pri\u0161tina, 26 jun 2025 Dok je most na Ibru i dalje zatvoren za saobrac\u0301aj vozila uprkos tekuc\u0301im ispitivanju, vlada planira da izgradi jo\u0161 dva mosta,\" \/>\n<meta property=\"og:url\" content=\"https:\/\/veritasinfo.org\/?p=1615&amp;lang=sr\" \/>\n<meta property=\"article:published_time\" content=\"2025-06-26T07:00:16+00:00\" \/>\n<meta property=\"og:image\" content=\"https:\/\/veritasinfo.org\/wp-content\/uploads\/2025\/06\/ura-iber.jpeg\" \/>\n\t<meta property=\"og:image:width\" content=\"250\" \/>\n\t<meta property=\"og:image:height\" content=\"187\" \/>\n\t<meta property=\"og:image:type\" content=\"image\/jpeg\" \/>\n<meta name=\"author\" content=\"US1\" \/>\n<meta name=\"twitter:card\" content=\"summary_large_image\" \/>\n<meta name=\"twitter:label1\" content=\"Written by\" \/>\n\t<meta name=\"twitter:data1\" content=\"US1\" \/>\n\t<meta name=\"twitter:label2\" content=\"Est. reading time\" \/>\n\t<meta name=\"twitter:data2\" content=\"1 minute\" \/>\n<script type=\"application\/ld+json\" class=\"yoast-schema-graph\">{\"@context\":\"https:\/\/schema.org\",\"@graph\":[{\"@type\":\"WebPage\",\"@id\":\"https:\/\/veritasinfo.org\/?p=1615&lang=sr\",\"url\":\"https:\/\/veritasinfo.org\/?p=1615&lang=sr\",\"name\":\"Uskoro po\u010dinje izgradnja dva mosta preko reke Ibar -\",\"isPartOf\":{\"@id\":\"https:\/\/veritasinfo.org\/#website\"},\"primaryImageOfPage\":{\"@id\":\"https:\/\/veritasinfo.org\/?p=1615&lang=sr#primaryimage\"},\"image\":{\"@id\":\"https:\/\/veritasinfo.org\/?p=1615&lang=sr#primaryimage\"},\"thumbnailUrl\":\"https:\/\/veritasinfo.org\/wp-content\/uploads\/2025\/06\/ura-iber.jpeg\",\"datePublished\":\"2025-06-26T07:00:16+00:00\",\"author\":{\"@id\":\"https:\/\/veritasinfo.org\/#\/schema\/person\/c2b8be262ea994d0995addca692c5e98\"},\"breadcrumb\":{\"@id\":\"https:\/\/veritasinfo.org\/?p=1615&lang=sr#breadcrumb\"},\"inLanguage\":\"en-US\",\"potentialAction\":[{\"@type\":\"ReadAction\",\"target\":[\"https:\/\/veritasinfo.org\/?p=1615&lang=sr\"]}]},{\"@type\":\"ImageObject\",\"inLanguage\":\"en-US\",\"@id\":\"https:\/\/veritasinfo.org\/?p=1615&lang=sr#primaryimage\",\"url\":\"https:\/\/veritasinfo.org\/wp-content\/uploads\/2025\/06\/ura-iber.jpeg\",\"contentUrl\":\"https:\/\/veritasinfo.org\/wp-content\/uploads\/2025\/06\/ura-iber.jpeg\",\"width\":250,\"height\":187},{\"@type\":\"BreadcrumbList\",\"@id\":\"https:\/\/veritasinfo.org\/?p=1615&lang=sr#breadcrumb\",\"itemListElement\":[{\"@type\":\"ListItem\",\"position\":1,\"name\":\"Home\",\"item\":\"https:\/\/veritasinfo.org\/\"},{\"@type\":\"ListItem\",\"position\":2,\"name\":\"Uskoro po\u010dinje izgradnja dva mosta preko reke Ibar\"}]},{\"@type\":\"WebSite\",\"@id\":\"https:\/\/veritasinfo.org\/#website\",\"url\":\"https:\/\/veritasinfo.org\/\",\"name\":\"\",\"description\":\"\",\"potentialAction\":[{\"@type\":\"SearchAction\",\"target\":{\"@type\":\"EntryPoint\",\"urlTemplate\":\"https:\/\/veritasinfo.org\/?s={search_term_string}\"},\"query-input\":{\"@type\":\"PropertyValueSpecification\",\"valueRequired\":true,\"valueName\":\"search_term_string\"}}],\"inLanguage\":\"en-US\"},{\"@type\":\"Person\",\"@id\":\"https:\/\/veritasinfo.org\/#\/schema\/person\/c2b8be262ea994d0995addca692c5e98\",\"name\":\"US1\",\"image\":{\"@type\":\"ImageObject\",\"inLanguage\":\"en-US\",\"@id\":\"https:\/\/veritasinfo.org\/#\/schema\/person\/image\/\",\"url\":\"https:\/\/secure.gravatar.com\/avatar\/4e96a59bd256abf9956eb9963ac891a47461ffb364d47b0e9aab113328fdb75b?s=96&d=mm&r=g\",\"contentUrl\":\"https:\/\/secure.gravatar.com\/avatar\/4e96a59bd256abf9956eb9963ac891a47461ffb364d47b0e9aab113328fdb75b?s=96&d=mm&r=g\",\"caption\":\"US1\"},\"url\":\"https:\/\/veritasinfo.org\/?author=2\"}]}<\/script>\n<!-- \/ Yoast SEO plugin. -->","yoast_head_json":{"title":"Uskoro po\u010dinje izgradnja dva mosta preko reke Ibar -","robots":{"index":"index","follow":"follow","max-snippet":"max-snippet:-1","max-image-preview":"max-image-preview:large","max-video-preview":"max-video-preview:-1"},"canonical":"https:\/\/veritasinfo.org\/?p=1615&lang=sr","og_locale":"en_US","og_type":"article","og_title":"Uskoro po\u010dinje izgradnja dva mosta preko reke Ibar -","og_description":"Pri\u0161tina, 26 jun 2025 Dok je most na Ibru i dalje zatvoren za saobrac\u0301aj vozila uprkos tekuc\u0301im ispitivanju, vlada planira da izgradi jo\u0161 dva mosta,","og_url":"https:\/\/veritasinfo.org\/?p=1615&lang=sr","article_published_time":"2025-06-26T07:00:16+00:00","og_image":[{"width":250,"height":187,"url":"https:\/\/veritasinfo.org\/wp-content\/uploads\/2025\/06\/ura-iber.jpeg","type":"image\/jpeg"}],"author":"US1","twitter_card":"summary_large_image","twitter_misc":{"Written by":"US1","Est. reading time":"1 minute"},"schema":{"@context":"https:\/\/schema.org","@graph":[{"@type":"WebPage","@id":"https:\/\/veritasinfo.org\/?p=1615&lang=sr","url":"https:\/\/veritasinfo.org\/?p=1615&lang=sr","name":"Uskoro po\u010dinje izgradnja dva mosta preko reke Ibar -","isPartOf":{"@id":"https:\/\/veritasinfo.org\/#website"},"primaryImageOfPage":{"@id":"https:\/\/veritasinfo.org\/?p=1615&lang=sr#primaryimage"},"image":{"@id":"https:\/\/veritasinfo.org\/?p=1615&lang=sr#primaryimage"},"thumbnailUrl":"https:\/\/veritasinfo.org\/wp-content\/uploads\/2025\/06\/ura-iber.jpeg","datePublished":"2025-06-26T07:00:16+00:00","author":{"@id":"https:\/\/veritasinfo.org\/#\/schema\/person\/c2b8be262ea994d0995addca692c5e98"},"breadcrumb":{"@id":"https:\/\/veritasinfo.org\/?p=1615&lang=sr#breadcrumb"},"inLanguage":"en-US","potentialAction":[{"@type":"ReadAction","target":["https:\/\/veritasinfo.org\/?p=1615&lang=sr"]}]},{"@type":"ImageObject","inLanguage":"en-US","@id":"https:\/\/veritasinfo.org\/?p=1615&lang=sr#primaryimage","url":"https:\/\/veritasinfo.org\/wp-content\/uploads\/2025\/06\/ura-iber.jpeg","contentUrl":"https:\/\/veritasinfo.org\/wp-content\/uploads\/2025\/06\/ura-iber.jpeg","width":250,"height":187},{"@type":"BreadcrumbList","@id":"https:\/\/veritasinfo.org\/?p=1615&lang=sr#breadcrumb","itemListElement":[{"@type":"ListItem","position":1,"name":"Home","item":"https:\/\/veritasinfo.org\/"},{"@type":"ListItem","position":2,"name":"Uskoro po\u010dinje izgradnja dva mosta preko reke Ibar"}]},{"@type":"WebSite","@id":"https:\/\/veritasinfo.org\/#website","url":"https:\/\/veritasinfo.org\/","name":"","description":"","potentialAction":[{"@type":"SearchAction","target":{"@type":"EntryPoint","urlTemplate":"https:\/\/veritasinfo.org\/?s={search_term_string}"},"query-input":{"@type":"PropertyValueSpecification","valueRequired":true,"valueName":"search_term_string"}}],"inLanguage":"en-US"},{"@type":"Person","@id":"https:\/\/veritasinfo.org\/#\/schema\/person\/c2b8be262ea994d0995addca692c5e98","name":"US1","image":{"@type":"ImageObject","inLanguage":"en-US","@id":"https:\/\/veritasinfo.org\/#\/schema\/person\/image\/","url":"https:\/\/secure.gravatar.com\/avatar\/4e96a59bd256abf9956eb9963ac891a47461ffb364d47b0e9aab113328fdb75b?s=96&d=mm&r=g","contentUrl":"https:\/\/secure.gravatar.com\/avatar\/4e96a59bd256abf9956eb9963ac891a47461ffb364d47b0e9aab113328fdb75b?s=96&d=mm&r=g","caption":"US1"},"url":"https:\/\/veritasinfo.org\/?author=2"}]}},"featured_image_urls":{"full":["https:\/\/veritasinfo.org\/wp-content\/uploads\/2025\/06\/ura-iber.jpeg",250,187,false],"thumbnail":["https:\/\/veritasinfo.org\/wp-content\/uploads\/2025\/06\/ura-iber-150x150.jpeg",150,150,true],"medium":["https:\/\/veritasinfo.org\/wp-content\/uploads\/2025\/06\/ura-iber.jpeg",250,187,false],"medium_large":["https:\/\/veritasinfo.org\/wp-content\/uploads\/2025\/06\/ura-iber.jpeg",250,187,false],"large":["https:\/\/veritasinfo.org\/wp-content\/uploads\/2025\/06\/ura-iber.jpeg",250,187,false],"1536x1536":["https:\/\/veritasinfo.org\/wp-content\/uploads\/2025\/06\/ura-iber.jpeg",250,187,false],"2048x2048":["https:\/\/veritasinfo.org\/wp-content\/uploads\/2025\/06\/ura-iber.jpeg",250,187,false],"kreeti-slider-full":["https:\/\/veritasinfo.org\/wp-content\/uploads\/2025\/06\/ura-iber.jpeg",250,187,false],"kreeti-featured":["https:\/\/veritasinfo.org\/wp-content\/uploads\/2025\/06\/ura-iber.jpeg",250,187,false],"kreeti-medium":["https:\/\/veritasinfo.org\/wp-content\/uploads\/2025\/06\/ura-iber.jpeg",250,187,false],"kreeti-medium-square":["https:\/\/veritasinfo.org\/wp-content\/uploads\/2025\/06\/ura-iber.jpeg",250,187,false]},"author_info":{"info":["US1"]},"category_info":"<a href=\"https:\/\/veritasinfo.org\/?cat=30&#038;lang=sr\" rel=\"category\">Dru\u0161tvo<\/a>","tag_info":"Dru\u0161tvo","comment_count":"0","_links":{"self":[{"href":"https:\/\/veritasinfo.org\/index.php?rest_route=\/wp\/v2\/posts\/1615","targetHints":{"allow":["GET"]}}],"collection":[{"href":"https:\/\/veritasinfo.org\/index.php?rest_route=\/wp\/v2\/posts"}],"about":[{"href":"https:\/\/veritasinfo.org\/index.php?rest_route=\/wp\/v2\/types\/post"}],"author":[{"embeddable":true,"href":"https:\/\/veritasinfo.org\/index.php?rest_route=\/wp\/v2\/users\/2"}],"replies":[{"embeddable":true,"href":"https:\/\/veritasinfo.org\/index.php?rest_route=%2Fwp%2Fv2%2Fcomments&post=1615"}],"version-history":[{"count":1,"href":"https:\/\/veritasinfo.org\/index.php?rest_route=\/wp\/v2\/posts\/1615\/revisions"}],"predecessor-version":[{"id":1616,"href":"https:\/\/veritasinfo.org\/index.php?rest_route=\/wp\/v2\/posts\/1615\/revisions\/1616"}],"wp:featuredmedia":[{"embeddable":true,"href":"https:\/\/veritasinfo.org\/index.php?rest_route=\/wp\/v2\/media\/1613"}],"wp:attachment":[{"href":"https:\/\/veritasinfo.org\/index.php?rest_route=%2Fwp%2Fv2%2Fmedia&parent=1615"}],"wp:term":[{"taxonomy":"category","embeddable":true,"href":"https:\/\/veritasinfo.org\/index.php?rest_route=%2Fwp%2Fv2%2Fcategories&post=1615"},{"taxonomy":"post_tag","embeddable":true,"href":"https:\/\/veritasinfo.org\/index.php?rest_route=%2Fwp%2Fv2%2Ftags&post=1615"}],"curies":[{"name":"wp","href":"https:\/\/api.w.org\/{rel}","templated":true}]}}