{"id":16143,"date":"2025-10-13T11:04:40","date_gmt":"2025-10-13T09:04:40","guid":{"rendered":"https:\/\/veritasinfo.org\/?p=16143"},"modified":"2025-10-13T11:04:40","modified_gmt":"2025-10-13T09:04:40","slug":"kurti-kete-jave-do-te-fillojme-bisedimet-per-formimin-e-qeverise-se-re","status":"publish","type":"post","link":"https:\/\/veritasinfo.org\/?p=16143","title":{"rendered":"Kurti: K\u00ebt\u00eb jav\u00eb do t\u00eb fillojm\u00eb bisedimet p\u00ebr formimin e qeveris\u00eb s\u00eb re"},"content":{"rendered":"<p>Prishtin\u00eb 13 Tetor 2025<\/p>\n<p>Kryeministri n\u00eb detyr\u00eb, Albin Kurti, ka njoftuar se k\u00ebt\u00eb jav\u00eb do t\u00eb filloj\u00eb bisedimet me partit\u00eb e tjera p\u00ebr formimin e qeveris\u00eb s\u00eb re.<\/p>\n<p>N\u00eb nj\u00eb konferenc\u00eb p\u00ebr media, Kurti ka theksuar se afati p\u00ebr t\u00eb paraqitur kabinetin e ri qeveritar \u00ebsht\u00eb 26 tetori.<\/p>\n<p>\u201cDita e fundit kur mund t\u00eb mbahet seanca e Kuvendit, ku un\u00eb do t\u00eb prezantoj kabinetin e ri qeveritar, \u00ebsht\u00eb 26 tetori. K\u00ebto dit\u00eb jemi t\u00eb p\u00ebrqendruar maksimalisht n\u00eb analiz\u00ebn gjithp\u00ebrfshir\u00ebse dhe t\u00eb holl\u00ebsishme t\u00eb rezultateve t\u00eb zgjedhjeve lokale, por shum\u00eb shpejt, q\u00eb n\u00eb k\u00ebt\u00eb jav\u00eb, do t\u00eb fillojm\u00eb komunikimin dhe bisedimet edhe p\u00ebr qeverin\u00eb qendrore. Kosova ka nevoj\u00eb p\u00ebr nj\u00eb mandat t\u00eb ri t\u00eb qeveris\u00eb son\u00eb dhe neve na duhet nj\u00eb mandat i ri, n\u00eb p\u00ebrputhje me rezultatin e 9 shkurtit t\u00eb k\u00ebtij viti,\u201d ka deklaruar Kurti.<\/p>\n","protected":false},"excerpt":{"rendered":"<p>Prishtin\u00eb 13 Tetor 2025 Kryeministri n\u00eb detyr\u00eb, Albin Kurti, ka njoftuar se k\u00ebt\u00eb jav\u00eb do t\u00eb filloj\u00eb bisedimet me partit\u00eb e tjera p\u00ebr formimin e<\/p>\n","protected":false},"author":6,"featured_media":16144,"comment_status":"open","ping_status":"open","sticky":false,"template":"","format":"standard","meta":{"footnotes":""},"categories":[60],"tags":[],"class_list":["post-16143","post","type-post","status-publish","format-standard","has-post-thumbnail","hentry","category-shoqerore-sq"],"yoast_head":"<!-- This site is optimized with the Yoast SEO plugin v25.3.1 - https:\/\/yoast.com\/wordpress\/plugins\/seo\/ -->\n<title>Kurti: K\u00ebt\u00eb jav\u00eb do t\u00eb fillojm\u00eb bisedimet p\u00ebr formimin e qeveris\u00eb s\u00eb re -<\/title>\n<meta name=\"robots\" content=\"index, follow, max-snippet:-1, max-image-preview:large, max-video-preview:-1\" \/>\n<link rel=\"canonical\" href=\"https:\/\/veritasinfo.org\/?p=16143\" \/>\n<meta property=\"og:locale\" content=\"en_US\" \/>\n<meta property=\"og:type\" content=\"article\" \/>\n<meta property=\"og:title\" content=\"Kurti: K\u00ebt\u00eb jav\u00eb do t\u00eb fillojm\u00eb bisedimet p\u00ebr formimin e qeveris\u00eb s\u00eb re -\" \/>\n<meta property=\"og:description\" content=\"Prishtin\u00eb 13 Tetor 2025 Kryeministri n\u00eb detyr\u00eb, Albin Kurti, ka njoftuar se k\u00ebt\u00eb jav\u00eb do t\u00eb filloj\u00eb bisedimet me partit\u00eb e tjera p\u00ebr formimin e\" \/>\n<meta property=\"og:url\" content=\"https:\/\/veritasinfo.org\/?p=16143\" \/>\n<meta property=\"article:published_time\" content=\"2025-10-13T09:04:40+00:00\" \/>\n<meta property=\"og:image\" content=\"https:\/\/veritasinfo.org\/wp-content\/uploads\/2025\/10\/Imazh-i-WhatsApp-2025-10-13-ne-11.04.21_83a837f2.jpg\" \/>\n\t<meta property=\"og:image:width\" content=\"1140\" \/>\n\t<meta property=\"og:image:height\" content=\"569\" \/>\n\t<meta property=\"og:image:type\" content=\"image\/jpeg\" \/>\n<meta name=\"author\" content=\"US5\" \/>\n<meta name=\"twitter:card\" content=\"summary_large_image\" \/>\n<meta name=\"twitter:label1\" content=\"Written by\" \/>\n\t<meta name=\"twitter:data1\" content=\"US5\" \/>\n\t<meta name=\"twitter:label2\" content=\"Est. reading time\" \/>\n\t<meta name=\"twitter:data2\" content=\"1 minute\" \/>\n<script type=\"application\/ld+json\" class=\"yoast-schema-graph\">{\"@context\":\"https:\/\/schema.org\",\"@graph\":[{\"@type\":\"WebPage\",\"@id\":\"https:\/\/veritasinfo.org\/?p=16143\",\"url\":\"https:\/\/veritasinfo.org\/?p=16143\",\"name\":\"Kurti: K\u00ebt\u00eb jav\u00eb do t\u00eb fillojm\u00eb bisedimet p\u00ebr formimin e qeveris\u00eb s\u00eb re -\",\"isPartOf\":{\"@id\":\"https:\/\/veritasinfo.org\/#website\"},\"primaryImageOfPage\":{\"@id\":\"https:\/\/veritasinfo.org\/?p=16143#primaryimage\"},\"image\":{\"@id\":\"https:\/\/veritasinfo.org\/?p=16143#primaryimage\"},\"thumbnailUrl\":\"https:\/\/veritasinfo.org\/wp-content\/uploads\/2025\/10\/Imazh-i-WhatsApp-2025-10-13-ne-11.04.21_83a837f2.jpg\",\"datePublished\":\"2025-10-13T09:04:40+00:00\",\"author\":{\"@id\":\"https:\/\/veritasinfo.org\/#\/schema\/person\/bc442336e35414d04494ab8fb45db4c6\"},\"breadcrumb\":{\"@id\":\"https:\/\/veritasinfo.org\/?p=16143#breadcrumb\"},\"inLanguage\":\"en-US\",\"potentialAction\":[{\"@type\":\"ReadAction\",\"target\":[\"https:\/\/veritasinfo.org\/?p=16143\"]}]},{\"@type\":\"ImageObject\",\"inLanguage\":\"en-US\",\"@id\":\"https:\/\/veritasinfo.org\/?p=16143#primaryimage\",\"url\":\"https:\/\/veritasinfo.org\/wp-content\/uploads\/2025\/10\/Imazh-i-WhatsApp-2025-10-13-ne-11.04.21_83a837f2.jpg\",\"contentUrl\":\"https:\/\/veritasinfo.org\/wp-content\/uploads\/2025\/10\/Imazh-i-WhatsApp-2025-10-13-ne-11.04.21_83a837f2.jpg\",\"width\":1140,\"height\":569},{\"@type\":\"BreadcrumbList\",\"@id\":\"https:\/\/veritasinfo.org\/?p=16143#breadcrumb\",\"itemListElement\":[{\"@type\":\"ListItem\",\"position\":1,\"name\":\"Home\",\"item\":\"https:\/\/veritasinfo.org\/\"},{\"@type\":\"ListItem\",\"position\":2,\"name\":\"Kurti: K\u00ebt\u00eb jav\u00eb do t\u00eb fillojm\u00eb bisedimet p\u00ebr formimin e qeveris\u00eb s\u00eb re\"}]},{\"@type\":\"WebSite\",\"@id\":\"https:\/\/veritasinfo.org\/#website\",\"url\":\"https:\/\/veritasinfo.org\/\",\"name\":\"\",\"description\":\"\",\"potentialAction\":[{\"@type\":\"SearchAction\",\"target\":{\"@type\":\"EntryPoint\",\"urlTemplate\":\"https:\/\/veritasinfo.org\/?s={search_term_string}\"},\"query-input\":{\"@type\":\"PropertyValueSpecification\",\"valueRequired\":true,\"valueName\":\"search_term_string\"}}],\"inLanguage\":\"en-US\"},{\"@type\":\"Person\",\"@id\":\"https:\/\/veritasinfo.org\/#\/schema\/person\/bc442336e35414d04494ab8fb45db4c6\",\"name\":\"US5\",\"image\":{\"@type\":\"ImageObject\",\"inLanguage\":\"en-US\",\"@id\":\"https:\/\/veritasinfo.org\/#\/schema\/person\/image\/\",\"url\":\"https:\/\/secure.gravatar.com\/avatar\/16a61e7272a0c5d001121ebb9e60e925d5816e4ac1e443ed3e640d9a6ae55d0c?s=96&d=mm&r=g\",\"contentUrl\":\"https:\/\/secure.gravatar.com\/avatar\/16a61e7272a0c5d001121ebb9e60e925d5816e4ac1e443ed3e640d9a6ae55d0c?s=96&d=mm&r=g\",\"caption\":\"US5\"},\"url\":\"https:\/\/veritasinfo.org\/?author=6\"}]}<\/script>\n<!-- \/ Yoast SEO plugin. -->","yoast_head_json":{"title":"Kurti: K\u00ebt\u00eb jav\u00eb do t\u00eb fillojm\u00eb bisedimet p\u00ebr formimin e qeveris\u00eb s\u00eb re -","robots":{"index":"index","follow":"follow","max-snippet":"max-snippet:-1","max-image-preview":"max-image-preview:large","max-video-preview":"max-video-preview:-1"},"canonical":"https:\/\/veritasinfo.org\/?p=16143","og_locale":"en_US","og_type":"article","og_title":"Kurti: K\u00ebt\u00eb jav\u00eb do t\u00eb fillojm\u00eb bisedimet p\u00ebr formimin e qeveris\u00eb s\u00eb re -","og_description":"Prishtin\u00eb 13 Tetor 2025 Kryeministri n\u00eb detyr\u00eb, Albin Kurti, ka njoftuar se k\u00ebt\u00eb jav\u00eb do t\u00eb filloj\u00eb bisedimet me partit\u00eb e tjera p\u00ebr formimin e","og_url":"https:\/\/veritasinfo.org\/?p=16143","article_published_time":"2025-10-13T09:04:40+00:00","og_image":[{"width":1140,"height":569,"url":"https:\/\/veritasinfo.org\/wp-content\/uploads\/2025\/10\/Imazh-i-WhatsApp-2025-10-13-ne-11.04.21_83a837f2.jpg","type":"image\/jpeg"}],"author":"US5","twitter_card":"summary_large_image","twitter_misc":{"Written by":"US5","Est. reading time":"1 minute"},"schema":{"@context":"https:\/\/schema.org","@graph":[{"@type":"WebPage","@id":"https:\/\/veritasinfo.org\/?p=16143","url":"https:\/\/veritasinfo.org\/?p=16143","name":"Kurti: K\u00ebt\u00eb jav\u00eb do t\u00eb fillojm\u00eb bisedimet p\u00ebr formimin e qeveris\u00eb s\u00eb re -","isPartOf":{"@id":"https:\/\/veritasinfo.org\/#website"},"primaryImageOfPage":{"@id":"https:\/\/veritasinfo.org\/?p=16143#primaryimage"},"image":{"@id":"https:\/\/veritasinfo.org\/?p=16143#primaryimage"},"thumbnailUrl":"https:\/\/veritasinfo.org\/wp-content\/uploads\/2025\/10\/Imazh-i-WhatsApp-2025-10-13-ne-11.04.21_83a837f2.jpg","datePublished":"2025-10-13T09:04:40+00:00","author":{"@id":"https:\/\/veritasinfo.org\/#\/schema\/person\/bc442336e35414d04494ab8fb45db4c6"},"breadcrumb":{"@id":"https:\/\/veritasinfo.org\/?p=16143#breadcrumb"},"inLanguage":"en-US","potentialAction":[{"@type":"ReadAction","target":["https:\/\/veritasinfo.org\/?p=16143"]}]},{"@type":"ImageObject","inLanguage":"en-US","@id":"https:\/\/veritasinfo.org\/?p=16143#primaryimage","url":"https:\/\/veritasinfo.org\/wp-content\/uploads\/2025\/10\/Imazh-i-WhatsApp-2025-10-13-ne-11.04.21_83a837f2.jpg","contentUrl":"https:\/\/veritasinfo.org\/wp-content\/uploads\/2025\/10\/Imazh-i-WhatsApp-2025-10-13-ne-11.04.21_83a837f2.jpg","width":1140,"height":569},{"@type":"BreadcrumbList","@id":"https:\/\/veritasinfo.org\/?p=16143#breadcrumb","itemListElement":[{"@type":"ListItem","position":1,"name":"Home","item":"https:\/\/veritasinfo.org\/"},{"@type":"ListItem","position":2,"name":"Kurti: K\u00ebt\u00eb jav\u00eb do t\u00eb fillojm\u00eb bisedimet p\u00ebr formimin e qeveris\u00eb s\u00eb re"}]},{"@type":"WebSite","@id":"https:\/\/veritasinfo.org\/#website","url":"https:\/\/veritasinfo.org\/","name":"","description":"","potentialAction":[{"@type":"SearchAction","target":{"@type":"EntryPoint","urlTemplate":"https:\/\/veritasinfo.org\/?s={search_term_string}"},"query-input":{"@type":"PropertyValueSpecification","valueRequired":true,"valueName":"search_term_string"}}],"inLanguage":"en-US"},{"@type":"Person","@id":"https:\/\/veritasinfo.org\/#\/schema\/person\/bc442336e35414d04494ab8fb45db4c6","name":"US5","image":{"@type":"ImageObject","inLanguage":"en-US","@id":"https:\/\/veritasinfo.org\/#\/schema\/person\/image\/","url":"https:\/\/secure.gravatar.com\/avatar\/16a61e7272a0c5d001121ebb9e60e925d5816e4ac1e443ed3e640d9a6ae55d0c?s=96&d=mm&r=g","contentUrl":"https:\/\/secure.gravatar.com\/avatar\/16a61e7272a0c5d001121ebb9e60e925d5816e4ac1e443ed3e640d9a6ae55d0c?s=96&d=mm&r=g","caption":"US5"},"url":"https:\/\/veritasinfo.org\/?author=6"}]}},"featured_image_urls":{"full":["https:\/\/veritasinfo.org\/wp-content\/uploads\/2025\/10\/Imazh-i-WhatsApp-2025-10-13-ne-11.04.21_83a837f2.jpg",1140,569,false],"thumbnail":["https:\/\/veritasinfo.org\/wp-content\/uploads\/2025\/10\/Imazh-i-WhatsApp-2025-10-13-ne-11.04.21_83a837f2-150x150.jpg",150,150,true],"medium":["https:\/\/veritasinfo.org\/wp-content\/uploads\/2025\/10\/Imazh-i-WhatsApp-2025-10-13-ne-11.04.21_83a837f2-300x150.jpg",300,150,true],"medium_large":["https:\/\/veritasinfo.org\/wp-content\/uploads\/2025\/10\/Imazh-i-WhatsApp-2025-10-13-ne-11.04.21_83a837f2-768x383.jpg",640,319,true],"large":["https:\/\/veritasinfo.org\/wp-content\/uploads\/2025\/10\/Imazh-i-WhatsApp-2025-10-13-ne-11.04.21_83a837f2-1024x511.jpg",640,319,true],"1536x1536":["https:\/\/veritasinfo.org\/wp-content\/uploads\/2025\/10\/Imazh-i-WhatsApp-2025-10-13-ne-11.04.21_83a837f2.jpg",1140,569,false],"2048x2048":["https:\/\/veritasinfo.org\/wp-content\/uploads\/2025\/10\/Imazh-i-WhatsApp-2025-10-13-ne-11.04.21_83a837f2.jpg",1140,569,false],"kreeti-slider-full":["https:\/\/veritasinfo.org\/wp-content\/uploads\/2025\/10\/Imazh-i-WhatsApp-2025-10-13-ne-11.04.21_83a837f2.jpg",1140,569,false],"kreeti-featured":["https:\/\/veritasinfo.org\/wp-content\/uploads\/2025\/10\/Imazh-i-WhatsApp-2025-10-13-ne-11.04.21_83a837f2.jpg",1024,511,false],"kreeti-medium":["https:\/\/veritasinfo.org\/wp-content\/uploads\/2025\/10\/Imazh-i-WhatsApp-2025-10-13-ne-11.04.21_83a837f2.jpg",720,359,false],"kreeti-medium-square":["https:\/\/veritasinfo.org\/wp-content\/uploads\/2025\/10\/Imazh-i-WhatsApp-2025-10-13-ne-11.04.21_83a837f2.jpg",350,175,false]},"author_info":{"info":["US5"]},"category_info":"<a href=\"https:\/\/veritasinfo.org\/?cat=60\" rel=\"category\">Shoq\u00ebrore<\/a>","tag_info":"Shoq\u00ebrore","comment_count":"0","_links":{"self":[{"href":"https:\/\/veritasinfo.org\/index.php?rest_route=\/wp\/v2\/posts\/16143","targetHints":{"allow":["GET"]}}],"collection":[{"href":"https:\/\/veritasinfo.org\/index.php?rest_route=\/wp\/v2\/posts"}],"about":[{"href":"https:\/\/veritasinfo.org\/index.php?rest_route=\/wp\/v2\/types\/post"}],"author":[{"embeddable":true,"href":"https:\/\/veritasinfo.org\/index.php?rest_route=\/wp\/v2\/users\/6"}],"replies":[{"embeddable":true,"href":"https:\/\/veritasinfo.org\/index.php?rest_route=%2Fwp%2Fv2%2Fcomments&post=16143"}],"version-history":[{"count":1,"href":"https:\/\/veritasinfo.org\/index.php?rest_route=\/wp\/v2\/posts\/16143\/revisions"}],"predecessor-version":[{"id":16145,"href":"https:\/\/veritasinfo.org\/index.php?rest_route=\/wp\/v2\/posts\/16143\/revisions\/16145"}],"wp:featuredmedia":[{"embeddable":true,"href":"https:\/\/veritasinfo.org\/index.php?rest_route=\/wp\/v2\/media\/16144"}],"wp:attachment":[{"href":"https:\/\/veritasinfo.org\/index.php?rest_route=%2Fwp%2Fv2%2Fmedia&parent=16143"}],"wp:term":[{"taxonomy":"category","embeddable":true,"href":"https:\/\/veritasinfo.org\/index.php?rest_route=%2Fwp%2Fv2%2Fcategories&post=16143"},{"taxonomy":"post_tag","embeddable":true,"href":"https:\/\/veritasinfo.org\/index.php?rest_route=%2Fwp%2Fv2%2Ftags&post=16143"}],"curies":[{"name":"wp","href":"https:\/\/api.w.org\/{rel}","templated":true}]}}