{"id":16135,"date":"2025-10-13T10:55:40","date_gmt":"2025-10-13T08:55:40","guid":{"rendered":"https:\/\/veritasinfo.org\/?p=16135"},"modified":"2025-10-13T11:00:37","modified_gmt":"2025-10-13T09:00:37","slug":"kurti-exit-poll-etper-mitrovicen-e-jugut-duhet-te-hetohen-ftoj-organet-qe-te-merren-me-ceshtjen","status":"publish","type":"post","link":"https:\/\/veritasinfo.org\/?p=16135","title":{"rendered":"Kurti: \u2018Exit poll-et\u2019p\u00ebr Mitrovic\u00ebn e Jugut duhet t\u00eb hetohen \u2013 Ftoj organet q\u00eb t\u00eb merren me \u00e7\u00ebshtjen"},"content":{"rendered":"<p>Mitrovic\u00eb e Jugut 13 Tetor 2025<\/p>\n<p>Kryeministri n\u00eb detyr\u00eb dhe kryetar i L\u00ebvizjes Vet\u00ebvendosje, Albin Kurti, ka deklaruar se raportimet e djeshme p\u00ebr komun\u00ebn e Mitrovic\u00ebs s\u00eb Jugut lidhur me rezultatet zgjedhore duhet t\u00eb hetohen. Sipas tij, n\u00eb exit poll-t e prezantuara dhe n\u00eb raportimet p\u00ebr fituesit para mbylljes s\u00eb vendvotimeve, nuk b\u00ebhet fjal\u00eb p\u00ebr gabime, por p\u00ebr nd\u00ebrhyrje flagrante n\u00eb procesin zgjedhor.<\/p>\n<p>N\u00eb nj\u00eb konferenc\u00eb p\u00ebr media t\u00eb mbajtur t\u00eb h\u00ebn\u00ebn, Kurti ka k\u00ebrkuar q\u00eb organet e siguris\u00eb dhe t\u00eb drejt\u00ebsis\u00eb t\u00eb merren me k\u00ebt\u00eb \u00e7\u00ebshtje. Ai ka theksuar se veprimet e tilla jan\u00eb nj\u00eb k\u00ebrc\u00ebnim p\u00ebr demokracin\u00eb dhe zgjedhjet e lira.<\/p>\n<p>\u201cAjo q\u00eb ndodhi m\u00eb 12 tetor rreth raportimeve p\u00ebr Mitrovic\u00ebn duhet t\u00eb hetohet dhe hulumtohet. Nuk b\u00ebhet fjal\u00eb vet\u00ebm p\u00ebr gabime, por p\u00ebr nj\u00eb inxhinierim t\u00eb paramenduar, p\u00ebr nd\u00ebrhyrje flagrante n\u00eb procesin zgjedhor. Exit poll-t e prezantuara gabimisht, me 16% dallim dhe m\u00eb shum\u00eb se nj\u00eb organizat\u00eb q\u00eb ka raportuar t\u00eb nj\u00ebjt\u00ebn komun\u00eb, si dhe postimi i lajmeve t\u00eb rreme p\u00ebr fituesin, ende pa u mbyllur vendvotimet, nuk jan\u00eb thjesht gabime. Ato jan\u00eb cenim i demokracis\u00eb, i zgjedhjeve t\u00eb lira dhe i integritetit dhe siguris\u00eb s\u00eb shtetit ton\u00eb,\u201d ka deklaruar Kurti.<\/p>\n<p>Kurti gjithashtu ka theksuar se, sipas tij, k\u00ebto veprime jan\u00eb t\u00eb papranueshme dhe k\u00ebrkon q\u00eb t\u00eb gjitha organet p\u00ebrgjegj\u00ebse t\u00eb marrin masa t\u00eb menj\u00ebhershme.<\/p>\n<p>\u201cI ftoj organet e siguris\u00eb dhe drejt\u00ebsis\u00eb t\u00eb merren me k\u00ebt\u00eb \u00e7\u00ebshtje,\u201d shtoi ai.<\/p>\n<p>N\u00eb lidhje me procesin zgjedhor, Kurti ka th\u00ebn\u00eb se VV-ja ka fituar pa balotazh n\u00eb disa komuna, p\u00ebrfshir\u00eb Podujev\u00ebn, Kamenic\u00ebn dhe Shtimen, dhe se me votat e diaspor\u00ebs mund t\u00eb ket\u00eb fituar gjithashtu edhe n\u00eb Gjilan. Ai ka theksuar se L\u00ebvizja Vet\u00ebvendosje \u00ebsht\u00eb n\u00eb balotazh n\u00eb 12 nga 17 komunat q\u00eb kan\u00eb kaluar n\u00eb k\u00ebt\u00eb faz\u00eb.<\/p>\n<p>\u201cDeri tani, VV-ja \u00ebsht\u00eb e para n\u00eb k\u00ebto zgjedhje, dhe jemi n\u00eb balotazh n\u00eb shumic\u00ebn e komunave. Kjo tregon se l\u00ebvizja jon\u00eb po rritet dhe po konsolidohet si forc\u00eb kryesore politike, jo vet\u00ebm n\u00eb nivel komb\u00ebtar, por edhe lokal,\u201d ka p\u00ebrfunduar Kurti.<\/p>\n<p>Ai ka theksuar se pas p\u00ebrfundimit t\u00eb faz\u00ebs s\u00eb par\u00eb t\u00eb gar\u00ebs, tani do t\u00eb p\u00ebrqendrohen n\u00eb pun\u00ebn p\u00ebr balotazhet dhe do t\u00eb synojn\u00eb q\u00eb kandidat\u00ebt e VV-s\u00eb t\u00eb fitojn\u00eb edhe k\u00ebto komuna.<\/p>\n","protected":false},"excerpt":{"rendered":"<p>Mitrovic\u00eb e Jugut 13 Tetor 2025 Kryeministri n\u00eb detyr\u00eb dhe kryetar i L\u00ebvizjes Vet\u00ebvendosje, Albin Kurti, ka deklaruar se raportimet e djeshme p\u00ebr komun\u00ebn e<\/p>\n","protected":false},"author":6,"featured_media":16136,"comment_status":"open","ping_status":"open","sticky":false,"template":"","format":"standard","meta":{"footnotes":""},"categories":[60],"tags":[],"class_list":["post-16135","post","type-post","status-publish","format-standard","has-post-thumbnail","hentry","category-shoqerore-sq"],"yoast_head":"<!-- This site is optimized with the Yoast SEO plugin v25.3.1 - https:\/\/yoast.com\/wordpress\/plugins\/seo\/ -->\n<title>Kurti: \u2018Exit poll-et\u2019p\u00ebr Mitrovic\u00ebn e Jugut duhet t\u00eb hetohen \u2013 Ftoj organet q\u00eb t\u00eb merren me \u00e7\u00ebshtjen -<\/title>\n<meta name=\"robots\" content=\"index, follow, max-snippet:-1, max-image-preview:large, max-video-preview:-1\" \/>\n<link rel=\"canonical\" href=\"https:\/\/veritasinfo.org\/?p=16135\" \/>\n<meta property=\"og:locale\" content=\"en_US\" \/>\n<meta property=\"og:type\" content=\"article\" \/>\n<meta property=\"og:title\" content=\"Kurti: \u2018Exit poll-et\u2019p\u00ebr Mitrovic\u00ebn e Jugut duhet t\u00eb hetohen \u2013 Ftoj organet q\u00eb t\u00eb merren me \u00e7\u00ebshtjen -\" \/>\n<meta property=\"og:description\" content=\"Mitrovic\u00eb e Jugut 13 Tetor 2025 Kryeministri n\u00eb detyr\u00eb dhe kryetar i L\u00ebvizjes Vet\u00ebvendosje, Albin Kurti, ka deklaruar se raportimet e djeshme p\u00ebr komun\u00ebn e\" \/>\n<meta property=\"og:url\" content=\"https:\/\/veritasinfo.org\/?p=16135\" \/>\n<meta property=\"article:published_time\" content=\"2025-10-13T08:55:40+00:00\" \/>\n<meta property=\"article:modified_time\" content=\"2025-10-13T09:00:37+00:00\" \/>\n<meta property=\"og:image\" content=\"https:\/\/veritasinfo.org\/wp-content\/uploads\/2025\/10\/Imazh-i-WhatsApp-2025-10-13-ne-10.55.21_88b83fc3.jpg\" \/>\n\t<meta property=\"og:image:width\" content=\"776\" \/>\n\t<meta property=\"og:image:height\" content=\"450\" \/>\n\t<meta property=\"og:image:type\" content=\"image\/jpeg\" \/>\n<meta name=\"author\" content=\"US5\" \/>\n<meta name=\"twitter:card\" content=\"summary_large_image\" \/>\n<meta name=\"twitter:label1\" content=\"Written by\" \/>\n\t<meta name=\"twitter:data1\" content=\"US5\" \/>\n\t<meta name=\"twitter:label2\" content=\"Est. reading time\" \/>\n\t<meta name=\"twitter:data2\" content=\"2 minutes\" \/>\n<script type=\"application\/ld+json\" class=\"yoast-schema-graph\">{\"@context\":\"https:\/\/schema.org\",\"@graph\":[{\"@type\":\"WebPage\",\"@id\":\"https:\/\/veritasinfo.org\/?p=16135\",\"url\":\"https:\/\/veritasinfo.org\/?p=16135\",\"name\":\"Kurti: \u2018Exit poll-et\u2019p\u00ebr Mitrovic\u00ebn e Jugut duhet t\u00eb hetohen \u2013 Ftoj organet q\u00eb t\u00eb merren me \u00e7\u00ebshtjen -\",\"isPartOf\":{\"@id\":\"https:\/\/veritasinfo.org\/#website\"},\"primaryImageOfPage\":{\"@id\":\"https:\/\/veritasinfo.org\/?p=16135#primaryimage\"},\"image\":{\"@id\":\"https:\/\/veritasinfo.org\/?p=16135#primaryimage\"},\"thumbnailUrl\":\"https:\/\/veritasinfo.org\/wp-content\/uploads\/2025\/10\/Imazh-i-WhatsApp-2025-10-13-ne-10.55.21_88b83fc3.jpg\",\"datePublished\":\"2025-10-13T08:55:40+00:00\",\"dateModified\":\"2025-10-13T09:00:37+00:00\",\"author\":{\"@id\":\"https:\/\/veritasinfo.org\/#\/schema\/person\/bc442336e35414d04494ab8fb45db4c6\"},\"breadcrumb\":{\"@id\":\"https:\/\/veritasinfo.org\/?p=16135#breadcrumb\"},\"inLanguage\":\"en-US\",\"potentialAction\":[{\"@type\":\"ReadAction\",\"target\":[\"https:\/\/veritasinfo.org\/?p=16135\"]}]},{\"@type\":\"ImageObject\",\"inLanguage\":\"en-US\",\"@id\":\"https:\/\/veritasinfo.org\/?p=16135#primaryimage\",\"url\":\"https:\/\/veritasinfo.org\/wp-content\/uploads\/2025\/10\/Imazh-i-WhatsApp-2025-10-13-ne-10.55.21_88b83fc3.jpg\",\"contentUrl\":\"https:\/\/veritasinfo.org\/wp-content\/uploads\/2025\/10\/Imazh-i-WhatsApp-2025-10-13-ne-10.55.21_88b83fc3.jpg\",\"width\":776,\"height\":450},{\"@type\":\"BreadcrumbList\",\"@id\":\"https:\/\/veritasinfo.org\/?p=16135#breadcrumb\",\"itemListElement\":[{\"@type\":\"ListItem\",\"position\":1,\"name\":\"Home\",\"item\":\"https:\/\/veritasinfo.org\/\"},{\"@type\":\"ListItem\",\"position\":2,\"name\":\"Kurti: \u2018Exit poll-et\u2019p\u00ebr Mitrovic\u00ebn e Jugut duhet t\u00eb hetohen \u2013 Ftoj organet q\u00eb t\u00eb merren me \u00e7\u00ebshtjen\"}]},{\"@type\":\"WebSite\",\"@id\":\"https:\/\/veritasinfo.org\/#website\",\"url\":\"https:\/\/veritasinfo.org\/\",\"name\":\"\",\"description\":\"\",\"potentialAction\":[{\"@type\":\"SearchAction\",\"target\":{\"@type\":\"EntryPoint\",\"urlTemplate\":\"https:\/\/veritasinfo.org\/?s={search_term_string}\"},\"query-input\":{\"@type\":\"PropertyValueSpecification\",\"valueRequired\":true,\"valueName\":\"search_term_string\"}}],\"inLanguage\":\"en-US\"},{\"@type\":\"Person\",\"@id\":\"https:\/\/veritasinfo.org\/#\/schema\/person\/bc442336e35414d04494ab8fb45db4c6\",\"name\":\"US5\",\"image\":{\"@type\":\"ImageObject\",\"inLanguage\":\"en-US\",\"@id\":\"https:\/\/veritasinfo.org\/#\/schema\/person\/image\/\",\"url\":\"https:\/\/secure.gravatar.com\/avatar\/16a61e7272a0c5d001121ebb9e60e925d5816e4ac1e443ed3e640d9a6ae55d0c?s=96&d=mm&r=g\",\"contentUrl\":\"https:\/\/secure.gravatar.com\/avatar\/16a61e7272a0c5d001121ebb9e60e925d5816e4ac1e443ed3e640d9a6ae55d0c?s=96&d=mm&r=g\",\"caption\":\"US5\"},\"url\":\"https:\/\/veritasinfo.org\/?author=6\"}]}<\/script>\n<!-- \/ Yoast SEO plugin. -->","yoast_head_json":{"title":"Kurti: \u2018Exit poll-et\u2019p\u00ebr Mitrovic\u00ebn e Jugut duhet t\u00eb hetohen \u2013 Ftoj organet q\u00eb t\u00eb merren me \u00e7\u00ebshtjen -","robots":{"index":"index","follow":"follow","max-snippet":"max-snippet:-1","max-image-preview":"max-image-preview:large","max-video-preview":"max-video-preview:-1"},"canonical":"https:\/\/veritasinfo.org\/?p=16135","og_locale":"en_US","og_type":"article","og_title":"Kurti: \u2018Exit poll-et\u2019p\u00ebr Mitrovic\u00ebn e Jugut duhet t\u00eb hetohen \u2013 Ftoj organet q\u00eb t\u00eb merren me \u00e7\u00ebshtjen -","og_description":"Mitrovic\u00eb e Jugut 13 Tetor 2025 Kryeministri n\u00eb detyr\u00eb dhe kryetar i L\u00ebvizjes Vet\u00ebvendosje, Albin Kurti, ka deklaruar se raportimet e djeshme p\u00ebr komun\u00ebn e","og_url":"https:\/\/veritasinfo.org\/?p=16135","article_published_time":"2025-10-13T08:55:40+00:00","article_modified_time":"2025-10-13T09:00:37+00:00","og_image":[{"width":776,"height":450,"url":"https:\/\/veritasinfo.org\/wp-content\/uploads\/2025\/10\/Imazh-i-WhatsApp-2025-10-13-ne-10.55.21_88b83fc3.jpg","type":"image\/jpeg"}],"author":"US5","twitter_card":"summary_large_image","twitter_misc":{"Written by":"US5","Est. reading time":"2 minutes"},"schema":{"@context":"https:\/\/schema.org","@graph":[{"@type":"WebPage","@id":"https:\/\/veritasinfo.org\/?p=16135","url":"https:\/\/veritasinfo.org\/?p=16135","name":"Kurti: \u2018Exit poll-et\u2019p\u00ebr Mitrovic\u00ebn e Jugut duhet t\u00eb hetohen \u2013 Ftoj organet q\u00eb t\u00eb merren me \u00e7\u00ebshtjen -","isPartOf":{"@id":"https:\/\/veritasinfo.org\/#website"},"primaryImageOfPage":{"@id":"https:\/\/veritasinfo.org\/?p=16135#primaryimage"},"image":{"@id":"https:\/\/veritasinfo.org\/?p=16135#primaryimage"},"thumbnailUrl":"https:\/\/veritasinfo.org\/wp-content\/uploads\/2025\/10\/Imazh-i-WhatsApp-2025-10-13-ne-10.55.21_88b83fc3.jpg","datePublished":"2025-10-13T08:55:40+00:00","dateModified":"2025-10-13T09:00:37+00:00","author":{"@id":"https:\/\/veritasinfo.org\/#\/schema\/person\/bc442336e35414d04494ab8fb45db4c6"},"breadcrumb":{"@id":"https:\/\/veritasinfo.org\/?p=16135#breadcrumb"},"inLanguage":"en-US","potentialAction":[{"@type":"ReadAction","target":["https:\/\/veritasinfo.org\/?p=16135"]}]},{"@type":"ImageObject","inLanguage":"en-US","@id":"https:\/\/veritasinfo.org\/?p=16135#primaryimage","url":"https:\/\/veritasinfo.org\/wp-content\/uploads\/2025\/10\/Imazh-i-WhatsApp-2025-10-13-ne-10.55.21_88b83fc3.jpg","contentUrl":"https:\/\/veritasinfo.org\/wp-content\/uploads\/2025\/10\/Imazh-i-WhatsApp-2025-10-13-ne-10.55.21_88b83fc3.jpg","width":776,"height":450},{"@type":"BreadcrumbList","@id":"https:\/\/veritasinfo.org\/?p=16135#breadcrumb","itemListElement":[{"@type":"ListItem","position":1,"name":"Home","item":"https:\/\/veritasinfo.org\/"},{"@type":"ListItem","position":2,"name":"Kurti: \u2018Exit poll-et\u2019p\u00ebr Mitrovic\u00ebn e Jugut duhet t\u00eb hetohen \u2013 Ftoj organet q\u00eb t\u00eb merren me \u00e7\u00ebshtjen"}]},{"@type":"WebSite","@id":"https:\/\/veritasinfo.org\/#website","url":"https:\/\/veritasinfo.org\/","name":"","description":"","potentialAction":[{"@type":"SearchAction","target":{"@type":"EntryPoint","urlTemplate":"https:\/\/veritasinfo.org\/?s={search_term_string}"},"query-input":{"@type":"PropertyValueSpecification","valueRequired":true,"valueName":"search_term_string"}}],"inLanguage":"en-US"},{"@type":"Person","@id":"https:\/\/veritasinfo.org\/#\/schema\/person\/bc442336e35414d04494ab8fb45db4c6","name":"US5","image":{"@type":"ImageObject","inLanguage":"en-US","@id":"https:\/\/veritasinfo.org\/#\/schema\/person\/image\/","url":"https:\/\/secure.gravatar.com\/avatar\/16a61e7272a0c5d001121ebb9e60e925d5816e4ac1e443ed3e640d9a6ae55d0c?s=96&d=mm&r=g","contentUrl":"https:\/\/secure.gravatar.com\/avatar\/16a61e7272a0c5d001121ebb9e60e925d5816e4ac1e443ed3e640d9a6ae55d0c?s=96&d=mm&r=g","caption":"US5"},"url":"https:\/\/veritasinfo.org\/?author=6"}]}},"featured_image_urls":{"full":["https:\/\/veritasinfo.org\/wp-content\/uploads\/2025\/10\/Imazh-i-WhatsApp-2025-10-13-ne-10.55.21_88b83fc3.jpg",776,450,false],"thumbnail":["https:\/\/veritasinfo.org\/wp-content\/uploads\/2025\/10\/Imazh-i-WhatsApp-2025-10-13-ne-10.55.21_88b83fc3-150x150.jpg",150,150,true],"medium":["https:\/\/veritasinfo.org\/wp-content\/uploads\/2025\/10\/Imazh-i-WhatsApp-2025-10-13-ne-10.55.21_88b83fc3-300x174.jpg",300,174,true],"medium_large":["https:\/\/veritasinfo.org\/wp-content\/uploads\/2025\/10\/Imazh-i-WhatsApp-2025-10-13-ne-10.55.21_88b83fc3-768x445.jpg",640,371,true],"large":["https:\/\/veritasinfo.org\/wp-content\/uploads\/2025\/10\/Imazh-i-WhatsApp-2025-10-13-ne-10.55.21_88b83fc3.jpg",640,371,false],"1536x1536":["https:\/\/veritasinfo.org\/wp-content\/uploads\/2025\/10\/Imazh-i-WhatsApp-2025-10-13-ne-10.55.21_88b83fc3.jpg",776,450,false],"2048x2048":["https:\/\/veritasinfo.org\/wp-content\/uploads\/2025\/10\/Imazh-i-WhatsApp-2025-10-13-ne-10.55.21_88b83fc3.jpg",776,450,false],"kreeti-slider-full":["https:\/\/veritasinfo.org\/wp-content\/uploads\/2025\/10\/Imazh-i-WhatsApp-2025-10-13-ne-10.55.21_88b83fc3.jpg",776,450,false],"kreeti-featured":["https:\/\/veritasinfo.org\/wp-content\/uploads\/2025\/10\/Imazh-i-WhatsApp-2025-10-13-ne-10.55.21_88b83fc3.jpg",776,450,false],"kreeti-medium":["https:\/\/veritasinfo.org\/wp-content\/uploads\/2025\/10\/Imazh-i-WhatsApp-2025-10-13-ne-10.55.21_88b83fc3.jpg",720,418,false],"kreeti-medium-square":["https:\/\/veritasinfo.org\/wp-content\/uploads\/2025\/10\/Imazh-i-WhatsApp-2025-10-13-ne-10.55.21_88b83fc3.jpg",350,203,false]},"author_info":{"info":["US5"]},"category_info":"<a href=\"https:\/\/veritasinfo.org\/?cat=60\" rel=\"category\">Shoq\u00ebrore<\/a>","tag_info":"Shoq\u00ebrore","comment_count":"0","_links":{"self":[{"href":"https:\/\/veritasinfo.org\/index.php?rest_route=\/wp\/v2\/posts\/16135","targetHints":{"allow":["GET"]}}],"collection":[{"href":"https:\/\/veritasinfo.org\/index.php?rest_route=\/wp\/v2\/posts"}],"about":[{"href":"https:\/\/veritasinfo.org\/index.php?rest_route=\/wp\/v2\/types\/post"}],"author":[{"embeddable":true,"href":"https:\/\/veritasinfo.org\/index.php?rest_route=\/wp\/v2\/users\/6"}],"replies":[{"embeddable":true,"href":"https:\/\/veritasinfo.org\/index.php?rest_route=%2Fwp%2Fv2%2Fcomments&post=16135"}],"version-history":[{"count":3,"href":"https:\/\/veritasinfo.org\/index.php?rest_route=\/wp\/v2\/posts\/16135\/revisions"}],"predecessor-version":[{"id":16142,"href":"https:\/\/veritasinfo.org\/index.php?rest_route=\/wp\/v2\/posts\/16135\/revisions\/16142"}],"wp:featuredmedia":[{"embeddable":true,"href":"https:\/\/veritasinfo.org\/index.php?rest_route=\/wp\/v2\/media\/16136"}],"wp:attachment":[{"href":"https:\/\/veritasinfo.org\/index.php?rest_route=%2Fwp%2Fv2%2Fmedia&parent=16135"}],"wp:term":[{"taxonomy":"category","embeddable":true,"href":"https:\/\/veritasinfo.org\/index.php?rest_route=%2Fwp%2Fv2%2Fcategories&post=16135"},{"taxonomy":"post_tag","embeddable":true,"href":"https:\/\/veritasinfo.org\/index.php?rest_route=%2Fwp%2Fv2%2Ftags&post=16135"}],"curies":[{"name":"wp","href":"https:\/\/api.w.org\/{rel}","templated":true}]}}