{"id":16090,"date":"2025-10-13T07:52:48","date_gmt":"2025-10-13T05:52:48","guid":{"rendered":"https:\/\/veritasinfo.org\/?p=16090"},"modified":"2025-10-13T07:52:48","modified_gmt":"2025-10-13T05:52:48","slug":"17-komuna-zgjedhin-kryetaret-me-te-paren-19-shkojne-ne-balotazh","status":"publish","type":"post","link":"https:\/\/veritasinfo.org\/?p=16090","title":{"rendered":"17 komuna zgjedhin kryetar\u00ebt me t\u00eb par\u00ebn, 19 shkojn\u00eb n\u00eb balotazh"},"content":{"rendered":"<p>Prishtin\u00eb, 13 tetor 2025<\/p>\n<p>Dje \u00ebsht\u00eb mbajtur rundi i par\u00eb i zgjedhjeve lokale n\u00eb Kosov\u00eb, ku nga 38 komuna, 17 komuna e kan\u00eb zgjedhur kryetarin e tyre n\u00eb rundin e par\u00eb.<\/p>\n<p>Pa balotazh qytetar\u00ebt e kat\u00ebr komunave veriore kan\u00eb arritur t\u2019i zgjedhin kryetar\u00ebt e tyre n\u00eb rundin e par\u00eb, por edhe n\u00eb komunat e tjera t\u00eb banuara me shumic\u00eb serbe.<\/p>\n<p>Nd\u00ebrsa, n\u00eb balotazh, kutive do t\u00eb votimit do t\u2019i drejtohen qytetar\u00ebt e Mitrovic\u00ebs s\u00eb Jugut, Prishtin\u00ebs, Vushtrris\u00eb, Gjakov\u00ebs, Gjilanit, Dragashit, Ka\u00e7anikut, Klin\u00ebs, Fush\u00eb Kosov\u00ebs, Obliqit, Rahovecit, Pej\u00ebs, Prizrenit, Suharek\u00ebs, Vitis\u00eb, Junikut, Kllokotit.<\/p>\n<p>Kurse, komunat q\u00eb arrit\u00ebn n\u00eb rundin e par\u00eb t\u00eb zgjedhin kryetar\u00eb shqiptar\u00eb jan\u00eb Podujeva, Ferizaj, Skenderaj, Hani i Elezit, Istogu, Lipjani, Shtimja, Kamenica dhe De\u00e7ani.<\/p>\n","protected":false},"excerpt":{"rendered":"<p>Prishtin\u00eb, 13 tetor 2025 Dje \u00ebsht\u00eb mbajtur rundi i par\u00eb i zgjedhjeve lokale n\u00eb Kosov\u00eb, ku nga 38 komuna, 17 komuna e kan\u00eb zgjedhur kryetarin<\/p>\n","protected":false},"author":7,"featured_media":15794,"comment_status":"open","ping_status":"open","sticky":false,"template":"","format":"standard","meta":{"footnotes":""},"categories":[8],"tags":[],"class_list":["post-16090","post","type-post","status-publish","format-standard","has-post-thumbnail","hentry","category-blog-sq"],"yoast_head":"<!-- This site is optimized with the Yoast SEO plugin v25.3.1 - https:\/\/yoast.com\/wordpress\/plugins\/seo\/ -->\n<title>17 komuna zgjedhin kryetar\u00ebt me t\u00eb par\u00ebn, 19 shkojn\u00eb n\u00eb balotazh -<\/title>\n<meta name=\"robots\" content=\"index, follow, max-snippet:-1, max-image-preview:large, max-video-preview:-1\" \/>\n<link rel=\"canonical\" href=\"https:\/\/veritasinfo.org\/?p=16090\" \/>\n<meta property=\"og:locale\" content=\"en_US\" \/>\n<meta property=\"og:type\" content=\"article\" \/>\n<meta property=\"og:title\" content=\"17 komuna zgjedhin kryetar\u00ebt me t\u00eb par\u00ebn, 19 shkojn\u00eb n\u00eb balotazh -\" \/>\n<meta property=\"og:description\" content=\"Prishtin\u00eb, 13 tetor 2025 Dje \u00ebsht\u00eb mbajtur rundi i par\u00eb i zgjedhjeve lokale n\u00eb Kosov\u00eb, ku nga 38 komuna, 17 komuna e kan\u00eb zgjedhur kryetarin\" \/>\n<meta property=\"og:url\" content=\"https:\/\/veritasinfo.org\/?p=16090\" \/>\n<meta property=\"article:published_time\" content=\"2025-10-13T05:52:48+00:00\" \/>\n<meta property=\"og:image\" content=\"https:\/\/veritasinfo.org\/wp-content\/uploads\/2025\/10\/kqz.png\" \/>\n\t<meta property=\"og:image:width\" content=\"900\" \/>\n\t<meta property=\"og:image:height\" content=\"600\" \/>\n\t<meta property=\"og:image:type\" content=\"image\/png\" \/>\n<meta name=\"author\" content=\"US6\" \/>\n<meta name=\"twitter:card\" content=\"summary_large_image\" \/>\n<meta name=\"twitter:label1\" content=\"Written by\" \/>\n\t<meta name=\"twitter:data1\" content=\"US6\" \/>\n\t<meta name=\"twitter:label2\" content=\"Est. reading time\" \/>\n\t<meta name=\"twitter:data2\" content=\"1 minute\" \/>\n<script type=\"application\/ld+json\" class=\"yoast-schema-graph\">{\"@context\":\"https:\/\/schema.org\",\"@graph\":[{\"@type\":\"WebPage\",\"@id\":\"https:\/\/veritasinfo.org\/?p=16090\",\"url\":\"https:\/\/veritasinfo.org\/?p=16090\",\"name\":\"17 komuna zgjedhin kryetar\u00ebt me t\u00eb par\u00ebn, 19 shkojn\u00eb n\u00eb balotazh -\",\"isPartOf\":{\"@id\":\"https:\/\/veritasinfo.org\/#website\"},\"primaryImageOfPage\":{\"@id\":\"https:\/\/veritasinfo.org\/?p=16090#primaryimage\"},\"image\":{\"@id\":\"https:\/\/veritasinfo.org\/?p=16090#primaryimage\"},\"thumbnailUrl\":\"https:\/\/veritasinfo.org\/wp-content\/uploads\/2025\/10\/kqz.png\",\"datePublished\":\"2025-10-13T05:52:48+00:00\",\"author\":{\"@id\":\"https:\/\/veritasinfo.org\/#\/schema\/person\/fe199eede04c3937362892b7444747cc\"},\"breadcrumb\":{\"@id\":\"https:\/\/veritasinfo.org\/?p=16090#breadcrumb\"},\"inLanguage\":\"en-US\",\"potentialAction\":[{\"@type\":\"ReadAction\",\"target\":[\"https:\/\/veritasinfo.org\/?p=16090\"]}]},{\"@type\":\"ImageObject\",\"inLanguage\":\"en-US\",\"@id\":\"https:\/\/veritasinfo.org\/?p=16090#primaryimage\",\"url\":\"https:\/\/veritasinfo.org\/wp-content\/uploads\/2025\/10\/kqz.png\",\"contentUrl\":\"https:\/\/veritasinfo.org\/wp-content\/uploads\/2025\/10\/kqz.png\",\"width\":900,\"height\":600},{\"@type\":\"BreadcrumbList\",\"@id\":\"https:\/\/veritasinfo.org\/?p=16090#breadcrumb\",\"itemListElement\":[{\"@type\":\"ListItem\",\"position\":1,\"name\":\"Home\",\"item\":\"https:\/\/veritasinfo.org\/\"},{\"@type\":\"ListItem\",\"position\":2,\"name\":\"17 komuna zgjedhin kryetar\u00ebt me t\u00eb par\u00ebn, 19 shkojn\u00eb n\u00eb balotazh\"}]},{\"@type\":\"WebSite\",\"@id\":\"https:\/\/veritasinfo.org\/#website\",\"url\":\"https:\/\/veritasinfo.org\/\",\"name\":\"\",\"description\":\"\",\"potentialAction\":[{\"@type\":\"SearchAction\",\"target\":{\"@type\":\"EntryPoint\",\"urlTemplate\":\"https:\/\/veritasinfo.org\/?s={search_term_string}\"},\"query-input\":{\"@type\":\"PropertyValueSpecification\",\"valueRequired\":true,\"valueName\":\"search_term_string\"}}],\"inLanguage\":\"en-US\"},{\"@type\":\"Person\",\"@id\":\"https:\/\/veritasinfo.org\/#\/schema\/person\/fe199eede04c3937362892b7444747cc\",\"name\":\"US6\",\"image\":{\"@type\":\"ImageObject\",\"inLanguage\":\"en-US\",\"@id\":\"https:\/\/veritasinfo.org\/#\/schema\/person\/image\/\",\"url\":\"https:\/\/secure.gravatar.com\/avatar\/cb16c3c31c9d23b9b8c705964598220b3014e42ff51eb540ff23cefa3ae8c15f?s=96&d=mm&r=g\",\"contentUrl\":\"https:\/\/secure.gravatar.com\/avatar\/cb16c3c31c9d23b9b8c705964598220b3014e42ff51eb540ff23cefa3ae8c15f?s=96&d=mm&r=g\",\"caption\":\"US6\"},\"url\":\"https:\/\/veritasinfo.org\/?author=7\"}]}<\/script>\n<!-- \/ Yoast SEO plugin. -->","yoast_head_json":{"title":"17 komuna zgjedhin kryetar\u00ebt me t\u00eb par\u00ebn, 19 shkojn\u00eb n\u00eb balotazh -","robots":{"index":"index","follow":"follow","max-snippet":"max-snippet:-1","max-image-preview":"max-image-preview:large","max-video-preview":"max-video-preview:-1"},"canonical":"https:\/\/veritasinfo.org\/?p=16090","og_locale":"en_US","og_type":"article","og_title":"17 komuna zgjedhin kryetar\u00ebt me t\u00eb par\u00ebn, 19 shkojn\u00eb n\u00eb balotazh -","og_description":"Prishtin\u00eb, 13 tetor 2025 Dje \u00ebsht\u00eb mbajtur rundi i par\u00eb i zgjedhjeve lokale n\u00eb Kosov\u00eb, ku nga 38 komuna, 17 komuna e kan\u00eb zgjedhur kryetarin","og_url":"https:\/\/veritasinfo.org\/?p=16090","article_published_time":"2025-10-13T05:52:48+00:00","og_image":[{"width":900,"height":600,"url":"https:\/\/veritasinfo.org\/wp-content\/uploads\/2025\/10\/kqz.png","type":"image\/png"}],"author":"US6","twitter_card":"summary_large_image","twitter_misc":{"Written by":"US6","Est. reading time":"1 minute"},"schema":{"@context":"https:\/\/schema.org","@graph":[{"@type":"WebPage","@id":"https:\/\/veritasinfo.org\/?p=16090","url":"https:\/\/veritasinfo.org\/?p=16090","name":"17 komuna zgjedhin kryetar\u00ebt me t\u00eb par\u00ebn, 19 shkojn\u00eb n\u00eb balotazh -","isPartOf":{"@id":"https:\/\/veritasinfo.org\/#website"},"primaryImageOfPage":{"@id":"https:\/\/veritasinfo.org\/?p=16090#primaryimage"},"image":{"@id":"https:\/\/veritasinfo.org\/?p=16090#primaryimage"},"thumbnailUrl":"https:\/\/veritasinfo.org\/wp-content\/uploads\/2025\/10\/kqz.png","datePublished":"2025-10-13T05:52:48+00:00","author":{"@id":"https:\/\/veritasinfo.org\/#\/schema\/person\/fe199eede04c3937362892b7444747cc"},"breadcrumb":{"@id":"https:\/\/veritasinfo.org\/?p=16090#breadcrumb"},"inLanguage":"en-US","potentialAction":[{"@type":"ReadAction","target":["https:\/\/veritasinfo.org\/?p=16090"]}]},{"@type":"ImageObject","inLanguage":"en-US","@id":"https:\/\/veritasinfo.org\/?p=16090#primaryimage","url":"https:\/\/veritasinfo.org\/wp-content\/uploads\/2025\/10\/kqz.png","contentUrl":"https:\/\/veritasinfo.org\/wp-content\/uploads\/2025\/10\/kqz.png","width":900,"height":600},{"@type":"BreadcrumbList","@id":"https:\/\/veritasinfo.org\/?p=16090#breadcrumb","itemListElement":[{"@type":"ListItem","position":1,"name":"Home","item":"https:\/\/veritasinfo.org\/"},{"@type":"ListItem","position":2,"name":"17 komuna zgjedhin kryetar\u00ebt me t\u00eb par\u00ebn, 19 shkojn\u00eb n\u00eb balotazh"}]},{"@type":"WebSite","@id":"https:\/\/veritasinfo.org\/#website","url":"https:\/\/veritasinfo.org\/","name":"","description":"","potentialAction":[{"@type":"SearchAction","target":{"@type":"EntryPoint","urlTemplate":"https:\/\/veritasinfo.org\/?s={search_term_string}"},"query-input":{"@type":"PropertyValueSpecification","valueRequired":true,"valueName":"search_term_string"}}],"inLanguage":"en-US"},{"@type":"Person","@id":"https:\/\/veritasinfo.org\/#\/schema\/person\/fe199eede04c3937362892b7444747cc","name":"US6","image":{"@type":"ImageObject","inLanguage":"en-US","@id":"https:\/\/veritasinfo.org\/#\/schema\/person\/image\/","url":"https:\/\/secure.gravatar.com\/avatar\/cb16c3c31c9d23b9b8c705964598220b3014e42ff51eb540ff23cefa3ae8c15f?s=96&d=mm&r=g","contentUrl":"https:\/\/secure.gravatar.com\/avatar\/cb16c3c31c9d23b9b8c705964598220b3014e42ff51eb540ff23cefa3ae8c15f?s=96&d=mm&r=g","caption":"US6"},"url":"https:\/\/veritasinfo.org\/?author=7"}]}},"featured_image_urls":{"full":["https:\/\/veritasinfo.org\/wp-content\/uploads\/2025\/10\/kqz.png",900,600,false],"thumbnail":["https:\/\/veritasinfo.org\/wp-content\/uploads\/2025\/10\/kqz-150x150.png",150,150,true],"medium":["https:\/\/veritasinfo.org\/wp-content\/uploads\/2025\/10\/kqz-300x200.png",300,200,true],"medium_large":["https:\/\/veritasinfo.org\/wp-content\/uploads\/2025\/10\/kqz-768x512.png",640,427,true],"large":["https:\/\/veritasinfo.org\/wp-content\/uploads\/2025\/10\/kqz.png",640,427,false],"1536x1536":["https:\/\/veritasinfo.org\/wp-content\/uploads\/2025\/10\/kqz.png",900,600,false],"2048x2048":["https:\/\/veritasinfo.org\/wp-content\/uploads\/2025\/10\/kqz.png",900,600,false],"kreeti-slider-full":["https:\/\/veritasinfo.org\/wp-content\/uploads\/2025\/10\/kqz.png",900,600,false],"kreeti-featured":["https:\/\/veritasinfo.org\/wp-content\/uploads\/2025\/10\/kqz.png",900,600,false],"kreeti-medium":["https:\/\/veritasinfo.org\/wp-content\/uploads\/2025\/10\/kqz.png",720,480,false],"kreeti-medium-square":["https:\/\/veritasinfo.org\/wp-content\/uploads\/2025\/10\/kqz.png",350,233,false]},"author_info":{"info":["US6"]},"category_info":"<a href=\"https:\/\/veritasinfo.org\/?cat=8\" rel=\"category\">Zgjedhjet parlamentare 2025<\/a>","tag_info":"Zgjedhjet parlamentare 2025","comment_count":"0","_links":{"self":[{"href":"https:\/\/veritasinfo.org\/index.php?rest_route=\/wp\/v2\/posts\/16090","targetHints":{"allow":["GET"]}}],"collection":[{"href":"https:\/\/veritasinfo.org\/index.php?rest_route=\/wp\/v2\/posts"}],"about":[{"href":"https:\/\/veritasinfo.org\/index.php?rest_route=\/wp\/v2\/types\/post"}],"author":[{"embeddable":true,"href":"https:\/\/veritasinfo.org\/index.php?rest_route=\/wp\/v2\/users\/7"}],"replies":[{"embeddable":true,"href":"https:\/\/veritasinfo.org\/index.php?rest_route=%2Fwp%2Fv2%2Fcomments&post=16090"}],"version-history":[{"count":1,"href":"https:\/\/veritasinfo.org\/index.php?rest_route=\/wp\/v2\/posts\/16090\/revisions"}],"predecessor-version":[{"id":16091,"href":"https:\/\/veritasinfo.org\/index.php?rest_route=\/wp\/v2\/posts\/16090\/revisions\/16091"}],"wp:featuredmedia":[{"embeddable":true,"href":"https:\/\/veritasinfo.org\/index.php?rest_route=\/wp\/v2\/media\/15794"}],"wp:attachment":[{"href":"https:\/\/veritasinfo.org\/index.php?rest_route=%2Fwp%2Fv2%2Fmedia&parent=16090"}],"wp:term":[{"taxonomy":"category","embeddable":true,"href":"https:\/\/veritasinfo.org\/index.php?rest_route=%2Fwp%2Fv2%2Fcategories&post=16090"},{"taxonomy":"post_tag","embeddable":true,"href":"https:\/\/veritasinfo.org\/index.php?rest_route=%2Fwp%2Fv2%2Ftags&post=16090"}],"curies":[{"name":"wp","href":"https:\/\/api.w.org\/{rel}","templated":true}]}}