{"id":1601,"date":"2025-06-26T08:30:27","date_gmt":"2025-06-26T06:30:27","guid":{"rendered":"https:\/\/veritasinfo.org\/?p=1601"},"modified":"2025-06-26T08:33:10","modified_gmt":"2025-06-26T06:33:10","slug":"hapet-afati-per-dorezimin-e-listave-te-kandidateve-per-zgjedhjet-lokale","status":"publish","type":"post","link":"https:\/\/veritasinfo.org\/?p=1601","title":{"rendered":"Hapet afati p\u00ebr dor\u00ebzimin e listave t\u00eb kandidat\u00ebve p\u00ebr zgjedhjet lokale"},"content":{"rendered":"<p>Prishtin\u00eb, 26 Qershor 2025<\/p>\n<p>Duke filluar nga dita e sotme, do t\u00eb hapet afati p\u00ebr subjektet politike p\u00ebr t\u00eb aplikuar p\u00ebr t\u2019u certifikuar p\u00ebr pjes\u00ebmarrje n\u00eb Zgjedhjet Lokale t\u00eb 12 tetorit dhe p\u00ebr t\u00eb dor\u00ebzuar list\u00ebn me emrat e kandidat\u00ebve garues.<\/p>\n<p>Z\u00ebdh\u00ebn\u00ebsi i KQZ-s\u00eb, Valmir Elezi, ka treguar p\u00ebr RTKLive se kjo periudh\u00eb do t\u00eb zgjas\u00eb 49 dit\u00eb.<\/p>\n<p>\u201cDuke filluar nga\u00a026 qershori dhe deri m\u00eb 13 gusht 2025, partit\u00eb politike, koalicionet, iniciativat qytetare dhe kandidat\u00ebt e pavarur mund t\u00eb paraqesin n\u00eb KQZ, respektivisht Zyr\u00ebn p\u00ebr Regjistrim, Certifikim dhe Kontrollin Financiar t\u00eb Subjekteve Politike, k\u00ebrkes\u00ebn e tyre p\u00ebr t\u2019u certifikuar p\u00ebr pjes\u00ebmarrje n\u00eb Zgjedhjet p\u00ebr Kryetar\u00eb t\u00eb Komunave dhe p\u00ebr Kuvendet Komunale, t\u00eb cilat do t\u00eb mbahen m\u00eb 12 tetor 2025 dhe list\u00ebn me emrat e kandidat\u00ebve p\u00ebr Kryetar\u00eb t\u00eb Komunave dhe p\u00ebr Kuvendet Komunale\u201d, tha ai.<\/p>\n<p>&nbsp;<\/p>\n","protected":false},"excerpt":{"rendered":"<p>Prishtin\u00eb, 26 Qershor 2025 Duke filluar nga dita e sotme, do t\u00eb hapet afati p\u00ebr subjektet politike p\u00ebr t\u00eb aplikuar p\u00ebr t\u2019u certifikuar p\u00ebr pjes\u00ebmarrje<\/p>\n","protected":false},"author":1,"featured_media":1605,"comment_status":"open","ping_status":"open","sticky":false,"template":"","format":"standard","meta":{"footnotes":""},"categories":[58],"tags":[],"class_list":["post-1601","post","type-post","status-publish","format-standard","has-post-thumbnail","hentry","category-politike-sq"],"yoast_head":"<!-- This site is optimized with the Yoast SEO plugin v25.3.1 - https:\/\/yoast.com\/wordpress\/plugins\/seo\/ -->\n<title>Hapet afati p\u00ebr dor\u00ebzimin e listave t\u00eb kandidat\u00ebve p\u00ebr zgjedhjet lokale -<\/title>\n<meta name=\"robots\" content=\"index, follow, max-snippet:-1, max-image-preview:large, max-video-preview:-1\" \/>\n<link rel=\"canonical\" href=\"https:\/\/veritasinfo.org\/?p=1601\" \/>\n<meta property=\"og:locale\" content=\"en_US\" \/>\n<meta property=\"og:type\" content=\"article\" \/>\n<meta property=\"og:title\" content=\"Hapet afati p\u00ebr dor\u00ebzimin e listave t\u00eb kandidat\u00ebve p\u00ebr zgjedhjet lokale -\" \/>\n<meta property=\"og:description\" content=\"Prishtin\u00eb, 26 Qershor 2025 Duke filluar nga dita e sotme, do t\u00eb hapet afati p\u00ebr subjektet politike p\u00ebr t\u00eb aplikuar p\u00ebr t\u2019u certifikuar p\u00ebr pjes\u00ebmarrje\" \/>\n<meta property=\"og:url\" content=\"https:\/\/veritasinfo.org\/?p=1601\" \/>\n<meta property=\"article:published_time\" content=\"2025-06-26T06:30:27+00:00\" \/>\n<meta property=\"article:modified_time\" content=\"2025-06-26T06:33:10+00:00\" \/>\n<meta property=\"og:image\" content=\"https:\/\/veritasinfo.org\/wp-content\/uploads\/2025\/06\/valmir.jpg\" \/>\n\t<meta property=\"og:image:width\" content=\"1832\" \/>\n\t<meta property=\"og:image:height\" content=\"1091\" \/>\n\t<meta property=\"og:image:type\" content=\"image\/jpeg\" \/>\n<meta name=\"author\" content=\"admin\" \/>\n<meta name=\"twitter:card\" content=\"summary_large_image\" \/>\n<meta name=\"twitter:label1\" content=\"Written by\" \/>\n\t<meta name=\"twitter:data1\" content=\"admin\" \/>\n\t<meta name=\"twitter:label2\" content=\"Est. reading time\" \/>\n\t<meta name=\"twitter:data2\" content=\"1 minute\" \/>\n<script type=\"application\/ld+json\" class=\"yoast-schema-graph\">{\"@context\":\"https:\/\/schema.org\",\"@graph\":[{\"@type\":\"WebPage\",\"@id\":\"https:\/\/veritasinfo.org\/?p=1601\",\"url\":\"https:\/\/veritasinfo.org\/?p=1601\",\"name\":\"Hapet afati p\u00ebr dor\u00ebzimin e listave t\u00eb kandidat\u00ebve p\u00ebr zgjedhjet lokale -\",\"isPartOf\":{\"@id\":\"https:\/\/veritasinfo.org\/#website\"},\"primaryImageOfPage\":{\"@id\":\"https:\/\/veritasinfo.org\/?p=1601#primaryimage\"},\"image\":{\"@id\":\"https:\/\/veritasinfo.org\/?p=1601#primaryimage\"},\"thumbnailUrl\":\"https:\/\/veritasinfo.org\/wp-content\/uploads\/2025\/06\/valmir.jpg\",\"datePublished\":\"2025-06-26T06:30:27+00:00\",\"dateModified\":\"2025-06-26T06:33:10+00:00\",\"author\":{\"@id\":\"https:\/\/veritasinfo.org\/#\/schema\/person\/7701f8c088bece422266b100a712374f\"},\"breadcrumb\":{\"@id\":\"https:\/\/veritasinfo.org\/?p=1601#breadcrumb\"},\"inLanguage\":\"en-US\",\"potentialAction\":[{\"@type\":\"ReadAction\",\"target\":[\"https:\/\/veritasinfo.org\/?p=1601\"]}]},{\"@type\":\"ImageObject\",\"inLanguage\":\"en-US\",\"@id\":\"https:\/\/veritasinfo.org\/?p=1601#primaryimage\",\"url\":\"https:\/\/veritasinfo.org\/wp-content\/uploads\/2025\/06\/valmir.jpg\",\"contentUrl\":\"https:\/\/veritasinfo.org\/wp-content\/uploads\/2025\/06\/valmir.jpg\",\"width\":1832,\"height\":1091},{\"@type\":\"BreadcrumbList\",\"@id\":\"https:\/\/veritasinfo.org\/?p=1601#breadcrumb\",\"itemListElement\":[{\"@type\":\"ListItem\",\"position\":1,\"name\":\"Home\",\"item\":\"https:\/\/veritasinfo.org\/\"},{\"@type\":\"ListItem\",\"position\":2,\"name\":\"Hapet afati p\u00ebr dor\u00ebzimin e listave t\u00eb kandidat\u00ebve p\u00ebr zgjedhjet lokale\"}]},{\"@type\":\"WebSite\",\"@id\":\"https:\/\/veritasinfo.org\/#website\",\"url\":\"https:\/\/veritasinfo.org\/\",\"name\":\"\",\"description\":\"\",\"potentialAction\":[{\"@type\":\"SearchAction\",\"target\":{\"@type\":\"EntryPoint\",\"urlTemplate\":\"https:\/\/veritasinfo.org\/?s={search_term_string}\"},\"query-input\":{\"@type\":\"PropertyValueSpecification\",\"valueRequired\":true,\"valueName\":\"search_term_string\"}}],\"inLanguage\":\"en-US\"},{\"@type\":\"Person\",\"@id\":\"https:\/\/veritasinfo.org\/#\/schema\/person\/7701f8c088bece422266b100a712374f\",\"name\":\"admin\",\"image\":{\"@type\":\"ImageObject\",\"inLanguage\":\"en-US\",\"@id\":\"https:\/\/veritasinfo.org\/#\/schema\/person\/image\/\",\"url\":\"https:\/\/secure.gravatar.com\/avatar\/ea53aa3bf6c9a12d5fde8ce4deff43fef3885ae33cf60184161a50d6987cfd2f?s=96&d=mm&r=g\",\"contentUrl\":\"https:\/\/secure.gravatar.com\/avatar\/ea53aa3bf6c9a12d5fde8ce4deff43fef3885ae33cf60184161a50d6987cfd2f?s=96&d=mm&r=g\",\"caption\":\"admin\"},\"sameAs\":[\"https:\/\/veritasinfo.org\"],\"url\":\"https:\/\/veritasinfo.org\/?author=1\"}]}<\/script>\n<!-- \/ Yoast SEO plugin. -->","yoast_head_json":{"title":"Hapet afati p\u00ebr dor\u00ebzimin e listave t\u00eb kandidat\u00ebve p\u00ebr zgjedhjet lokale -","robots":{"index":"index","follow":"follow","max-snippet":"max-snippet:-1","max-image-preview":"max-image-preview:large","max-video-preview":"max-video-preview:-1"},"canonical":"https:\/\/veritasinfo.org\/?p=1601","og_locale":"en_US","og_type":"article","og_title":"Hapet afati p\u00ebr dor\u00ebzimin e listave t\u00eb kandidat\u00ebve p\u00ebr zgjedhjet lokale -","og_description":"Prishtin\u00eb, 26 Qershor 2025 Duke filluar nga dita e sotme, do t\u00eb hapet afati p\u00ebr subjektet politike p\u00ebr t\u00eb aplikuar p\u00ebr t\u2019u certifikuar p\u00ebr pjes\u00ebmarrje","og_url":"https:\/\/veritasinfo.org\/?p=1601","article_published_time":"2025-06-26T06:30:27+00:00","article_modified_time":"2025-06-26T06:33:10+00:00","og_image":[{"width":1832,"height":1091,"url":"https:\/\/veritasinfo.org\/wp-content\/uploads\/2025\/06\/valmir.jpg","type":"image\/jpeg"}],"author":"admin","twitter_card":"summary_large_image","twitter_misc":{"Written by":"admin","Est. reading time":"1 minute"},"schema":{"@context":"https:\/\/schema.org","@graph":[{"@type":"WebPage","@id":"https:\/\/veritasinfo.org\/?p=1601","url":"https:\/\/veritasinfo.org\/?p=1601","name":"Hapet afati p\u00ebr dor\u00ebzimin e listave t\u00eb kandidat\u00ebve p\u00ebr zgjedhjet lokale -","isPartOf":{"@id":"https:\/\/veritasinfo.org\/#website"},"primaryImageOfPage":{"@id":"https:\/\/veritasinfo.org\/?p=1601#primaryimage"},"image":{"@id":"https:\/\/veritasinfo.org\/?p=1601#primaryimage"},"thumbnailUrl":"https:\/\/veritasinfo.org\/wp-content\/uploads\/2025\/06\/valmir.jpg","datePublished":"2025-06-26T06:30:27+00:00","dateModified":"2025-06-26T06:33:10+00:00","author":{"@id":"https:\/\/veritasinfo.org\/#\/schema\/person\/7701f8c088bece422266b100a712374f"},"breadcrumb":{"@id":"https:\/\/veritasinfo.org\/?p=1601#breadcrumb"},"inLanguage":"en-US","potentialAction":[{"@type":"ReadAction","target":["https:\/\/veritasinfo.org\/?p=1601"]}]},{"@type":"ImageObject","inLanguage":"en-US","@id":"https:\/\/veritasinfo.org\/?p=1601#primaryimage","url":"https:\/\/veritasinfo.org\/wp-content\/uploads\/2025\/06\/valmir.jpg","contentUrl":"https:\/\/veritasinfo.org\/wp-content\/uploads\/2025\/06\/valmir.jpg","width":1832,"height":1091},{"@type":"BreadcrumbList","@id":"https:\/\/veritasinfo.org\/?p=1601#breadcrumb","itemListElement":[{"@type":"ListItem","position":1,"name":"Home","item":"https:\/\/veritasinfo.org\/"},{"@type":"ListItem","position":2,"name":"Hapet afati p\u00ebr dor\u00ebzimin e listave t\u00eb kandidat\u00ebve p\u00ebr zgjedhjet lokale"}]},{"@type":"WebSite","@id":"https:\/\/veritasinfo.org\/#website","url":"https:\/\/veritasinfo.org\/","name":"","description":"","potentialAction":[{"@type":"SearchAction","target":{"@type":"EntryPoint","urlTemplate":"https:\/\/veritasinfo.org\/?s={search_term_string}"},"query-input":{"@type":"PropertyValueSpecification","valueRequired":true,"valueName":"search_term_string"}}],"inLanguage":"en-US"},{"@type":"Person","@id":"https:\/\/veritasinfo.org\/#\/schema\/person\/7701f8c088bece422266b100a712374f","name":"admin","image":{"@type":"ImageObject","inLanguage":"en-US","@id":"https:\/\/veritasinfo.org\/#\/schema\/person\/image\/","url":"https:\/\/secure.gravatar.com\/avatar\/ea53aa3bf6c9a12d5fde8ce4deff43fef3885ae33cf60184161a50d6987cfd2f?s=96&d=mm&r=g","contentUrl":"https:\/\/secure.gravatar.com\/avatar\/ea53aa3bf6c9a12d5fde8ce4deff43fef3885ae33cf60184161a50d6987cfd2f?s=96&d=mm&r=g","caption":"admin"},"sameAs":["https:\/\/veritasinfo.org"],"url":"https:\/\/veritasinfo.org\/?author=1"}]}},"featured_image_urls":{"full":["https:\/\/veritasinfo.org\/wp-content\/uploads\/2025\/06\/valmir.jpg",1832,1091,false],"thumbnail":["https:\/\/veritasinfo.org\/wp-content\/uploads\/2025\/06\/valmir-150x150.jpg",150,150,true],"medium":["https:\/\/veritasinfo.org\/wp-content\/uploads\/2025\/06\/valmir-300x179.jpg",300,179,true],"medium_large":["https:\/\/veritasinfo.org\/wp-content\/uploads\/2025\/06\/valmir-768x457.jpg",640,381,true],"large":["https:\/\/veritasinfo.org\/wp-content\/uploads\/2025\/06\/valmir-1024x610.jpg",640,381,true],"1536x1536":["https:\/\/veritasinfo.org\/wp-content\/uploads\/2025\/06\/valmir-1536x915.jpg",1536,915,true],"2048x2048":["https:\/\/veritasinfo.org\/wp-content\/uploads\/2025\/06\/valmir.jpg",1832,1091,false],"kreeti-slider-full":["https:\/\/veritasinfo.org\/wp-content\/uploads\/2025\/06\/valmir.jpg",1209,720,false],"kreeti-featured":["https:\/\/veritasinfo.org\/wp-content\/uploads\/2025\/06\/valmir.jpg",1024,610,false],"kreeti-medium":["https:\/\/veritasinfo.org\/wp-content\/uploads\/2025\/06\/valmir.jpg",720,429,false],"kreeti-medium-square":["https:\/\/veritasinfo.org\/wp-content\/uploads\/2025\/06\/valmir.jpg",350,208,false]},"author_info":{"info":["admin"]},"category_info":"<a href=\"https:\/\/veritasinfo.org\/?cat=58\" rel=\"category\">Politik\u00eb<\/a>","tag_info":"Politik\u00eb","comment_count":"0","_links":{"self":[{"href":"https:\/\/veritasinfo.org\/index.php?rest_route=\/wp\/v2\/posts\/1601","targetHints":{"allow":["GET"]}}],"collection":[{"href":"https:\/\/veritasinfo.org\/index.php?rest_route=\/wp\/v2\/posts"}],"about":[{"href":"https:\/\/veritasinfo.org\/index.php?rest_route=\/wp\/v2\/types\/post"}],"author":[{"embeddable":true,"href":"https:\/\/veritasinfo.org\/index.php?rest_route=\/wp\/v2\/users\/1"}],"replies":[{"embeddable":true,"href":"https:\/\/veritasinfo.org\/index.php?rest_route=%2Fwp%2Fv2%2Fcomments&post=1601"}],"version-history":[{"count":1,"href":"https:\/\/veritasinfo.org\/index.php?rest_route=\/wp\/v2\/posts\/1601\/revisions"}],"predecessor-version":[{"id":1603,"href":"https:\/\/veritasinfo.org\/index.php?rest_route=\/wp\/v2\/posts\/1601\/revisions\/1603"}],"wp:featuredmedia":[{"embeddable":true,"href":"https:\/\/veritasinfo.org\/index.php?rest_route=\/wp\/v2\/media\/1605"}],"wp:attachment":[{"href":"https:\/\/veritasinfo.org\/index.php?rest_route=%2Fwp%2Fv2%2Fmedia&parent=1601"}],"wp:term":[{"taxonomy":"category","embeddable":true,"href":"https:\/\/veritasinfo.org\/index.php?rest_route=%2Fwp%2Fv2%2Fcategories&post=1601"},{"taxonomy":"post_tag","embeddable":true,"href":"https:\/\/veritasinfo.org\/index.php?rest_route=%2Fwp%2Fv2%2Ftags&post=1601"}],"curies":[{"name":"wp","href":"https:\/\/api.w.org\/{rel}","templated":true}]}}