{"id":15900,"date":"2025-10-12T07:51:11","date_gmt":"2025-10-12T05:51:11","guid":{"rendered":"https:\/\/veritasinfo.org\/?p=15900"},"modified":"2025-10-12T07:51:11","modified_gmt":"2025-10-12T05:51:11","slug":"rexhepi-policia-ne-serbi-po-merr-shenime-per-shqiptaret-e-lugines-qe-po-festojne","status":"publish","type":"post","link":"https:\/\/veritasinfo.org\/?p=15900","title":{"rendered":"Rexhepi: Policia n\u00eb Serbi po merr sh\u00ebnime p\u00ebr shqiptar\u00ebt e Lugin\u00ebs q\u00eb po festojn\u00eb"},"content":{"rendered":"<p>Preshev\u00eb 12 tetor 2025<\/p>\n<p>Kryetari i K\u00ebshillit Komb\u00ebtar Shqiptar n\u00eb Lugin\u00eb t\u00eb Preshev\u00ebs, Enkel Rexhepi, ka th\u00ebn\u00eb se Policia n\u00eb Lugin\u00ebn e Preshev\u00ebs po merr sh\u00ebnime p\u00ebr shqiptar\u00ebt q\u00eb po festojn\u00eb pas fitores s\u00eb Shqip\u00ebris\u00eb ndaj Serbis\u00eb n\u00eb futboll.<\/p>\n<p>\u201cJam duke ndjekur me shqet\u00ebsim informacionet se n\u00eb Komun\u00ebn e Bujanocit dhe t\u00eb Preshev\u00ebs, organet e rendit po evidentojn\u00eb apo sh\u00ebnojn\u00eb persona p\u00ebr shkak t\u00eb festimeve pas fitores s\u00eb Komb\u00ebtares s\u00eb Shqip\u00ebris\u00eb ndaj Serbis\u00eb.<\/p>\n<p>Dua t\u2019i paralajm\u00ebroj institucionet policore q\u00eb t\u00eb tregojn\u00eb kujdes maksimal dhe t\u00eb mos bien n\u00eb grack\u00ebn e hakmarrjes institucionale. Shqiptar\u00ebt e Lugin\u00ebs s\u00eb Preshev\u00ebs kan\u00eb t\u00eb drejt\u00eb t\u00eb g\u00ebzohen p\u00ebr sukseset e Komb\u00ebtares s\u00eb tyre komb\u00ebtare \u2013 nj\u00eb g\u00ebzim q\u00eb nuk p\u00ebrb\u00ebn asnj\u00eb rrezik p\u00ebr rendin publik, por \u00ebsht\u00eb shprehje e identitetit dhe krenaris\u00eb komb\u00ebtare\u201d, ka shkruar ai n\u00eb Facebook t\u00eb shtun\u00ebn n\u00eb mbr\u00ebmje.<\/p>\n<p>Rexhepi ka k\u00ebrkuar respektim t\u00eb t\u00eb drejtave dhe lirive qytetare dhe q\u00eb t\u00eb mos ket\u00eb asnj\u00eb veprim policor me prapavij\u00eb etnike a politike.<\/p>\n<p>Shqip\u00ebria fitoi 1:0 n\u00eb Leskovc. Golin e vet\u00ebm e sh\u00ebnoi Rey Manaj.<\/p>\n","protected":false},"excerpt":{"rendered":"<p>Preshev\u00eb 12 tetor 2025 Kryetari i K\u00ebshillit Komb\u00ebtar Shqiptar n\u00eb Lugin\u00eb t\u00eb Preshev\u00ebs, Enkel Rexhepi, ka th\u00ebn\u00eb se Policia n\u00eb Lugin\u00ebn e Preshev\u00ebs po merr<\/p>\n","protected":false},"author":7,"featured_media":15901,"comment_status":"open","ping_status":"open","sticky":false,"template":"","format":"standard","meta":{"footnotes":""},"categories":[60],"tags":[],"class_list":["post-15900","post","type-post","status-publish","format-standard","has-post-thumbnail","hentry","category-shoqerore-sq"],"yoast_head":"<!-- This site is optimized with the Yoast SEO plugin v25.3.1 - https:\/\/yoast.com\/wordpress\/plugins\/seo\/ -->\n<title>Rexhepi: Policia n\u00eb Serbi po merr sh\u00ebnime p\u00ebr shqiptar\u00ebt e Lugin\u00ebs q\u00eb po festojn\u00eb -<\/title>\n<meta name=\"robots\" content=\"index, follow, max-snippet:-1, max-image-preview:large, max-video-preview:-1\" \/>\n<link rel=\"canonical\" href=\"https:\/\/veritasinfo.org\/?p=15900\" \/>\n<meta property=\"og:locale\" content=\"en_US\" \/>\n<meta property=\"og:type\" content=\"article\" \/>\n<meta property=\"og:title\" content=\"Rexhepi: Policia n\u00eb Serbi po merr sh\u00ebnime p\u00ebr shqiptar\u00ebt e Lugin\u00ebs q\u00eb po festojn\u00eb -\" \/>\n<meta property=\"og:description\" content=\"Preshev\u00eb 12 tetor 2025 Kryetari i K\u00ebshillit Komb\u00ebtar Shqiptar n\u00eb Lugin\u00eb t\u00eb Preshev\u00ebs, Enkel Rexhepi, ka th\u00ebn\u00eb se Policia n\u00eb Lugin\u00ebn e Preshev\u00ebs po merr\" \/>\n<meta property=\"og:url\" content=\"https:\/\/veritasinfo.org\/?p=15900\" \/>\n<meta property=\"article:published_time\" content=\"2025-10-12T05:51:11+00:00\" \/>\n<meta property=\"og:image\" content=\"https:\/\/veritasinfo.org\/wp-content\/uploads\/2025\/10\/Screenshot-2025-10-12-074940.jpg\" \/>\n\t<meta property=\"og:image:width\" content=\"835\" \/>\n\t<meta property=\"og:image:height\" content=\"609\" \/>\n\t<meta property=\"og:image:type\" content=\"image\/jpeg\" \/>\n<meta name=\"author\" content=\"US6\" \/>\n<meta name=\"twitter:card\" content=\"summary_large_image\" \/>\n<meta name=\"twitter:label1\" content=\"Written by\" \/>\n\t<meta name=\"twitter:data1\" content=\"US6\" \/>\n\t<meta name=\"twitter:label2\" content=\"Est. reading time\" \/>\n\t<meta name=\"twitter:data2\" content=\"1 minute\" \/>\n<script type=\"application\/ld+json\" class=\"yoast-schema-graph\">{\"@context\":\"https:\/\/schema.org\",\"@graph\":[{\"@type\":\"WebPage\",\"@id\":\"https:\/\/veritasinfo.org\/?p=15900\",\"url\":\"https:\/\/veritasinfo.org\/?p=15900\",\"name\":\"Rexhepi: Policia n\u00eb Serbi po merr sh\u00ebnime p\u00ebr shqiptar\u00ebt e Lugin\u00ebs q\u00eb po festojn\u00eb -\",\"isPartOf\":{\"@id\":\"https:\/\/veritasinfo.org\/#website\"},\"primaryImageOfPage\":{\"@id\":\"https:\/\/veritasinfo.org\/?p=15900#primaryimage\"},\"image\":{\"@id\":\"https:\/\/veritasinfo.org\/?p=15900#primaryimage\"},\"thumbnailUrl\":\"https:\/\/veritasinfo.org\/wp-content\/uploads\/2025\/10\/Screenshot-2025-10-12-074940.jpg\",\"datePublished\":\"2025-10-12T05:51:11+00:00\",\"author\":{\"@id\":\"https:\/\/veritasinfo.org\/#\/schema\/person\/fe199eede04c3937362892b7444747cc\"},\"breadcrumb\":{\"@id\":\"https:\/\/veritasinfo.org\/?p=15900#breadcrumb\"},\"inLanguage\":\"en-US\",\"potentialAction\":[{\"@type\":\"ReadAction\",\"target\":[\"https:\/\/veritasinfo.org\/?p=15900\"]}]},{\"@type\":\"ImageObject\",\"inLanguage\":\"en-US\",\"@id\":\"https:\/\/veritasinfo.org\/?p=15900#primaryimage\",\"url\":\"https:\/\/veritasinfo.org\/wp-content\/uploads\/2025\/10\/Screenshot-2025-10-12-074940.jpg\",\"contentUrl\":\"https:\/\/veritasinfo.org\/wp-content\/uploads\/2025\/10\/Screenshot-2025-10-12-074940.jpg\",\"width\":835,\"height\":609},{\"@type\":\"BreadcrumbList\",\"@id\":\"https:\/\/veritasinfo.org\/?p=15900#breadcrumb\",\"itemListElement\":[{\"@type\":\"ListItem\",\"position\":1,\"name\":\"Home\",\"item\":\"https:\/\/veritasinfo.org\/\"},{\"@type\":\"ListItem\",\"position\":2,\"name\":\"Rexhepi: Policia n\u00eb Serbi po merr sh\u00ebnime p\u00ebr shqiptar\u00ebt e Lugin\u00ebs q\u00eb po festojn\u00eb\"}]},{\"@type\":\"WebSite\",\"@id\":\"https:\/\/veritasinfo.org\/#website\",\"url\":\"https:\/\/veritasinfo.org\/\",\"name\":\"\",\"description\":\"\",\"potentialAction\":[{\"@type\":\"SearchAction\",\"target\":{\"@type\":\"EntryPoint\",\"urlTemplate\":\"https:\/\/veritasinfo.org\/?s={search_term_string}\"},\"query-input\":{\"@type\":\"PropertyValueSpecification\",\"valueRequired\":true,\"valueName\":\"search_term_string\"}}],\"inLanguage\":\"en-US\"},{\"@type\":\"Person\",\"@id\":\"https:\/\/veritasinfo.org\/#\/schema\/person\/fe199eede04c3937362892b7444747cc\",\"name\":\"US6\",\"image\":{\"@type\":\"ImageObject\",\"inLanguage\":\"en-US\",\"@id\":\"https:\/\/veritasinfo.org\/#\/schema\/person\/image\/\",\"url\":\"https:\/\/secure.gravatar.com\/avatar\/cb16c3c31c9d23b9b8c705964598220b3014e42ff51eb540ff23cefa3ae8c15f?s=96&d=mm&r=g\",\"contentUrl\":\"https:\/\/secure.gravatar.com\/avatar\/cb16c3c31c9d23b9b8c705964598220b3014e42ff51eb540ff23cefa3ae8c15f?s=96&d=mm&r=g\",\"caption\":\"US6\"},\"url\":\"https:\/\/veritasinfo.org\/?author=7\"}]}<\/script>\n<!-- \/ Yoast SEO plugin. -->","yoast_head_json":{"title":"Rexhepi: Policia n\u00eb Serbi po merr sh\u00ebnime p\u00ebr shqiptar\u00ebt e Lugin\u00ebs q\u00eb po festojn\u00eb -","robots":{"index":"index","follow":"follow","max-snippet":"max-snippet:-1","max-image-preview":"max-image-preview:large","max-video-preview":"max-video-preview:-1"},"canonical":"https:\/\/veritasinfo.org\/?p=15900","og_locale":"en_US","og_type":"article","og_title":"Rexhepi: Policia n\u00eb Serbi po merr sh\u00ebnime p\u00ebr shqiptar\u00ebt e Lugin\u00ebs q\u00eb po festojn\u00eb -","og_description":"Preshev\u00eb 12 tetor 2025 Kryetari i K\u00ebshillit Komb\u00ebtar Shqiptar n\u00eb Lugin\u00eb t\u00eb Preshev\u00ebs, Enkel Rexhepi, ka th\u00ebn\u00eb se Policia n\u00eb Lugin\u00ebn e Preshev\u00ebs po merr","og_url":"https:\/\/veritasinfo.org\/?p=15900","article_published_time":"2025-10-12T05:51:11+00:00","og_image":[{"width":835,"height":609,"url":"https:\/\/veritasinfo.org\/wp-content\/uploads\/2025\/10\/Screenshot-2025-10-12-074940.jpg","type":"image\/jpeg"}],"author":"US6","twitter_card":"summary_large_image","twitter_misc":{"Written by":"US6","Est. reading time":"1 minute"},"schema":{"@context":"https:\/\/schema.org","@graph":[{"@type":"WebPage","@id":"https:\/\/veritasinfo.org\/?p=15900","url":"https:\/\/veritasinfo.org\/?p=15900","name":"Rexhepi: Policia n\u00eb Serbi po merr sh\u00ebnime p\u00ebr shqiptar\u00ebt e Lugin\u00ebs q\u00eb po festojn\u00eb -","isPartOf":{"@id":"https:\/\/veritasinfo.org\/#website"},"primaryImageOfPage":{"@id":"https:\/\/veritasinfo.org\/?p=15900#primaryimage"},"image":{"@id":"https:\/\/veritasinfo.org\/?p=15900#primaryimage"},"thumbnailUrl":"https:\/\/veritasinfo.org\/wp-content\/uploads\/2025\/10\/Screenshot-2025-10-12-074940.jpg","datePublished":"2025-10-12T05:51:11+00:00","author":{"@id":"https:\/\/veritasinfo.org\/#\/schema\/person\/fe199eede04c3937362892b7444747cc"},"breadcrumb":{"@id":"https:\/\/veritasinfo.org\/?p=15900#breadcrumb"},"inLanguage":"en-US","potentialAction":[{"@type":"ReadAction","target":["https:\/\/veritasinfo.org\/?p=15900"]}]},{"@type":"ImageObject","inLanguage":"en-US","@id":"https:\/\/veritasinfo.org\/?p=15900#primaryimage","url":"https:\/\/veritasinfo.org\/wp-content\/uploads\/2025\/10\/Screenshot-2025-10-12-074940.jpg","contentUrl":"https:\/\/veritasinfo.org\/wp-content\/uploads\/2025\/10\/Screenshot-2025-10-12-074940.jpg","width":835,"height":609},{"@type":"BreadcrumbList","@id":"https:\/\/veritasinfo.org\/?p=15900#breadcrumb","itemListElement":[{"@type":"ListItem","position":1,"name":"Home","item":"https:\/\/veritasinfo.org\/"},{"@type":"ListItem","position":2,"name":"Rexhepi: Policia n\u00eb Serbi po merr sh\u00ebnime p\u00ebr shqiptar\u00ebt e Lugin\u00ebs q\u00eb po festojn\u00eb"}]},{"@type":"WebSite","@id":"https:\/\/veritasinfo.org\/#website","url":"https:\/\/veritasinfo.org\/","name":"","description":"","potentialAction":[{"@type":"SearchAction","target":{"@type":"EntryPoint","urlTemplate":"https:\/\/veritasinfo.org\/?s={search_term_string}"},"query-input":{"@type":"PropertyValueSpecification","valueRequired":true,"valueName":"search_term_string"}}],"inLanguage":"en-US"},{"@type":"Person","@id":"https:\/\/veritasinfo.org\/#\/schema\/person\/fe199eede04c3937362892b7444747cc","name":"US6","image":{"@type":"ImageObject","inLanguage":"en-US","@id":"https:\/\/veritasinfo.org\/#\/schema\/person\/image\/","url":"https:\/\/secure.gravatar.com\/avatar\/cb16c3c31c9d23b9b8c705964598220b3014e42ff51eb540ff23cefa3ae8c15f?s=96&d=mm&r=g","contentUrl":"https:\/\/secure.gravatar.com\/avatar\/cb16c3c31c9d23b9b8c705964598220b3014e42ff51eb540ff23cefa3ae8c15f?s=96&d=mm&r=g","caption":"US6"},"url":"https:\/\/veritasinfo.org\/?author=7"}]}},"featured_image_urls":{"full":["https:\/\/veritasinfo.org\/wp-content\/uploads\/2025\/10\/Screenshot-2025-10-12-074940.jpg",835,609,false],"thumbnail":["https:\/\/veritasinfo.org\/wp-content\/uploads\/2025\/10\/Screenshot-2025-10-12-074940-150x150.jpg",150,150,true],"medium":["https:\/\/veritasinfo.org\/wp-content\/uploads\/2025\/10\/Screenshot-2025-10-12-074940-300x219.jpg",300,219,true],"medium_large":["https:\/\/veritasinfo.org\/wp-content\/uploads\/2025\/10\/Screenshot-2025-10-12-074940-768x560.jpg",640,467,true],"large":["https:\/\/veritasinfo.org\/wp-content\/uploads\/2025\/10\/Screenshot-2025-10-12-074940.jpg",640,467,false],"1536x1536":["https:\/\/veritasinfo.org\/wp-content\/uploads\/2025\/10\/Screenshot-2025-10-12-074940.jpg",835,609,false],"2048x2048":["https:\/\/veritasinfo.org\/wp-content\/uploads\/2025\/10\/Screenshot-2025-10-12-074940.jpg",835,609,false],"kreeti-slider-full":["https:\/\/veritasinfo.org\/wp-content\/uploads\/2025\/10\/Screenshot-2025-10-12-074940.jpg",835,609,false],"kreeti-featured":["https:\/\/veritasinfo.org\/wp-content\/uploads\/2025\/10\/Screenshot-2025-10-12-074940.jpg",835,609,false],"kreeti-medium":["https:\/\/veritasinfo.org\/wp-content\/uploads\/2025\/10\/Screenshot-2025-10-12-074940.jpg",720,525,false],"kreeti-medium-square":["https:\/\/veritasinfo.org\/wp-content\/uploads\/2025\/10\/Screenshot-2025-10-12-074940.jpg",350,255,false]},"author_info":{"info":["US6"]},"category_info":"<a href=\"https:\/\/veritasinfo.org\/?cat=60\" rel=\"category\">Shoq\u00ebrore<\/a>","tag_info":"Shoq\u00ebrore","comment_count":"0","_links":{"self":[{"href":"https:\/\/veritasinfo.org\/index.php?rest_route=\/wp\/v2\/posts\/15900","targetHints":{"allow":["GET"]}}],"collection":[{"href":"https:\/\/veritasinfo.org\/index.php?rest_route=\/wp\/v2\/posts"}],"about":[{"href":"https:\/\/veritasinfo.org\/index.php?rest_route=\/wp\/v2\/types\/post"}],"author":[{"embeddable":true,"href":"https:\/\/veritasinfo.org\/index.php?rest_route=\/wp\/v2\/users\/7"}],"replies":[{"embeddable":true,"href":"https:\/\/veritasinfo.org\/index.php?rest_route=%2Fwp%2Fv2%2Fcomments&post=15900"}],"version-history":[{"count":1,"href":"https:\/\/veritasinfo.org\/index.php?rest_route=\/wp\/v2\/posts\/15900\/revisions"}],"predecessor-version":[{"id":15902,"href":"https:\/\/veritasinfo.org\/index.php?rest_route=\/wp\/v2\/posts\/15900\/revisions\/15902"}],"wp:featuredmedia":[{"embeddable":true,"href":"https:\/\/veritasinfo.org\/index.php?rest_route=\/wp\/v2\/media\/15901"}],"wp:attachment":[{"href":"https:\/\/veritasinfo.org\/index.php?rest_route=%2Fwp%2Fv2%2Fmedia&parent=15900"}],"wp:term":[{"taxonomy":"category","embeddable":true,"href":"https:\/\/veritasinfo.org\/index.php?rest_route=%2Fwp%2Fv2%2Fcategories&post=15900"},{"taxonomy":"post_tag","embeddable":true,"href":"https:\/\/veritasinfo.org\/index.php?rest_route=%2Fwp%2Fv2%2Ftags&post=15900"}],"curies":[{"name":"wp","href":"https:\/\/api.w.org\/{rel}","templated":true}]}}