{"id":15866,"date":"2025-10-11T16:36:07","date_gmt":"2025-10-11T14:36:07","guid":{"rendered":"https:\/\/veritasinfo.org\/?p=15866"},"modified":"2025-10-11T16:37:36","modified_gmt":"2025-10-11T14:37:36","slug":"kandidati-per-kryetar-te-leposaviqit-vukceviq-koha-e-shantazheve-dhe-frikes-duhet-te-marre-fund","status":"publish","type":"post","link":"https:\/\/veritasinfo.org\/?p=15866","title":{"rendered":"Kandidati p\u00ebr kryetar t\u00eb Leposaviqit, Vuk\u00e7eviq: Koha e shantazheve dhe frik\u00ebs duhet t\u00eb marr\u00eb fund"},"content":{"rendered":"<p>Leposaviq, 11 tetor 2025<\/p>\n<p>Partit\u00eb politike serbe, iniciativat qytetare dhe kandidat\u00ebt e pavarur serb\u00eb q\u00eb kan\u00eb pranuar vullnetsh\u00ebm t\u00eb hyjn\u00eb n\u00eb gar\u00ebn zgjedhore t\u00eb s\u00eb diel\u00ebs, p\u00ebr t\u2019u b\u00ebr\u00eb udh\u00ebheq\u00ebs legjitim t\u00eb komunave ku ata garojn\u00eb, \u00e7do dit\u00eb e m\u00eb tep\u00ebr po u b\u00ebjn\u00eb thirrje qytetar\u00ebve t\u00eb komunitetit serb t\u00eb dalin n\u00eb zgjedhje dhe t\u00eb votojn\u00eb, pa frik\u00eb, por me guxim p\u00ebr t\u00eb ardhmen e tyre n\u00eb Republik\u00ebn e Kosov\u00ebs.<\/p>\n<p>I fundit q\u00eb u ka b\u00ebr\u00eb thirrje qytetar\u00ebve serb\u00eb, \u00ebsht\u00eb Ivan Vuk\u00e7eviq, nga Leposaviqi, i cili, n\u00eb nj\u00eb prononcim p\u00ebr mediat lokale, ka th\u00ebn\u00eb se zgjedhjet e 12 tetorit, nuk jan\u00eb premtim q\u00eb harrohet pas s\u00eb diel\u00ebs, por moment vendimtar p\u00ebr t\u00eb ardhmen e f\u00ebmij\u00ebve.<\/p>\n<p>N\u00eb nj\u00eb adresim t\u00eb hapur dhe me guxim, kryetari i Iniciativ\u00ebs Qytetare \u201cRr\u00ebnj\u00ebt\u201d, Vuk\u00e7eviq, ka th\u00ebn\u00eb mes tjerash, se koha e shantazheve dhe frik\u00ebs duhet t\u00eb marr\u00eb fund.<\/p>\n<p>\u201cE di q\u00eb jetojm\u00eb n\u00eb nj\u00eb koh\u00eb shantazhesh dhe frike. E di q\u00eb po p\u00ebrjetojm\u00eb represion dhe tortur\u00eb, dhe se pasiguria na mjegullon vizionin. Por, po ashtu, e di q\u00eb tek secili prej nesh ka mbetur nj\u00eb grimc\u00eb guximi dhe, m\u00eb e r\u00ebnd\u00ebsishmja, nj\u00eb grimc\u00eb men\u00e7urie.<\/p>\n<p>Me gjith\u00eb sinqeritetin, besoj n\u00eb ju. Sepse po t\u00eb mos besoja, do kisha hequr dor\u00eb prej koh\u00ebsh.<\/p>\n<p>Prandaj, nes\u00ebr, t\u00eb tregojm\u00eb se nuk jemi marioneta q\u00eb dikush i komandon. T\u00eb tregojm\u00eb se ia vlen t\u00eb luftosh p\u00ebr drejt\u00ebsin\u00eb dhe t\u00eb v\u00ebrtet\u00ebn. T\u00eb tregojm\u00eb se na intereson m\u00eb shum\u00eb e ardhmja e f\u00ebmij\u00ebve tan\u00eb, sesa p\u00ebrfitimet e vogla apo premtimet q\u00eb harrohen pas zgjedhjeve\u201d, ka qen\u00eb prononcimi i kandidatit p\u00ebr kryetar t\u00eb Leposaviqit, duke shtuar se \u00ebsht\u00eb momenti t\u00eb tregohet se mund t\u00eb jen\u00eb pjes\u00eb e val\u00ebve t\u00eb ndryshimit q\u00eb, si\u00e7 \u00ebsht\u00eb shprehur, ai, k\u00ebto ndryshime po ndodhin edhe n\u00eb Serbi.<\/p>\n","protected":false},"excerpt":{"rendered":"<p>Leposaviq, 11 tetor 2025 Partit\u00eb politike serbe, iniciativat qytetare dhe kandidat\u00ebt e pavarur serb\u00eb q\u00eb kan\u00eb pranuar vullnetsh\u00ebm t\u00eb hyjn\u00eb n\u00eb gar\u00ebn zgjedhore t\u00eb s\u00eb<\/p>\n","protected":false},"author":7,"featured_media":15869,"comment_status":"open","ping_status":"open","sticky":false,"template":"","format":"standard","meta":{"footnotes":""},"categories":[8],"tags":[],"class_list":["post-15866","post","type-post","status-publish","format-standard","has-post-thumbnail","hentry","category-blog-sq"],"yoast_head":"<!-- This site is optimized with the Yoast SEO plugin v25.3.1 - https:\/\/yoast.com\/wordpress\/plugins\/seo\/ -->\n<title>Kandidati p\u00ebr kryetar t\u00eb Leposaviqit, Vuk\u00e7eviq: Koha e shantazheve dhe frik\u00ebs duhet t\u00eb marr\u00eb fund -<\/title>\n<meta name=\"robots\" content=\"index, follow, max-snippet:-1, max-image-preview:large, max-video-preview:-1\" \/>\n<link rel=\"canonical\" href=\"https:\/\/veritasinfo.org\/?p=15866\" \/>\n<meta property=\"og:locale\" content=\"en_US\" \/>\n<meta property=\"og:type\" content=\"article\" \/>\n<meta property=\"og:title\" content=\"Kandidati p\u00ebr kryetar t\u00eb Leposaviqit, Vuk\u00e7eviq: Koha e shantazheve dhe frik\u00ebs duhet t\u00eb marr\u00eb fund -\" \/>\n<meta property=\"og:description\" content=\"Leposaviq, 11 tetor 2025 Partit\u00eb politike serbe, iniciativat qytetare dhe kandidat\u00ebt e pavarur serb\u00eb q\u00eb kan\u00eb pranuar vullnetsh\u00ebm t\u00eb hyjn\u00eb n\u00eb gar\u00ebn zgjedhore t\u00eb s\u00eb\" \/>\n<meta property=\"og:url\" content=\"https:\/\/veritasinfo.org\/?p=15866\" \/>\n<meta property=\"article:published_time\" content=\"2025-10-11T14:36:07+00:00\" \/>\n<meta property=\"article:modified_time\" content=\"2025-10-11T14:37:36+00:00\" \/>\n<meta property=\"og:image\" content=\"https:\/\/veritasinfo.org\/wp-content\/uploads\/2025\/10\/Capture220.png\" \/>\n\t<meta property=\"og:image:width\" content=\"443\" \/>\n\t<meta property=\"og:image:height\" content=\"450\" \/>\n\t<meta property=\"og:image:type\" content=\"image\/png\" \/>\n<meta name=\"author\" content=\"US6\" \/>\n<meta name=\"twitter:card\" content=\"summary_large_image\" \/>\n<meta name=\"twitter:label1\" content=\"Written by\" \/>\n\t<meta name=\"twitter:data1\" content=\"US6\" \/>\n\t<meta name=\"twitter:label2\" content=\"Est. reading time\" \/>\n\t<meta name=\"twitter:data2\" content=\"2 minutes\" \/>\n<script type=\"application\/ld+json\" class=\"yoast-schema-graph\">{\"@context\":\"https:\/\/schema.org\",\"@graph\":[{\"@type\":\"WebPage\",\"@id\":\"https:\/\/veritasinfo.org\/?p=15866\",\"url\":\"https:\/\/veritasinfo.org\/?p=15866\",\"name\":\"Kandidati p\u00ebr kryetar t\u00eb Leposaviqit, Vuk\u00e7eviq: Koha e shantazheve dhe frik\u00ebs duhet t\u00eb marr\u00eb fund -\",\"isPartOf\":{\"@id\":\"https:\/\/veritasinfo.org\/#website\"},\"primaryImageOfPage\":{\"@id\":\"https:\/\/veritasinfo.org\/?p=15866#primaryimage\"},\"image\":{\"@id\":\"https:\/\/veritasinfo.org\/?p=15866#primaryimage\"},\"thumbnailUrl\":\"https:\/\/veritasinfo.org\/wp-content\/uploads\/2025\/10\/Capture220.png\",\"datePublished\":\"2025-10-11T14:36:07+00:00\",\"dateModified\":\"2025-10-11T14:37:36+00:00\",\"author\":{\"@id\":\"https:\/\/veritasinfo.org\/#\/schema\/person\/fe199eede04c3937362892b7444747cc\"},\"breadcrumb\":{\"@id\":\"https:\/\/veritasinfo.org\/?p=15866#breadcrumb\"},\"inLanguage\":\"en-US\",\"potentialAction\":[{\"@type\":\"ReadAction\",\"target\":[\"https:\/\/veritasinfo.org\/?p=15866\"]}]},{\"@type\":\"ImageObject\",\"inLanguage\":\"en-US\",\"@id\":\"https:\/\/veritasinfo.org\/?p=15866#primaryimage\",\"url\":\"https:\/\/veritasinfo.org\/wp-content\/uploads\/2025\/10\/Capture220.png\",\"contentUrl\":\"https:\/\/veritasinfo.org\/wp-content\/uploads\/2025\/10\/Capture220.png\",\"width\":443,\"height\":450},{\"@type\":\"BreadcrumbList\",\"@id\":\"https:\/\/veritasinfo.org\/?p=15866#breadcrumb\",\"itemListElement\":[{\"@type\":\"ListItem\",\"position\":1,\"name\":\"Home\",\"item\":\"https:\/\/veritasinfo.org\/\"},{\"@type\":\"ListItem\",\"position\":2,\"name\":\"Kandidati p\u00ebr kryetar t\u00eb Leposaviqit, Vuk\u00e7eviq: Koha e shantazheve dhe frik\u00ebs duhet t\u00eb marr\u00eb fund\"}]},{\"@type\":\"WebSite\",\"@id\":\"https:\/\/veritasinfo.org\/#website\",\"url\":\"https:\/\/veritasinfo.org\/\",\"name\":\"\",\"description\":\"\",\"potentialAction\":[{\"@type\":\"SearchAction\",\"target\":{\"@type\":\"EntryPoint\",\"urlTemplate\":\"https:\/\/veritasinfo.org\/?s={search_term_string}\"},\"query-input\":{\"@type\":\"PropertyValueSpecification\",\"valueRequired\":true,\"valueName\":\"search_term_string\"}}],\"inLanguage\":\"en-US\"},{\"@type\":\"Person\",\"@id\":\"https:\/\/veritasinfo.org\/#\/schema\/person\/fe199eede04c3937362892b7444747cc\",\"name\":\"US6\",\"image\":{\"@type\":\"ImageObject\",\"inLanguage\":\"en-US\",\"@id\":\"https:\/\/veritasinfo.org\/#\/schema\/person\/image\/\",\"url\":\"https:\/\/secure.gravatar.com\/avatar\/cb16c3c31c9d23b9b8c705964598220b3014e42ff51eb540ff23cefa3ae8c15f?s=96&d=mm&r=g\",\"contentUrl\":\"https:\/\/secure.gravatar.com\/avatar\/cb16c3c31c9d23b9b8c705964598220b3014e42ff51eb540ff23cefa3ae8c15f?s=96&d=mm&r=g\",\"caption\":\"US6\"},\"url\":\"https:\/\/veritasinfo.org\/?author=7\"}]}<\/script>\n<!-- \/ Yoast SEO plugin. -->","yoast_head_json":{"title":"Kandidati p\u00ebr kryetar t\u00eb Leposaviqit, Vuk\u00e7eviq: Koha e shantazheve dhe frik\u00ebs duhet t\u00eb marr\u00eb fund -","robots":{"index":"index","follow":"follow","max-snippet":"max-snippet:-1","max-image-preview":"max-image-preview:large","max-video-preview":"max-video-preview:-1"},"canonical":"https:\/\/veritasinfo.org\/?p=15866","og_locale":"en_US","og_type":"article","og_title":"Kandidati p\u00ebr kryetar t\u00eb Leposaviqit, Vuk\u00e7eviq: Koha e shantazheve dhe frik\u00ebs duhet t\u00eb marr\u00eb fund -","og_description":"Leposaviq, 11 tetor 2025 Partit\u00eb politike serbe, iniciativat qytetare dhe kandidat\u00ebt e pavarur serb\u00eb q\u00eb kan\u00eb pranuar vullnetsh\u00ebm t\u00eb hyjn\u00eb n\u00eb gar\u00ebn zgjedhore t\u00eb s\u00eb","og_url":"https:\/\/veritasinfo.org\/?p=15866","article_published_time":"2025-10-11T14:36:07+00:00","article_modified_time":"2025-10-11T14:37:36+00:00","og_image":[{"width":443,"height":450,"url":"https:\/\/veritasinfo.org\/wp-content\/uploads\/2025\/10\/Capture220.png","type":"image\/png"}],"author":"US6","twitter_card":"summary_large_image","twitter_misc":{"Written by":"US6","Est. reading time":"2 minutes"},"schema":{"@context":"https:\/\/schema.org","@graph":[{"@type":"WebPage","@id":"https:\/\/veritasinfo.org\/?p=15866","url":"https:\/\/veritasinfo.org\/?p=15866","name":"Kandidati p\u00ebr kryetar t\u00eb Leposaviqit, Vuk\u00e7eviq: Koha e shantazheve dhe frik\u00ebs duhet t\u00eb marr\u00eb fund -","isPartOf":{"@id":"https:\/\/veritasinfo.org\/#website"},"primaryImageOfPage":{"@id":"https:\/\/veritasinfo.org\/?p=15866#primaryimage"},"image":{"@id":"https:\/\/veritasinfo.org\/?p=15866#primaryimage"},"thumbnailUrl":"https:\/\/veritasinfo.org\/wp-content\/uploads\/2025\/10\/Capture220.png","datePublished":"2025-10-11T14:36:07+00:00","dateModified":"2025-10-11T14:37:36+00:00","author":{"@id":"https:\/\/veritasinfo.org\/#\/schema\/person\/fe199eede04c3937362892b7444747cc"},"breadcrumb":{"@id":"https:\/\/veritasinfo.org\/?p=15866#breadcrumb"},"inLanguage":"en-US","potentialAction":[{"@type":"ReadAction","target":["https:\/\/veritasinfo.org\/?p=15866"]}]},{"@type":"ImageObject","inLanguage":"en-US","@id":"https:\/\/veritasinfo.org\/?p=15866#primaryimage","url":"https:\/\/veritasinfo.org\/wp-content\/uploads\/2025\/10\/Capture220.png","contentUrl":"https:\/\/veritasinfo.org\/wp-content\/uploads\/2025\/10\/Capture220.png","width":443,"height":450},{"@type":"BreadcrumbList","@id":"https:\/\/veritasinfo.org\/?p=15866#breadcrumb","itemListElement":[{"@type":"ListItem","position":1,"name":"Home","item":"https:\/\/veritasinfo.org\/"},{"@type":"ListItem","position":2,"name":"Kandidati p\u00ebr kryetar t\u00eb Leposaviqit, Vuk\u00e7eviq: Koha e shantazheve dhe frik\u00ebs duhet t\u00eb marr\u00eb fund"}]},{"@type":"WebSite","@id":"https:\/\/veritasinfo.org\/#website","url":"https:\/\/veritasinfo.org\/","name":"","description":"","potentialAction":[{"@type":"SearchAction","target":{"@type":"EntryPoint","urlTemplate":"https:\/\/veritasinfo.org\/?s={search_term_string}"},"query-input":{"@type":"PropertyValueSpecification","valueRequired":true,"valueName":"search_term_string"}}],"inLanguage":"en-US"},{"@type":"Person","@id":"https:\/\/veritasinfo.org\/#\/schema\/person\/fe199eede04c3937362892b7444747cc","name":"US6","image":{"@type":"ImageObject","inLanguage":"en-US","@id":"https:\/\/veritasinfo.org\/#\/schema\/person\/image\/","url":"https:\/\/secure.gravatar.com\/avatar\/cb16c3c31c9d23b9b8c705964598220b3014e42ff51eb540ff23cefa3ae8c15f?s=96&d=mm&r=g","contentUrl":"https:\/\/secure.gravatar.com\/avatar\/cb16c3c31c9d23b9b8c705964598220b3014e42ff51eb540ff23cefa3ae8c15f?s=96&d=mm&r=g","caption":"US6"},"url":"https:\/\/veritasinfo.org\/?author=7"}]}},"featured_image_urls":{"full":["https:\/\/veritasinfo.org\/wp-content\/uploads\/2025\/10\/Capture220.png",443,450,false],"thumbnail":["https:\/\/veritasinfo.org\/wp-content\/uploads\/2025\/10\/Capture220-150x150.png",150,150,true],"medium":["https:\/\/veritasinfo.org\/wp-content\/uploads\/2025\/10\/Capture220-295x300.png",295,300,true],"medium_large":["https:\/\/veritasinfo.org\/wp-content\/uploads\/2025\/10\/Capture220.png",443,450,false],"large":["https:\/\/veritasinfo.org\/wp-content\/uploads\/2025\/10\/Capture220.png",443,450,false],"1536x1536":["https:\/\/veritasinfo.org\/wp-content\/uploads\/2025\/10\/Capture220.png",443,450,false],"2048x2048":["https:\/\/veritasinfo.org\/wp-content\/uploads\/2025\/10\/Capture220.png",443,450,false],"kreeti-slider-full":["https:\/\/veritasinfo.org\/wp-content\/uploads\/2025\/10\/Capture220.png",443,450,false],"kreeti-featured":["https:\/\/veritasinfo.org\/wp-content\/uploads\/2025\/10\/Capture220.png",443,450,false],"kreeti-medium":["https:\/\/veritasinfo.org\/wp-content\/uploads\/2025\/10\/Capture220.png",443,450,false],"kreeti-medium-square":["https:\/\/veritasinfo.org\/wp-content\/uploads\/2025\/10\/Capture220.png",345,350,false]},"author_info":{"info":["US6"]},"category_info":"<a href=\"https:\/\/veritasinfo.org\/?cat=8\" rel=\"category\">Zgjedhjet parlamentare 2025<\/a>","tag_info":"Zgjedhjet parlamentare 2025","comment_count":"0","_links":{"self":[{"href":"https:\/\/veritasinfo.org\/index.php?rest_route=\/wp\/v2\/posts\/15866","targetHints":{"allow":["GET"]}}],"collection":[{"href":"https:\/\/veritasinfo.org\/index.php?rest_route=\/wp\/v2\/posts"}],"about":[{"href":"https:\/\/veritasinfo.org\/index.php?rest_route=\/wp\/v2\/types\/post"}],"author":[{"embeddable":true,"href":"https:\/\/veritasinfo.org\/index.php?rest_route=\/wp\/v2\/users\/7"}],"replies":[{"embeddable":true,"href":"https:\/\/veritasinfo.org\/index.php?rest_route=%2Fwp%2Fv2%2Fcomments&post=15866"}],"version-history":[{"count":2,"href":"https:\/\/veritasinfo.org\/index.php?rest_route=\/wp\/v2\/posts\/15866\/revisions"}],"predecessor-version":[{"id":15870,"href":"https:\/\/veritasinfo.org\/index.php?rest_route=\/wp\/v2\/posts\/15866\/revisions\/15870"}],"wp:featuredmedia":[{"embeddable":true,"href":"https:\/\/veritasinfo.org\/index.php?rest_route=\/wp\/v2\/media\/15869"}],"wp:attachment":[{"href":"https:\/\/veritasinfo.org\/index.php?rest_route=%2Fwp%2Fv2%2Fmedia&parent=15866"}],"wp:term":[{"taxonomy":"category","embeddable":true,"href":"https:\/\/veritasinfo.org\/index.php?rest_route=%2Fwp%2Fv2%2Fcategories&post=15866"},{"taxonomy":"post_tag","embeddable":true,"href":"https:\/\/veritasinfo.org\/index.php?rest_route=%2Fwp%2Fv2%2Ftags&post=15866"}],"curies":[{"name":"wp","href":"https:\/\/api.w.org\/{rel}","templated":true}]}}