{"id":15858,"date":"2025-10-11T15:32:42","date_gmt":"2025-10-11T13:32:42","guid":{"rendered":"https:\/\/veritasinfo.org\/?p=15858"},"modified":"2025-10-11T15:32:42","modified_gmt":"2025-10-11T13:32:42","slug":"nenad-vukmiroviq-caktohet-ushtrues-i-detyres-se-ministrit-per-komunitete-dhe-kthim","status":"publish","type":"post","link":"https:\/\/veritasinfo.org\/?p=15858","title":{"rendered":"Nenad Vukmiroviq caktohet ushtrues i detyr\u00ebs s\u00eb Ministrit p\u00ebr Komunitete dhe Kthim"},"content":{"rendered":"<p>Prishtin\u00eb 11 Tetor 2025<\/p>\n<p>Kryeministri n\u00eb detyr\u00eb i Republik\u00ebs s\u00eb Kosov\u00ebs, Albin Kurti, ka caktuar z\u00ebvend\u00ebsministrin e deritanish\u00ebm p\u00ebr Komunitete dhe Kthim, Nenad Vukmiroviq, ushtrues t\u00eb detyr\u00ebs s\u00eb Ministrit p\u00ebr Komunitete dhe Kthim, pas zgjedhjes s\u00eb Nenad Rashiqit n\u00eb pozit\u00ebn e n\u00ebnkryetarit t\u00eb Kuvendit t\u00eb Republik\u00ebs s\u00eb Kosov\u00ebs.<\/p>\n<p>\u201cI lindur n\u00eb Mitrovic\u00ebn e veriut n\u00eb prill t\u00eb vitit 1979, Nenad Vukmiroviq me profesion \u00ebsht\u00eb inxhinier i diplomuar i elektroteknik\u00ebs dhe informatik\u00ebs. Shkoll\u00ebn fillore dhe t\u00eb mesme i ka p\u00ebrfunduar n\u00eb Mitrovic\u00ebn e veriut. M\u00eb par\u00eb ka qen\u00eb edhe Drejtor i Arsimit n\u00eb Komun\u00ebn e Mitrovic\u00ebs s\u00eb veriut\u201d, thuhet n\u00eb njoftim.<\/p>\n<p>Kryeministri Kurti e uroi Vukmiroviq p\u00ebr p\u00ebrgjegj\u00ebsin\u00eb e re dhe i d\u00ebshiron suksese n\u00eb p\u00ebrmbushjen e detyrave.<\/p>\n","protected":false},"excerpt":{"rendered":"<p>Prishtin\u00eb 11 Tetor 2025 Kryeministri n\u00eb detyr\u00eb i Republik\u00ebs s\u00eb Kosov\u00ebs, Albin Kurti, ka caktuar z\u00ebvend\u00ebsministrin e deritanish\u00ebm p\u00ebr Komunitete dhe Kthim, Nenad Vukmiroviq, ushtrues<\/p>\n","protected":false},"author":6,"featured_media":15859,"comment_status":"open","ping_status":"open","sticky":false,"template":"","format":"standard","meta":{"footnotes":""},"categories":[60],"tags":[],"class_list":["post-15858","post","type-post","status-publish","format-standard","has-post-thumbnail","hentry","category-shoqerore-sq"],"yoast_head":"<!-- This site is optimized with the Yoast SEO plugin v25.3.1 - https:\/\/yoast.com\/wordpress\/plugins\/seo\/ -->\n<title>Nenad Vukmiroviq caktohet ushtrues i detyr\u00ebs s\u00eb Ministrit p\u00ebr Komunitete dhe Kthim -<\/title>\n<meta name=\"robots\" content=\"index, follow, max-snippet:-1, max-image-preview:large, max-video-preview:-1\" \/>\n<link rel=\"canonical\" href=\"https:\/\/veritasinfo.org\/?p=15858\" \/>\n<meta property=\"og:locale\" content=\"en_US\" \/>\n<meta property=\"og:type\" content=\"article\" \/>\n<meta property=\"og:title\" content=\"Nenad Vukmiroviq caktohet ushtrues i detyr\u00ebs s\u00eb Ministrit p\u00ebr Komunitete dhe Kthim -\" \/>\n<meta property=\"og:description\" content=\"Prishtin\u00eb 11 Tetor 2025 Kryeministri n\u00eb detyr\u00eb i Republik\u00ebs s\u00eb Kosov\u00ebs, Albin Kurti, ka caktuar z\u00ebvend\u00ebsministrin e deritanish\u00ebm p\u00ebr Komunitete dhe Kthim, Nenad Vukmiroviq, ushtrues\" \/>\n<meta property=\"og:url\" content=\"https:\/\/veritasinfo.org\/?p=15858\" \/>\n<meta property=\"article:published_time\" content=\"2025-10-11T13:32:42+00:00\" \/>\n<meta property=\"og:image\" content=\"https:\/\/veritasinfo.org\/wp-content\/uploads\/2025\/10\/825cc7fb-b5e3-4ccb-8cab-0684ce270d5c.webp\" \/>\n\t<meta property=\"og:image:width\" content=\"860\" \/>\n\t<meta property=\"og:image:height\" content=\"550\" \/>\n\t<meta property=\"og:image:type\" content=\"image\/webp\" \/>\n<meta name=\"author\" content=\"US5\" \/>\n<meta name=\"twitter:card\" content=\"summary_large_image\" \/>\n<meta name=\"twitter:label1\" content=\"Written by\" \/>\n\t<meta name=\"twitter:data1\" content=\"US5\" \/>\n\t<meta name=\"twitter:label2\" content=\"Est. reading time\" \/>\n\t<meta name=\"twitter:data2\" content=\"1 minute\" \/>\n<script type=\"application\/ld+json\" class=\"yoast-schema-graph\">{\"@context\":\"https:\/\/schema.org\",\"@graph\":[{\"@type\":\"WebPage\",\"@id\":\"https:\/\/veritasinfo.org\/?p=15858\",\"url\":\"https:\/\/veritasinfo.org\/?p=15858\",\"name\":\"Nenad Vukmiroviq caktohet ushtrues i detyr\u00ebs s\u00eb Ministrit p\u00ebr Komunitete dhe Kthim -\",\"isPartOf\":{\"@id\":\"https:\/\/veritasinfo.org\/#website\"},\"primaryImageOfPage\":{\"@id\":\"https:\/\/veritasinfo.org\/?p=15858#primaryimage\"},\"image\":{\"@id\":\"https:\/\/veritasinfo.org\/?p=15858#primaryimage\"},\"thumbnailUrl\":\"https:\/\/veritasinfo.org\/wp-content\/uploads\/2025\/10\/825cc7fb-b5e3-4ccb-8cab-0684ce270d5c.webp\",\"datePublished\":\"2025-10-11T13:32:42+00:00\",\"author\":{\"@id\":\"https:\/\/veritasinfo.org\/#\/schema\/person\/bc442336e35414d04494ab8fb45db4c6\"},\"breadcrumb\":{\"@id\":\"https:\/\/veritasinfo.org\/?p=15858#breadcrumb\"},\"inLanguage\":\"en-US\",\"potentialAction\":[{\"@type\":\"ReadAction\",\"target\":[\"https:\/\/veritasinfo.org\/?p=15858\"]}]},{\"@type\":\"ImageObject\",\"inLanguage\":\"en-US\",\"@id\":\"https:\/\/veritasinfo.org\/?p=15858#primaryimage\",\"url\":\"https:\/\/veritasinfo.org\/wp-content\/uploads\/2025\/10\/825cc7fb-b5e3-4ccb-8cab-0684ce270d5c.webp\",\"contentUrl\":\"https:\/\/veritasinfo.org\/wp-content\/uploads\/2025\/10\/825cc7fb-b5e3-4ccb-8cab-0684ce270d5c.webp\",\"width\":860,\"height\":550},{\"@type\":\"BreadcrumbList\",\"@id\":\"https:\/\/veritasinfo.org\/?p=15858#breadcrumb\",\"itemListElement\":[{\"@type\":\"ListItem\",\"position\":1,\"name\":\"Home\",\"item\":\"https:\/\/veritasinfo.org\/\"},{\"@type\":\"ListItem\",\"position\":2,\"name\":\"Nenad Vukmiroviq caktohet ushtrues i detyr\u00ebs s\u00eb Ministrit p\u00ebr Komunitete dhe Kthim\"}]},{\"@type\":\"WebSite\",\"@id\":\"https:\/\/veritasinfo.org\/#website\",\"url\":\"https:\/\/veritasinfo.org\/\",\"name\":\"\",\"description\":\"\",\"potentialAction\":[{\"@type\":\"SearchAction\",\"target\":{\"@type\":\"EntryPoint\",\"urlTemplate\":\"https:\/\/veritasinfo.org\/?s={search_term_string}\"},\"query-input\":{\"@type\":\"PropertyValueSpecification\",\"valueRequired\":true,\"valueName\":\"search_term_string\"}}],\"inLanguage\":\"en-US\"},{\"@type\":\"Person\",\"@id\":\"https:\/\/veritasinfo.org\/#\/schema\/person\/bc442336e35414d04494ab8fb45db4c6\",\"name\":\"US5\",\"image\":{\"@type\":\"ImageObject\",\"inLanguage\":\"en-US\",\"@id\":\"https:\/\/veritasinfo.org\/#\/schema\/person\/image\/\",\"url\":\"https:\/\/secure.gravatar.com\/avatar\/16a61e7272a0c5d001121ebb9e60e925d5816e4ac1e443ed3e640d9a6ae55d0c?s=96&d=mm&r=g\",\"contentUrl\":\"https:\/\/secure.gravatar.com\/avatar\/16a61e7272a0c5d001121ebb9e60e925d5816e4ac1e443ed3e640d9a6ae55d0c?s=96&d=mm&r=g\",\"caption\":\"US5\"},\"url\":\"https:\/\/veritasinfo.org\/?author=6\"}]}<\/script>\n<!-- \/ Yoast SEO plugin. -->","yoast_head_json":{"title":"Nenad Vukmiroviq caktohet ushtrues i detyr\u00ebs s\u00eb Ministrit p\u00ebr Komunitete dhe Kthim -","robots":{"index":"index","follow":"follow","max-snippet":"max-snippet:-1","max-image-preview":"max-image-preview:large","max-video-preview":"max-video-preview:-1"},"canonical":"https:\/\/veritasinfo.org\/?p=15858","og_locale":"en_US","og_type":"article","og_title":"Nenad Vukmiroviq caktohet ushtrues i detyr\u00ebs s\u00eb Ministrit p\u00ebr Komunitete dhe Kthim -","og_description":"Prishtin\u00eb 11 Tetor 2025 Kryeministri n\u00eb detyr\u00eb i Republik\u00ebs s\u00eb Kosov\u00ebs, Albin Kurti, ka caktuar z\u00ebvend\u00ebsministrin e deritanish\u00ebm p\u00ebr Komunitete dhe Kthim, Nenad Vukmiroviq, ushtrues","og_url":"https:\/\/veritasinfo.org\/?p=15858","article_published_time":"2025-10-11T13:32:42+00:00","og_image":[{"width":860,"height":550,"url":"https:\/\/veritasinfo.org\/wp-content\/uploads\/2025\/10\/825cc7fb-b5e3-4ccb-8cab-0684ce270d5c.webp","type":"image\/webp"}],"author":"US5","twitter_card":"summary_large_image","twitter_misc":{"Written by":"US5","Est. reading time":"1 minute"},"schema":{"@context":"https:\/\/schema.org","@graph":[{"@type":"WebPage","@id":"https:\/\/veritasinfo.org\/?p=15858","url":"https:\/\/veritasinfo.org\/?p=15858","name":"Nenad Vukmiroviq caktohet ushtrues i detyr\u00ebs s\u00eb Ministrit p\u00ebr Komunitete dhe Kthim -","isPartOf":{"@id":"https:\/\/veritasinfo.org\/#website"},"primaryImageOfPage":{"@id":"https:\/\/veritasinfo.org\/?p=15858#primaryimage"},"image":{"@id":"https:\/\/veritasinfo.org\/?p=15858#primaryimage"},"thumbnailUrl":"https:\/\/veritasinfo.org\/wp-content\/uploads\/2025\/10\/825cc7fb-b5e3-4ccb-8cab-0684ce270d5c.webp","datePublished":"2025-10-11T13:32:42+00:00","author":{"@id":"https:\/\/veritasinfo.org\/#\/schema\/person\/bc442336e35414d04494ab8fb45db4c6"},"breadcrumb":{"@id":"https:\/\/veritasinfo.org\/?p=15858#breadcrumb"},"inLanguage":"en-US","potentialAction":[{"@type":"ReadAction","target":["https:\/\/veritasinfo.org\/?p=15858"]}]},{"@type":"ImageObject","inLanguage":"en-US","@id":"https:\/\/veritasinfo.org\/?p=15858#primaryimage","url":"https:\/\/veritasinfo.org\/wp-content\/uploads\/2025\/10\/825cc7fb-b5e3-4ccb-8cab-0684ce270d5c.webp","contentUrl":"https:\/\/veritasinfo.org\/wp-content\/uploads\/2025\/10\/825cc7fb-b5e3-4ccb-8cab-0684ce270d5c.webp","width":860,"height":550},{"@type":"BreadcrumbList","@id":"https:\/\/veritasinfo.org\/?p=15858#breadcrumb","itemListElement":[{"@type":"ListItem","position":1,"name":"Home","item":"https:\/\/veritasinfo.org\/"},{"@type":"ListItem","position":2,"name":"Nenad Vukmiroviq caktohet ushtrues i detyr\u00ebs s\u00eb Ministrit p\u00ebr Komunitete dhe Kthim"}]},{"@type":"WebSite","@id":"https:\/\/veritasinfo.org\/#website","url":"https:\/\/veritasinfo.org\/","name":"","description":"","potentialAction":[{"@type":"SearchAction","target":{"@type":"EntryPoint","urlTemplate":"https:\/\/veritasinfo.org\/?s={search_term_string}"},"query-input":{"@type":"PropertyValueSpecification","valueRequired":true,"valueName":"search_term_string"}}],"inLanguage":"en-US"},{"@type":"Person","@id":"https:\/\/veritasinfo.org\/#\/schema\/person\/bc442336e35414d04494ab8fb45db4c6","name":"US5","image":{"@type":"ImageObject","inLanguage":"en-US","@id":"https:\/\/veritasinfo.org\/#\/schema\/person\/image\/","url":"https:\/\/secure.gravatar.com\/avatar\/16a61e7272a0c5d001121ebb9e60e925d5816e4ac1e443ed3e640d9a6ae55d0c?s=96&d=mm&r=g","contentUrl":"https:\/\/secure.gravatar.com\/avatar\/16a61e7272a0c5d001121ebb9e60e925d5816e4ac1e443ed3e640d9a6ae55d0c?s=96&d=mm&r=g","caption":"US5"},"url":"https:\/\/veritasinfo.org\/?author=6"}]}},"featured_image_urls":{"full":["https:\/\/veritasinfo.org\/wp-content\/uploads\/2025\/10\/825cc7fb-b5e3-4ccb-8cab-0684ce270d5c.webp",860,550,false],"thumbnail":["https:\/\/veritasinfo.org\/wp-content\/uploads\/2025\/10\/825cc7fb-b5e3-4ccb-8cab-0684ce270d5c-150x150.webp",150,150,true],"medium":["https:\/\/veritasinfo.org\/wp-content\/uploads\/2025\/10\/825cc7fb-b5e3-4ccb-8cab-0684ce270d5c-300x192.webp",300,192,true],"medium_large":["https:\/\/veritasinfo.org\/wp-content\/uploads\/2025\/10\/825cc7fb-b5e3-4ccb-8cab-0684ce270d5c-768x491.webp",640,409,true],"large":["https:\/\/veritasinfo.org\/wp-content\/uploads\/2025\/10\/825cc7fb-b5e3-4ccb-8cab-0684ce270d5c.webp",640,409,false],"1536x1536":["https:\/\/veritasinfo.org\/wp-content\/uploads\/2025\/10\/825cc7fb-b5e3-4ccb-8cab-0684ce270d5c.webp",860,550,false],"2048x2048":["https:\/\/veritasinfo.org\/wp-content\/uploads\/2025\/10\/825cc7fb-b5e3-4ccb-8cab-0684ce270d5c.webp",860,550,false],"kreeti-slider-full":["https:\/\/veritasinfo.org\/wp-content\/uploads\/2025\/10\/825cc7fb-b5e3-4ccb-8cab-0684ce270d5c.webp",860,550,false],"kreeti-featured":["https:\/\/veritasinfo.org\/wp-content\/uploads\/2025\/10\/825cc7fb-b5e3-4ccb-8cab-0684ce270d5c.webp",860,550,false],"kreeti-medium":["https:\/\/veritasinfo.org\/wp-content\/uploads\/2025\/10\/825cc7fb-b5e3-4ccb-8cab-0684ce270d5c.webp",720,460,false],"kreeti-medium-square":["https:\/\/veritasinfo.org\/wp-content\/uploads\/2025\/10\/825cc7fb-b5e3-4ccb-8cab-0684ce270d5c.webp",350,224,false]},"author_info":{"info":["US5"]},"category_info":"<a href=\"https:\/\/veritasinfo.org\/?cat=60\" rel=\"category\">Shoq\u00ebrore<\/a>","tag_info":"Shoq\u00ebrore","comment_count":"0","_links":{"self":[{"href":"https:\/\/veritasinfo.org\/index.php?rest_route=\/wp\/v2\/posts\/15858","targetHints":{"allow":["GET"]}}],"collection":[{"href":"https:\/\/veritasinfo.org\/index.php?rest_route=\/wp\/v2\/posts"}],"about":[{"href":"https:\/\/veritasinfo.org\/index.php?rest_route=\/wp\/v2\/types\/post"}],"author":[{"embeddable":true,"href":"https:\/\/veritasinfo.org\/index.php?rest_route=\/wp\/v2\/users\/6"}],"replies":[{"embeddable":true,"href":"https:\/\/veritasinfo.org\/index.php?rest_route=%2Fwp%2Fv2%2Fcomments&post=15858"}],"version-history":[{"count":1,"href":"https:\/\/veritasinfo.org\/index.php?rest_route=\/wp\/v2\/posts\/15858\/revisions"}],"predecessor-version":[{"id":15860,"href":"https:\/\/veritasinfo.org\/index.php?rest_route=\/wp\/v2\/posts\/15858\/revisions\/15860"}],"wp:featuredmedia":[{"embeddable":true,"href":"https:\/\/veritasinfo.org\/index.php?rest_route=\/wp\/v2\/media\/15859"}],"wp:attachment":[{"href":"https:\/\/veritasinfo.org\/index.php?rest_route=%2Fwp%2Fv2%2Fmedia&parent=15858"}],"wp:term":[{"taxonomy":"category","embeddable":true,"href":"https:\/\/veritasinfo.org\/index.php?rest_route=%2Fwp%2Fv2%2Fcategories&post=15858"},{"taxonomy":"post_tag","embeddable":true,"href":"https:\/\/veritasinfo.org\/index.php?rest_route=%2Fwp%2Fv2%2Ftags&post=15858"}],"curies":[{"name":"wp","href":"https:\/\/api.w.org\/{rel}","templated":true}]}}