{"id":1585,"date":"2025-06-26T07:33:23","date_gmt":"2025-06-26T05:33:23","guid":{"rendered":"https:\/\/veritasinfo.org\/?p=1585"},"modified":"2025-06-26T07:37:47","modified_gmt":"2025-06-26T05:37:47","slug":"trump-riperserit-se-e-ka-ndalur-luften-mes-kosoves-dhe-serbise","status":"publish","type":"post","link":"https:\/\/veritasinfo.org\/?p=1585","title":{"rendered":"Trump rip\u00ebrs\u00ebrit se e ka ndalur luft\u00ebn mes Kosov\u00ebs dhe Serbis\u00eb"},"content":{"rendered":"<p>Hag\u00eb, 26 Qershor 2025<\/p>\n<p>Presidenti amerikan, Donald Trump, ka p\u00ebrs\u00ebritur deklarimin se e ka ndaluar konfliktin mes Serbis\u00eb dhe Kosov\u00ebs, deklarim q\u00eb e tha n\u00eb margjinat e samitit t\u00eb NATO-s, q\u00eb t\u00eb m\u00ebrkur\u00ebn u mbajt n\u00eb Hag\u00eb t\u00eb Holand\u00ebs.<\/p>\n<p style=\"font-weight: 400;\"><span style=\"font-style: inherit; font-weight: inherit;\">Trump p\u00ebrmendi konfliktet globale, derisa p\u00ebrmendi edhe Kosov\u00ebn e Serbin\u00eb, ku tha se \u201cSerbia ishte gati t\u00eb vepronte\u201d.<\/span><\/p>\n<p style=\"font-weight: 400;\"><span style=\"font-style: inherit; font-weight: inherit;\">\u201cNdal\u00ebm Serbin\u00eb q\u00eb ishte gati t\u00eb vepronte&#8230;Putini m\u00eb telefonoi dhe m\u00eb tha \u2018A mund t\u00eb t\u00eb ndihmoj me Iranin\u2019? I thash\u00eb jo, mund t\u00eb m\u00eb ndihmosh me Rusin\u00eb. Sepse n\u00eb jav\u00ebt e fundit zgjidh\u00ebm \u00e7\u00ebshtjen e Indis\u00eb dhe Pakistanit, Kosov\u00ebs e Serbis\u00eb. Mendoj se t\u00eb premten do t\u00eb vijn\u00eb Kongo dhe Ruanda, nj\u00eb luft\u00eb e tmerrshme ku priteshin kokat gjithandej n\u00eb Afrik\u00eb\u201d, ka deklaruar presidenti amerikan.<\/span><\/p>\n<p style=\"font-weight: 400;\"><span style=\"font-style: inherit; font-weight: inherit;\">Kur nisi konflikti mes Iranit dhe Izraelit, Trump e kishte p\u00ebrmendur edhe konfliktin mes Kosov\u00ebs dhe Serbis\u00eb, duke e cil\u00ebsuar si sukses t\u00eb tijin ndaljen e shp\u00ebrthimit t\u00eb luft\u00ebs.<\/span><\/p>\n<p>Ai e kishte akuzuar paraardh\u00ebsin e tij, Joe Biden, duke th\u00ebn\u00eb se kishte b\u00ebr\u00eb shum\u00eb veprime t\u00eb gabuara lidhur me k\u00ebt\u00eb \u00e7\u00ebshtje.<\/p>\n<p>\u201c&#8230;Gjithashtu, gjat\u00eb mandatit tim t\u00eb par\u00eb, Serbia dhe Kosova ishin n\u00eb p\u00ebrplasje t\u00eb ashpra, si\u00e7 kan\u00eb qen\u00eb p\u00ebr dekada me radh\u00eb, dhe ky konflikt i vjet\u00ebr ishte gati t\u00eb shp\u00ebrthente n\u00eb LUFT\u00cb. Un\u00eb e ndalova! (Biden e ka d\u00ebmtuar perspektiv\u00ebn afatgjat\u00eb me disa vendime shum\u00eb t\u00eb gabuara, por un\u00eb do ta rregulloj s\u00ebrish!)\u201d, pati th\u00ebn\u00eb Trump n\u00eb rrjetin \u201cTruth Social\u201d<\/p>\n<p>&nbsp;<\/p>\n<p>&nbsp;<\/p>\n","protected":false},"excerpt":{"rendered":"<p>Hag\u00eb, 26 Qershor 2025 Presidenti amerikan, Donald Trump, ka p\u00ebrs\u00ebritur deklarimin se e ka ndaluar konfliktin mes Serbis\u00eb dhe Kosov\u00ebs, deklarim q\u00eb e tha n\u00eb<\/p>\n","protected":false},"author":1,"featured_media":1569,"comment_status":"open","ping_status":"open","sticky":false,"template":"","format":"standard","meta":{"footnotes":""},"categories":[58],"tags":[],"class_list":["post-1585","post","type-post","status-publish","format-standard","has-post-thumbnail","hentry","category-politike-sq"],"yoast_head":"<!-- This site is optimized with the Yoast SEO plugin v25.3.1 - https:\/\/yoast.com\/wordpress\/plugins\/seo\/ -->\n<title>Trump rip\u00ebrs\u00ebrit se e ka ndalur luft\u00ebn mes Kosov\u00ebs dhe Serbis\u00eb -<\/title>\n<meta name=\"robots\" content=\"index, follow, max-snippet:-1, max-image-preview:large, max-video-preview:-1\" \/>\n<link rel=\"canonical\" href=\"https:\/\/veritasinfo.org\/?p=1585\" \/>\n<meta property=\"og:locale\" content=\"en_US\" \/>\n<meta property=\"og:type\" content=\"article\" \/>\n<meta property=\"og:title\" content=\"Trump rip\u00ebrs\u00ebrit se e ka ndalur luft\u00ebn mes Kosov\u00ebs dhe Serbis\u00eb -\" \/>\n<meta property=\"og:description\" content=\"Hag\u00eb, 26 Qershor 2025 Presidenti amerikan, Donald Trump, ka p\u00ebrs\u00ebritur deklarimin se e ka ndaluar konfliktin mes Serbis\u00eb dhe Kosov\u00ebs, deklarim q\u00eb e tha n\u00eb\" \/>\n<meta property=\"og:url\" content=\"https:\/\/veritasinfo.org\/?p=1585\" \/>\n<meta property=\"article:published_time\" content=\"2025-06-26T05:33:23+00:00\" \/>\n<meta property=\"article:modified_time\" content=\"2025-06-26T05:37:47+00:00\" \/>\n<meta property=\"og:image\" content=\"https:\/\/veritasinfo.org\/wp-content\/uploads\/2025\/06\/IMG_1569.webp\" \/>\n\t<meta property=\"og:image:width\" content=\"1360\" \/>\n\t<meta property=\"og:image:height\" content=\"870\" \/>\n\t<meta property=\"og:image:type\" content=\"image\/webp\" \/>\n<meta name=\"author\" content=\"admin\" \/>\n<meta name=\"twitter:card\" content=\"summary_large_image\" \/>\n<meta name=\"twitter:label1\" content=\"Written by\" \/>\n\t<meta name=\"twitter:data1\" content=\"admin\" \/>\n\t<meta name=\"twitter:label2\" content=\"Est. reading time\" \/>\n\t<meta name=\"twitter:data2\" content=\"2 minutes\" \/>\n<script type=\"application\/ld+json\" class=\"yoast-schema-graph\">{\"@context\":\"https:\/\/schema.org\",\"@graph\":[{\"@type\":\"WebPage\",\"@id\":\"https:\/\/veritasinfo.org\/?p=1585\",\"url\":\"https:\/\/veritasinfo.org\/?p=1585\",\"name\":\"Trump rip\u00ebrs\u00ebrit se e ka ndalur luft\u00ebn mes Kosov\u00ebs dhe Serbis\u00eb -\",\"isPartOf\":{\"@id\":\"https:\/\/veritasinfo.org\/#website\"},\"primaryImageOfPage\":{\"@id\":\"https:\/\/veritasinfo.org\/?p=1585#primaryimage\"},\"image\":{\"@id\":\"https:\/\/veritasinfo.org\/?p=1585#primaryimage\"},\"thumbnailUrl\":\"https:\/\/veritasinfo.org\/wp-content\/uploads\/2025\/06\/IMG_1569.webp\",\"datePublished\":\"2025-06-26T05:33:23+00:00\",\"dateModified\":\"2025-06-26T05:37:47+00:00\",\"author\":{\"@id\":\"https:\/\/veritasinfo.org\/#\/schema\/person\/7701f8c088bece422266b100a712374f\"},\"breadcrumb\":{\"@id\":\"https:\/\/veritasinfo.org\/?p=1585#breadcrumb\"},\"inLanguage\":\"en-US\",\"potentialAction\":[{\"@type\":\"ReadAction\",\"target\":[\"https:\/\/veritasinfo.org\/?p=1585\"]}]},{\"@type\":\"ImageObject\",\"inLanguage\":\"en-US\",\"@id\":\"https:\/\/veritasinfo.org\/?p=1585#primaryimage\",\"url\":\"https:\/\/veritasinfo.org\/wp-content\/uploads\/2025\/06\/IMG_1569.webp\",\"contentUrl\":\"https:\/\/veritasinfo.org\/wp-content\/uploads\/2025\/06\/IMG_1569.webp\",\"width\":1360,\"height\":870},{\"@type\":\"BreadcrumbList\",\"@id\":\"https:\/\/veritasinfo.org\/?p=1585#breadcrumb\",\"itemListElement\":[{\"@type\":\"ListItem\",\"position\":1,\"name\":\"Home\",\"item\":\"https:\/\/veritasinfo.org\/\"},{\"@type\":\"ListItem\",\"position\":2,\"name\":\"Trump rip\u00ebrs\u00ebrit se e ka ndalur luft\u00ebn mes Kosov\u00ebs dhe Serbis\u00eb\"}]},{\"@type\":\"WebSite\",\"@id\":\"https:\/\/veritasinfo.org\/#website\",\"url\":\"https:\/\/veritasinfo.org\/\",\"name\":\"\",\"description\":\"\",\"potentialAction\":[{\"@type\":\"SearchAction\",\"target\":{\"@type\":\"EntryPoint\",\"urlTemplate\":\"https:\/\/veritasinfo.org\/?s={search_term_string}\"},\"query-input\":{\"@type\":\"PropertyValueSpecification\",\"valueRequired\":true,\"valueName\":\"search_term_string\"}}],\"inLanguage\":\"en-US\"},{\"@type\":\"Person\",\"@id\":\"https:\/\/veritasinfo.org\/#\/schema\/person\/7701f8c088bece422266b100a712374f\",\"name\":\"admin\",\"image\":{\"@type\":\"ImageObject\",\"inLanguage\":\"en-US\",\"@id\":\"https:\/\/veritasinfo.org\/#\/schema\/person\/image\/\",\"url\":\"https:\/\/secure.gravatar.com\/avatar\/ea53aa3bf6c9a12d5fde8ce4deff43fef3885ae33cf60184161a50d6987cfd2f?s=96&d=mm&r=g\",\"contentUrl\":\"https:\/\/secure.gravatar.com\/avatar\/ea53aa3bf6c9a12d5fde8ce4deff43fef3885ae33cf60184161a50d6987cfd2f?s=96&d=mm&r=g\",\"caption\":\"admin\"},\"sameAs\":[\"https:\/\/veritasinfo.org\"],\"url\":\"https:\/\/veritasinfo.org\/?author=1\"}]}<\/script>\n<!-- \/ Yoast SEO plugin. -->","yoast_head_json":{"title":"Trump rip\u00ebrs\u00ebrit se e ka ndalur luft\u00ebn mes Kosov\u00ebs dhe Serbis\u00eb -","robots":{"index":"index","follow":"follow","max-snippet":"max-snippet:-1","max-image-preview":"max-image-preview:large","max-video-preview":"max-video-preview:-1"},"canonical":"https:\/\/veritasinfo.org\/?p=1585","og_locale":"en_US","og_type":"article","og_title":"Trump rip\u00ebrs\u00ebrit se e ka ndalur luft\u00ebn mes Kosov\u00ebs dhe Serbis\u00eb -","og_description":"Hag\u00eb, 26 Qershor 2025 Presidenti amerikan, Donald Trump, ka p\u00ebrs\u00ebritur deklarimin se e ka ndaluar konfliktin mes Serbis\u00eb dhe Kosov\u00ebs, deklarim q\u00eb e tha n\u00eb","og_url":"https:\/\/veritasinfo.org\/?p=1585","article_published_time":"2025-06-26T05:33:23+00:00","article_modified_time":"2025-06-26T05:37:47+00:00","og_image":[{"width":1360,"height":870,"url":"https:\/\/veritasinfo.org\/wp-content\/uploads\/2025\/06\/IMG_1569.webp","type":"image\/webp"}],"author":"admin","twitter_card":"summary_large_image","twitter_misc":{"Written by":"admin","Est. reading time":"2 minutes"},"schema":{"@context":"https:\/\/schema.org","@graph":[{"@type":"WebPage","@id":"https:\/\/veritasinfo.org\/?p=1585","url":"https:\/\/veritasinfo.org\/?p=1585","name":"Trump rip\u00ebrs\u00ebrit se e ka ndalur luft\u00ebn mes Kosov\u00ebs dhe Serbis\u00eb -","isPartOf":{"@id":"https:\/\/veritasinfo.org\/#website"},"primaryImageOfPage":{"@id":"https:\/\/veritasinfo.org\/?p=1585#primaryimage"},"image":{"@id":"https:\/\/veritasinfo.org\/?p=1585#primaryimage"},"thumbnailUrl":"https:\/\/veritasinfo.org\/wp-content\/uploads\/2025\/06\/IMG_1569.webp","datePublished":"2025-06-26T05:33:23+00:00","dateModified":"2025-06-26T05:37:47+00:00","author":{"@id":"https:\/\/veritasinfo.org\/#\/schema\/person\/7701f8c088bece422266b100a712374f"},"breadcrumb":{"@id":"https:\/\/veritasinfo.org\/?p=1585#breadcrumb"},"inLanguage":"en-US","potentialAction":[{"@type":"ReadAction","target":["https:\/\/veritasinfo.org\/?p=1585"]}]},{"@type":"ImageObject","inLanguage":"en-US","@id":"https:\/\/veritasinfo.org\/?p=1585#primaryimage","url":"https:\/\/veritasinfo.org\/wp-content\/uploads\/2025\/06\/IMG_1569.webp","contentUrl":"https:\/\/veritasinfo.org\/wp-content\/uploads\/2025\/06\/IMG_1569.webp","width":1360,"height":870},{"@type":"BreadcrumbList","@id":"https:\/\/veritasinfo.org\/?p=1585#breadcrumb","itemListElement":[{"@type":"ListItem","position":1,"name":"Home","item":"https:\/\/veritasinfo.org\/"},{"@type":"ListItem","position":2,"name":"Trump rip\u00ebrs\u00ebrit se e ka ndalur luft\u00ebn mes Kosov\u00ebs dhe Serbis\u00eb"}]},{"@type":"WebSite","@id":"https:\/\/veritasinfo.org\/#website","url":"https:\/\/veritasinfo.org\/","name":"","description":"","potentialAction":[{"@type":"SearchAction","target":{"@type":"EntryPoint","urlTemplate":"https:\/\/veritasinfo.org\/?s={search_term_string}"},"query-input":{"@type":"PropertyValueSpecification","valueRequired":true,"valueName":"search_term_string"}}],"inLanguage":"en-US"},{"@type":"Person","@id":"https:\/\/veritasinfo.org\/#\/schema\/person\/7701f8c088bece422266b100a712374f","name":"admin","image":{"@type":"ImageObject","inLanguage":"en-US","@id":"https:\/\/veritasinfo.org\/#\/schema\/person\/image\/","url":"https:\/\/secure.gravatar.com\/avatar\/ea53aa3bf6c9a12d5fde8ce4deff43fef3885ae33cf60184161a50d6987cfd2f?s=96&d=mm&r=g","contentUrl":"https:\/\/secure.gravatar.com\/avatar\/ea53aa3bf6c9a12d5fde8ce4deff43fef3885ae33cf60184161a50d6987cfd2f?s=96&d=mm&r=g","caption":"admin"},"sameAs":["https:\/\/veritasinfo.org"],"url":"https:\/\/veritasinfo.org\/?author=1"}]}},"featured_image_urls":{"full":["https:\/\/veritasinfo.org\/wp-content\/uploads\/2025\/06\/IMG_1569.webp",1360,870,false],"thumbnail":["https:\/\/veritasinfo.org\/wp-content\/uploads\/2025\/06\/IMG_1569-150x150.webp",150,150,true],"medium":["https:\/\/veritasinfo.org\/wp-content\/uploads\/2025\/06\/IMG_1569-300x192.webp",300,192,true],"medium_large":["https:\/\/veritasinfo.org\/wp-content\/uploads\/2025\/06\/IMG_1569-768x491.webp",640,409,true],"large":["https:\/\/veritasinfo.org\/wp-content\/uploads\/2025\/06\/IMG_1569-1024x655.webp",640,409,true],"1536x1536":["https:\/\/veritasinfo.org\/wp-content\/uploads\/2025\/06\/IMG_1569.webp",1360,870,false],"2048x2048":["https:\/\/veritasinfo.org\/wp-content\/uploads\/2025\/06\/IMG_1569.webp",1360,870,false],"kreeti-slider-full":["https:\/\/veritasinfo.org\/wp-content\/uploads\/2025\/06\/IMG_1569.webp",1126,720,false],"kreeti-featured":["https:\/\/veritasinfo.org\/wp-content\/uploads\/2025\/06\/IMG_1569.webp",1024,655,false],"kreeti-medium":["https:\/\/veritasinfo.org\/wp-content\/uploads\/2025\/06\/IMG_1569.webp",720,461,false],"kreeti-medium-square":["https:\/\/veritasinfo.org\/wp-content\/uploads\/2025\/06\/IMG_1569.webp",350,224,false]},"author_info":{"info":["admin"]},"category_info":"<a href=\"https:\/\/veritasinfo.org\/?cat=58\" rel=\"category\">Politik\u00eb<\/a>","tag_info":"Politik\u00eb","comment_count":"0","_links":{"self":[{"href":"https:\/\/veritasinfo.org\/index.php?rest_route=\/wp\/v2\/posts\/1585","targetHints":{"allow":["GET"]}}],"collection":[{"href":"https:\/\/veritasinfo.org\/index.php?rest_route=\/wp\/v2\/posts"}],"about":[{"href":"https:\/\/veritasinfo.org\/index.php?rest_route=\/wp\/v2\/types\/post"}],"author":[{"embeddable":true,"href":"https:\/\/veritasinfo.org\/index.php?rest_route=\/wp\/v2\/users\/1"}],"replies":[{"embeddable":true,"href":"https:\/\/veritasinfo.org\/index.php?rest_route=%2Fwp%2Fv2%2Fcomments&post=1585"}],"version-history":[{"count":2,"href":"https:\/\/veritasinfo.org\/index.php?rest_route=\/wp\/v2\/posts\/1585\/revisions"}],"predecessor-version":[{"id":1592,"href":"https:\/\/veritasinfo.org\/index.php?rest_route=\/wp\/v2\/posts\/1585\/revisions\/1592"}],"wp:featuredmedia":[{"embeddable":true,"href":"https:\/\/veritasinfo.org\/index.php?rest_route=\/wp\/v2\/media\/1569"}],"wp:attachment":[{"href":"https:\/\/veritasinfo.org\/index.php?rest_route=%2Fwp%2Fv2%2Fmedia&parent=1585"}],"wp:term":[{"taxonomy":"category","embeddable":true,"href":"https:\/\/veritasinfo.org\/index.php?rest_route=%2Fwp%2Fv2%2Fcategories&post=1585"},{"taxonomy":"post_tag","embeddable":true,"href":"https:\/\/veritasinfo.org\/index.php?rest_route=%2Fwp%2Fv2%2Ftags&post=1585"}],"curies":[{"name":"wp","href":"https:\/\/api.w.org\/{rel}","templated":true}]}}