{"id":15847,"date":"2025-10-11T14:47:50","date_gmt":"2025-10-11T12:47:50","guid":{"rendered":"https:\/\/veritasinfo.org\/?p=15847"},"modified":"2025-10-11T14:47:50","modified_gmt":"2025-10-11T12:47:50","slug":"nje-kosovare-per-shqiperine-ne-eurovision-tre-emrat-qe-po-perfliten-se-do-te-marrin-pjese-ne-festivalin-e-rtsh-se","status":"publish","type":"post","link":"https:\/\/veritasinfo.org\/?p=15847","title":{"rendered":"Nj\u00eb kosovare p\u00ebr Shqip\u00ebrin\u00eb n\u00eb Eurovision? Tre emrat q\u00eb po p\u00ebrfliten se do t\u00eb marrin pjes\u00eb n\u00eb Festivalin e RTSH-s\u00eb"},"content":{"rendered":"<p>Prishtin\u00eb 11 Tetor 2025<\/p>\n<p>Nj\u00eb kosovare me shum\u00eb gjas\u00eb mund t\u00eb jet\u00eb s\u00ebrish n\u00eb festivalin e k\u00ebng\u00ebs evropiane Eurovision Song Contest<\/p>\n<p>Tre nga emrat m\u00eb t\u00eb njohur q\u00eb po flitet se do t\u00eb marrin pjes\u00eb n\u00eb Festivalin e K\u00ebng\u00ebs n\u00eb RTSH k\u00ebt\u00eb dhjetor, jan\u00eb emra t\u00eb njohur t\u00eb muzik\u00ebs e q\u00eb vin\u00eb nga Kosova, fjala \u00ebsht\u00eb p\u00ebr Genta Ismajlin, Fifin dhe Era Istrefin, shkruan Zeri.info.<\/p>\n<p>Ndon\u00ebse lista zyrtare e pjes\u00ebmarr\u00ebsve n\u00eb festivalin e 64-t\u00eb t\u00eb K\u00ebng\u00ebs n\u00eb RTSH, pritet t\u00eb publikohet gjat\u00eb jav\u00ebs s\u00eb ardhshme, k\u00ebta emra kan\u00eb ngjallur shum\u00eb thashetheme p\u00ebr pjes\u00ebmarrje t\u00eb mundshme.<\/p>\n<p>Dyshimet lind\u00ebn, kur vet Fifi publikoi nj\u00eb Instagramin e saj n\u00eb story, nj\u00eb postim p\u00ebr nj\u00eb duet t\u00eb mundsh\u00ebm me k\u00ebng\u00ebtarin Tiri Gjoci, duke aluduar n\u00eb pjes\u00ebmarrje n\u00eb Festivalin e RTSH.<\/p>\n<p>Po ashtu edhe vet Genta Ismajli k\u00ebto dit\u00eb ka qen\u00eb p\u00ebr disa dit\u00eb n\u00eb Tiran\u00eb, nd\u00ebrsa thuhet se ka takuar organizator\u00ebt e Festivalit, ku ka dor\u00ebzuar edhe k\u00ebng\u00ebn e saj.<\/p>\n<div id=\"videoad_wrapper\" class=\"videoad-transition\"><\/div>\n<p>Genta \u00ebsht\u00eb nj\u00eb nga k\u00ebng\u00ebtaret e cila vite m\u00eb par\u00eb ka shfaqur interesimin e saj t\u00eb madh p\u00ebr sken\u00ebn e Eurovisionit, ajo vazhdimisht ka potencuar se ka d\u00ebshir\u00eb t\u00eb p\u00ebrfaq\u00ebsoj\u00eb Shqip\u00ebrin\u00eb apo Kosov\u00ebn n\u00eb k\u00ebt\u00eb gar\u00eb.<\/p>\n","protected":false},"excerpt":{"rendered":"<p>Prishtin\u00eb 11 Tetor 2025 Nj\u00eb kosovare me shum\u00eb gjas\u00eb mund t\u00eb jet\u00eb s\u00ebrish n\u00eb festivalin e k\u00ebng\u00ebs evropiane Eurovision Song Contest Tre nga emrat m\u00eb<\/p>\n","protected":false},"author":6,"featured_media":15848,"comment_status":"open","ping_status":"open","sticky":false,"template":"","format":"standard","meta":{"footnotes":""},"categories":[60],"tags":[],"class_list":["post-15847","post","type-post","status-publish","format-standard","has-post-thumbnail","hentry","category-shoqerore-sq"],"yoast_head":"<!-- This site is optimized with the Yoast SEO plugin v25.3.1 - https:\/\/yoast.com\/wordpress\/plugins\/seo\/ -->\n<title>Nj\u00eb kosovare p\u00ebr Shqip\u00ebrin\u00eb n\u00eb Eurovision? Tre emrat q\u00eb po p\u00ebrfliten se do t\u00eb marrin pjes\u00eb n\u00eb Festivalin e RTSH-s\u00eb -<\/title>\n<meta name=\"robots\" content=\"index, follow, max-snippet:-1, max-image-preview:large, max-video-preview:-1\" \/>\n<link rel=\"canonical\" href=\"https:\/\/veritasinfo.org\/?p=15847\" \/>\n<meta property=\"og:locale\" content=\"en_US\" \/>\n<meta property=\"og:type\" content=\"article\" \/>\n<meta property=\"og:title\" content=\"Nj\u00eb kosovare p\u00ebr Shqip\u00ebrin\u00eb n\u00eb Eurovision? Tre emrat q\u00eb po p\u00ebrfliten se do t\u00eb marrin pjes\u00eb n\u00eb Festivalin e RTSH-s\u00eb -\" \/>\n<meta property=\"og:description\" content=\"Prishtin\u00eb 11 Tetor 2025 Nj\u00eb kosovare me shum\u00eb gjas\u00eb mund t\u00eb jet\u00eb s\u00ebrish n\u00eb festivalin e k\u00ebng\u00ebs evropiane Eurovision Song Contest Tre nga emrat m\u00eb\" \/>\n<meta property=\"og:url\" content=\"https:\/\/veritasinfo.org\/?p=15847\" \/>\n<meta property=\"article:published_time\" content=\"2025-10-11T12:47:50+00:00\" \/>\n<meta property=\"og:image\" content=\"https:\/\/veritasinfo.org\/wp-content\/uploads\/2025\/10\/auto_5DQCZ5KWE5A7HJOCISNSGVXN6E1760175147.jpeg\" \/>\n\t<meta property=\"og:image:width\" content=\"900\" \/>\n\t<meta property=\"og:image:height\" content=\"581\" \/>\n\t<meta property=\"og:image:type\" content=\"image\/jpeg\" \/>\n<meta name=\"author\" content=\"US5\" \/>\n<meta name=\"twitter:card\" content=\"summary_large_image\" \/>\n<meta name=\"twitter:label1\" content=\"Written by\" \/>\n\t<meta name=\"twitter:data1\" content=\"US5\" \/>\n\t<meta name=\"twitter:label2\" content=\"Est. reading time\" \/>\n\t<meta name=\"twitter:data2\" content=\"1 minute\" \/>\n<script type=\"application\/ld+json\" class=\"yoast-schema-graph\">{\"@context\":\"https:\/\/schema.org\",\"@graph\":[{\"@type\":\"WebPage\",\"@id\":\"https:\/\/veritasinfo.org\/?p=15847\",\"url\":\"https:\/\/veritasinfo.org\/?p=15847\",\"name\":\"Nj\u00eb kosovare p\u00ebr Shqip\u00ebrin\u00eb n\u00eb Eurovision? Tre emrat q\u00eb po p\u00ebrfliten se do t\u00eb marrin pjes\u00eb n\u00eb Festivalin e RTSH-s\u00eb -\",\"isPartOf\":{\"@id\":\"https:\/\/veritasinfo.org\/#website\"},\"primaryImageOfPage\":{\"@id\":\"https:\/\/veritasinfo.org\/?p=15847#primaryimage\"},\"image\":{\"@id\":\"https:\/\/veritasinfo.org\/?p=15847#primaryimage\"},\"thumbnailUrl\":\"https:\/\/veritasinfo.org\/wp-content\/uploads\/2025\/10\/auto_5DQCZ5KWE5A7HJOCISNSGVXN6E1760175147.jpeg\",\"datePublished\":\"2025-10-11T12:47:50+00:00\",\"author\":{\"@id\":\"https:\/\/veritasinfo.org\/#\/schema\/person\/bc442336e35414d04494ab8fb45db4c6\"},\"breadcrumb\":{\"@id\":\"https:\/\/veritasinfo.org\/?p=15847#breadcrumb\"},\"inLanguage\":\"en-US\",\"potentialAction\":[{\"@type\":\"ReadAction\",\"target\":[\"https:\/\/veritasinfo.org\/?p=15847\"]}]},{\"@type\":\"ImageObject\",\"inLanguage\":\"en-US\",\"@id\":\"https:\/\/veritasinfo.org\/?p=15847#primaryimage\",\"url\":\"https:\/\/veritasinfo.org\/wp-content\/uploads\/2025\/10\/auto_5DQCZ5KWE5A7HJOCISNSGVXN6E1760175147.jpeg\",\"contentUrl\":\"https:\/\/veritasinfo.org\/wp-content\/uploads\/2025\/10\/auto_5DQCZ5KWE5A7HJOCISNSGVXN6E1760175147.jpeg\",\"width\":900,\"height\":581},{\"@type\":\"BreadcrumbList\",\"@id\":\"https:\/\/veritasinfo.org\/?p=15847#breadcrumb\",\"itemListElement\":[{\"@type\":\"ListItem\",\"position\":1,\"name\":\"Home\",\"item\":\"https:\/\/veritasinfo.org\/\"},{\"@type\":\"ListItem\",\"position\":2,\"name\":\"Nj\u00eb kosovare p\u00ebr Shqip\u00ebrin\u00eb n\u00eb Eurovision? Tre emrat q\u00eb po p\u00ebrfliten se do t\u00eb marrin pjes\u00eb n\u00eb Festivalin e RTSH-s\u00eb\"}]},{\"@type\":\"WebSite\",\"@id\":\"https:\/\/veritasinfo.org\/#website\",\"url\":\"https:\/\/veritasinfo.org\/\",\"name\":\"\",\"description\":\"\",\"potentialAction\":[{\"@type\":\"SearchAction\",\"target\":{\"@type\":\"EntryPoint\",\"urlTemplate\":\"https:\/\/veritasinfo.org\/?s={search_term_string}\"},\"query-input\":{\"@type\":\"PropertyValueSpecification\",\"valueRequired\":true,\"valueName\":\"search_term_string\"}}],\"inLanguage\":\"en-US\"},{\"@type\":\"Person\",\"@id\":\"https:\/\/veritasinfo.org\/#\/schema\/person\/bc442336e35414d04494ab8fb45db4c6\",\"name\":\"US5\",\"image\":{\"@type\":\"ImageObject\",\"inLanguage\":\"en-US\",\"@id\":\"https:\/\/veritasinfo.org\/#\/schema\/person\/image\/\",\"url\":\"https:\/\/secure.gravatar.com\/avatar\/16a61e7272a0c5d001121ebb9e60e925d5816e4ac1e443ed3e640d9a6ae55d0c?s=96&d=mm&r=g\",\"contentUrl\":\"https:\/\/secure.gravatar.com\/avatar\/16a61e7272a0c5d001121ebb9e60e925d5816e4ac1e443ed3e640d9a6ae55d0c?s=96&d=mm&r=g\",\"caption\":\"US5\"},\"url\":\"https:\/\/veritasinfo.org\/?author=6\"}]}<\/script>\n<!-- \/ Yoast SEO plugin. -->","yoast_head_json":{"title":"Nj\u00eb kosovare p\u00ebr Shqip\u00ebrin\u00eb n\u00eb Eurovision? Tre emrat q\u00eb po p\u00ebrfliten se do t\u00eb marrin pjes\u00eb n\u00eb Festivalin e RTSH-s\u00eb -","robots":{"index":"index","follow":"follow","max-snippet":"max-snippet:-1","max-image-preview":"max-image-preview:large","max-video-preview":"max-video-preview:-1"},"canonical":"https:\/\/veritasinfo.org\/?p=15847","og_locale":"en_US","og_type":"article","og_title":"Nj\u00eb kosovare p\u00ebr Shqip\u00ebrin\u00eb n\u00eb Eurovision? Tre emrat q\u00eb po p\u00ebrfliten se do t\u00eb marrin pjes\u00eb n\u00eb Festivalin e RTSH-s\u00eb -","og_description":"Prishtin\u00eb 11 Tetor 2025 Nj\u00eb kosovare me shum\u00eb gjas\u00eb mund t\u00eb jet\u00eb s\u00ebrish n\u00eb festivalin e k\u00ebng\u00ebs evropiane Eurovision Song Contest Tre nga emrat m\u00eb","og_url":"https:\/\/veritasinfo.org\/?p=15847","article_published_time":"2025-10-11T12:47:50+00:00","og_image":[{"width":900,"height":581,"url":"https:\/\/veritasinfo.org\/wp-content\/uploads\/2025\/10\/auto_5DQCZ5KWE5A7HJOCISNSGVXN6E1760175147.jpeg","type":"image\/jpeg"}],"author":"US5","twitter_card":"summary_large_image","twitter_misc":{"Written by":"US5","Est. reading time":"1 minute"},"schema":{"@context":"https:\/\/schema.org","@graph":[{"@type":"WebPage","@id":"https:\/\/veritasinfo.org\/?p=15847","url":"https:\/\/veritasinfo.org\/?p=15847","name":"Nj\u00eb kosovare p\u00ebr Shqip\u00ebrin\u00eb n\u00eb Eurovision? Tre emrat q\u00eb po p\u00ebrfliten se do t\u00eb marrin pjes\u00eb n\u00eb Festivalin e RTSH-s\u00eb -","isPartOf":{"@id":"https:\/\/veritasinfo.org\/#website"},"primaryImageOfPage":{"@id":"https:\/\/veritasinfo.org\/?p=15847#primaryimage"},"image":{"@id":"https:\/\/veritasinfo.org\/?p=15847#primaryimage"},"thumbnailUrl":"https:\/\/veritasinfo.org\/wp-content\/uploads\/2025\/10\/auto_5DQCZ5KWE5A7HJOCISNSGVXN6E1760175147.jpeg","datePublished":"2025-10-11T12:47:50+00:00","author":{"@id":"https:\/\/veritasinfo.org\/#\/schema\/person\/bc442336e35414d04494ab8fb45db4c6"},"breadcrumb":{"@id":"https:\/\/veritasinfo.org\/?p=15847#breadcrumb"},"inLanguage":"en-US","potentialAction":[{"@type":"ReadAction","target":["https:\/\/veritasinfo.org\/?p=15847"]}]},{"@type":"ImageObject","inLanguage":"en-US","@id":"https:\/\/veritasinfo.org\/?p=15847#primaryimage","url":"https:\/\/veritasinfo.org\/wp-content\/uploads\/2025\/10\/auto_5DQCZ5KWE5A7HJOCISNSGVXN6E1760175147.jpeg","contentUrl":"https:\/\/veritasinfo.org\/wp-content\/uploads\/2025\/10\/auto_5DQCZ5KWE5A7HJOCISNSGVXN6E1760175147.jpeg","width":900,"height":581},{"@type":"BreadcrumbList","@id":"https:\/\/veritasinfo.org\/?p=15847#breadcrumb","itemListElement":[{"@type":"ListItem","position":1,"name":"Home","item":"https:\/\/veritasinfo.org\/"},{"@type":"ListItem","position":2,"name":"Nj\u00eb kosovare p\u00ebr Shqip\u00ebrin\u00eb n\u00eb Eurovision? Tre emrat q\u00eb po p\u00ebrfliten se do t\u00eb marrin pjes\u00eb n\u00eb Festivalin e RTSH-s\u00eb"}]},{"@type":"WebSite","@id":"https:\/\/veritasinfo.org\/#website","url":"https:\/\/veritasinfo.org\/","name":"","description":"","potentialAction":[{"@type":"SearchAction","target":{"@type":"EntryPoint","urlTemplate":"https:\/\/veritasinfo.org\/?s={search_term_string}"},"query-input":{"@type":"PropertyValueSpecification","valueRequired":true,"valueName":"search_term_string"}}],"inLanguage":"en-US"},{"@type":"Person","@id":"https:\/\/veritasinfo.org\/#\/schema\/person\/bc442336e35414d04494ab8fb45db4c6","name":"US5","image":{"@type":"ImageObject","inLanguage":"en-US","@id":"https:\/\/veritasinfo.org\/#\/schema\/person\/image\/","url":"https:\/\/secure.gravatar.com\/avatar\/16a61e7272a0c5d001121ebb9e60e925d5816e4ac1e443ed3e640d9a6ae55d0c?s=96&d=mm&r=g","contentUrl":"https:\/\/secure.gravatar.com\/avatar\/16a61e7272a0c5d001121ebb9e60e925d5816e4ac1e443ed3e640d9a6ae55d0c?s=96&d=mm&r=g","caption":"US5"},"url":"https:\/\/veritasinfo.org\/?author=6"}]}},"featured_image_urls":{"full":["https:\/\/veritasinfo.org\/wp-content\/uploads\/2025\/10\/auto_5DQCZ5KWE5A7HJOCISNSGVXN6E1760175147.jpeg",900,581,false],"thumbnail":["https:\/\/veritasinfo.org\/wp-content\/uploads\/2025\/10\/auto_5DQCZ5KWE5A7HJOCISNSGVXN6E1760175147-150x150.jpeg",150,150,true],"medium":["https:\/\/veritasinfo.org\/wp-content\/uploads\/2025\/10\/auto_5DQCZ5KWE5A7HJOCISNSGVXN6E1760175147-300x194.jpeg",300,194,true],"medium_large":["https:\/\/veritasinfo.org\/wp-content\/uploads\/2025\/10\/auto_5DQCZ5KWE5A7HJOCISNSGVXN6E1760175147-768x496.jpeg",640,413,true],"large":["https:\/\/veritasinfo.org\/wp-content\/uploads\/2025\/10\/auto_5DQCZ5KWE5A7HJOCISNSGVXN6E1760175147.jpeg",640,413,false],"1536x1536":["https:\/\/veritasinfo.org\/wp-content\/uploads\/2025\/10\/auto_5DQCZ5KWE5A7HJOCISNSGVXN6E1760175147.jpeg",900,581,false],"2048x2048":["https:\/\/veritasinfo.org\/wp-content\/uploads\/2025\/10\/auto_5DQCZ5KWE5A7HJOCISNSGVXN6E1760175147.jpeg",900,581,false],"kreeti-slider-full":["https:\/\/veritasinfo.org\/wp-content\/uploads\/2025\/10\/auto_5DQCZ5KWE5A7HJOCISNSGVXN6E1760175147.jpeg",900,581,false],"kreeti-featured":["https:\/\/veritasinfo.org\/wp-content\/uploads\/2025\/10\/auto_5DQCZ5KWE5A7HJOCISNSGVXN6E1760175147.jpeg",900,581,false],"kreeti-medium":["https:\/\/veritasinfo.org\/wp-content\/uploads\/2025\/10\/auto_5DQCZ5KWE5A7HJOCISNSGVXN6E1760175147.jpeg",720,465,false],"kreeti-medium-square":["https:\/\/veritasinfo.org\/wp-content\/uploads\/2025\/10\/auto_5DQCZ5KWE5A7HJOCISNSGVXN6E1760175147.jpeg",350,226,false]},"author_info":{"info":["US5"]},"category_info":"<a href=\"https:\/\/veritasinfo.org\/?cat=60\" rel=\"category\">Shoq\u00ebrore<\/a>","tag_info":"Shoq\u00ebrore","comment_count":"0","_links":{"self":[{"href":"https:\/\/veritasinfo.org\/index.php?rest_route=\/wp\/v2\/posts\/15847","targetHints":{"allow":["GET"]}}],"collection":[{"href":"https:\/\/veritasinfo.org\/index.php?rest_route=\/wp\/v2\/posts"}],"about":[{"href":"https:\/\/veritasinfo.org\/index.php?rest_route=\/wp\/v2\/types\/post"}],"author":[{"embeddable":true,"href":"https:\/\/veritasinfo.org\/index.php?rest_route=\/wp\/v2\/users\/6"}],"replies":[{"embeddable":true,"href":"https:\/\/veritasinfo.org\/index.php?rest_route=%2Fwp%2Fv2%2Fcomments&post=15847"}],"version-history":[{"count":1,"href":"https:\/\/veritasinfo.org\/index.php?rest_route=\/wp\/v2\/posts\/15847\/revisions"}],"predecessor-version":[{"id":15849,"href":"https:\/\/veritasinfo.org\/index.php?rest_route=\/wp\/v2\/posts\/15847\/revisions\/15849"}],"wp:featuredmedia":[{"embeddable":true,"href":"https:\/\/veritasinfo.org\/index.php?rest_route=\/wp\/v2\/media\/15848"}],"wp:attachment":[{"href":"https:\/\/veritasinfo.org\/index.php?rest_route=%2Fwp%2Fv2%2Fmedia&parent=15847"}],"wp:term":[{"taxonomy":"category","embeddable":true,"href":"https:\/\/veritasinfo.org\/index.php?rest_route=%2Fwp%2Fv2%2Fcategories&post=15847"},{"taxonomy":"post_tag","embeddable":true,"href":"https:\/\/veritasinfo.org\/index.php?rest_route=%2Fwp%2Fv2%2Ftags&post=15847"}],"curies":[{"name":"wp","href":"https:\/\/api.w.org\/{rel}","templated":true}]}}