{"id":15842,"date":"2025-10-11T14:36:42","date_gmt":"2025-10-11T12:36:42","guid":{"rendered":"https:\/\/veritasinfo.org\/?p=15842"},"modified":"2025-10-11T15:10:45","modified_gmt":"2025-10-11T13:10:45","slug":"radoniqi-te-dielen-ftojme-qytetaret-qe-te-ushtrojne-te-drejten-e-tyre-kushtetuese-dhe-demokratike","status":"publish","type":"post","link":"https:\/\/veritasinfo.org\/?p=15842","title":{"rendered":"Radoniqi: T\u00eb diel\u00ebn ftojm\u00eb qytetar\u00ebt q\u00eb t\u00eb ushtrojn\u00eb t\u00eb drejt\u00ebn e tyre kushtetuese dhe demokratike"},"content":{"rendered":"<p>Prishtin\u00eb 11 Tetor 2025<\/p>\n<p>Komisioni Qendror i Zgjedhjeve ka mbajtur mbledhjen e radh\u00ebs ku \u00ebsht\u00eb diskutuar p\u00ebr p\u00ebrgatitjet p\u00ebr zgjedhjet e nes\u00ebrme lokale, derisa jan\u00eb ftuar t\u00eb gjith\u00eb qytetar\u00ebt q\u00eb t\u00eb ushtrojn\u00eb t\u00eb drejt\u00ebn e tyre kushtetuese dhe demokratike, duke votuar dhe shprehur lirsh\u00ebm vullnetin p\u00ebr t\u00eb zgjedhur p\u00ebrfaq\u00ebsuesit e tyre.<\/p>\n<p>Drejtori i Sekretariatit t\u00eb Komisionit Qendror t\u00eb Zgjedhjeve, Besnik Buzhala tha njoftoi p\u00ebr shp\u00ebrndarjen e teknologjis\u00eb informative duke p\u00ebrfshir\u00eb edhe kamerat, si dhe materialet tjera q\u00eb n\u00eb qendrat e num\u00ebrimit n\u00ebp\u00ebr komuna, t\u00eb cilat jan\u00eb shoq\u00ebruar n\u00ebn masat e Policis\u00eb s\u00eb Kosov\u00ebs.<\/p>\n<p>Ai njoftoj\u00eb edhe p\u00ebr t\u00ebrheqjen e d\u00ebrgesave postare ku n\u00eb pjes\u00ebn d\u00ebrmuese t\u00eb shteteve t\u00ebrheqja e materialeve nga kutia postare e KQZ-s\u00eb, do t\u00eb b\u00ebhet m\u00eb 13 tetor, p\u00ebrve\u00e7 n\u00eb New York q\u00eb nuk mund t\u00eb t\u00ebrhiqen p\u00ebr shkak se aty \u00ebsht\u00eb fest\u00eb dhe e nj\u00ebjtat mund t\u00eb t\u00ebrhiqen m\u00eb 14 tetor.<\/p>\n<p>\u201cPeriudha e aplikimit dhe identifikimit t\u00eb personave me nevoja t\u00eb ve\u00e7anta ka p\u00ebrfunduar dhe p\u00ebr zgjedhjet lokale q\u00eb mbahen nes\u00ebr do t\u00eb ken\u00eb mund\u00ebsi t\u00eb votojn\u00eb 3467 votues, votues t\u00eb ngujuar n\u00eb sht\u00ebpi jan\u00eb 1508, votues n\u00eb institucione 1956 dhe votues q\u00eb gjenden n\u00eb arrest shtepiak jan\u00eb tre. Sa i p\u00ebrket votuesve n\u00eb institucione k\u00ebta do t\u00eb ken\u00eb mund\u00ebsi t\u00eb votojn\u00eb n\u00eb 36 institucione t\u00eb ndryshme q\u00eb p\u00ebrfshijn\u00eb klinika sh\u00ebndet\u00ebsore, sht\u00ebpi t\u00eb moshuarve, qendra t\u00eb paraburgimit dhe qendrat korrektuese\u201d, tha ai.<\/p>\n<p>Kandidati i L\u00ebvizjes Vet\u00ebvendosje n\u00eb KQZ, Sami Kurteshi ngriti shqet\u00ebsimin se n\u00eb disa vende, kan\u00eb informata se jan\u00eb kthyer d\u00ebrgesat postare p\u00ebr shkak se jan\u00eb mbushur kutit\u00eb postare, gj\u00eb p\u00ebr t\u00eb cilin nga sekretariati than\u00eb se nuk kan\u00eb informata t\u00eb tilla.<\/p>\n<p>Kurteshi ngriti si \u00e7\u00ebshtje e problemet q\u00eb kishte sistemi i t\u00eb dh\u00ebnave, p\u00ebr t\u00eb cilin Buxhala tha se jan\u00eb duke punuar tash e tre muaj q\u00eb procesi i publikimit t\u00eb t\u00eb dh\u00ebnave mos t\u00eb bllokohet.<\/p>\n<p>Nd\u00ebrkoh\u00eb, kryetari i KQZ-s\u00eb, Kreshnik Radoniqi pati nj\u00eb thirrje p\u00ebr t\u00eb gjith\u00eb qytetar\u00ebt dhe an\u00ebtar\u00ebve t\u00eb k\u00ebshillave t\u00eb vendvotimeve.<\/p>\n<p>\u201cN\u00eb em\u00ebr t\u00eb KQZ-s\u00eb ftojm\u00eb t\u00eb gjith\u00eb qytetar\u00ebt q\u00eb t\u00eb ushtrojn\u00eb t\u00eb drejt\u00ebn e tyre kushtetuese dhe demokratike, t\u00eb votojn\u00eb dhe shprehin lirsh\u00ebm vullnetin tyre p\u00ebr t\u00eb zgjedhur p\u00ebrfaq\u00ebsuesit e tyre. Pjes\u00ebmarrja e juaj \u00ebsht\u00eb e nj\u00eb r\u00ebnd\u00ebsie t\u00eb ve\u00e7ant\u00eb, andaj iu inkurajojm\u00eb q\u00eb t\u00eb b\u00ebni pjes\u00eb e k\u00ebtij procesi. Nj\u00ebkoh\u00ebsisht iu b\u00ebjm\u00eb thirrje t\u00eb gjith\u00eb an\u00ebtar\u00ebve t\u00eb k\u00ebshillave t\u00eb vendvotimeve q\u00eb t\u00eb veprojn\u00eb me p\u00ebrgjegj\u00ebsi, profesionaliz\u00ebm duke respektuar t\u00eb gjitha procedurat ligjore dhe rregullat zgjedhore n\u00eb m\u00ebnyr\u00eb q\u00eb vullneti i qytetar\u00ebve t\u00eb garantohet dhe t\u00eb mbrohet plot\u00ebsisht\u201d, tha ai.<\/p>\n<p>Sipas tij, KQZ ka bashk\u00ebpunim me institucionet e siguris\u00eb p\u00ebr t\u00eb siguruar nj\u00eb proces t\u00eb drejt\u00eb dhe demokratik.<\/p>\n","protected":false},"excerpt":{"rendered":"<p>Prishtin\u00eb 11 Tetor 2025 Komisioni Qendror i Zgjedhjeve ka mbajtur mbledhjen e radh\u00ebs ku \u00ebsht\u00eb diskutuar p\u00ebr p\u00ebrgatitjet p\u00ebr zgjedhjet e nes\u00ebrme lokale, derisa jan\u00eb<\/p>\n","protected":false},"author":6,"featured_media":15843,"comment_status":"open","ping_status":"open","sticky":false,"template":"","format":"standard","meta":{"footnotes":""},"categories":[8],"tags":[],"class_list":["post-15842","post","type-post","status-publish","format-standard","has-post-thumbnail","hentry","category-blog-sq"],"yoast_head":"<!-- This site is optimized with the Yoast SEO plugin v25.3.1 - https:\/\/yoast.com\/wordpress\/plugins\/seo\/ -->\n<title>Radoniqi: T\u00eb diel\u00ebn ftojm\u00eb qytetar\u00ebt q\u00eb t\u00eb ushtrojn\u00eb t\u00eb drejt\u00ebn e tyre kushtetuese dhe demokratike -<\/title>\n<meta name=\"robots\" content=\"index, follow, max-snippet:-1, max-image-preview:large, max-video-preview:-1\" \/>\n<link rel=\"canonical\" href=\"https:\/\/veritasinfo.org\/?p=15842\" \/>\n<meta property=\"og:locale\" content=\"en_US\" \/>\n<meta property=\"og:type\" content=\"article\" \/>\n<meta property=\"og:title\" content=\"Radoniqi: T\u00eb diel\u00ebn ftojm\u00eb qytetar\u00ebt q\u00eb t\u00eb ushtrojn\u00eb t\u00eb drejt\u00ebn e tyre kushtetuese dhe demokratike -\" \/>\n<meta property=\"og:description\" content=\"Prishtin\u00eb 11 Tetor 2025 Komisioni Qendror i Zgjedhjeve ka mbajtur mbledhjen e radh\u00ebs ku \u00ebsht\u00eb diskutuar p\u00ebr p\u00ebrgatitjet p\u00ebr zgjedhjet e nes\u00ebrme lokale, derisa jan\u00eb\" \/>\n<meta property=\"og:url\" content=\"https:\/\/veritasinfo.org\/?p=15842\" \/>\n<meta property=\"article:published_time\" content=\"2025-10-11T12:36:42+00:00\" \/>\n<meta property=\"article:modified_time\" content=\"2025-10-11T13:10:45+00:00\" \/>\n<meta property=\"og:image\" content=\"https:\/\/veritasinfo.org\/wp-content\/uploads\/2025\/10\/Imazh-i-WhatsApp-2025-10-11-ne-14.36.23_992687e5.jpg\" \/>\n\t<meta property=\"og:image:width\" content=\"600\" \/>\n\t<meta property=\"og:image:height\" content=\"418\" \/>\n\t<meta property=\"og:image:type\" content=\"image\/jpeg\" \/>\n<meta name=\"author\" content=\"US5\" \/>\n<meta name=\"twitter:card\" content=\"summary_large_image\" \/>\n<meta name=\"twitter:label1\" content=\"Written by\" \/>\n\t<meta name=\"twitter:data1\" content=\"US5\" \/>\n\t<meta name=\"twitter:label2\" content=\"Est. reading time\" \/>\n\t<meta name=\"twitter:data2\" content=\"3 minutes\" \/>\n<script type=\"application\/ld+json\" class=\"yoast-schema-graph\">{\"@context\":\"https:\/\/schema.org\",\"@graph\":[{\"@type\":\"WebPage\",\"@id\":\"https:\/\/veritasinfo.org\/?p=15842\",\"url\":\"https:\/\/veritasinfo.org\/?p=15842\",\"name\":\"Radoniqi: T\u00eb diel\u00ebn ftojm\u00eb qytetar\u00ebt q\u00eb t\u00eb ushtrojn\u00eb t\u00eb drejt\u00ebn e tyre kushtetuese dhe demokratike -\",\"isPartOf\":{\"@id\":\"https:\/\/veritasinfo.org\/#website\"},\"primaryImageOfPage\":{\"@id\":\"https:\/\/veritasinfo.org\/?p=15842#primaryimage\"},\"image\":{\"@id\":\"https:\/\/veritasinfo.org\/?p=15842#primaryimage\"},\"thumbnailUrl\":\"https:\/\/veritasinfo.org\/wp-content\/uploads\/2025\/10\/Imazh-i-WhatsApp-2025-10-11-ne-14.36.23_992687e5.jpg\",\"datePublished\":\"2025-10-11T12:36:42+00:00\",\"dateModified\":\"2025-10-11T13:10:45+00:00\",\"author\":{\"@id\":\"https:\/\/veritasinfo.org\/#\/schema\/person\/bc442336e35414d04494ab8fb45db4c6\"},\"breadcrumb\":{\"@id\":\"https:\/\/veritasinfo.org\/?p=15842#breadcrumb\"},\"inLanguage\":\"en-US\",\"potentialAction\":[{\"@type\":\"ReadAction\",\"target\":[\"https:\/\/veritasinfo.org\/?p=15842\"]}]},{\"@type\":\"ImageObject\",\"inLanguage\":\"en-US\",\"@id\":\"https:\/\/veritasinfo.org\/?p=15842#primaryimage\",\"url\":\"https:\/\/veritasinfo.org\/wp-content\/uploads\/2025\/10\/Imazh-i-WhatsApp-2025-10-11-ne-14.36.23_992687e5.jpg\",\"contentUrl\":\"https:\/\/veritasinfo.org\/wp-content\/uploads\/2025\/10\/Imazh-i-WhatsApp-2025-10-11-ne-14.36.23_992687e5.jpg\",\"width\":600,\"height\":418},{\"@type\":\"BreadcrumbList\",\"@id\":\"https:\/\/veritasinfo.org\/?p=15842#breadcrumb\",\"itemListElement\":[{\"@type\":\"ListItem\",\"position\":1,\"name\":\"Home\",\"item\":\"https:\/\/veritasinfo.org\/\"},{\"@type\":\"ListItem\",\"position\":2,\"name\":\"Radoniqi: T\u00eb diel\u00ebn ftojm\u00eb qytetar\u00ebt q\u00eb t\u00eb ushtrojn\u00eb t\u00eb drejt\u00ebn e tyre kushtetuese dhe demokratike\"}]},{\"@type\":\"WebSite\",\"@id\":\"https:\/\/veritasinfo.org\/#website\",\"url\":\"https:\/\/veritasinfo.org\/\",\"name\":\"\",\"description\":\"\",\"potentialAction\":[{\"@type\":\"SearchAction\",\"target\":{\"@type\":\"EntryPoint\",\"urlTemplate\":\"https:\/\/veritasinfo.org\/?s={search_term_string}\"},\"query-input\":{\"@type\":\"PropertyValueSpecification\",\"valueRequired\":true,\"valueName\":\"search_term_string\"}}],\"inLanguage\":\"en-US\"},{\"@type\":\"Person\",\"@id\":\"https:\/\/veritasinfo.org\/#\/schema\/person\/bc442336e35414d04494ab8fb45db4c6\",\"name\":\"US5\",\"image\":{\"@type\":\"ImageObject\",\"inLanguage\":\"en-US\",\"@id\":\"https:\/\/veritasinfo.org\/#\/schema\/person\/image\/\",\"url\":\"https:\/\/secure.gravatar.com\/avatar\/16a61e7272a0c5d001121ebb9e60e925d5816e4ac1e443ed3e640d9a6ae55d0c?s=96&d=mm&r=g\",\"contentUrl\":\"https:\/\/secure.gravatar.com\/avatar\/16a61e7272a0c5d001121ebb9e60e925d5816e4ac1e443ed3e640d9a6ae55d0c?s=96&d=mm&r=g\",\"caption\":\"US5\"},\"url\":\"https:\/\/veritasinfo.org\/?author=6\"}]}<\/script>\n<!-- \/ Yoast SEO plugin. -->","yoast_head_json":{"title":"Radoniqi: T\u00eb diel\u00ebn ftojm\u00eb qytetar\u00ebt q\u00eb t\u00eb ushtrojn\u00eb t\u00eb drejt\u00ebn e tyre kushtetuese dhe demokratike -","robots":{"index":"index","follow":"follow","max-snippet":"max-snippet:-1","max-image-preview":"max-image-preview:large","max-video-preview":"max-video-preview:-1"},"canonical":"https:\/\/veritasinfo.org\/?p=15842","og_locale":"en_US","og_type":"article","og_title":"Radoniqi: T\u00eb diel\u00ebn ftojm\u00eb qytetar\u00ebt q\u00eb t\u00eb ushtrojn\u00eb t\u00eb drejt\u00ebn e tyre kushtetuese dhe demokratike -","og_description":"Prishtin\u00eb 11 Tetor 2025 Komisioni Qendror i Zgjedhjeve ka mbajtur mbledhjen e radh\u00ebs ku \u00ebsht\u00eb diskutuar p\u00ebr p\u00ebrgatitjet p\u00ebr zgjedhjet e nes\u00ebrme lokale, derisa jan\u00eb","og_url":"https:\/\/veritasinfo.org\/?p=15842","article_published_time":"2025-10-11T12:36:42+00:00","article_modified_time":"2025-10-11T13:10:45+00:00","og_image":[{"width":600,"height":418,"url":"https:\/\/veritasinfo.org\/wp-content\/uploads\/2025\/10\/Imazh-i-WhatsApp-2025-10-11-ne-14.36.23_992687e5.jpg","type":"image\/jpeg"}],"author":"US5","twitter_card":"summary_large_image","twitter_misc":{"Written by":"US5","Est. reading time":"3 minutes"},"schema":{"@context":"https:\/\/schema.org","@graph":[{"@type":"WebPage","@id":"https:\/\/veritasinfo.org\/?p=15842","url":"https:\/\/veritasinfo.org\/?p=15842","name":"Radoniqi: T\u00eb diel\u00ebn ftojm\u00eb qytetar\u00ebt q\u00eb t\u00eb ushtrojn\u00eb t\u00eb drejt\u00ebn e tyre kushtetuese dhe demokratike -","isPartOf":{"@id":"https:\/\/veritasinfo.org\/#website"},"primaryImageOfPage":{"@id":"https:\/\/veritasinfo.org\/?p=15842#primaryimage"},"image":{"@id":"https:\/\/veritasinfo.org\/?p=15842#primaryimage"},"thumbnailUrl":"https:\/\/veritasinfo.org\/wp-content\/uploads\/2025\/10\/Imazh-i-WhatsApp-2025-10-11-ne-14.36.23_992687e5.jpg","datePublished":"2025-10-11T12:36:42+00:00","dateModified":"2025-10-11T13:10:45+00:00","author":{"@id":"https:\/\/veritasinfo.org\/#\/schema\/person\/bc442336e35414d04494ab8fb45db4c6"},"breadcrumb":{"@id":"https:\/\/veritasinfo.org\/?p=15842#breadcrumb"},"inLanguage":"en-US","potentialAction":[{"@type":"ReadAction","target":["https:\/\/veritasinfo.org\/?p=15842"]}]},{"@type":"ImageObject","inLanguage":"en-US","@id":"https:\/\/veritasinfo.org\/?p=15842#primaryimage","url":"https:\/\/veritasinfo.org\/wp-content\/uploads\/2025\/10\/Imazh-i-WhatsApp-2025-10-11-ne-14.36.23_992687e5.jpg","contentUrl":"https:\/\/veritasinfo.org\/wp-content\/uploads\/2025\/10\/Imazh-i-WhatsApp-2025-10-11-ne-14.36.23_992687e5.jpg","width":600,"height":418},{"@type":"BreadcrumbList","@id":"https:\/\/veritasinfo.org\/?p=15842#breadcrumb","itemListElement":[{"@type":"ListItem","position":1,"name":"Home","item":"https:\/\/veritasinfo.org\/"},{"@type":"ListItem","position":2,"name":"Radoniqi: T\u00eb diel\u00ebn ftojm\u00eb qytetar\u00ebt q\u00eb t\u00eb ushtrojn\u00eb t\u00eb drejt\u00ebn e tyre kushtetuese dhe demokratike"}]},{"@type":"WebSite","@id":"https:\/\/veritasinfo.org\/#website","url":"https:\/\/veritasinfo.org\/","name":"","description":"","potentialAction":[{"@type":"SearchAction","target":{"@type":"EntryPoint","urlTemplate":"https:\/\/veritasinfo.org\/?s={search_term_string}"},"query-input":{"@type":"PropertyValueSpecification","valueRequired":true,"valueName":"search_term_string"}}],"inLanguage":"en-US"},{"@type":"Person","@id":"https:\/\/veritasinfo.org\/#\/schema\/person\/bc442336e35414d04494ab8fb45db4c6","name":"US5","image":{"@type":"ImageObject","inLanguage":"en-US","@id":"https:\/\/veritasinfo.org\/#\/schema\/person\/image\/","url":"https:\/\/secure.gravatar.com\/avatar\/16a61e7272a0c5d001121ebb9e60e925d5816e4ac1e443ed3e640d9a6ae55d0c?s=96&d=mm&r=g","contentUrl":"https:\/\/secure.gravatar.com\/avatar\/16a61e7272a0c5d001121ebb9e60e925d5816e4ac1e443ed3e640d9a6ae55d0c?s=96&d=mm&r=g","caption":"US5"},"url":"https:\/\/veritasinfo.org\/?author=6"}]}},"featured_image_urls":{"full":["https:\/\/veritasinfo.org\/wp-content\/uploads\/2025\/10\/Imazh-i-WhatsApp-2025-10-11-ne-14.36.23_992687e5.jpg",600,418,false],"thumbnail":["https:\/\/veritasinfo.org\/wp-content\/uploads\/2025\/10\/Imazh-i-WhatsApp-2025-10-11-ne-14.36.23_992687e5-150x150.jpg",150,150,true],"medium":["https:\/\/veritasinfo.org\/wp-content\/uploads\/2025\/10\/Imazh-i-WhatsApp-2025-10-11-ne-14.36.23_992687e5-300x209.jpg",300,209,true],"medium_large":["https:\/\/veritasinfo.org\/wp-content\/uploads\/2025\/10\/Imazh-i-WhatsApp-2025-10-11-ne-14.36.23_992687e5.jpg",600,418,false],"large":["https:\/\/veritasinfo.org\/wp-content\/uploads\/2025\/10\/Imazh-i-WhatsApp-2025-10-11-ne-14.36.23_992687e5.jpg",600,418,false],"1536x1536":["https:\/\/veritasinfo.org\/wp-content\/uploads\/2025\/10\/Imazh-i-WhatsApp-2025-10-11-ne-14.36.23_992687e5.jpg",600,418,false],"2048x2048":["https:\/\/veritasinfo.org\/wp-content\/uploads\/2025\/10\/Imazh-i-WhatsApp-2025-10-11-ne-14.36.23_992687e5.jpg",600,418,false],"kreeti-slider-full":["https:\/\/veritasinfo.org\/wp-content\/uploads\/2025\/10\/Imazh-i-WhatsApp-2025-10-11-ne-14.36.23_992687e5.jpg",600,418,false],"kreeti-featured":["https:\/\/veritasinfo.org\/wp-content\/uploads\/2025\/10\/Imazh-i-WhatsApp-2025-10-11-ne-14.36.23_992687e5.jpg",600,418,false],"kreeti-medium":["https:\/\/veritasinfo.org\/wp-content\/uploads\/2025\/10\/Imazh-i-WhatsApp-2025-10-11-ne-14.36.23_992687e5.jpg",600,418,false],"kreeti-medium-square":["https:\/\/veritasinfo.org\/wp-content\/uploads\/2025\/10\/Imazh-i-WhatsApp-2025-10-11-ne-14.36.23_992687e5.jpg",350,244,false]},"author_info":{"info":["US5"]},"category_info":"<a href=\"https:\/\/veritasinfo.org\/?cat=8\" rel=\"category\">Zgjedhjet parlamentare 2025<\/a>","tag_info":"Zgjedhjet parlamentare 2025","comment_count":"0","_links":{"self":[{"href":"https:\/\/veritasinfo.org\/index.php?rest_route=\/wp\/v2\/posts\/15842","targetHints":{"allow":["GET"]}}],"collection":[{"href":"https:\/\/veritasinfo.org\/index.php?rest_route=\/wp\/v2\/posts"}],"about":[{"href":"https:\/\/veritasinfo.org\/index.php?rest_route=\/wp\/v2\/types\/post"}],"author":[{"embeddable":true,"href":"https:\/\/veritasinfo.org\/index.php?rest_route=\/wp\/v2\/users\/6"}],"replies":[{"embeddable":true,"href":"https:\/\/veritasinfo.org\/index.php?rest_route=%2Fwp%2Fv2%2Fcomments&post=15842"}],"version-history":[{"count":1,"href":"https:\/\/veritasinfo.org\/index.php?rest_route=\/wp\/v2\/posts\/15842\/revisions"}],"predecessor-version":[{"id":15844,"href":"https:\/\/veritasinfo.org\/index.php?rest_route=\/wp\/v2\/posts\/15842\/revisions\/15844"}],"wp:featuredmedia":[{"embeddable":true,"href":"https:\/\/veritasinfo.org\/index.php?rest_route=\/wp\/v2\/media\/15843"}],"wp:attachment":[{"href":"https:\/\/veritasinfo.org\/index.php?rest_route=%2Fwp%2Fv2%2Fmedia&parent=15842"}],"wp:term":[{"taxonomy":"category","embeddable":true,"href":"https:\/\/veritasinfo.org\/index.php?rest_route=%2Fwp%2Fv2%2Fcategories&post=15842"},{"taxonomy":"post_tag","embeddable":true,"href":"https:\/\/veritasinfo.org\/index.php?rest_route=%2Fwp%2Fv2%2Ftags&post=15842"}],"curies":[{"name":"wp","href":"https:\/\/api.w.org\/{rel}","templated":true}]}}