{"id":15835,"date":"2025-10-11T13:15:22","date_gmt":"2025-10-11T11:15:22","guid":{"rendered":"https:\/\/veritasinfo.org\/?p=15835"},"modified":"2025-10-11T13:15:22","modified_gmt":"2025-10-11T11:15:22","slug":"agjencia-per-informim-dhe-privatesi-thirrje-per-mbrojtjen-e-te-dhenave-personale-gjate-zgjedhjeve-lokale","status":"publish","type":"post","link":"https:\/\/veritasinfo.org\/?p=15835","title":{"rendered":"Agjencia p\u00ebr Informim dhe Privat\u00ebsi thirrje p\u00ebr mbrojtjen e t\u00eb dh\u00ebnave personale gjat\u00eb zgjedhjeve lokale"},"content":{"rendered":"<p>Prishtin\u00eb, 11 tetor 2025<\/p>\n<p>Agjencia p\u00ebr Informim dhe Privat\u00ebsi u ka b\u00ebr\u00eb thirrje partive dhe subjekteve politike q\u00eb t\u00eb respektojn\u00eb privat\u00ebsin\u00eb dhe t\u00eb dh\u00ebnat personale t\u00eb qytetar\u00ebve gjat\u00eb Zgjedhjeve Lokale m\u00eb 12 tetor 2025.<\/p>\n<p>Kjo agjenci, n\u00ebp\u00ebrmjet nj\u00eb njoftimi p\u00ebr publikun,\u00a0k\u00ebrkon q\u00eb t\u00eb dh\u00ebnat t\u00eb p\u00ebrpunohen vet\u00ebm me baz\u00eb ligjore, t\u00eb mos p\u00ebrdoren p\u00ebr marketing politik pa p\u00eblqim, dhe t\u00eb shmanget ekspozimi apo profilizimi i t\u00eb dh\u00ebnave personale.<\/p>\n<p>Agjencia thot\u00eb se ofron bashk\u00ebpunim dhe thekson r\u00ebnd\u00ebsin\u00eb e transparenc\u00ebs dhe respektimit t\u00eb t\u00eb drejtave t\u00eb qytetar\u00ebve p\u00ebr t\u00eb garantuar integritetin e procesit<\/p>\n","protected":false},"excerpt":{"rendered":"<p>Prishtin\u00eb, 11 tetor 2025 Agjencia p\u00ebr Informim dhe Privat\u00ebsi u ka b\u00ebr\u00eb thirrje partive dhe subjekteve politike q\u00eb t\u00eb respektojn\u00eb privat\u00ebsin\u00eb dhe t\u00eb dh\u00ebnat personale<\/p>\n","protected":false},"author":7,"featured_media":15836,"comment_status":"open","ping_status":"open","sticky":false,"template":"","format":"standard","meta":{"footnotes":""},"categories":[8],"tags":[],"class_list":["post-15835","post","type-post","status-publish","format-standard","has-post-thumbnail","hentry","category-blog-sq"],"yoast_head":"<!-- This site is optimized with the Yoast SEO plugin v25.3.1 - https:\/\/yoast.com\/wordpress\/plugins\/seo\/ -->\n<title>Agjencia p\u00ebr Informim dhe Privat\u00ebsi thirrje p\u00ebr mbrojtjen e t\u00eb dh\u00ebnave personale gjat\u00eb zgjedhjeve lokale -<\/title>\n<meta name=\"robots\" content=\"index, follow, max-snippet:-1, max-image-preview:large, max-video-preview:-1\" \/>\n<link rel=\"canonical\" href=\"https:\/\/veritasinfo.org\/?p=15835\" \/>\n<meta property=\"og:locale\" content=\"en_US\" \/>\n<meta property=\"og:type\" content=\"article\" \/>\n<meta property=\"og:title\" content=\"Agjencia p\u00ebr Informim dhe Privat\u00ebsi thirrje p\u00ebr mbrojtjen e t\u00eb dh\u00ebnave personale gjat\u00eb zgjedhjeve lokale -\" \/>\n<meta property=\"og:description\" content=\"Prishtin\u00eb, 11 tetor 2025 Agjencia p\u00ebr Informim dhe Privat\u00ebsi u ka b\u00ebr\u00eb thirrje partive dhe subjekteve politike q\u00eb t\u00eb respektojn\u00eb privat\u00ebsin\u00eb dhe t\u00eb dh\u00ebnat personale\" \/>\n<meta property=\"og:url\" content=\"https:\/\/veritasinfo.org\/?p=15835\" \/>\n<meta property=\"article:published_time\" content=\"2025-10-11T11:15:22+00:00\" \/>\n<meta property=\"og:image\" content=\"https:\/\/veritasinfo.org\/wp-content\/uploads\/2025\/10\/AIP-780x439-1.png\" \/>\n\t<meta property=\"og:image:width\" content=\"780\" \/>\n\t<meta property=\"og:image:height\" content=\"439\" \/>\n\t<meta property=\"og:image:type\" content=\"image\/png\" \/>\n<meta name=\"author\" content=\"US6\" \/>\n<meta name=\"twitter:card\" content=\"summary_large_image\" \/>\n<meta name=\"twitter:label1\" content=\"Written by\" \/>\n\t<meta name=\"twitter:data1\" content=\"US6\" \/>\n\t<meta name=\"twitter:label2\" content=\"Est. reading time\" \/>\n\t<meta name=\"twitter:data2\" content=\"1 minute\" \/>\n<script type=\"application\/ld+json\" class=\"yoast-schema-graph\">{\"@context\":\"https:\/\/schema.org\",\"@graph\":[{\"@type\":\"WebPage\",\"@id\":\"https:\/\/veritasinfo.org\/?p=15835\",\"url\":\"https:\/\/veritasinfo.org\/?p=15835\",\"name\":\"Agjencia p\u00ebr Informim dhe Privat\u00ebsi thirrje p\u00ebr mbrojtjen e t\u00eb dh\u00ebnave personale gjat\u00eb zgjedhjeve lokale -\",\"isPartOf\":{\"@id\":\"https:\/\/veritasinfo.org\/#website\"},\"primaryImageOfPage\":{\"@id\":\"https:\/\/veritasinfo.org\/?p=15835#primaryimage\"},\"image\":{\"@id\":\"https:\/\/veritasinfo.org\/?p=15835#primaryimage\"},\"thumbnailUrl\":\"https:\/\/veritasinfo.org\/wp-content\/uploads\/2025\/10\/AIP-780x439-1.png\",\"datePublished\":\"2025-10-11T11:15:22+00:00\",\"author\":{\"@id\":\"https:\/\/veritasinfo.org\/#\/schema\/person\/fe199eede04c3937362892b7444747cc\"},\"breadcrumb\":{\"@id\":\"https:\/\/veritasinfo.org\/?p=15835#breadcrumb\"},\"inLanguage\":\"en-US\",\"potentialAction\":[{\"@type\":\"ReadAction\",\"target\":[\"https:\/\/veritasinfo.org\/?p=15835\"]}]},{\"@type\":\"ImageObject\",\"inLanguage\":\"en-US\",\"@id\":\"https:\/\/veritasinfo.org\/?p=15835#primaryimage\",\"url\":\"https:\/\/veritasinfo.org\/wp-content\/uploads\/2025\/10\/AIP-780x439-1.png\",\"contentUrl\":\"https:\/\/veritasinfo.org\/wp-content\/uploads\/2025\/10\/AIP-780x439-1.png\",\"width\":780,\"height\":439},{\"@type\":\"BreadcrumbList\",\"@id\":\"https:\/\/veritasinfo.org\/?p=15835#breadcrumb\",\"itemListElement\":[{\"@type\":\"ListItem\",\"position\":1,\"name\":\"Home\",\"item\":\"https:\/\/veritasinfo.org\/\"},{\"@type\":\"ListItem\",\"position\":2,\"name\":\"Agjencia p\u00ebr Informim dhe Privat\u00ebsi thirrje p\u00ebr mbrojtjen e t\u00eb dh\u00ebnave personale gjat\u00eb zgjedhjeve lokale\"}]},{\"@type\":\"WebSite\",\"@id\":\"https:\/\/veritasinfo.org\/#website\",\"url\":\"https:\/\/veritasinfo.org\/\",\"name\":\"\",\"description\":\"\",\"potentialAction\":[{\"@type\":\"SearchAction\",\"target\":{\"@type\":\"EntryPoint\",\"urlTemplate\":\"https:\/\/veritasinfo.org\/?s={search_term_string}\"},\"query-input\":{\"@type\":\"PropertyValueSpecification\",\"valueRequired\":true,\"valueName\":\"search_term_string\"}}],\"inLanguage\":\"en-US\"},{\"@type\":\"Person\",\"@id\":\"https:\/\/veritasinfo.org\/#\/schema\/person\/fe199eede04c3937362892b7444747cc\",\"name\":\"US6\",\"image\":{\"@type\":\"ImageObject\",\"inLanguage\":\"en-US\",\"@id\":\"https:\/\/veritasinfo.org\/#\/schema\/person\/image\/\",\"url\":\"https:\/\/secure.gravatar.com\/avatar\/cb16c3c31c9d23b9b8c705964598220b3014e42ff51eb540ff23cefa3ae8c15f?s=96&d=mm&r=g\",\"contentUrl\":\"https:\/\/secure.gravatar.com\/avatar\/cb16c3c31c9d23b9b8c705964598220b3014e42ff51eb540ff23cefa3ae8c15f?s=96&d=mm&r=g\",\"caption\":\"US6\"},\"url\":\"https:\/\/veritasinfo.org\/?author=7\"}]}<\/script>\n<!-- \/ Yoast SEO plugin. -->","yoast_head_json":{"title":"Agjencia p\u00ebr Informim dhe Privat\u00ebsi thirrje p\u00ebr mbrojtjen e t\u00eb dh\u00ebnave personale gjat\u00eb zgjedhjeve lokale -","robots":{"index":"index","follow":"follow","max-snippet":"max-snippet:-1","max-image-preview":"max-image-preview:large","max-video-preview":"max-video-preview:-1"},"canonical":"https:\/\/veritasinfo.org\/?p=15835","og_locale":"en_US","og_type":"article","og_title":"Agjencia p\u00ebr Informim dhe Privat\u00ebsi thirrje p\u00ebr mbrojtjen e t\u00eb dh\u00ebnave personale gjat\u00eb zgjedhjeve lokale -","og_description":"Prishtin\u00eb, 11 tetor 2025 Agjencia p\u00ebr Informim dhe Privat\u00ebsi u ka b\u00ebr\u00eb thirrje partive dhe subjekteve politike q\u00eb t\u00eb respektojn\u00eb privat\u00ebsin\u00eb dhe t\u00eb dh\u00ebnat personale","og_url":"https:\/\/veritasinfo.org\/?p=15835","article_published_time":"2025-10-11T11:15:22+00:00","og_image":[{"width":780,"height":439,"url":"https:\/\/veritasinfo.org\/wp-content\/uploads\/2025\/10\/AIP-780x439-1.png","type":"image\/png"}],"author":"US6","twitter_card":"summary_large_image","twitter_misc":{"Written by":"US6","Est. reading time":"1 minute"},"schema":{"@context":"https:\/\/schema.org","@graph":[{"@type":"WebPage","@id":"https:\/\/veritasinfo.org\/?p=15835","url":"https:\/\/veritasinfo.org\/?p=15835","name":"Agjencia p\u00ebr Informim dhe Privat\u00ebsi thirrje p\u00ebr mbrojtjen e t\u00eb dh\u00ebnave personale gjat\u00eb zgjedhjeve lokale -","isPartOf":{"@id":"https:\/\/veritasinfo.org\/#website"},"primaryImageOfPage":{"@id":"https:\/\/veritasinfo.org\/?p=15835#primaryimage"},"image":{"@id":"https:\/\/veritasinfo.org\/?p=15835#primaryimage"},"thumbnailUrl":"https:\/\/veritasinfo.org\/wp-content\/uploads\/2025\/10\/AIP-780x439-1.png","datePublished":"2025-10-11T11:15:22+00:00","author":{"@id":"https:\/\/veritasinfo.org\/#\/schema\/person\/fe199eede04c3937362892b7444747cc"},"breadcrumb":{"@id":"https:\/\/veritasinfo.org\/?p=15835#breadcrumb"},"inLanguage":"en-US","potentialAction":[{"@type":"ReadAction","target":["https:\/\/veritasinfo.org\/?p=15835"]}]},{"@type":"ImageObject","inLanguage":"en-US","@id":"https:\/\/veritasinfo.org\/?p=15835#primaryimage","url":"https:\/\/veritasinfo.org\/wp-content\/uploads\/2025\/10\/AIP-780x439-1.png","contentUrl":"https:\/\/veritasinfo.org\/wp-content\/uploads\/2025\/10\/AIP-780x439-1.png","width":780,"height":439},{"@type":"BreadcrumbList","@id":"https:\/\/veritasinfo.org\/?p=15835#breadcrumb","itemListElement":[{"@type":"ListItem","position":1,"name":"Home","item":"https:\/\/veritasinfo.org\/"},{"@type":"ListItem","position":2,"name":"Agjencia p\u00ebr Informim dhe Privat\u00ebsi thirrje p\u00ebr mbrojtjen e t\u00eb dh\u00ebnave personale gjat\u00eb zgjedhjeve lokale"}]},{"@type":"WebSite","@id":"https:\/\/veritasinfo.org\/#website","url":"https:\/\/veritasinfo.org\/","name":"","description":"","potentialAction":[{"@type":"SearchAction","target":{"@type":"EntryPoint","urlTemplate":"https:\/\/veritasinfo.org\/?s={search_term_string}"},"query-input":{"@type":"PropertyValueSpecification","valueRequired":true,"valueName":"search_term_string"}}],"inLanguage":"en-US"},{"@type":"Person","@id":"https:\/\/veritasinfo.org\/#\/schema\/person\/fe199eede04c3937362892b7444747cc","name":"US6","image":{"@type":"ImageObject","inLanguage":"en-US","@id":"https:\/\/veritasinfo.org\/#\/schema\/person\/image\/","url":"https:\/\/secure.gravatar.com\/avatar\/cb16c3c31c9d23b9b8c705964598220b3014e42ff51eb540ff23cefa3ae8c15f?s=96&d=mm&r=g","contentUrl":"https:\/\/secure.gravatar.com\/avatar\/cb16c3c31c9d23b9b8c705964598220b3014e42ff51eb540ff23cefa3ae8c15f?s=96&d=mm&r=g","caption":"US6"},"url":"https:\/\/veritasinfo.org\/?author=7"}]}},"featured_image_urls":{"full":["https:\/\/veritasinfo.org\/wp-content\/uploads\/2025\/10\/AIP-780x439-1.png",780,439,false],"thumbnail":["https:\/\/veritasinfo.org\/wp-content\/uploads\/2025\/10\/AIP-780x439-1-150x150.png",150,150,true],"medium":["https:\/\/veritasinfo.org\/wp-content\/uploads\/2025\/10\/AIP-780x439-1-300x169.png",300,169,true],"medium_large":["https:\/\/veritasinfo.org\/wp-content\/uploads\/2025\/10\/AIP-780x439-1-768x432.png",640,360,true],"large":["https:\/\/veritasinfo.org\/wp-content\/uploads\/2025\/10\/AIP-780x439-1.png",640,360,false],"1536x1536":["https:\/\/veritasinfo.org\/wp-content\/uploads\/2025\/10\/AIP-780x439-1.png",780,439,false],"2048x2048":["https:\/\/veritasinfo.org\/wp-content\/uploads\/2025\/10\/AIP-780x439-1.png",780,439,false],"kreeti-slider-full":["https:\/\/veritasinfo.org\/wp-content\/uploads\/2025\/10\/AIP-780x439-1.png",780,439,false],"kreeti-featured":["https:\/\/veritasinfo.org\/wp-content\/uploads\/2025\/10\/AIP-780x439-1.png",780,439,false],"kreeti-medium":["https:\/\/veritasinfo.org\/wp-content\/uploads\/2025\/10\/AIP-780x439-1.png",720,405,false],"kreeti-medium-square":["https:\/\/veritasinfo.org\/wp-content\/uploads\/2025\/10\/AIP-780x439-1.png",350,197,false]},"author_info":{"info":["US6"]},"category_info":"<a href=\"https:\/\/veritasinfo.org\/?cat=8\" rel=\"category\">Zgjedhjet parlamentare 2025<\/a>","tag_info":"Zgjedhjet parlamentare 2025","comment_count":"0","_links":{"self":[{"href":"https:\/\/veritasinfo.org\/index.php?rest_route=\/wp\/v2\/posts\/15835","targetHints":{"allow":["GET"]}}],"collection":[{"href":"https:\/\/veritasinfo.org\/index.php?rest_route=\/wp\/v2\/posts"}],"about":[{"href":"https:\/\/veritasinfo.org\/index.php?rest_route=\/wp\/v2\/types\/post"}],"author":[{"embeddable":true,"href":"https:\/\/veritasinfo.org\/index.php?rest_route=\/wp\/v2\/users\/7"}],"replies":[{"embeddable":true,"href":"https:\/\/veritasinfo.org\/index.php?rest_route=%2Fwp%2Fv2%2Fcomments&post=15835"}],"version-history":[{"count":1,"href":"https:\/\/veritasinfo.org\/index.php?rest_route=\/wp\/v2\/posts\/15835\/revisions"}],"predecessor-version":[{"id":15837,"href":"https:\/\/veritasinfo.org\/index.php?rest_route=\/wp\/v2\/posts\/15835\/revisions\/15837"}],"wp:featuredmedia":[{"embeddable":true,"href":"https:\/\/veritasinfo.org\/index.php?rest_route=\/wp\/v2\/media\/15836"}],"wp:attachment":[{"href":"https:\/\/veritasinfo.org\/index.php?rest_route=%2Fwp%2Fv2%2Fmedia&parent=15835"}],"wp:term":[{"taxonomy":"category","embeddable":true,"href":"https:\/\/veritasinfo.org\/index.php?rest_route=%2Fwp%2Fv2%2Fcategories&post=15835"},{"taxonomy":"post_tag","embeddable":true,"href":"https:\/\/veritasinfo.org\/index.php?rest_route=%2Fwp%2Fv2%2Ftags&post=15835"}],"curies":[{"name":"wp","href":"https:\/\/api.w.org\/{rel}","templated":true}]}}