{"id":1575,"date":"2025-06-25T19:36:32","date_gmt":"2025-06-25T17:36:32","guid":{"rendered":"https:\/\/veritasinfo.org\/?p=1575"},"modified":"2025-06-25T19:38:19","modified_gmt":"2025-06-25T17:38:19","slug":"erdogan-derisa-kfor-i-turk-ndodhet-ne-veri-sdo-te-kete-ndonje-problem","status":"publish","type":"post","link":"https:\/\/veritasinfo.org\/?p=1575","title":{"rendered":"Erdogan: Derisa KFOR-i turk ndodhet n\u00eb veri, s\u2019do t\u00eb ket\u00eb ndonj\u00eb problem"},"content":{"rendered":"<p>Hag\u00eb, 25.06.2025<\/p>\n<p>Burimi: Mitropol<\/p>\n<p>Presidenti turk, Recep Tayyip Erdogan, ka folur p\u00ebr situat\u00ebn n\u00eb veri t\u00eb Kosov\u00ebs dhe prezenc\u00ebn e KFOR-it turk atje.<\/p>\n<p>Erdogani tha se pjes\u00ebtar\u00ebt e KFOR-it turk jan\u00eb n\u00eb veri p\u00ebr paqe dhe qet\u00ebsi, teksa shtoi se derisa KFOR-i turk ndodhet aty, nuk do t\u00eb ket\u00eb ndonj\u00eb problem.<\/p>\n<p>\u201cKFOR-i i Turqis\u00eb ndodhet n\u00eb at\u00eb zon\u00eb, pse ndodhet aty? P\u00ebr paqe, p\u00ebr qet\u00ebsi dhe gjersa KFOR-i turk ndodhet aty, inshallah aty nuk mundet dhe nuk do ket\u00eb ndonj\u00eb problem\u201d, tha Erdogan n\u00eb konferenc\u00eb p\u00ebr media, raporton Mitropol.<\/p>\n<p>I pari i shtetit turk mori pjes\u00eb n\u00eb Samitin e NATO-s i cili u mbajt n\u00eb Hag\u00eb t\u00eb Holand\u00ebs.<\/p>\n<p>&nbsp;<\/p>\n","protected":false},"excerpt":{"rendered":"<p>Hag\u00eb, 25.06.2025 Burimi: Mitropol Presidenti turk, Recep Tayyip Erdogan, ka folur p\u00ebr situat\u00ebn n\u00eb veri t\u00eb Kosov\u00ebs dhe prezenc\u00ebn e KFOR-it turk atje. Erdogani tha<\/p>\n","protected":false},"author":1,"featured_media":1576,"comment_status":"open","ping_status":"open","sticky":false,"template":"","format":"standard","meta":{"footnotes":""},"categories":[58],"tags":[],"class_list":["post-1575","post","type-post","status-publish","format-standard","has-post-thumbnail","hentry","category-politike-sq"],"yoast_head":"<!-- This site is optimized with the Yoast SEO plugin v25.3.1 - https:\/\/yoast.com\/wordpress\/plugins\/seo\/ -->\n<title>Erdogan: Derisa KFOR-i turk ndodhet n\u00eb veri, s\u2019do t\u00eb ket\u00eb ndonj\u00eb problem -<\/title>\n<meta name=\"robots\" content=\"index, follow, max-snippet:-1, max-image-preview:large, max-video-preview:-1\" \/>\n<link rel=\"canonical\" href=\"https:\/\/veritasinfo.org\/?p=1575\" \/>\n<meta property=\"og:locale\" content=\"en_US\" \/>\n<meta property=\"og:type\" content=\"article\" \/>\n<meta property=\"og:title\" content=\"Erdogan: Derisa KFOR-i turk ndodhet n\u00eb veri, s\u2019do t\u00eb ket\u00eb ndonj\u00eb problem -\" \/>\n<meta property=\"og:description\" content=\"Hag\u00eb, 25.06.2025 Burimi: Mitropol Presidenti turk, Recep Tayyip Erdogan, ka folur p\u00ebr situat\u00ebn n\u00eb veri t\u00eb Kosov\u00ebs dhe prezenc\u00ebn e KFOR-it turk atje. Erdogani tha\" \/>\n<meta property=\"og:url\" content=\"https:\/\/veritasinfo.org\/?p=1575\" \/>\n<meta property=\"article:published_time\" content=\"2025-06-25T17:36:32+00:00\" \/>\n<meta property=\"article:modified_time\" content=\"2025-06-25T17:38:19+00:00\" \/>\n<meta property=\"og:image\" content=\"https:\/\/veritasinfo.org\/wp-content\/uploads\/2025\/06\/IMG_1570.jpeg\" \/>\n\t<meta property=\"og:image:width\" content=\"780\" \/>\n\t<meta property=\"og:image:height\" content=\"439\" \/>\n\t<meta property=\"og:image:type\" content=\"image\/jpeg\" \/>\n<meta name=\"author\" content=\"admin\" \/>\n<meta name=\"twitter:card\" content=\"summary_large_image\" \/>\n<meta name=\"twitter:label1\" content=\"Written by\" \/>\n\t<meta name=\"twitter:data1\" content=\"admin\" \/>\n\t<meta name=\"twitter:label2\" content=\"Est. reading time\" \/>\n\t<meta name=\"twitter:data2\" content=\"1 minute\" \/>\n<script type=\"application\/ld+json\" class=\"yoast-schema-graph\">{\"@context\":\"https:\/\/schema.org\",\"@graph\":[{\"@type\":\"WebPage\",\"@id\":\"https:\/\/veritasinfo.org\/?p=1575\",\"url\":\"https:\/\/veritasinfo.org\/?p=1575\",\"name\":\"Erdogan: Derisa KFOR-i turk ndodhet n\u00eb veri, s\u2019do t\u00eb ket\u00eb ndonj\u00eb problem -\",\"isPartOf\":{\"@id\":\"https:\/\/veritasinfo.org\/#website\"},\"primaryImageOfPage\":{\"@id\":\"https:\/\/veritasinfo.org\/?p=1575#primaryimage\"},\"image\":{\"@id\":\"https:\/\/veritasinfo.org\/?p=1575#primaryimage\"},\"thumbnailUrl\":\"https:\/\/veritasinfo.org\/wp-content\/uploads\/2025\/06\/IMG_1570.jpeg\",\"datePublished\":\"2025-06-25T17:36:32+00:00\",\"dateModified\":\"2025-06-25T17:38:19+00:00\",\"author\":{\"@id\":\"https:\/\/veritasinfo.org\/#\/schema\/person\/7701f8c088bece422266b100a712374f\"},\"breadcrumb\":{\"@id\":\"https:\/\/veritasinfo.org\/?p=1575#breadcrumb\"},\"inLanguage\":\"en-US\",\"potentialAction\":[{\"@type\":\"ReadAction\",\"target\":[\"https:\/\/veritasinfo.org\/?p=1575\"]}]},{\"@type\":\"ImageObject\",\"inLanguage\":\"en-US\",\"@id\":\"https:\/\/veritasinfo.org\/?p=1575#primaryimage\",\"url\":\"https:\/\/veritasinfo.org\/wp-content\/uploads\/2025\/06\/IMG_1570.jpeg\",\"contentUrl\":\"https:\/\/veritasinfo.org\/wp-content\/uploads\/2025\/06\/IMG_1570.jpeg\",\"width\":780,\"height\":439},{\"@type\":\"BreadcrumbList\",\"@id\":\"https:\/\/veritasinfo.org\/?p=1575#breadcrumb\",\"itemListElement\":[{\"@type\":\"ListItem\",\"position\":1,\"name\":\"Home\",\"item\":\"https:\/\/veritasinfo.org\/\"},{\"@type\":\"ListItem\",\"position\":2,\"name\":\"Erdogan: Derisa KFOR-i turk ndodhet n\u00eb veri, s\u2019do t\u00eb ket\u00eb ndonj\u00eb problem\"}]},{\"@type\":\"WebSite\",\"@id\":\"https:\/\/veritasinfo.org\/#website\",\"url\":\"https:\/\/veritasinfo.org\/\",\"name\":\"\",\"description\":\"\",\"potentialAction\":[{\"@type\":\"SearchAction\",\"target\":{\"@type\":\"EntryPoint\",\"urlTemplate\":\"https:\/\/veritasinfo.org\/?s={search_term_string}\"},\"query-input\":{\"@type\":\"PropertyValueSpecification\",\"valueRequired\":true,\"valueName\":\"search_term_string\"}}],\"inLanguage\":\"en-US\"},{\"@type\":\"Person\",\"@id\":\"https:\/\/veritasinfo.org\/#\/schema\/person\/7701f8c088bece422266b100a712374f\",\"name\":\"admin\",\"image\":{\"@type\":\"ImageObject\",\"inLanguage\":\"en-US\",\"@id\":\"https:\/\/veritasinfo.org\/#\/schema\/person\/image\/\",\"url\":\"https:\/\/secure.gravatar.com\/avatar\/ea53aa3bf6c9a12d5fde8ce4deff43fef3885ae33cf60184161a50d6987cfd2f?s=96&d=mm&r=g\",\"contentUrl\":\"https:\/\/secure.gravatar.com\/avatar\/ea53aa3bf6c9a12d5fde8ce4deff43fef3885ae33cf60184161a50d6987cfd2f?s=96&d=mm&r=g\",\"caption\":\"admin\"},\"sameAs\":[\"https:\/\/veritasinfo.org\"],\"url\":\"https:\/\/veritasinfo.org\/?author=1\"}]}<\/script>\n<!-- \/ Yoast SEO plugin. -->","yoast_head_json":{"title":"Erdogan: Derisa KFOR-i turk ndodhet n\u00eb veri, s\u2019do t\u00eb ket\u00eb ndonj\u00eb problem -","robots":{"index":"index","follow":"follow","max-snippet":"max-snippet:-1","max-image-preview":"max-image-preview:large","max-video-preview":"max-video-preview:-1"},"canonical":"https:\/\/veritasinfo.org\/?p=1575","og_locale":"en_US","og_type":"article","og_title":"Erdogan: Derisa KFOR-i turk ndodhet n\u00eb veri, s\u2019do t\u00eb ket\u00eb ndonj\u00eb problem -","og_description":"Hag\u00eb, 25.06.2025 Burimi: Mitropol Presidenti turk, Recep Tayyip Erdogan, ka folur p\u00ebr situat\u00ebn n\u00eb veri t\u00eb Kosov\u00ebs dhe prezenc\u00ebn e KFOR-it turk atje. Erdogani tha","og_url":"https:\/\/veritasinfo.org\/?p=1575","article_published_time":"2025-06-25T17:36:32+00:00","article_modified_time":"2025-06-25T17:38:19+00:00","og_image":[{"width":780,"height":439,"url":"https:\/\/veritasinfo.org\/wp-content\/uploads\/2025\/06\/IMG_1570.jpeg","type":"image\/jpeg"}],"author":"admin","twitter_card":"summary_large_image","twitter_misc":{"Written by":"admin","Est. reading time":"1 minute"},"schema":{"@context":"https:\/\/schema.org","@graph":[{"@type":"WebPage","@id":"https:\/\/veritasinfo.org\/?p=1575","url":"https:\/\/veritasinfo.org\/?p=1575","name":"Erdogan: Derisa KFOR-i turk ndodhet n\u00eb veri, s\u2019do t\u00eb ket\u00eb ndonj\u00eb problem -","isPartOf":{"@id":"https:\/\/veritasinfo.org\/#website"},"primaryImageOfPage":{"@id":"https:\/\/veritasinfo.org\/?p=1575#primaryimage"},"image":{"@id":"https:\/\/veritasinfo.org\/?p=1575#primaryimage"},"thumbnailUrl":"https:\/\/veritasinfo.org\/wp-content\/uploads\/2025\/06\/IMG_1570.jpeg","datePublished":"2025-06-25T17:36:32+00:00","dateModified":"2025-06-25T17:38:19+00:00","author":{"@id":"https:\/\/veritasinfo.org\/#\/schema\/person\/7701f8c088bece422266b100a712374f"},"breadcrumb":{"@id":"https:\/\/veritasinfo.org\/?p=1575#breadcrumb"},"inLanguage":"en-US","potentialAction":[{"@type":"ReadAction","target":["https:\/\/veritasinfo.org\/?p=1575"]}]},{"@type":"ImageObject","inLanguage":"en-US","@id":"https:\/\/veritasinfo.org\/?p=1575#primaryimage","url":"https:\/\/veritasinfo.org\/wp-content\/uploads\/2025\/06\/IMG_1570.jpeg","contentUrl":"https:\/\/veritasinfo.org\/wp-content\/uploads\/2025\/06\/IMG_1570.jpeg","width":780,"height":439},{"@type":"BreadcrumbList","@id":"https:\/\/veritasinfo.org\/?p=1575#breadcrumb","itemListElement":[{"@type":"ListItem","position":1,"name":"Home","item":"https:\/\/veritasinfo.org\/"},{"@type":"ListItem","position":2,"name":"Erdogan: Derisa KFOR-i turk ndodhet n\u00eb veri, s\u2019do t\u00eb ket\u00eb ndonj\u00eb problem"}]},{"@type":"WebSite","@id":"https:\/\/veritasinfo.org\/#website","url":"https:\/\/veritasinfo.org\/","name":"","description":"","potentialAction":[{"@type":"SearchAction","target":{"@type":"EntryPoint","urlTemplate":"https:\/\/veritasinfo.org\/?s={search_term_string}"},"query-input":{"@type":"PropertyValueSpecification","valueRequired":true,"valueName":"search_term_string"}}],"inLanguage":"en-US"},{"@type":"Person","@id":"https:\/\/veritasinfo.org\/#\/schema\/person\/7701f8c088bece422266b100a712374f","name":"admin","image":{"@type":"ImageObject","inLanguage":"en-US","@id":"https:\/\/veritasinfo.org\/#\/schema\/person\/image\/","url":"https:\/\/secure.gravatar.com\/avatar\/ea53aa3bf6c9a12d5fde8ce4deff43fef3885ae33cf60184161a50d6987cfd2f?s=96&d=mm&r=g","contentUrl":"https:\/\/secure.gravatar.com\/avatar\/ea53aa3bf6c9a12d5fde8ce4deff43fef3885ae33cf60184161a50d6987cfd2f?s=96&d=mm&r=g","caption":"admin"},"sameAs":["https:\/\/veritasinfo.org"],"url":"https:\/\/veritasinfo.org\/?author=1"}]}},"featured_image_urls":{"full":["https:\/\/veritasinfo.org\/wp-content\/uploads\/2025\/06\/IMG_1570.jpeg",780,439,false],"thumbnail":["https:\/\/veritasinfo.org\/wp-content\/uploads\/2025\/06\/IMG_1570-150x150.jpeg",150,150,true],"medium":["https:\/\/veritasinfo.org\/wp-content\/uploads\/2025\/06\/IMG_1570-300x169.jpeg",300,169,true],"medium_large":["https:\/\/veritasinfo.org\/wp-content\/uploads\/2025\/06\/IMG_1570-768x432.jpeg",640,360,true],"large":["https:\/\/veritasinfo.org\/wp-content\/uploads\/2025\/06\/IMG_1570.jpeg",640,360,false],"1536x1536":["https:\/\/veritasinfo.org\/wp-content\/uploads\/2025\/06\/IMG_1570.jpeg",780,439,false],"2048x2048":["https:\/\/veritasinfo.org\/wp-content\/uploads\/2025\/06\/IMG_1570.jpeg",780,439,false],"kreeti-slider-full":["https:\/\/veritasinfo.org\/wp-content\/uploads\/2025\/06\/IMG_1570.jpeg",780,439,false],"kreeti-featured":["https:\/\/veritasinfo.org\/wp-content\/uploads\/2025\/06\/IMG_1570.jpeg",780,439,false],"kreeti-medium":["https:\/\/veritasinfo.org\/wp-content\/uploads\/2025\/06\/IMG_1570.jpeg",720,405,false],"kreeti-medium-square":["https:\/\/veritasinfo.org\/wp-content\/uploads\/2025\/06\/IMG_1570.jpeg",350,197,false]},"author_info":{"info":["admin"]},"category_info":"<a href=\"https:\/\/veritasinfo.org\/?cat=58\" rel=\"category\">Politik\u00eb<\/a>","tag_info":"Politik\u00eb","comment_count":"0","_links":{"self":[{"href":"https:\/\/veritasinfo.org\/index.php?rest_route=\/wp\/v2\/posts\/1575","targetHints":{"allow":["GET"]}}],"collection":[{"href":"https:\/\/veritasinfo.org\/index.php?rest_route=\/wp\/v2\/posts"}],"about":[{"href":"https:\/\/veritasinfo.org\/index.php?rest_route=\/wp\/v2\/types\/post"}],"author":[{"embeddable":true,"href":"https:\/\/veritasinfo.org\/index.php?rest_route=\/wp\/v2\/users\/1"}],"replies":[{"embeddable":true,"href":"https:\/\/veritasinfo.org\/index.php?rest_route=%2Fwp%2Fv2%2Fcomments&post=1575"}],"version-history":[{"count":3,"href":"https:\/\/veritasinfo.org\/index.php?rest_route=\/wp\/v2\/posts\/1575\/revisions"}],"predecessor-version":[{"id":1579,"href":"https:\/\/veritasinfo.org\/index.php?rest_route=\/wp\/v2\/posts\/1575\/revisions\/1579"}],"wp:featuredmedia":[{"embeddable":true,"href":"https:\/\/veritasinfo.org\/index.php?rest_route=\/wp\/v2\/media\/1576"}],"wp:attachment":[{"href":"https:\/\/veritasinfo.org\/index.php?rest_route=%2Fwp%2Fv2%2Fmedia&parent=1575"}],"wp:term":[{"taxonomy":"category","embeddable":true,"href":"https:\/\/veritasinfo.org\/index.php?rest_route=%2Fwp%2Fv2%2Fcategories&post=1575"},{"taxonomy":"post_tag","embeddable":true,"href":"https:\/\/veritasinfo.org\/index.php?rest_route=%2Fwp%2Fv2%2Ftags&post=1575"}],"curies":[{"name":"wp","href":"https:\/\/api.w.org\/{rel}","templated":true}]}}