{"id":1573,"date":"2025-06-25T19:23:32","date_gmt":"2025-06-25T17:23:32","guid":{"rendered":"https:\/\/veritasinfo.org\/?p=1573"},"modified":"2025-06-25T19:23:32","modified_gmt":"2025-06-25T17:23:32","slug":"balkan-i-dalje-predstavlja-vanrednu-pretnju-za-sad","status":"publish","type":"post","link":"https:\/\/veritasinfo.org\/?p=1573&lang=sr","title":{"rendered":"Balkan i dalje predstavlja \u201evanrednu pretnju\u201c za SAD"},"content":{"rendered":"<p>Sjedinjene Ameri\u010dke Dr\u017eave produ\u017eile su vanredno stanje u vezi sa Zapadnim Balkanom i nakon 26. juna 2025, navode\u0107i da destabilizuju\u0107e aktivnosti, korupcija i poku\u0161aji podrivanja suvereniteta zemalja regiona i dalje predstavljaju vanrednu i neobi\u010dnu pretnju po nacionalnu bezbednost i spoljnu politiku SAD.<\/p>\n<p>Predsednik SAD Donald Tramp potpisao je izvr\u0161nu naredbu kojom se produ\u017eava vanredno stanje za Zapadni Balkan, koje je prvi put progla\u0161eno jo\u0161 2001. godine. U saop\u0161tenju objavljenom u \u201eFederalnom registru\u201c 24. juna navodi se da situacija u regionu i dalje ugro\u017eava interese SAD.<\/p>\n<p>&gt; \u201ePostupci pojedinaca koji prete miru i me\u0111unarodnim stabilizacionim naporima u Zapadnom Balkanu \u2013 uklju\u010duju\u0107i ekstremno nasilje, opstruktivne aktivnosti, kao i situacije koje ometaju napredak ka efikasnoj i demokratskoj vlasti i punoj integraciji u evroatlantske institucije \u2013 i dalje predstavljaju vanrednu pretnju\u201c, navodi se u saop\u0161tenju.<\/p>\n<p>U dokumentu se pominje i izvr\u0161na naredba koju je 8. januara 2025. godine potpisao tada\u0161nji predsednik D\u017eozef Bajden, a koja se odnosi na pojedince koji predstavljaju pretnju za region. Ona je pro\u0161irila prethodne mere blokade imovine i zabrane ulaska u SAD osobama koje podrivaju stabilnost Balkana, u\u010destvuju u korupciji i kr\u0161e mirovne sporazume.<\/p>\n<p>&nbsp;<\/p>\n<p>To uklju\u010duje, izme\u0111u ostalog,:<\/p>\n<p>Prespanski sporazum iz 2018,<\/p>\n<p>Okvirni sporazum iz Ohrida iz 2001, Rezoluciju 1244 Saveta bezbednosti UN iz 1999,<\/p>\n<p>Dejtonski mirovni sporazum, kao i Zaklju\u010dke Konferencijskog saveta za implementaciju mira iz 1995.<\/p>\n<p>Sankcije se primenjuju na one koje ameri\u010dko Ministarstvo finansija identifikuje kao lidere, zvani\u010dnike ili \u010dlanove vlade ume\u0161ane u destabilizuju\u0107e aktivnosti. Isto va\u017ei i za one koji ih podr\u017eavaju, uklju\u010duju\u0107i njihove supru\u017enike i odraslu decu.<\/p>\n<p>Ameri\u010dki stru\u010dnjak za Balkan, Danijel Server, ocenio je produ\u017eenje ove mere kao standardnu, ali korisnu praksu, dodaju\u0107i da bi SAD morale rigoroznije sprovoditi postoje\u0107e mere.<\/p>\n<p>&gt; \u201eNi\u0161ta novo, ali svakako dobro. Sve dosada\u0161nje izjave pokazuju jasnu politiku, ali bih voleo da se mere sprovode odlu\u010dnije\u201c, rekao je Server za KOHU.<\/p>\n<p>Istorijat ameri\u010dke izvr\u0161ne naredbe:<\/p>\n<p>26. jun 2001: Predsednik SAD proglasio vanredno stanje (naredba 13219), usled ekstremnog nasilja i ometanja sprovo\u0111enja Dejtonskog sporazuma i Rezolucije 1244.<\/p>\n<p>28. maj 2003: Pro\u0161irena naredbom 13304 zbog opstrukcija Okvirnog sporazuma iz Ohrida.<\/p>\n<p>8. jun 2021: Predsednik Bajden potpisuje naredbu 14033, koja dodatno pro\u0161iruje obuhvat vanrednog stanja.<\/p>\n<p>8. januar 2025: Bajden potpisuje naredbu 14140 zbog poku\u0161aja pojedinaca da podrivaju suverenitet balkanskih zemalja i izbegavaju sankcije.<\/p>\n<p>&nbsp;<\/p>\n<p>Tramp je nedavno ponovo pomenuo Balkan u kontekstu svog doprinosa miru tokom mandata. U objavi na dru\u0161tvenim mre\u017eama, pohvalio se zaustavljanjem mogu\u0107e eskalacije sukoba izme\u0111u Kosova i Srbije 2020. godine.<\/p>\n<p>&gt; \u201eSrbija i Kosovo su bili na ivici rata. Ja sam to zaustavio\u201c, napisao je Tramp, dodaju\u0107i da je prethodna administracija D\u017eoa Bajdena pogor\u0161ala odnose lo\u0161im odlukama i da on planira da ih ispravi.<\/p>\n<p>Tramp je spor izme\u0111u Kosova i Srbije uporedio sa mirovnim naporima izme\u0111u Irana i Izraela, Indije i Pakistana, Egipta i Etiopije.<\/p>\n<p>&nbsp;<\/p>\n<p>&nbsp;<\/p>\n","protected":false},"excerpt":{"rendered":"<p>Sjedinjene Ameri\u010dke Dr\u017eave produ\u017eile su vanredno stanje u vezi sa Zapadnim Balkanom i nakon 26. juna 2025, navode\u0107i da destabilizuju\u0107e aktivnosti, korupcija i poku\u0161aji podrivanja<\/p>\n","protected":false},"author":1,"featured_media":1569,"comment_status":"open","ping_status":"open","sticky":false,"template":"","format":"standard","meta":{"footnotes":""},"categories":[74],"tags":[],"class_list":["post-1573","post","type-post","status-publish","format-standard","has-post-thumbnail","hentry","category-svet"],"yoast_head":"<!-- This site is optimized with the Yoast SEO plugin v25.3.1 - https:\/\/yoast.com\/wordpress\/plugins\/seo\/ -->\n<title>Balkan i dalje predstavlja \u201evanrednu pretnju\u201c za SAD -<\/title>\n<meta name=\"robots\" content=\"index, follow, max-snippet:-1, max-image-preview:large, max-video-preview:-1\" \/>\n<link rel=\"canonical\" href=\"https:\/\/veritasinfo.org\/?p=1573&lang=sr\" \/>\n<meta property=\"og:locale\" content=\"en_US\" \/>\n<meta property=\"og:type\" content=\"article\" \/>\n<meta property=\"og:title\" content=\"Balkan i dalje predstavlja \u201evanrednu pretnju\u201c za SAD -\" \/>\n<meta property=\"og:description\" content=\"Sjedinjene Ameri\u010dke Dr\u017eave produ\u017eile su vanredno stanje u vezi sa Zapadnim Balkanom i nakon 26. juna 2025, navode\u0107i da destabilizuju\u0107e aktivnosti, korupcija i poku\u0161aji podrivanja\" \/>\n<meta property=\"og:url\" content=\"https:\/\/veritasinfo.org\/?p=1573&amp;lang=sr\" \/>\n<meta property=\"article:published_time\" content=\"2025-06-25T17:23:32+00:00\" \/>\n<meta property=\"og:image\" content=\"https:\/\/veritasinfo.org\/wp-content\/uploads\/2025\/06\/IMG_1569.webp\" \/>\n\t<meta property=\"og:image:width\" content=\"1360\" \/>\n\t<meta property=\"og:image:height\" content=\"870\" \/>\n\t<meta property=\"og:image:type\" content=\"image\/webp\" \/>\n<meta name=\"author\" content=\"admin\" \/>\n<meta name=\"twitter:card\" content=\"summary_large_image\" \/>\n<meta name=\"twitter:label1\" content=\"Written by\" \/>\n\t<meta name=\"twitter:data1\" content=\"admin\" \/>\n\t<meta name=\"twitter:label2\" content=\"Est. reading time\" \/>\n\t<meta name=\"twitter:data2\" content=\"3 minutes\" \/>\n<script type=\"application\/ld+json\" class=\"yoast-schema-graph\">{\"@context\":\"https:\/\/schema.org\",\"@graph\":[{\"@type\":\"WebPage\",\"@id\":\"https:\/\/veritasinfo.org\/?p=1573&lang=sr\",\"url\":\"https:\/\/veritasinfo.org\/?p=1573&lang=sr\",\"name\":\"Balkan i dalje predstavlja \u201evanrednu pretnju\u201c za SAD -\",\"isPartOf\":{\"@id\":\"https:\/\/veritasinfo.org\/#website\"},\"primaryImageOfPage\":{\"@id\":\"https:\/\/veritasinfo.org\/?p=1573&lang=sr#primaryimage\"},\"image\":{\"@id\":\"https:\/\/veritasinfo.org\/?p=1573&lang=sr#primaryimage\"},\"thumbnailUrl\":\"https:\/\/veritasinfo.org\/wp-content\/uploads\/2025\/06\/IMG_1569.webp\",\"datePublished\":\"2025-06-25T17:23:32+00:00\",\"author\":{\"@id\":\"https:\/\/veritasinfo.org\/#\/schema\/person\/7701f8c088bece422266b100a712374f\"},\"breadcrumb\":{\"@id\":\"https:\/\/veritasinfo.org\/?p=1573&lang=sr#breadcrumb\"},\"inLanguage\":\"en-US\",\"potentialAction\":[{\"@type\":\"ReadAction\",\"target\":[\"https:\/\/veritasinfo.org\/?p=1573&lang=sr\"]}]},{\"@type\":\"ImageObject\",\"inLanguage\":\"en-US\",\"@id\":\"https:\/\/veritasinfo.org\/?p=1573&lang=sr#primaryimage\",\"url\":\"https:\/\/veritasinfo.org\/wp-content\/uploads\/2025\/06\/IMG_1569.webp\",\"contentUrl\":\"https:\/\/veritasinfo.org\/wp-content\/uploads\/2025\/06\/IMG_1569.webp\",\"width\":1360,\"height\":870},{\"@type\":\"BreadcrumbList\",\"@id\":\"https:\/\/veritasinfo.org\/?p=1573&lang=sr#breadcrumb\",\"itemListElement\":[{\"@type\":\"ListItem\",\"position\":1,\"name\":\"Home\",\"item\":\"https:\/\/veritasinfo.org\/\"},{\"@type\":\"ListItem\",\"position\":2,\"name\":\"Balkan i dalje predstavlja \u201evanrednu pretnju\u201c za SAD\"}]},{\"@type\":\"WebSite\",\"@id\":\"https:\/\/veritasinfo.org\/#website\",\"url\":\"https:\/\/veritasinfo.org\/\",\"name\":\"\",\"description\":\"\",\"potentialAction\":[{\"@type\":\"SearchAction\",\"target\":{\"@type\":\"EntryPoint\",\"urlTemplate\":\"https:\/\/veritasinfo.org\/?s={search_term_string}\"},\"query-input\":{\"@type\":\"PropertyValueSpecification\",\"valueRequired\":true,\"valueName\":\"search_term_string\"}}],\"inLanguage\":\"en-US\"},{\"@type\":\"Person\",\"@id\":\"https:\/\/veritasinfo.org\/#\/schema\/person\/7701f8c088bece422266b100a712374f\",\"name\":\"admin\",\"image\":{\"@type\":\"ImageObject\",\"inLanguage\":\"en-US\",\"@id\":\"https:\/\/veritasinfo.org\/#\/schema\/person\/image\/\",\"url\":\"https:\/\/secure.gravatar.com\/avatar\/ea53aa3bf6c9a12d5fde8ce4deff43fef3885ae33cf60184161a50d6987cfd2f?s=96&d=mm&r=g\",\"contentUrl\":\"https:\/\/secure.gravatar.com\/avatar\/ea53aa3bf6c9a12d5fde8ce4deff43fef3885ae33cf60184161a50d6987cfd2f?s=96&d=mm&r=g\",\"caption\":\"admin\"},\"sameAs\":[\"https:\/\/veritasinfo.org\"],\"url\":\"https:\/\/veritasinfo.org\/?author=1\"}]}<\/script>\n<!-- \/ Yoast SEO plugin. -->","yoast_head_json":{"title":"Balkan i dalje predstavlja \u201evanrednu pretnju\u201c za SAD -","robots":{"index":"index","follow":"follow","max-snippet":"max-snippet:-1","max-image-preview":"max-image-preview:large","max-video-preview":"max-video-preview:-1"},"canonical":"https:\/\/veritasinfo.org\/?p=1573&lang=sr","og_locale":"en_US","og_type":"article","og_title":"Balkan i dalje predstavlja \u201evanrednu pretnju\u201c za SAD -","og_description":"Sjedinjene Ameri\u010dke Dr\u017eave produ\u017eile su vanredno stanje u vezi sa Zapadnim Balkanom i nakon 26. juna 2025, navode\u0107i da destabilizuju\u0107e aktivnosti, korupcija i poku\u0161aji podrivanja","og_url":"https:\/\/veritasinfo.org\/?p=1573&lang=sr","article_published_time":"2025-06-25T17:23:32+00:00","og_image":[{"width":1360,"height":870,"url":"https:\/\/veritasinfo.org\/wp-content\/uploads\/2025\/06\/IMG_1569.webp","type":"image\/webp"}],"author":"admin","twitter_card":"summary_large_image","twitter_misc":{"Written by":"admin","Est. reading time":"3 minutes"},"schema":{"@context":"https:\/\/schema.org","@graph":[{"@type":"WebPage","@id":"https:\/\/veritasinfo.org\/?p=1573&lang=sr","url":"https:\/\/veritasinfo.org\/?p=1573&lang=sr","name":"Balkan i dalje predstavlja \u201evanrednu pretnju\u201c za SAD -","isPartOf":{"@id":"https:\/\/veritasinfo.org\/#website"},"primaryImageOfPage":{"@id":"https:\/\/veritasinfo.org\/?p=1573&lang=sr#primaryimage"},"image":{"@id":"https:\/\/veritasinfo.org\/?p=1573&lang=sr#primaryimage"},"thumbnailUrl":"https:\/\/veritasinfo.org\/wp-content\/uploads\/2025\/06\/IMG_1569.webp","datePublished":"2025-06-25T17:23:32+00:00","author":{"@id":"https:\/\/veritasinfo.org\/#\/schema\/person\/7701f8c088bece422266b100a712374f"},"breadcrumb":{"@id":"https:\/\/veritasinfo.org\/?p=1573&lang=sr#breadcrumb"},"inLanguage":"en-US","potentialAction":[{"@type":"ReadAction","target":["https:\/\/veritasinfo.org\/?p=1573&lang=sr"]}]},{"@type":"ImageObject","inLanguage":"en-US","@id":"https:\/\/veritasinfo.org\/?p=1573&lang=sr#primaryimage","url":"https:\/\/veritasinfo.org\/wp-content\/uploads\/2025\/06\/IMG_1569.webp","contentUrl":"https:\/\/veritasinfo.org\/wp-content\/uploads\/2025\/06\/IMG_1569.webp","width":1360,"height":870},{"@type":"BreadcrumbList","@id":"https:\/\/veritasinfo.org\/?p=1573&lang=sr#breadcrumb","itemListElement":[{"@type":"ListItem","position":1,"name":"Home","item":"https:\/\/veritasinfo.org\/"},{"@type":"ListItem","position":2,"name":"Balkan i dalje predstavlja \u201evanrednu pretnju\u201c za SAD"}]},{"@type":"WebSite","@id":"https:\/\/veritasinfo.org\/#website","url":"https:\/\/veritasinfo.org\/","name":"","description":"","potentialAction":[{"@type":"SearchAction","target":{"@type":"EntryPoint","urlTemplate":"https:\/\/veritasinfo.org\/?s={search_term_string}"},"query-input":{"@type":"PropertyValueSpecification","valueRequired":true,"valueName":"search_term_string"}}],"inLanguage":"en-US"},{"@type":"Person","@id":"https:\/\/veritasinfo.org\/#\/schema\/person\/7701f8c088bece422266b100a712374f","name":"admin","image":{"@type":"ImageObject","inLanguage":"en-US","@id":"https:\/\/veritasinfo.org\/#\/schema\/person\/image\/","url":"https:\/\/secure.gravatar.com\/avatar\/ea53aa3bf6c9a12d5fde8ce4deff43fef3885ae33cf60184161a50d6987cfd2f?s=96&d=mm&r=g","contentUrl":"https:\/\/secure.gravatar.com\/avatar\/ea53aa3bf6c9a12d5fde8ce4deff43fef3885ae33cf60184161a50d6987cfd2f?s=96&d=mm&r=g","caption":"admin"},"sameAs":["https:\/\/veritasinfo.org"],"url":"https:\/\/veritasinfo.org\/?author=1"}]}},"featured_image_urls":{"full":["https:\/\/veritasinfo.org\/wp-content\/uploads\/2025\/06\/IMG_1569.webp",1360,870,false],"thumbnail":["https:\/\/veritasinfo.org\/wp-content\/uploads\/2025\/06\/IMG_1569-150x150.webp",150,150,true],"medium":["https:\/\/veritasinfo.org\/wp-content\/uploads\/2025\/06\/IMG_1569-300x192.webp",300,192,true],"medium_large":["https:\/\/veritasinfo.org\/wp-content\/uploads\/2025\/06\/IMG_1569-768x491.webp",640,409,true],"large":["https:\/\/veritasinfo.org\/wp-content\/uploads\/2025\/06\/IMG_1569-1024x655.webp",640,409,true],"1536x1536":["https:\/\/veritasinfo.org\/wp-content\/uploads\/2025\/06\/IMG_1569.webp",1360,870,false],"2048x2048":["https:\/\/veritasinfo.org\/wp-content\/uploads\/2025\/06\/IMG_1569.webp",1360,870,false],"kreeti-slider-full":["https:\/\/veritasinfo.org\/wp-content\/uploads\/2025\/06\/IMG_1569.webp",1126,720,false],"kreeti-featured":["https:\/\/veritasinfo.org\/wp-content\/uploads\/2025\/06\/IMG_1569.webp",1024,655,false],"kreeti-medium":["https:\/\/veritasinfo.org\/wp-content\/uploads\/2025\/06\/IMG_1569.webp",720,461,false],"kreeti-medium-square":["https:\/\/veritasinfo.org\/wp-content\/uploads\/2025\/06\/IMG_1569.webp",350,224,false]},"author_info":{"info":["admin"]},"category_info":"<a href=\"https:\/\/veritasinfo.org\/?cat=74&#038;lang=sr\" rel=\"category\">Svet<\/a>","tag_info":"Svet","comment_count":"0","_links":{"self":[{"href":"https:\/\/veritasinfo.org\/index.php?rest_route=\/wp\/v2\/posts\/1573","targetHints":{"allow":["GET"]}}],"collection":[{"href":"https:\/\/veritasinfo.org\/index.php?rest_route=\/wp\/v2\/posts"}],"about":[{"href":"https:\/\/veritasinfo.org\/index.php?rest_route=\/wp\/v2\/types\/post"}],"author":[{"embeddable":true,"href":"https:\/\/veritasinfo.org\/index.php?rest_route=\/wp\/v2\/users\/1"}],"replies":[{"embeddable":true,"href":"https:\/\/veritasinfo.org\/index.php?rest_route=%2Fwp%2Fv2%2Fcomments&post=1573"}],"version-history":[{"count":1,"href":"https:\/\/veritasinfo.org\/index.php?rest_route=\/wp\/v2\/posts\/1573\/revisions"}],"predecessor-version":[{"id":1574,"href":"https:\/\/veritasinfo.org\/index.php?rest_route=\/wp\/v2\/posts\/1573\/revisions\/1574"}],"wp:featuredmedia":[{"embeddable":true,"href":"https:\/\/veritasinfo.org\/index.php?rest_route=\/wp\/v2\/media\/1569"}],"wp:attachment":[{"href":"https:\/\/veritasinfo.org\/index.php?rest_route=%2Fwp%2Fv2%2Fmedia&parent=1573"}],"wp:term":[{"taxonomy":"category","embeddable":true,"href":"https:\/\/veritasinfo.org\/index.php?rest_route=%2Fwp%2Fv2%2Fcategories&post=1573"},{"taxonomy":"post_tag","embeddable":true,"href":"https:\/\/veritasinfo.org\/index.php?rest_route=%2Fwp%2Fv2%2Ftags&post=1573"}],"curies":[{"name":"wp","href":"https:\/\/api.w.org\/{rel}","templated":true}]}}