{"id":1568,"date":"2025-06-25T19:21:32","date_gmt":"2025-06-25T17:21:32","guid":{"rendered":"https:\/\/veritasinfo.org\/?p=1568"},"modified":"2025-06-25T19:21:32","modified_gmt":"2025-06-25T17:21:32","slug":"ballkani-vazhdon-te-paraqese-kercenim-te-jashtezakonshem-per-shba-ne","status":"publish","type":"post","link":"https:\/\/veritasinfo.org\/?p=1568","title":{"rendered":"Ballkani vazhdon t\u00eb paraqes\u00eb \u201ck\u00ebrc\u00ebnim t\u00eb jasht\u00ebzakonsh\u00ebm\u201d p\u00ebr SHBA-n\u00eb"},"content":{"rendered":"<p>Washington, 25.06.2025<\/p>\n<h2>Shtetet e Bashkuara e kan\u00eb zgjatur edhe pas 26 qershorit gjendjen e jasht\u00ebzakonshme komb\u00ebtare n\u00eb lidhje me Ballkanin Per\u00ebndimor, duke paralajm\u00ebruar se veprimet destabilizuese, korrupsioni dhe p\u00ebrpjekjet p\u00ebr t\u00eb minuar sovranitetin e vendeve t\u00eb rajonit paraqesin k\u00ebrc\u00ebnim t\u00eb jasht\u00ebzakonsh\u00ebm p\u00ebr sigurin\u00eb komb\u00ebtare dhe politik\u00ebn e jashtme t\u00eb SHBA-s\u00eb. Ekspert\u00eb p\u00ebr Ballkanin thon\u00eb se ky urdh\u00ebr do t\u00eb duhej shoq\u00ebruar me veprime aktive nga administrata e SHBA-s\u00eb ndaj atyre q\u00eb k\u00ebrc\u00ebnojn\u00eb paqen<\/h2>\n<div class=\"instream-video\">\n<div data-id=\"2kQm8Ze4251g\">\n<div class=\"orp-player-wrapper orp-aspectRateFixed orp-tiny-size orp-player-ipm orp-player-ipm-hidden orp-force-hide-player\"><\/div>\n<\/div>\n<\/div>\n<p>Presidenti i Shteteve t\u00eb Bashkuara, Donald Trump, ka n\u00ebnshkruar urdhrin ekzekutiv q\u00eb vazhdon p\u00ebrtej 26 qershorit 2025 lidhur me gjendjen e jasht\u00ebzakonshme komb\u00ebtare p\u00ebr Ballkanin Per\u00ebndimor, e vendosur q\u00eb n\u00eb vitin 2001. N\u00eb njoftimin e botuar n\u00eb Regjistrin Federal m\u00eb 24 qershor thuhet se situata n\u00eb Ballkan vazhdon t\u00eb paraqes\u00eb k\u00ebrc\u00ebnim p\u00ebr sigurin\u00eb komb\u00ebtare dhe politik\u00ebn e jashtme t\u00eb SHBA-s\u00eb.<\/p>\n<p>\u201cVeprimet e personave q\u00eb k\u00ebrc\u00ebnojn\u00eb paqen dhe p\u00ebrpjekjet p\u00ebr stabilizim nd\u00ebrkomb\u00ebtar n\u00eb Ballkanin Per\u00ebndimor, p\u00ebrfshir\u00eb aktet e dhun\u00ebs ekstremiste dhe aktivitetet penguese, si dhe situata n\u00eb Ballkanin Per\u00ebndimor q\u00eb pengon p\u00ebrparimin drejt qeverisjes efektive dhe demokratike dhe integrimit t\u00eb plot\u00eb n\u00eb institucionet transatlantike, vazhdojn\u00eb t\u00eb paraqesin nj\u00eb k\u00ebrc\u00ebnim t\u00eb pazakont\u00eb dhe t\u00eb jasht\u00ebzakonsh\u00ebm p\u00ebr sigurin\u00eb komb\u00ebtare dhe politik\u00ebn e jashtme t\u00eb Shteteve t\u00eb Bashkuara. P\u00ebr k\u00ebt\u00eb arsye, gjendja e jasht\u00ebzakonshme komb\u00ebtare e shpallur n\u00eb Urdhrin ekzekutiv 13219, mbi t\u00eb cil\u00ebn jan\u00eb nd\u00ebrmarr\u00eb hapa shtes\u00eb n\u00eb Urdhrin ekzekutiv 13304, q\u00eb \u00ebsht\u00eb zgjeruar n\u00eb fush\u00ebveprim nga Urdhri ekzekutiv 14033 dhe p\u00ebr t\u00eb cil\u00ebn jan\u00eb nd\u00ebrmarr\u00eb hapa t\u00eb tjer\u00eb shtes\u00eb n\u00eb Urdhrin ekzekutiv 14140, duhet t\u00eb mbetet n\u00eb fuqi edhe pas dat\u00ebs 26 qershor 2025\u201d, shkruan n\u00eb njoftimin p\u00ebr vazhdimin e Urdhrit ekzekutiv.<\/p>\n<p>Aty p\u00ebrmendet edhe vendimi i janarit t\u00eb k\u00ebtij viti, i n\u00ebnshkruar nga ish-presidenti Joe Biden, lidhur me individ\u00ebt q\u00eb paraqesin k\u00ebrc\u00ebnim p\u00ebr rajonin.<\/p>\n<div id=\"__ads-300x250in-4\" class=\"__ads-300x250-inarticle\" data-google-query-id=\"CIbjs_GJjY4DFZZY9ggdcnEtmg\">\n<div id=\"futureads_async_1452929932\" data-zone=\"dcd202be-eaca-4f3c-a133-263b2e0d91e3\" data-sender=\"futureads\" data-parent-id=\"google_ads_iframe_\/21895329656\/300x250-in-article_0__container__\">\n<div class=\"resize-sensor\" dir=\"ltr\">\n<div class=\"resize-sensor-expand\">\n<div><\/div>\n<\/div>\n<div class=\"resize-sensor-shrink\">\n<div><\/div>\n<\/div>\n<\/div>\n<\/div>\n<\/div>\n<p>\u201cM\u00eb 8 janar 2025, presidenti n\u00ebnshkroi Urdhrin ekzekutiv 14140, n\u00eb drit\u00ebn e zhvillimeve n\u00eb Ballkanin Per\u00ebndimor, p\u00ebrfshir\u00eb p\u00ebrpjekjet e vazhdueshme nga individ\u00eb p\u00ebr t\u00eb sfiduar sovranitetin dhe integritetin territorial t\u00eb vendeve t\u00eb Ballkanit Per\u00ebndimor, p\u00ebr t\u00eb minuar marr\u00ebveshjet dhe institucionet pas luft\u00ebs, p\u00ebr t\u2019u p\u00ebrfshir\u00eb n\u00eb korrupsion t\u00eb theksuar q\u00eb g\u00ebrryen sundimin e ligjit dhe besimin n\u00eb qeverisjen demokratike, si dhe p\u00ebr t\u00eb shmangur sanksionet e Qeveris\u00eb s\u00eb Shteteve t\u00eb Bashkuara, dhe me q\u00ebllim q\u00eb t\u00eb nd\u00ebrmerren hapa shtes\u00eb lidhur me gjendjen e jasht\u00ebzakonshme komb\u00ebtare n\u00eb raport me Ballkanin Per\u00ebndimor\u201d, shkruan n\u00eb dokument.<\/p>\n<p>Periudh\u00ebn kur u publikua urdhri i Bidenit n\u00eb janar t\u00eb k\u00ebtij viti kishte k\u00ebrc\u00ebnime nga ana e presidentit t\u00eb Republik\u00ebs Srpska, Milorad Dodik, p\u00ebr shk\u00ebputje nga Bosnj\u00eb-Hercegovina.<\/p>\n<p>Bideni pati nd\u00ebrmarr\u00eb hapa shtes\u00eb p\u00ebr t\u00eb amendamentuar tre urdhra t\u00eb m\u00ebhersh\u00ebm, e q\u00eb lidheshin me bllokim asetesh dhe ndalimin e hyrjes n\u00eb SHBA t\u00eb personave q\u00eb destabilizojn\u00eb Ballkanin Per\u00ebndimor.<\/p>\n<p>Sipas rregullores s\u00eb vitit 2021-s, bllokimi i aseteve dhe ndalimi i hyrjes n\u00eb SHBA vlente p\u00ebr personat q\u00eb ishin direkt t\u00eb p\u00ebrfshir\u00eb ose indirekt p\u00ebrgjegj\u00ebs n\u00eb veprimet apo politikat q\u00eb k\u00ebrcojn\u00eb paqen, sigurin\u00eb, stabilitetin ose integritetin territorial t\u00eb nj\u00eb zone apo nj\u00eb shteti n\u00eb Ballkan, dhe q\u00eb minojn\u00eb proceset demokratike ose institucionet, apo edhe p\u00ebrfshihen n\u00eb korrupsion. Aty p\u00ebrfshihen edhe shkel\u00ebsit e marr\u00ebveshjeve t\u00eb paqes ose marr\u00ebveshjet p\u00ebr njohje reciproke n\u00eb Ballkan. K\u00ebtu hyjn\u00eb Marr\u00ebveshja e Presp\u00ebs e vitit 2018, Marr\u00ebveshja Korniz\u00eb e Ohrit e vitit 2001, Rezoluta 1244 e K\u00ebshillit t\u00eb Sigurimit t\u00eb Kombeve t\u00eb Bashkuara, Marr\u00ebveshja e Dejtonit, Konkluzat e K\u00ebshillit t\u00eb Konferenc\u00ebs p\u00ebr Zbatimin e Paqes s\u00eb 1995-s.<\/p>\n<p>Sanksione do t\u00eb ket\u00eb p\u00ebr k\u00ebdo q\u00eb Thesari Amerikan i Shtetit konsideron se si lider, udh\u00ebheq\u00ebs apo an\u00ebtar i Qeveris\u00eb merr pjes\u00eb n\u00eb ndonj\u00eb prej aktiviteteve t\u00eb p\u00ebrfshira n\u00eb rregulloren e m\u00ebhershme.<br \/>\nMasat do t\u00eb zbatohen edhe p\u00ebr ndihmuesit, sponsorizuesit ose ata q\u00eb ofruan mb\u00ebshtetje p\u00ebr personat t\u00eb cil\u00ebve u jan\u00eb bllokuar asetet.<\/p>\n<p>Masat vlejn\u00eb edhe p\u00ebr bashk\u00ebshort\u00ebt apo f\u00ebmij\u00ebt e rritur t\u00eb personave q\u00eb u bllokohen asetet.<br \/>\nEksperti amerikan p\u00ebr Ballkanin, Daniel Serwer, vazhdimin e k\u00ebtij urdhri nga Trumpi e sheh si di\u00e7ka t\u00eb zakonshme, tek shton se SHBA-ja do t\u00eb duhej t\u00eb ishte m\u00eb rigoroze n\u00eb zbatimin e tij.<\/p>\n<p>\u201cAsgj\u00eb e re, por sidoqoft\u00eb e mir\u00eb. S\u00eb bashku, t\u00eb gjitha deklaratat deri tash shprehin nj\u00eb politik\u00eb t\u00eb qart\u00eb. Por do t\u00eb d\u00ebshiroja q\u00eb zbatimi i tyre t\u00eb ishte pak m\u00eb i vrullsh\u00ebm\u201d, ka th\u00ebn\u00eb Serwer p\u00ebr KOH\u00cbN.<\/p>\n<p>Historiku i Urdhrit ekzekutiv amerikan daton nga viti 2001. M\u00eb 26 qershor 2001, me Urdhrin Ekzekutiv 13219 ishte shpallur gjendja e jasht\u00ebzakonshme komb\u00ebtare n\u00eb lidhje me Ballkanin Per\u00ebndimor, mb\u00ebshtetur n\u00eb \u201cAktin Ligjor p\u00ebr Fuqit\u00eb Ekonomike t\u00eb Emergjenc\u00ebs Nd\u00ebrkomb\u00ebtare\u201d, p\u00ebr t\u2019u p\u00ebrballur me k\u00ebrc\u00ebnimin e pazakont\u00eb dhe t\u00eb jasht\u00ebzakonsh\u00ebm ndaj siguris\u00eb komb\u00ebtare dhe politik\u00ebs s\u00eb jashtme t\u00eb Shteteve t\u00eb Bashkuara, t\u00eb shkaktuar nga veprimet e personave q\u00eb marrin pjes\u00eb, ose q\u00eb ndihmojn\u00eb apo sponsorizojn\u00eb: \u201c(i) dhun\u00ebn ekstremiste n\u00eb ish-Republik\u00ebn e Maqedonis\u00eb (tani Republika e Maqedonis\u00eb s\u00eb Veriut) dhe vendet tjera n\u00eb rajonin e Ballkanit Per\u00ebndimor; ose (ii) veprime q\u00eb pengojn\u00eb zbatimin e Marr\u00ebveshjes s\u00eb Dejtonit n\u00eb Bosnj\u00eb, ose t\u00eb Rezolut\u00ebs 1244 t\u00eb K\u00ebshillit t\u00eb Sigurimit t\u00eb OKB-s\u00eb, t\u00eb 10 qershorit 1999, n\u00eb Kosov\u00eb\u201d.<\/p>\n<p>Sht\u00ebpia e Bardh\u00eb e ndryshoi m\u00eb pas k\u00ebt\u00eb urdh\u00ebr me dokumentin 13304, t\u00eb dat\u00ebs 28 maj 2003, p\u00ebr t\u00eb nd\u00ebrmarr\u00eb hapa shtes\u00eb lidhur me veprimet q\u00eb pengonin, nd\u00ebr t\u00eb tjera, zbatimin e Marr\u00ebveshjes Korniz\u00eb t\u00eb Ohrit t\u00eb vitit 2001 p\u00ebr ish-Republik\u00ebn e Maqedonis\u00eb.<\/p>\n<p>M\u00eb 8 qershor 2021, presidenti Joe Biden n\u00ebnshkroi Urdhrin ekzekutiv 14033, i cili zgjeroi fush\u00ebn e gjendjes s\u00eb jasht\u00ebzakonshme t\u00eb shpallur n\u00eb Urdhrin 13219 duke konstatuar se situata n\u00eb territorin e ish-Republik\u00ebs Socialiste Federale t\u00eb Jugosllavis\u00eb dhe Republik\u00ebs s\u00eb Shqip\u00ebris\u00eb gjat\u00eb dy dekadave t\u00eb fundit \u2013 p\u00ebrfshir\u00eb minimin e marr\u00ebveshjeve dhe institucioneve pas luft\u00ebs pas shp\u00ebrb\u00ebrjes s\u00eb ish-RSFJ-s\u00eb, si dhe korrupsionin e p\u00ebrhapur n\u00eb qeveri dhe institucione t\u00eb ndryshme t\u00eb rajonit, pengojn\u00eb p\u00ebrparimin drejt qeverisjes efektive e demokratike, si dhe integrimin e plot\u00eb n\u00eb institucionet transatlantike, \u201cduke p\u00ebrb\u00ebr\u00eb k\u00ebshtu nj\u00eb k\u00ebrc\u00ebnim t\u00eb pazakont\u00eb dhe t\u00eb jasht\u00ebzakonsh\u00ebm p\u00ebr sigurin\u00eb komb\u00ebtare dhe politik\u00ebn e jashtme t\u00eb Shteteve t\u00eb Bashkuara\u201d.<\/p>\n<p>Ve\u00e7 Urdhrit, para disa dit\u00ebsh, presidenti Trump e riktheu Ballkanin n\u00eb v\u00ebmendje pasi p\u00ebrmendi angazhimin e tij p\u00ebr arritjen e Marr\u00ebveshjes s\u00eb Washingtonit mes Kosov\u00ebs dhe Serbis\u00eb n\u00eb vitin 2020 gjat\u00eb mandatit t\u00eb par\u00eb.<\/p>\n<p>N\u00eb nj\u00eb postim n\u00eb rrjetin e tij social, Trumpi i rikujtoi nj\u00eb s\u00ebr\u00eb nd\u00ebrhyrjesh nd\u00ebrkomb\u00ebtare gjat\u00eb mandatit t\u00eb par\u00eb, p\u00ebrfshir\u00eb edhe rolin e tij n\u00eb ndaljen e nj\u00eb \u201clufte t\u00eb mundshme\u201d nd\u00ebrmjet Kosov\u00ebs dhe Serbis\u00eb.<\/p>\n<p>\u201cSerbia dhe Kosova ishin duke shkuar drejt luft\u00ebs. Un\u00eb e ndala at\u00eb\u201d, shkroi Trumpi.<\/p>\n<p>Ai e akuzoi paraardh\u00ebsin Joe Biden se e d\u00ebmtoi perspektiv\u00ebn afatgjate mes Kosov\u00ebs e Serbis\u00eb me disa vendime q\u00eb ai i quajti \u201cshum\u00eb t\u00eb pamenduara\u201d dhe paralajm\u00ebroi se do t\u2019i rregulloj\u00eb ato.<\/p>\n<p>Trump i vendosi Kosov\u00ebn dhe Serbin\u00eb n\u00eb t\u00eb nj\u00ebjtin kornizim me p\u00ebrpjekjet p\u00ebr paqe nd\u00ebrmjet Iranit dhe Izraelit, Indis\u00eb dhe Pakistanit, apo Egjiptit dhe Etiopis\u00eb.<\/p>\n<p>&nbsp;<\/p>\n","protected":false},"excerpt":{"rendered":"<p>Washington, 25.06.2025 Shtetet e Bashkuara e kan\u00eb zgjatur edhe pas 26 qershorit gjendjen e jasht\u00ebzakonshme komb\u00ebtare n\u00eb lidhje me Ballkanin Per\u00ebndimor, duke paralajm\u00ebruar se veprimet<\/p>\n","protected":false},"author":1,"featured_media":1569,"comment_status":"open","ping_status":"open","sticky":false,"template":"","format":"standard","meta":{"footnotes":""},"categories":[58],"tags":[],"class_list":["post-1568","post","type-post","status-publish","format-standard","has-post-thumbnail","hentry","category-politike-sq"],"yoast_head":"<!-- This site is optimized with the Yoast SEO plugin v25.3.1 - https:\/\/yoast.com\/wordpress\/plugins\/seo\/ -->\n<title>Ballkani vazhdon t\u00eb paraqes\u00eb \u201ck\u00ebrc\u00ebnim t\u00eb jasht\u00ebzakonsh\u00ebm\u201d p\u00ebr SHBA-n\u00eb -<\/title>\n<meta name=\"robots\" content=\"index, follow, max-snippet:-1, max-image-preview:large, max-video-preview:-1\" \/>\n<link rel=\"canonical\" href=\"https:\/\/veritasinfo.org\/?p=1568\" \/>\n<meta property=\"og:locale\" content=\"en_US\" \/>\n<meta property=\"og:type\" content=\"article\" \/>\n<meta property=\"og:title\" content=\"Ballkani vazhdon t\u00eb paraqes\u00eb \u201ck\u00ebrc\u00ebnim t\u00eb jasht\u00ebzakonsh\u00ebm\u201d p\u00ebr SHBA-n\u00eb -\" \/>\n<meta property=\"og:description\" content=\"Washington, 25.06.2025 Shtetet e Bashkuara e kan\u00eb zgjatur edhe pas 26 qershorit gjendjen e jasht\u00ebzakonshme komb\u00ebtare n\u00eb lidhje me Ballkanin Per\u00ebndimor, duke paralajm\u00ebruar se veprimet\" \/>\n<meta property=\"og:url\" content=\"https:\/\/veritasinfo.org\/?p=1568\" \/>\n<meta property=\"article:published_time\" content=\"2025-06-25T17:21:32+00:00\" \/>\n<meta property=\"og:image\" content=\"https:\/\/veritasinfo.org\/wp-content\/uploads\/2025\/06\/IMG_1569.webp\" \/>\n\t<meta property=\"og:image:width\" content=\"1360\" \/>\n\t<meta property=\"og:image:height\" content=\"870\" \/>\n\t<meta property=\"og:image:type\" content=\"image\/webp\" \/>\n<meta name=\"author\" content=\"admin\" \/>\n<meta name=\"twitter:card\" content=\"summary_large_image\" \/>\n<meta name=\"twitter:label1\" content=\"Written by\" \/>\n\t<meta name=\"twitter:data1\" content=\"admin\" \/>\n\t<meta name=\"twitter:label2\" content=\"Est. reading time\" \/>\n\t<meta name=\"twitter:data2\" content=\"6 minutes\" \/>\n<script type=\"application\/ld+json\" class=\"yoast-schema-graph\">{\"@context\":\"https:\/\/schema.org\",\"@graph\":[{\"@type\":\"WebPage\",\"@id\":\"https:\/\/veritasinfo.org\/?p=1568\",\"url\":\"https:\/\/veritasinfo.org\/?p=1568\",\"name\":\"Ballkani vazhdon t\u00eb paraqes\u00eb \u201ck\u00ebrc\u00ebnim t\u00eb jasht\u00ebzakonsh\u00ebm\u201d p\u00ebr SHBA-n\u00eb -\",\"isPartOf\":{\"@id\":\"https:\/\/veritasinfo.org\/#website\"},\"primaryImageOfPage\":{\"@id\":\"https:\/\/veritasinfo.org\/?p=1568#primaryimage\"},\"image\":{\"@id\":\"https:\/\/veritasinfo.org\/?p=1568#primaryimage\"},\"thumbnailUrl\":\"https:\/\/veritasinfo.org\/wp-content\/uploads\/2025\/06\/IMG_1569.webp\",\"datePublished\":\"2025-06-25T17:21:32+00:00\",\"author\":{\"@id\":\"https:\/\/veritasinfo.org\/#\/schema\/person\/7701f8c088bece422266b100a712374f\"},\"breadcrumb\":{\"@id\":\"https:\/\/veritasinfo.org\/?p=1568#breadcrumb\"},\"inLanguage\":\"en-US\",\"potentialAction\":[{\"@type\":\"ReadAction\",\"target\":[\"https:\/\/veritasinfo.org\/?p=1568\"]}]},{\"@type\":\"ImageObject\",\"inLanguage\":\"en-US\",\"@id\":\"https:\/\/veritasinfo.org\/?p=1568#primaryimage\",\"url\":\"https:\/\/veritasinfo.org\/wp-content\/uploads\/2025\/06\/IMG_1569.webp\",\"contentUrl\":\"https:\/\/veritasinfo.org\/wp-content\/uploads\/2025\/06\/IMG_1569.webp\",\"width\":1360,\"height\":870},{\"@type\":\"BreadcrumbList\",\"@id\":\"https:\/\/veritasinfo.org\/?p=1568#breadcrumb\",\"itemListElement\":[{\"@type\":\"ListItem\",\"position\":1,\"name\":\"Home\",\"item\":\"https:\/\/veritasinfo.org\/\"},{\"@type\":\"ListItem\",\"position\":2,\"name\":\"Ballkani vazhdon t\u00eb paraqes\u00eb \u201ck\u00ebrc\u00ebnim t\u00eb jasht\u00ebzakonsh\u00ebm\u201d p\u00ebr SHBA-n\u00eb\"}]},{\"@type\":\"WebSite\",\"@id\":\"https:\/\/veritasinfo.org\/#website\",\"url\":\"https:\/\/veritasinfo.org\/\",\"name\":\"\",\"description\":\"\",\"potentialAction\":[{\"@type\":\"SearchAction\",\"target\":{\"@type\":\"EntryPoint\",\"urlTemplate\":\"https:\/\/veritasinfo.org\/?s={search_term_string}\"},\"query-input\":{\"@type\":\"PropertyValueSpecification\",\"valueRequired\":true,\"valueName\":\"search_term_string\"}}],\"inLanguage\":\"en-US\"},{\"@type\":\"Person\",\"@id\":\"https:\/\/veritasinfo.org\/#\/schema\/person\/7701f8c088bece422266b100a712374f\",\"name\":\"admin\",\"image\":{\"@type\":\"ImageObject\",\"inLanguage\":\"en-US\",\"@id\":\"https:\/\/veritasinfo.org\/#\/schema\/person\/image\/\",\"url\":\"https:\/\/secure.gravatar.com\/avatar\/ea53aa3bf6c9a12d5fde8ce4deff43fef3885ae33cf60184161a50d6987cfd2f?s=96&d=mm&r=g\",\"contentUrl\":\"https:\/\/secure.gravatar.com\/avatar\/ea53aa3bf6c9a12d5fde8ce4deff43fef3885ae33cf60184161a50d6987cfd2f?s=96&d=mm&r=g\",\"caption\":\"admin\"},\"sameAs\":[\"https:\/\/veritasinfo.org\"],\"url\":\"https:\/\/veritasinfo.org\/?author=1\"}]}<\/script>\n<!-- \/ Yoast SEO plugin. -->","yoast_head_json":{"title":"Ballkani vazhdon t\u00eb paraqes\u00eb \u201ck\u00ebrc\u00ebnim t\u00eb jasht\u00ebzakonsh\u00ebm\u201d p\u00ebr SHBA-n\u00eb -","robots":{"index":"index","follow":"follow","max-snippet":"max-snippet:-1","max-image-preview":"max-image-preview:large","max-video-preview":"max-video-preview:-1"},"canonical":"https:\/\/veritasinfo.org\/?p=1568","og_locale":"en_US","og_type":"article","og_title":"Ballkani vazhdon t\u00eb paraqes\u00eb \u201ck\u00ebrc\u00ebnim t\u00eb jasht\u00ebzakonsh\u00ebm\u201d p\u00ebr SHBA-n\u00eb -","og_description":"Washington, 25.06.2025 Shtetet e Bashkuara e kan\u00eb zgjatur edhe pas 26 qershorit gjendjen e jasht\u00ebzakonshme komb\u00ebtare n\u00eb lidhje me Ballkanin Per\u00ebndimor, duke paralajm\u00ebruar se veprimet","og_url":"https:\/\/veritasinfo.org\/?p=1568","article_published_time":"2025-06-25T17:21:32+00:00","og_image":[{"width":1360,"height":870,"url":"https:\/\/veritasinfo.org\/wp-content\/uploads\/2025\/06\/IMG_1569.webp","type":"image\/webp"}],"author":"admin","twitter_card":"summary_large_image","twitter_misc":{"Written by":"admin","Est. reading time":"6 minutes"},"schema":{"@context":"https:\/\/schema.org","@graph":[{"@type":"WebPage","@id":"https:\/\/veritasinfo.org\/?p=1568","url":"https:\/\/veritasinfo.org\/?p=1568","name":"Ballkani vazhdon t\u00eb paraqes\u00eb \u201ck\u00ebrc\u00ebnim t\u00eb jasht\u00ebzakonsh\u00ebm\u201d p\u00ebr SHBA-n\u00eb -","isPartOf":{"@id":"https:\/\/veritasinfo.org\/#website"},"primaryImageOfPage":{"@id":"https:\/\/veritasinfo.org\/?p=1568#primaryimage"},"image":{"@id":"https:\/\/veritasinfo.org\/?p=1568#primaryimage"},"thumbnailUrl":"https:\/\/veritasinfo.org\/wp-content\/uploads\/2025\/06\/IMG_1569.webp","datePublished":"2025-06-25T17:21:32+00:00","author":{"@id":"https:\/\/veritasinfo.org\/#\/schema\/person\/7701f8c088bece422266b100a712374f"},"breadcrumb":{"@id":"https:\/\/veritasinfo.org\/?p=1568#breadcrumb"},"inLanguage":"en-US","potentialAction":[{"@type":"ReadAction","target":["https:\/\/veritasinfo.org\/?p=1568"]}]},{"@type":"ImageObject","inLanguage":"en-US","@id":"https:\/\/veritasinfo.org\/?p=1568#primaryimage","url":"https:\/\/veritasinfo.org\/wp-content\/uploads\/2025\/06\/IMG_1569.webp","contentUrl":"https:\/\/veritasinfo.org\/wp-content\/uploads\/2025\/06\/IMG_1569.webp","width":1360,"height":870},{"@type":"BreadcrumbList","@id":"https:\/\/veritasinfo.org\/?p=1568#breadcrumb","itemListElement":[{"@type":"ListItem","position":1,"name":"Home","item":"https:\/\/veritasinfo.org\/"},{"@type":"ListItem","position":2,"name":"Ballkani vazhdon t\u00eb paraqes\u00eb \u201ck\u00ebrc\u00ebnim t\u00eb jasht\u00ebzakonsh\u00ebm\u201d p\u00ebr SHBA-n\u00eb"}]},{"@type":"WebSite","@id":"https:\/\/veritasinfo.org\/#website","url":"https:\/\/veritasinfo.org\/","name":"","description":"","potentialAction":[{"@type":"SearchAction","target":{"@type":"EntryPoint","urlTemplate":"https:\/\/veritasinfo.org\/?s={search_term_string}"},"query-input":{"@type":"PropertyValueSpecification","valueRequired":true,"valueName":"search_term_string"}}],"inLanguage":"en-US"},{"@type":"Person","@id":"https:\/\/veritasinfo.org\/#\/schema\/person\/7701f8c088bece422266b100a712374f","name":"admin","image":{"@type":"ImageObject","inLanguage":"en-US","@id":"https:\/\/veritasinfo.org\/#\/schema\/person\/image\/","url":"https:\/\/secure.gravatar.com\/avatar\/ea53aa3bf6c9a12d5fde8ce4deff43fef3885ae33cf60184161a50d6987cfd2f?s=96&d=mm&r=g","contentUrl":"https:\/\/secure.gravatar.com\/avatar\/ea53aa3bf6c9a12d5fde8ce4deff43fef3885ae33cf60184161a50d6987cfd2f?s=96&d=mm&r=g","caption":"admin"},"sameAs":["https:\/\/veritasinfo.org"],"url":"https:\/\/veritasinfo.org\/?author=1"}]}},"featured_image_urls":{"full":["https:\/\/veritasinfo.org\/wp-content\/uploads\/2025\/06\/IMG_1569.webp",1360,870,false],"thumbnail":["https:\/\/veritasinfo.org\/wp-content\/uploads\/2025\/06\/IMG_1569-150x150.webp",150,150,true],"medium":["https:\/\/veritasinfo.org\/wp-content\/uploads\/2025\/06\/IMG_1569-300x192.webp",300,192,true],"medium_large":["https:\/\/veritasinfo.org\/wp-content\/uploads\/2025\/06\/IMG_1569-768x491.webp",640,409,true],"large":["https:\/\/veritasinfo.org\/wp-content\/uploads\/2025\/06\/IMG_1569-1024x655.webp",640,409,true],"1536x1536":["https:\/\/veritasinfo.org\/wp-content\/uploads\/2025\/06\/IMG_1569.webp",1360,870,false],"2048x2048":["https:\/\/veritasinfo.org\/wp-content\/uploads\/2025\/06\/IMG_1569.webp",1360,870,false],"kreeti-slider-full":["https:\/\/veritasinfo.org\/wp-content\/uploads\/2025\/06\/IMG_1569.webp",1126,720,false],"kreeti-featured":["https:\/\/veritasinfo.org\/wp-content\/uploads\/2025\/06\/IMG_1569.webp",1024,655,false],"kreeti-medium":["https:\/\/veritasinfo.org\/wp-content\/uploads\/2025\/06\/IMG_1569.webp",720,461,false],"kreeti-medium-square":["https:\/\/veritasinfo.org\/wp-content\/uploads\/2025\/06\/IMG_1569.webp",350,224,false]},"author_info":{"info":["admin"]},"category_info":"<a href=\"https:\/\/veritasinfo.org\/?cat=58\" rel=\"category\">Politik\u00eb<\/a>","tag_info":"Politik\u00eb","comment_count":"0","_links":{"self":[{"href":"https:\/\/veritasinfo.org\/index.php?rest_route=\/wp\/v2\/posts\/1568","targetHints":{"allow":["GET"]}}],"collection":[{"href":"https:\/\/veritasinfo.org\/index.php?rest_route=\/wp\/v2\/posts"}],"about":[{"href":"https:\/\/veritasinfo.org\/index.php?rest_route=\/wp\/v2\/types\/post"}],"author":[{"embeddable":true,"href":"https:\/\/veritasinfo.org\/index.php?rest_route=\/wp\/v2\/users\/1"}],"replies":[{"embeddable":true,"href":"https:\/\/veritasinfo.org\/index.php?rest_route=%2Fwp%2Fv2%2Fcomments&post=1568"}],"version-history":[{"count":1,"href":"https:\/\/veritasinfo.org\/index.php?rest_route=\/wp\/v2\/posts\/1568\/revisions"}],"predecessor-version":[{"id":1572,"href":"https:\/\/veritasinfo.org\/index.php?rest_route=\/wp\/v2\/posts\/1568\/revisions\/1572"}],"wp:featuredmedia":[{"embeddable":true,"href":"https:\/\/veritasinfo.org\/index.php?rest_route=\/wp\/v2\/media\/1569"}],"wp:attachment":[{"href":"https:\/\/veritasinfo.org\/index.php?rest_route=%2Fwp%2Fv2%2Fmedia&parent=1568"}],"wp:term":[{"taxonomy":"category","embeddable":true,"href":"https:\/\/veritasinfo.org\/index.php?rest_route=%2Fwp%2Fv2%2Fcategories&post=1568"},{"taxonomy":"post_tag","embeddable":true,"href":"https:\/\/veritasinfo.org\/index.php?rest_route=%2Fwp%2Fv2%2Ftags&post=1568"}],"curies":[{"name":"wp","href":"https:\/\/api.w.org\/{rel}","templated":true}]}}