{"id":15659,"date":"2025-10-10T14:33:48","date_gmt":"2025-10-10T12:33:48","guid":{"rendered":"https:\/\/veritasinfo.org\/?p=15659"},"modified":"2025-10-10T16:26:47","modified_gmt":"2025-10-10T14:26:47","slug":"rashiq-do-te-dorehiqet-nga-pozita-e-ministrit","status":"publish","type":"post","link":"https:\/\/veritasinfo.org\/?p=15659","title":{"rendered":"Rashiq do t\u00eb dor\u00ebhiqet nga pozita e ministrit"},"content":{"rendered":"<p>Prishtin\u00eb 9 Tetor 2025<\/p>\n<p>Ministri n\u00eb detyr\u00eb p\u00ebr Komunitete dhe Kthim, Nenad Rashiq, ka th\u00ebn\u00eb se zgjedhja e tij si n\u00ebnkryetar i Kuvendit t\u00eb Kosov\u00ebs e detyron t\u00eb ndaloj\u00eb ushtrimin e funksionit si minist\u00ebr dhe se sipas procedurave, ai do t\u00eb dor\u00ebhiqet nga pozita e ministrit dit\u00ebve n\u00eb vijim, raporton Ekonomia Online.<\/p>\n<p>Rashiq u shpreh i gatsh\u00ebm t\u00eb vazhdoj\u00eb bashk\u00ebpunimin me Qeverin\u00eb. Ai gjithashtu tha se pozita e ministrit do t\u2019i besohet dikujt tjet\u00ebr nga partia e tij.<\/p>\n<p>\u201cNormalisht q\u00eb nes\u00ebr ose pasnes\u00ebr kjo procedur\u00eb teknike, nuk mund t\u00eb jemi nj\u00ebkoh\u00ebsisht n\u00ebnkryetar i Kuvendit dhe minist\u00ebr. Por besoj q\u00eb bashk\u00ebpunimi q\u00eb kemi pasur deri tash me kryeministrin dhe VV do t\u00eb vazhdoj\u00eb n\u00eb forma ndoshta pak t\u00eb ndryshme, por n\u00eb drejtim t\u00eb nj\u00ebjt\u00eb. Normalisht, pasi q\u00eb jemi n\u00eb mandat teknik, besoj q\u00eb edhe ministri i ardhsh\u00ebm do t\u00eb jet\u00eb nga radh\u00ebt e partis\u00eb time\u201d, tha ai.<\/p>\n","protected":false},"excerpt":{"rendered":"<p>Prishtin\u00eb 9 Tetor 2025 Ministri n\u00eb detyr\u00eb p\u00ebr Komunitete dhe Kthim, Nenad Rashiq, ka th\u00ebn\u00eb se zgjedhja e tij si n\u00ebnkryetar i Kuvendit t\u00eb Kosov\u00ebs<\/p>\n","protected":false},"author":6,"featured_media":15660,"comment_status":"open","ping_status":"open","sticky":false,"template":"","format":"standard","meta":{"footnotes":""},"categories":[93],"tags":[],"class_list":["post-15659","post","type-post","status-publish","format-standard","has-post-thumbnail","hentry","category-politika-sq"],"yoast_head":"<!-- This site is optimized with the Yoast SEO plugin v25.3.1 - https:\/\/yoast.com\/wordpress\/plugins\/seo\/ -->\n<title>Rashiq do t\u00eb dor\u00ebhiqet nga pozita e ministrit -<\/title>\n<meta name=\"robots\" content=\"index, follow, max-snippet:-1, max-image-preview:large, max-video-preview:-1\" \/>\n<link rel=\"canonical\" href=\"https:\/\/veritasinfo.org\/?p=15659\" \/>\n<meta property=\"og:locale\" content=\"en_US\" \/>\n<meta property=\"og:type\" content=\"article\" \/>\n<meta property=\"og:title\" content=\"Rashiq do t\u00eb dor\u00ebhiqet nga pozita e ministrit -\" \/>\n<meta property=\"og:description\" content=\"Prishtin\u00eb 9 Tetor 2025 Ministri n\u00eb detyr\u00eb p\u00ebr Komunitete dhe Kthim, Nenad Rashiq, ka th\u00ebn\u00eb se zgjedhja e tij si n\u00ebnkryetar i Kuvendit t\u00eb Kosov\u00ebs\" \/>\n<meta property=\"og:url\" content=\"https:\/\/veritasinfo.org\/?p=15659\" \/>\n<meta property=\"article:published_time\" content=\"2025-10-10T12:33:48+00:00\" \/>\n<meta property=\"article:modified_time\" content=\"2025-10-10T14:26:47+00:00\" \/>\n<meta property=\"og:image\" content=\"https:\/\/veritasinfo.org\/wp-content\/uploads\/2025\/10\/nenad-rashiq-konferenca.jpg\" \/>\n\t<meta property=\"og:image:width\" content=\"2048\" \/>\n\t<meta property=\"og:image:height\" content=\"1536\" \/>\n\t<meta property=\"og:image:type\" content=\"image\/jpeg\" \/>\n<meta name=\"author\" content=\"US5\" \/>\n<meta name=\"twitter:card\" content=\"summary_large_image\" \/>\n<meta name=\"twitter:label1\" content=\"Written by\" \/>\n\t<meta name=\"twitter:data1\" content=\"US5\" \/>\n\t<meta name=\"twitter:label2\" content=\"Est. reading time\" \/>\n\t<meta name=\"twitter:data2\" content=\"1 minute\" \/>\n<script type=\"application\/ld+json\" class=\"yoast-schema-graph\">{\"@context\":\"https:\/\/schema.org\",\"@graph\":[{\"@type\":\"WebPage\",\"@id\":\"https:\/\/veritasinfo.org\/?p=15659\",\"url\":\"https:\/\/veritasinfo.org\/?p=15659\",\"name\":\"Rashiq do t\u00eb dor\u00ebhiqet nga pozita e ministrit -\",\"isPartOf\":{\"@id\":\"https:\/\/veritasinfo.org\/#website\"},\"primaryImageOfPage\":{\"@id\":\"https:\/\/veritasinfo.org\/?p=15659#primaryimage\"},\"image\":{\"@id\":\"https:\/\/veritasinfo.org\/?p=15659#primaryimage\"},\"thumbnailUrl\":\"https:\/\/veritasinfo.org\/wp-content\/uploads\/2025\/10\/nenad-rashiq-konferenca.jpg\",\"datePublished\":\"2025-10-10T12:33:48+00:00\",\"dateModified\":\"2025-10-10T14:26:47+00:00\",\"author\":{\"@id\":\"https:\/\/veritasinfo.org\/#\/schema\/person\/bc442336e35414d04494ab8fb45db4c6\"},\"breadcrumb\":{\"@id\":\"https:\/\/veritasinfo.org\/?p=15659#breadcrumb\"},\"inLanguage\":\"en-US\",\"potentialAction\":[{\"@type\":\"ReadAction\",\"target\":[\"https:\/\/veritasinfo.org\/?p=15659\"]}]},{\"@type\":\"ImageObject\",\"inLanguage\":\"en-US\",\"@id\":\"https:\/\/veritasinfo.org\/?p=15659#primaryimage\",\"url\":\"https:\/\/veritasinfo.org\/wp-content\/uploads\/2025\/10\/nenad-rashiq-konferenca.jpg\",\"contentUrl\":\"https:\/\/veritasinfo.org\/wp-content\/uploads\/2025\/10\/nenad-rashiq-konferenca.jpg\",\"width\":2048,\"height\":1536},{\"@type\":\"BreadcrumbList\",\"@id\":\"https:\/\/veritasinfo.org\/?p=15659#breadcrumb\",\"itemListElement\":[{\"@type\":\"ListItem\",\"position\":1,\"name\":\"Home\",\"item\":\"https:\/\/veritasinfo.org\/\"},{\"@type\":\"ListItem\",\"position\":2,\"name\":\"Rashiq do t\u00eb dor\u00ebhiqet nga pozita e ministrit\"}]},{\"@type\":\"WebSite\",\"@id\":\"https:\/\/veritasinfo.org\/#website\",\"url\":\"https:\/\/veritasinfo.org\/\",\"name\":\"\",\"description\":\"\",\"potentialAction\":[{\"@type\":\"SearchAction\",\"target\":{\"@type\":\"EntryPoint\",\"urlTemplate\":\"https:\/\/veritasinfo.org\/?s={search_term_string}\"},\"query-input\":{\"@type\":\"PropertyValueSpecification\",\"valueRequired\":true,\"valueName\":\"search_term_string\"}}],\"inLanguage\":\"en-US\"},{\"@type\":\"Person\",\"@id\":\"https:\/\/veritasinfo.org\/#\/schema\/person\/bc442336e35414d04494ab8fb45db4c6\",\"name\":\"US5\",\"image\":{\"@type\":\"ImageObject\",\"inLanguage\":\"en-US\",\"@id\":\"https:\/\/veritasinfo.org\/#\/schema\/person\/image\/\",\"url\":\"https:\/\/secure.gravatar.com\/avatar\/16a61e7272a0c5d001121ebb9e60e925d5816e4ac1e443ed3e640d9a6ae55d0c?s=96&d=mm&r=g\",\"contentUrl\":\"https:\/\/secure.gravatar.com\/avatar\/16a61e7272a0c5d001121ebb9e60e925d5816e4ac1e443ed3e640d9a6ae55d0c?s=96&d=mm&r=g\",\"caption\":\"US5\"},\"url\":\"https:\/\/veritasinfo.org\/?author=6\"}]}<\/script>\n<!-- \/ Yoast SEO plugin. -->","yoast_head_json":{"title":"Rashiq do t\u00eb dor\u00ebhiqet nga pozita e ministrit -","robots":{"index":"index","follow":"follow","max-snippet":"max-snippet:-1","max-image-preview":"max-image-preview:large","max-video-preview":"max-video-preview:-1"},"canonical":"https:\/\/veritasinfo.org\/?p=15659","og_locale":"en_US","og_type":"article","og_title":"Rashiq do t\u00eb dor\u00ebhiqet nga pozita e ministrit -","og_description":"Prishtin\u00eb 9 Tetor 2025 Ministri n\u00eb detyr\u00eb p\u00ebr Komunitete dhe Kthim, Nenad Rashiq, ka th\u00ebn\u00eb se zgjedhja e tij si n\u00ebnkryetar i Kuvendit t\u00eb Kosov\u00ebs","og_url":"https:\/\/veritasinfo.org\/?p=15659","article_published_time":"2025-10-10T12:33:48+00:00","article_modified_time":"2025-10-10T14:26:47+00:00","og_image":[{"width":2048,"height":1536,"url":"https:\/\/veritasinfo.org\/wp-content\/uploads\/2025\/10\/nenad-rashiq-konferenca.jpg","type":"image\/jpeg"}],"author":"US5","twitter_card":"summary_large_image","twitter_misc":{"Written by":"US5","Est. reading time":"1 minute"},"schema":{"@context":"https:\/\/schema.org","@graph":[{"@type":"WebPage","@id":"https:\/\/veritasinfo.org\/?p=15659","url":"https:\/\/veritasinfo.org\/?p=15659","name":"Rashiq do t\u00eb dor\u00ebhiqet nga pozita e ministrit -","isPartOf":{"@id":"https:\/\/veritasinfo.org\/#website"},"primaryImageOfPage":{"@id":"https:\/\/veritasinfo.org\/?p=15659#primaryimage"},"image":{"@id":"https:\/\/veritasinfo.org\/?p=15659#primaryimage"},"thumbnailUrl":"https:\/\/veritasinfo.org\/wp-content\/uploads\/2025\/10\/nenad-rashiq-konferenca.jpg","datePublished":"2025-10-10T12:33:48+00:00","dateModified":"2025-10-10T14:26:47+00:00","author":{"@id":"https:\/\/veritasinfo.org\/#\/schema\/person\/bc442336e35414d04494ab8fb45db4c6"},"breadcrumb":{"@id":"https:\/\/veritasinfo.org\/?p=15659#breadcrumb"},"inLanguage":"en-US","potentialAction":[{"@type":"ReadAction","target":["https:\/\/veritasinfo.org\/?p=15659"]}]},{"@type":"ImageObject","inLanguage":"en-US","@id":"https:\/\/veritasinfo.org\/?p=15659#primaryimage","url":"https:\/\/veritasinfo.org\/wp-content\/uploads\/2025\/10\/nenad-rashiq-konferenca.jpg","contentUrl":"https:\/\/veritasinfo.org\/wp-content\/uploads\/2025\/10\/nenad-rashiq-konferenca.jpg","width":2048,"height":1536},{"@type":"BreadcrumbList","@id":"https:\/\/veritasinfo.org\/?p=15659#breadcrumb","itemListElement":[{"@type":"ListItem","position":1,"name":"Home","item":"https:\/\/veritasinfo.org\/"},{"@type":"ListItem","position":2,"name":"Rashiq do t\u00eb dor\u00ebhiqet nga pozita e ministrit"}]},{"@type":"WebSite","@id":"https:\/\/veritasinfo.org\/#website","url":"https:\/\/veritasinfo.org\/","name":"","description":"","potentialAction":[{"@type":"SearchAction","target":{"@type":"EntryPoint","urlTemplate":"https:\/\/veritasinfo.org\/?s={search_term_string}"},"query-input":{"@type":"PropertyValueSpecification","valueRequired":true,"valueName":"search_term_string"}}],"inLanguage":"en-US"},{"@type":"Person","@id":"https:\/\/veritasinfo.org\/#\/schema\/person\/bc442336e35414d04494ab8fb45db4c6","name":"US5","image":{"@type":"ImageObject","inLanguage":"en-US","@id":"https:\/\/veritasinfo.org\/#\/schema\/person\/image\/","url":"https:\/\/secure.gravatar.com\/avatar\/16a61e7272a0c5d001121ebb9e60e925d5816e4ac1e443ed3e640d9a6ae55d0c?s=96&d=mm&r=g","contentUrl":"https:\/\/secure.gravatar.com\/avatar\/16a61e7272a0c5d001121ebb9e60e925d5816e4ac1e443ed3e640d9a6ae55d0c?s=96&d=mm&r=g","caption":"US5"},"url":"https:\/\/veritasinfo.org\/?author=6"}]}},"featured_image_urls":{"full":["https:\/\/veritasinfo.org\/wp-content\/uploads\/2025\/10\/nenad-rashiq-konferenca.jpg",2048,1536,false],"thumbnail":["https:\/\/veritasinfo.org\/wp-content\/uploads\/2025\/10\/nenad-rashiq-konferenca-150x150.jpg",150,150,true],"medium":["https:\/\/veritasinfo.org\/wp-content\/uploads\/2025\/10\/nenad-rashiq-konferenca-300x225.jpg",300,225,true],"medium_large":["https:\/\/veritasinfo.org\/wp-content\/uploads\/2025\/10\/nenad-rashiq-konferenca-768x576.jpg",640,480,true],"large":["https:\/\/veritasinfo.org\/wp-content\/uploads\/2025\/10\/nenad-rashiq-konferenca-1024x768.jpg",640,480,true],"1536x1536":["https:\/\/veritasinfo.org\/wp-content\/uploads\/2025\/10\/nenad-rashiq-konferenca-1536x1152.jpg",1536,1152,true],"2048x2048":["https:\/\/veritasinfo.org\/wp-content\/uploads\/2025\/10\/nenad-rashiq-konferenca.jpg",2048,1536,false],"kreeti-slider-full":["https:\/\/veritasinfo.org\/wp-content\/uploads\/2025\/10\/nenad-rashiq-konferenca.jpg",960,720,false],"kreeti-featured":["https:\/\/veritasinfo.org\/wp-content\/uploads\/2025\/10\/nenad-rashiq-konferenca.jpg",1024,768,false],"kreeti-medium":["https:\/\/veritasinfo.org\/wp-content\/uploads\/2025\/10\/nenad-rashiq-konferenca.jpg",707,530,false],"kreeti-medium-square":["https:\/\/veritasinfo.org\/wp-content\/uploads\/2025\/10\/nenad-rashiq-konferenca.jpg",350,263,false]},"author_info":{"info":["US5"]},"category_info":"<a href=\"https:\/\/veritasinfo.org\/?cat=93\" rel=\"category\">Politika<\/a>","tag_info":"Politika","comment_count":"0","_links":{"self":[{"href":"https:\/\/veritasinfo.org\/index.php?rest_route=\/wp\/v2\/posts\/15659","targetHints":{"allow":["GET"]}}],"collection":[{"href":"https:\/\/veritasinfo.org\/index.php?rest_route=\/wp\/v2\/posts"}],"about":[{"href":"https:\/\/veritasinfo.org\/index.php?rest_route=\/wp\/v2\/types\/post"}],"author":[{"embeddable":true,"href":"https:\/\/veritasinfo.org\/index.php?rest_route=\/wp\/v2\/users\/6"}],"replies":[{"embeddable":true,"href":"https:\/\/veritasinfo.org\/index.php?rest_route=%2Fwp%2Fv2%2Fcomments&post=15659"}],"version-history":[{"count":1,"href":"https:\/\/veritasinfo.org\/index.php?rest_route=\/wp\/v2\/posts\/15659\/revisions"}],"predecessor-version":[{"id":15661,"href":"https:\/\/veritasinfo.org\/index.php?rest_route=\/wp\/v2\/posts\/15659\/revisions\/15661"}],"wp:featuredmedia":[{"embeddable":true,"href":"https:\/\/veritasinfo.org\/index.php?rest_route=\/wp\/v2\/media\/15660"}],"wp:attachment":[{"href":"https:\/\/veritasinfo.org\/index.php?rest_route=%2Fwp%2Fv2%2Fmedia&parent=15659"}],"wp:term":[{"taxonomy":"category","embeddable":true,"href":"https:\/\/veritasinfo.org\/index.php?rest_route=%2Fwp%2Fv2%2Fcategories&post=15659"},{"taxonomy":"post_tag","embeddable":true,"href":"https:\/\/veritasinfo.org\/index.php?rest_route=%2Fwp%2Fv2%2Ftags&post=15659"}],"curies":[{"name":"wp","href":"https:\/\/api.w.org\/{rel}","templated":true}]}}