{"id":1563,"date":"2025-06-25T18:48:19","date_gmt":"2025-06-25T16:48:19","guid":{"rendered":"https:\/\/veritasinfo.org\/?p=1563"},"modified":"2025-06-25T18:48:19","modified_gmt":"2025-06-25T16:48:19","slug":"rutte-kfor-i-vazhdon-te-jete-ne-kosove-si-nato-dhe-si-be-jemi-shume-te-perfshire-ne-rajon","status":"publish","type":"post","link":"https:\/\/veritasinfo.org\/?p=1563","title":{"rendered":"Rutte: KFOR-i vazhdon t\u00eb jet\u00eb n\u00eb Kosov\u00eb, si NATO dhe si BE jemi shum\u00eb t\u00eb p\u00ebrfshir\u00eb n\u00eb rajon"},"content":{"rendered":"<p><strong>Hage, 25.06.2025<\/strong><\/p>\n<p><strong><br \/>\nSekretari i NATO-s, Mark Rutte, n\u00eb nj\u00eb konferenc\u00eb t\u00eb mbajtur p\u00ebr media n\u00eb kuad\u00ebr t\u00eb Samitit t\u00eb NATO-s n\u00eb Hag\u00eb, ka p\u00ebrmendur edhe rajonin e Ballkanit Per\u00ebndimor, konkretisht Kosov\u00ebn dhe Bosnje e Hercegovin\u00ebn, raporton Gazeta Express.<\/strong><\/p>\n<div class=\"code-block code-block-8\">\n<div id=\"futureads_d773fe1afb07405e8d2f0e46933877d3_zone_104122_sect_47401_site_41437\" data-sender=\"futureads\">I pyetur nga nj\u00eb gazetar p\u00ebr mos p\u00ebrmendjen e Ballkanit Per\u00ebndimor n\u00eb deklarat\u00ebn e Samitit, Rutte ka th\u00ebn\u00eb se NATO vazhdon t\u00eb jet\u00eb e fokusuar n\u00eb rajon p\u00ebrmes trupave t\u00eb saj n\u00eb Kosov\u00eb dhe Bosnje e Hercegovin\u00eb.<\/div>\n<\/div>\n<p>Rutte ka th\u00ebn\u00eb se KFOR-i vazhdon t\u00eb jet\u00eb n\u00eb Kosov\u00eb dhe EUFOR-i n\u00eb Bosnje e Hercegovin\u00eb.<\/p>\n<p>\u201cE kam vizituar rajonin, kam pasur bisedime me lider\u00ebt n\u00eb Bosnje dhe Kosov\u00ebn. Jemi shum\u00eb t\u00eb involvuar si NATO, si BE gjithashtu \u00ebsht\u00eb shum\u00eb e involvuar. Koordinohemi ngusht\u00eb me Kaja Kallas dhe Ursula Von Der Leyen\u201d, ka th\u00ebn\u00eb Rutte.<\/p>\n<p>\u201cNe vazhdojm\u00eb t\u00eb jemi aty, asgj\u00eb s\u2019ka ndryshuar\u201d, ka shtuar tutje Sekretari i NATO-s<\/p>\n","protected":false},"excerpt":{"rendered":"<p>Hage, 25.06.2025 Sekretari i NATO-s, Mark Rutte, n\u00eb nj\u00eb konferenc\u00eb t\u00eb mbajtur p\u00ebr media n\u00eb kuad\u00ebr t\u00eb Samitit t\u00eb NATO-s n\u00eb Hag\u00eb, ka p\u00ebrmendur edhe<\/p>\n","protected":false},"author":1,"featured_media":1564,"comment_status":"open","ping_status":"open","sticky":false,"template":"","format":"standard","meta":{"footnotes":""},"categories":[58],"tags":[],"class_list":["post-1563","post","type-post","status-publish","format-standard","has-post-thumbnail","hentry","category-politike-sq"],"yoast_head":"<!-- This site is optimized with the Yoast SEO plugin v25.3.1 - https:\/\/yoast.com\/wordpress\/plugins\/seo\/ -->\n<title>Rutte: KFOR-i vazhdon t\u00eb jet\u00eb n\u00eb Kosov\u00eb, si NATO dhe si BE jemi shum\u00eb t\u00eb p\u00ebrfshir\u00eb n\u00eb rajon -<\/title>\n<meta name=\"robots\" content=\"index, follow, max-snippet:-1, max-image-preview:large, max-video-preview:-1\" \/>\n<link rel=\"canonical\" href=\"https:\/\/veritasinfo.org\/?p=1563\" \/>\n<meta property=\"og:locale\" content=\"en_US\" \/>\n<meta property=\"og:type\" content=\"article\" \/>\n<meta property=\"og:title\" content=\"Rutte: KFOR-i vazhdon t\u00eb jet\u00eb n\u00eb Kosov\u00eb, si NATO dhe si BE jemi shum\u00eb t\u00eb p\u00ebrfshir\u00eb n\u00eb rajon -\" \/>\n<meta property=\"og:description\" content=\"Hage, 25.06.2025 Sekretari i NATO-s, Mark Rutte, n\u00eb nj\u00eb konferenc\u00eb t\u00eb mbajtur p\u00ebr media n\u00eb kuad\u00ebr t\u00eb Samitit t\u00eb NATO-s n\u00eb Hag\u00eb, ka p\u00ebrmendur edhe\" \/>\n<meta property=\"og:url\" content=\"https:\/\/veritasinfo.org\/?p=1563\" \/>\n<meta property=\"article:published_time\" content=\"2025-06-25T16:48:19+00:00\" \/>\n<meta property=\"og:image\" content=\"https:\/\/veritasinfo.org\/wp-content\/uploads\/2025\/06\/IMG_1568.png\" \/>\n\t<meta property=\"og:image:width\" content=\"600\" \/>\n\t<meta property=\"og:image:height\" content=\"360\" \/>\n\t<meta property=\"og:image:type\" content=\"image\/png\" \/>\n<meta name=\"author\" content=\"admin\" \/>\n<meta name=\"twitter:card\" content=\"summary_large_image\" \/>\n<meta name=\"twitter:label1\" content=\"Written by\" \/>\n\t<meta name=\"twitter:data1\" content=\"admin\" \/>\n\t<meta name=\"twitter:label2\" content=\"Est. reading time\" \/>\n\t<meta name=\"twitter:data2\" content=\"1 minute\" \/>\n<script type=\"application\/ld+json\" class=\"yoast-schema-graph\">{\"@context\":\"https:\/\/schema.org\",\"@graph\":[{\"@type\":\"WebPage\",\"@id\":\"https:\/\/veritasinfo.org\/?p=1563\",\"url\":\"https:\/\/veritasinfo.org\/?p=1563\",\"name\":\"Rutte: KFOR-i vazhdon t\u00eb jet\u00eb n\u00eb Kosov\u00eb, si NATO dhe si BE jemi shum\u00eb t\u00eb p\u00ebrfshir\u00eb n\u00eb rajon -\",\"isPartOf\":{\"@id\":\"https:\/\/veritasinfo.org\/#website\"},\"primaryImageOfPage\":{\"@id\":\"https:\/\/veritasinfo.org\/?p=1563#primaryimage\"},\"image\":{\"@id\":\"https:\/\/veritasinfo.org\/?p=1563#primaryimage\"},\"thumbnailUrl\":\"https:\/\/veritasinfo.org\/wp-content\/uploads\/2025\/06\/IMG_1568.png\",\"datePublished\":\"2025-06-25T16:48:19+00:00\",\"author\":{\"@id\":\"https:\/\/veritasinfo.org\/#\/schema\/person\/7701f8c088bece422266b100a712374f\"},\"breadcrumb\":{\"@id\":\"https:\/\/veritasinfo.org\/?p=1563#breadcrumb\"},\"inLanguage\":\"en-US\",\"potentialAction\":[{\"@type\":\"ReadAction\",\"target\":[\"https:\/\/veritasinfo.org\/?p=1563\"]}]},{\"@type\":\"ImageObject\",\"inLanguage\":\"en-US\",\"@id\":\"https:\/\/veritasinfo.org\/?p=1563#primaryimage\",\"url\":\"https:\/\/veritasinfo.org\/wp-content\/uploads\/2025\/06\/IMG_1568.png\",\"contentUrl\":\"https:\/\/veritasinfo.org\/wp-content\/uploads\/2025\/06\/IMG_1568.png\",\"width\":600,\"height\":360},{\"@type\":\"BreadcrumbList\",\"@id\":\"https:\/\/veritasinfo.org\/?p=1563#breadcrumb\",\"itemListElement\":[{\"@type\":\"ListItem\",\"position\":1,\"name\":\"Home\",\"item\":\"https:\/\/veritasinfo.org\/\"},{\"@type\":\"ListItem\",\"position\":2,\"name\":\"Rutte: KFOR-i vazhdon t\u00eb jet\u00eb n\u00eb Kosov\u00eb, si NATO dhe si BE jemi shum\u00eb t\u00eb p\u00ebrfshir\u00eb n\u00eb rajon\"}]},{\"@type\":\"WebSite\",\"@id\":\"https:\/\/veritasinfo.org\/#website\",\"url\":\"https:\/\/veritasinfo.org\/\",\"name\":\"\",\"description\":\"\",\"potentialAction\":[{\"@type\":\"SearchAction\",\"target\":{\"@type\":\"EntryPoint\",\"urlTemplate\":\"https:\/\/veritasinfo.org\/?s={search_term_string}\"},\"query-input\":{\"@type\":\"PropertyValueSpecification\",\"valueRequired\":true,\"valueName\":\"search_term_string\"}}],\"inLanguage\":\"en-US\"},{\"@type\":\"Person\",\"@id\":\"https:\/\/veritasinfo.org\/#\/schema\/person\/7701f8c088bece422266b100a712374f\",\"name\":\"admin\",\"image\":{\"@type\":\"ImageObject\",\"inLanguage\":\"en-US\",\"@id\":\"https:\/\/veritasinfo.org\/#\/schema\/person\/image\/\",\"url\":\"https:\/\/secure.gravatar.com\/avatar\/ea53aa3bf6c9a12d5fde8ce4deff43fef3885ae33cf60184161a50d6987cfd2f?s=96&d=mm&r=g\",\"contentUrl\":\"https:\/\/secure.gravatar.com\/avatar\/ea53aa3bf6c9a12d5fde8ce4deff43fef3885ae33cf60184161a50d6987cfd2f?s=96&d=mm&r=g\",\"caption\":\"admin\"},\"sameAs\":[\"https:\/\/veritasinfo.org\"],\"url\":\"https:\/\/veritasinfo.org\/?author=1\"}]}<\/script>\n<!-- \/ Yoast SEO plugin. -->","yoast_head_json":{"title":"Rutte: KFOR-i vazhdon t\u00eb jet\u00eb n\u00eb Kosov\u00eb, si NATO dhe si BE jemi shum\u00eb t\u00eb p\u00ebrfshir\u00eb n\u00eb rajon -","robots":{"index":"index","follow":"follow","max-snippet":"max-snippet:-1","max-image-preview":"max-image-preview:large","max-video-preview":"max-video-preview:-1"},"canonical":"https:\/\/veritasinfo.org\/?p=1563","og_locale":"en_US","og_type":"article","og_title":"Rutte: KFOR-i vazhdon t\u00eb jet\u00eb n\u00eb Kosov\u00eb, si NATO dhe si BE jemi shum\u00eb t\u00eb p\u00ebrfshir\u00eb n\u00eb rajon -","og_description":"Hage, 25.06.2025 Sekretari i NATO-s, Mark Rutte, n\u00eb nj\u00eb konferenc\u00eb t\u00eb mbajtur p\u00ebr media n\u00eb kuad\u00ebr t\u00eb Samitit t\u00eb NATO-s n\u00eb Hag\u00eb, ka p\u00ebrmendur edhe","og_url":"https:\/\/veritasinfo.org\/?p=1563","article_published_time":"2025-06-25T16:48:19+00:00","og_image":[{"width":600,"height":360,"url":"https:\/\/veritasinfo.org\/wp-content\/uploads\/2025\/06\/IMG_1568.png","type":"image\/png"}],"author":"admin","twitter_card":"summary_large_image","twitter_misc":{"Written by":"admin","Est. reading time":"1 minute"},"schema":{"@context":"https:\/\/schema.org","@graph":[{"@type":"WebPage","@id":"https:\/\/veritasinfo.org\/?p=1563","url":"https:\/\/veritasinfo.org\/?p=1563","name":"Rutte: KFOR-i vazhdon t\u00eb jet\u00eb n\u00eb Kosov\u00eb, si NATO dhe si BE jemi shum\u00eb t\u00eb p\u00ebrfshir\u00eb n\u00eb rajon -","isPartOf":{"@id":"https:\/\/veritasinfo.org\/#website"},"primaryImageOfPage":{"@id":"https:\/\/veritasinfo.org\/?p=1563#primaryimage"},"image":{"@id":"https:\/\/veritasinfo.org\/?p=1563#primaryimage"},"thumbnailUrl":"https:\/\/veritasinfo.org\/wp-content\/uploads\/2025\/06\/IMG_1568.png","datePublished":"2025-06-25T16:48:19+00:00","author":{"@id":"https:\/\/veritasinfo.org\/#\/schema\/person\/7701f8c088bece422266b100a712374f"},"breadcrumb":{"@id":"https:\/\/veritasinfo.org\/?p=1563#breadcrumb"},"inLanguage":"en-US","potentialAction":[{"@type":"ReadAction","target":["https:\/\/veritasinfo.org\/?p=1563"]}]},{"@type":"ImageObject","inLanguage":"en-US","@id":"https:\/\/veritasinfo.org\/?p=1563#primaryimage","url":"https:\/\/veritasinfo.org\/wp-content\/uploads\/2025\/06\/IMG_1568.png","contentUrl":"https:\/\/veritasinfo.org\/wp-content\/uploads\/2025\/06\/IMG_1568.png","width":600,"height":360},{"@type":"BreadcrumbList","@id":"https:\/\/veritasinfo.org\/?p=1563#breadcrumb","itemListElement":[{"@type":"ListItem","position":1,"name":"Home","item":"https:\/\/veritasinfo.org\/"},{"@type":"ListItem","position":2,"name":"Rutte: KFOR-i vazhdon t\u00eb jet\u00eb n\u00eb Kosov\u00eb, si NATO dhe si BE jemi shum\u00eb t\u00eb p\u00ebrfshir\u00eb n\u00eb rajon"}]},{"@type":"WebSite","@id":"https:\/\/veritasinfo.org\/#website","url":"https:\/\/veritasinfo.org\/","name":"","description":"","potentialAction":[{"@type":"SearchAction","target":{"@type":"EntryPoint","urlTemplate":"https:\/\/veritasinfo.org\/?s={search_term_string}"},"query-input":{"@type":"PropertyValueSpecification","valueRequired":true,"valueName":"search_term_string"}}],"inLanguage":"en-US"},{"@type":"Person","@id":"https:\/\/veritasinfo.org\/#\/schema\/person\/7701f8c088bece422266b100a712374f","name":"admin","image":{"@type":"ImageObject","inLanguage":"en-US","@id":"https:\/\/veritasinfo.org\/#\/schema\/person\/image\/","url":"https:\/\/secure.gravatar.com\/avatar\/ea53aa3bf6c9a12d5fde8ce4deff43fef3885ae33cf60184161a50d6987cfd2f?s=96&d=mm&r=g","contentUrl":"https:\/\/secure.gravatar.com\/avatar\/ea53aa3bf6c9a12d5fde8ce4deff43fef3885ae33cf60184161a50d6987cfd2f?s=96&d=mm&r=g","caption":"admin"},"sameAs":["https:\/\/veritasinfo.org"],"url":"https:\/\/veritasinfo.org\/?author=1"}]}},"featured_image_urls":{"full":["https:\/\/veritasinfo.org\/wp-content\/uploads\/2025\/06\/IMG_1568.png",600,360,false],"thumbnail":["https:\/\/veritasinfo.org\/wp-content\/uploads\/2025\/06\/IMG_1568-150x150.png",150,150,true],"medium":["https:\/\/veritasinfo.org\/wp-content\/uploads\/2025\/06\/IMG_1568-300x180.png",300,180,true],"medium_large":["https:\/\/veritasinfo.org\/wp-content\/uploads\/2025\/06\/IMG_1568.png",600,360,false],"large":["https:\/\/veritasinfo.org\/wp-content\/uploads\/2025\/06\/IMG_1568.png",600,360,false],"1536x1536":["https:\/\/veritasinfo.org\/wp-content\/uploads\/2025\/06\/IMG_1568.png",600,360,false],"2048x2048":["https:\/\/veritasinfo.org\/wp-content\/uploads\/2025\/06\/IMG_1568.png",600,360,false],"kreeti-slider-full":["https:\/\/veritasinfo.org\/wp-content\/uploads\/2025\/06\/IMG_1568.png",600,360,false],"kreeti-featured":["https:\/\/veritasinfo.org\/wp-content\/uploads\/2025\/06\/IMG_1568.png",600,360,false],"kreeti-medium":["https:\/\/veritasinfo.org\/wp-content\/uploads\/2025\/06\/IMG_1568.png",600,360,false],"kreeti-medium-square":["https:\/\/veritasinfo.org\/wp-content\/uploads\/2025\/06\/IMG_1568.png",350,210,false]},"author_info":{"info":["admin"]},"category_info":"<a href=\"https:\/\/veritasinfo.org\/?cat=58\" rel=\"category\">Politik\u00eb<\/a>","tag_info":"Politik\u00eb","comment_count":"0","_links":{"self":[{"href":"https:\/\/veritasinfo.org\/index.php?rest_route=\/wp\/v2\/posts\/1563","targetHints":{"allow":["GET"]}}],"collection":[{"href":"https:\/\/veritasinfo.org\/index.php?rest_route=\/wp\/v2\/posts"}],"about":[{"href":"https:\/\/veritasinfo.org\/index.php?rest_route=\/wp\/v2\/types\/post"}],"author":[{"embeddable":true,"href":"https:\/\/veritasinfo.org\/index.php?rest_route=\/wp\/v2\/users\/1"}],"replies":[{"embeddable":true,"href":"https:\/\/veritasinfo.org\/index.php?rest_route=%2Fwp%2Fv2%2Fcomments&post=1563"}],"version-history":[{"count":1,"href":"https:\/\/veritasinfo.org\/index.php?rest_route=\/wp\/v2\/posts\/1563\/revisions"}],"predecessor-version":[{"id":1565,"href":"https:\/\/veritasinfo.org\/index.php?rest_route=\/wp\/v2\/posts\/1563\/revisions\/1565"}],"wp:featuredmedia":[{"embeddable":true,"href":"https:\/\/veritasinfo.org\/index.php?rest_route=\/wp\/v2\/media\/1564"}],"wp:attachment":[{"href":"https:\/\/veritasinfo.org\/index.php?rest_route=%2Fwp%2Fv2%2Fmedia&parent=1563"}],"wp:term":[{"taxonomy":"category","embeddable":true,"href":"https:\/\/veritasinfo.org\/index.php?rest_route=%2Fwp%2Fv2%2Fcategories&post=1563"},{"taxonomy":"post_tag","embeddable":true,"href":"https:\/\/veritasinfo.org\/index.php?rest_route=%2Fwp%2Fv2%2Ftags&post=1563"}],"curies":[{"name":"wp","href":"https:\/\/api.w.org\/{rel}","templated":true}]}}