{"id":1561,"date":"2025-06-25T16:45:43","date_gmt":"2025-06-25T14:45:43","guid":{"rendered":"https:\/\/veritasinfo.org\/?p=1561"},"modified":"2025-06-25T16:45:43","modified_gmt":"2025-06-25T14:45:43","slug":"u-2027-godini-nato-samit-ce-se-odrzati-u-albaniji","status":"publish","type":"post","link":"https:\/\/veritasinfo.org\/?p=1561&lang=sr","title":{"rendered":"U 2027. godini NATO samit \u0107e se odr\u017eati u Albaniji"},"content":{"rendered":"<p>Na samitu odr\u017eanom u Hagu, Holandija, u\u010destvovale su sve 32 zemlje \u010dlanice NATO-a.<\/p>\n<p style=\"text-align: left\">Lideri su na ovom samitu izdali zajedni\u010dku deklaraciju u kojoj su se obavezali da \u0107e svake godine ulagati 5% BDP-a za klju\u010dne potrebe odbrane, kao i za tro\u0161kove vezane za bezbednost, sve do 2035. godine. Tako\u0111e, ponovo su potvrdili nastavak podr\u0161ke Ukrajini.<\/p>\n<p>Me\u0111u ostalim ta\u010dkama, lideri su saop\u0161tili da \u0107e slede\u0107i samit NATO-a 2027. godine biti odr\u017ean u Albaniji.<\/p>\n<p>U nastavku se nalazi kompletna deklaracija Samita iz Haga koju su izdali \u0161efovi dr\u017eava i vlada NATO saveza, tokom sednice Severnoatlantskog saveta odr\u017eane 25. juna 2025. godine:<\/p>\n<p>&nbsp;<\/p>\n<p>1. Mi, \u0161efovi dr\u017eava i vlada Severnoatlantske alijanse, okupili smo se u Hagu kako bismo ponovo potvrdili na\u0161u posve\u0107enost NATO-u, najja\u010doj alijansi u istoriji, i transatlantskoj vezi. Ponovo potvr\u0111ujemo na\u0161u nepokolebljivu posve\u0107enost kolektivnoj odbrani, kako je predvi\u0111eno \u010dlanom 5 Va\u0161ingtonskog sporazuma \u2013 napad na jednog je napad na sve. Ostajemo ujedinjeni i odlu\u010dni u za\u0161titi jedne milijarde gra\u0111ana na\u0161e Alijanse, kao i u o\u010duvanju slobode i demokratije.<\/p>\n<p>&nbsp;<\/p>\n<p>2. Suo\u010deni sa ozbiljnim bezbednosnim pretnjama, posebno dugoro\u010dnom pretnjom koju Rusija predstavlja za evroatlantsku bezbednost, kao i kontinuiranom pretnjom od terorizma, saveznici se obavezuju da \u0107e svake godine izdvajati 5% BDP-a za osnovne potrebe odbrane i bezbednosti do 2035. godine, u skladu sa \u010dlanom 3 Va\u0161ingtonskog sporazuma. Na\u0161a ulaganja \u0107e omogu\u0107iti snage, kapacitete, resurse, infrastrukturu, borbenu spremnost i otpornost potrebne za odvra\u0107anje i odbranu, kao i za tri klju\u010dna zadatka: odvra\u0107anje i odbranu, prevenciju i upravljanje krizama, i kooperativnu bezbednost.<\/p>\n<p>&nbsp;<\/p>\n<p>3. Saveznici su se slo\u017eili da \u0107e se ova obaveza od 5% sastojati iz dve klju\u010dne kategorije ulaganja. Najmanje 3.5% BDP-a bi\u0107e izdvojeno godi\u0161nje za osnovne potrebe odbrane i ispunjenje NATO ciljeva kapaciteta. Saveznici \u0107e podnositi godi\u0161nje planove sa jasnim i ostvarivim putem ka postizanju tog cilja. Tako\u0111e, do 1.5% BDP-a bi\u0107e ra\u010dunato za za\u0161titu kriti\u010dne infrastrukture, mre\u017ea, civilne spremnosti i otpornosti, inovacije i ja\u010danje odbrambene industrijske osnove. Tok potro\u0161nje i balans \u0107e biti revidirani 2029. godine u skladu sa strate\u0161kim okru\u017eenjem i a\u017euriranim ciljevima kapaciteta. Saveznici su ponovo potvrdili dugoro\u010dnu podr\u0161ku Ukrajini, uklju\u010duju\u0107i i direktne doprinose njenoj odbrani i odbrambenoj industriji.<\/p>\n<p>&nbsp;<\/p>\n<p>4. Potvr\u0111ujemo na\u0161u zajedni\u010dku posve\u0107enost brzom pro\u0161irenju transatlantske odbrambene industrijske saradnje i kori\u0161\u0107enju novih tehnologija i inovacija za ja\u010danje kolektivne bezbednosti. Radi\u0107emo na uklanjanju trgovinskih barijera u oblasti odbrane me\u0111u saveznicima i koristimo partnerstva za unapre\u0111enje odbrambene industrijske saradnje.<\/p>\n<p>5. Izra\u017eavamo zahvalnost Kraljevini Holandiji na gostoprimstvu. Radujemo se slede\u0107em sastanku u Turskoj 2026. godine, a potom i samitu u Albaniji 2027.<\/p>\n<p>&nbsp;<\/p>\n<p>&nbsp;<\/p>\n","protected":false},"excerpt":{"rendered":"<p>Na samitu odr\u017eanom u Hagu, Holandija, u\u010destvovale su sve 32 zemlje \u010dlanice NATO-a. Lideri su na ovom samitu izdali zajedni\u010dku deklaraciju u kojoj su se<\/p>\n","protected":false},"author":1,"featured_media":1544,"comment_status":"open","ping_status":"open","sticky":false,"template":"","format":"standard","meta":{"footnotes":""},"categories":[74],"tags":[],"class_list":["post-1561","post","type-post","status-publish","format-standard","has-post-thumbnail","hentry","category-svet"],"yoast_head":"<!-- This site is optimized with the Yoast SEO plugin v25.3.1 - https:\/\/yoast.com\/wordpress\/plugins\/seo\/ -->\n<title>U 2027. godini NATO samit \u0107e se odr\u017eati u Albaniji -<\/title>\n<meta name=\"robots\" content=\"index, follow, max-snippet:-1, max-image-preview:large, max-video-preview:-1\" \/>\n<link rel=\"canonical\" href=\"https:\/\/veritasinfo.org\/?p=1561&lang=sr\" \/>\n<meta property=\"og:locale\" content=\"en_US\" \/>\n<meta property=\"og:type\" content=\"article\" \/>\n<meta property=\"og:title\" content=\"U 2027. godini NATO samit \u0107e se odr\u017eati u Albaniji -\" \/>\n<meta property=\"og:description\" content=\"Na samitu odr\u017eanom u Hagu, Holandija, u\u010destvovale su sve 32 zemlje \u010dlanice NATO-a. Lideri su na ovom samitu izdali zajedni\u010dku deklaraciju u kojoj su se\" \/>\n<meta property=\"og:url\" content=\"https:\/\/veritasinfo.org\/?p=1561&amp;lang=sr\" \/>\n<meta property=\"article:published_time\" content=\"2025-06-25T14:45:43+00:00\" \/>\n<meta property=\"og:image\" content=\"https:\/\/veritasinfo.org\/wp-content\/uploads\/2025\/06\/SAMITI-2025.jpeg\" \/>\n\t<meta property=\"og:image:width\" content=\"1320\" \/>\n\t<meta property=\"og:image:height\" content=\"876\" \/>\n\t<meta property=\"og:image:type\" content=\"image\/jpeg\" \/>\n<meta name=\"author\" content=\"admin\" \/>\n<meta name=\"twitter:card\" content=\"summary_large_image\" \/>\n<meta name=\"twitter:label1\" content=\"Written by\" \/>\n\t<meta name=\"twitter:data1\" content=\"admin\" \/>\n\t<meta name=\"twitter:label2\" content=\"Est. reading time\" \/>\n\t<meta name=\"twitter:data2\" content=\"2 minutes\" \/>\n<script type=\"application\/ld+json\" class=\"yoast-schema-graph\">{\"@context\":\"https:\/\/schema.org\",\"@graph\":[{\"@type\":\"WebPage\",\"@id\":\"https:\/\/veritasinfo.org\/?p=1561&lang=sr\",\"url\":\"https:\/\/veritasinfo.org\/?p=1561&lang=sr\",\"name\":\"U 2027. godini NATO samit \u0107e se odr\u017eati u Albaniji -\",\"isPartOf\":{\"@id\":\"https:\/\/veritasinfo.org\/#website\"},\"primaryImageOfPage\":{\"@id\":\"https:\/\/veritasinfo.org\/?p=1561&lang=sr#primaryimage\"},\"image\":{\"@id\":\"https:\/\/veritasinfo.org\/?p=1561&lang=sr#primaryimage\"},\"thumbnailUrl\":\"https:\/\/veritasinfo.org\/wp-content\/uploads\/2025\/06\/SAMITI-2025.jpeg\",\"datePublished\":\"2025-06-25T14:45:43+00:00\",\"author\":{\"@id\":\"https:\/\/veritasinfo.org\/#\/schema\/person\/7701f8c088bece422266b100a712374f\"},\"breadcrumb\":{\"@id\":\"https:\/\/veritasinfo.org\/?p=1561&lang=sr#breadcrumb\"},\"inLanguage\":\"en-US\",\"potentialAction\":[{\"@type\":\"ReadAction\",\"target\":[\"https:\/\/veritasinfo.org\/?p=1561&lang=sr\"]}]},{\"@type\":\"ImageObject\",\"inLanguage\":\"en-US\",\"@id\":\"https:\/\/veritasinfo.org\/?p=1561&lang=sr#primaryimage\",\"url\":\"https:\/\/veritasinfo.org\/wp-content\/uploads\/2025\/06\/SAMITI-2025.jpeg\",\"contentUrl\":\"https:\/\/veritasinfo.org\/wp-content\/uploads\/2025\/06\/SAMITI-2025.jpeg\",\"width\":1320,\"height\":876},{\"@type\":\"BreadcrumbList\",\"@id\":\"https:\/\/veritasinfo.org\/?p=1561&lang=sr#breadcrumb\",\"itemListElement\":[{\"@type\":\"ListItem\",\"position\":1,\"name\":\"Home\",\"item\":\"https:\/\/veritasinfo.org\/\"},{\"@type\":\"ListItem\",\"position\":2,\"name\":\"U 2027. godini NATO samit \u0107e se odr\u017eati u Albaniji\"}]},{\"@type\":\"WebSite\",\"@id\":\"https:\/\/veritasinfo.org\/#website\",\"url\":\"https:\/\/veritasinfo.org\/\",\"name\":\"\",\"description\":\"\",\"potentialAction\":[{\"@type\":\"SearchAction\",\"target\":{\"@type\":\"EntryPoint\",\"urlTemplate\":\"https:\/\/veritasinfo.org\/?s={search_term_string}\"},\"query-input\":{\"@type\":\"PropertyValueSpecification\",\"valueRequired\":true,\"valueName\":\"search_term_string\"}}],\"inLanguage\":\"en-US\"},{\"@type\":\"Person\",\"@id\":\"https:\/\/veritasinfo.org\/#\/schema\/person\/7701f8c088bece422266b100a712374f\",\"name\":\"admin\",\"image\":{\"@type\":\"ImageObject\",\"inLanguage\":\"en-US\",\"@id\":\"https:\/\/veritasinfo.org\/#\/schema\/person\/image\/\",\"url\":\"https:\/\/secure.gravatar.com\/avatar\/ea53aa3bf6c9a12d5fde8ce4deff43fef3885ae33cf60184161a50d6987cfd2f?s=96&d=mm&r=g\",\"contentUrl\":\"https:\/\/secure.gravatar.com\/avatar\/ea53aa3bf6c9a12d5fde8ce4deff43fef3885ae33cf60184161a50d6987cfd2f?s=96&d=mm&r=g\",\"caption\":\"admin\"},\"sameAs\":[\"https:\/\/veritasinfo.org\"],\"url\":\"https:\/\/veritasinfo.org\/?author=1\"}]}<\/script>\n<!-- \/ Yoast SEO plugin. -->","yoast_head_json":{"title":"U 2027. godini NATO samit \u0107e se odr\u017eati u Albaniji -","robots":{"index":"index","follow":"follow","max-snippet":"max-snippet:-1","max-image-preview":"max-image-preview:large","max-video-preview":"max-video-preview:-1"},"canonical":"https:\/\/veritasinfo.org\/?p=1561&lang=sr","og_locale":"en_US","og_type":"article","og_title":"U 2027. godini NATO samit \u0107e se odr\u017eati u Albaniji -","og_description":"Na samitu odr\u017eanom u Hagu, Holandija, u\u010destvovale su sve 32 zemlje \u010dlanice NATO-a. Lideri su na ovom samitu izdali zajedni\u010dku deklaraciju u kojoj su se","og_url":"https:\/\/veritasinfo.org\/?p=1561&lang=sr","article_published_time":"2025-06-25T14:45:43+00:00","og_image":[{"width":1320,"height":876,"url":"https:\/\/veritasinfo.org\/wp-content\/uploads\/2025\/06\/SAMITI-2025.jpeg","type":"image\/jpeg"}],"author":"admin","twitter_card":"summary_large_image","twitter_misc":{"Written by":"admin","Est. reading time":"2 minutes"},"schema":{"@context":"https:\/\/schema.org","@graph":[{"@type":"WebPage","@id":"https:\/\/veritasinfo.org\/?p=1561&lang=sr","url":"https:\/\/veritasinfo.org\/?p=1561&lang=sr","name":"U 2027. godini NATO samit \u0107e se odr\u017eati u Albaniji -","isPartOf":{"@id":"https:\/\/veritasinfo.org\/#website"},"primaryImageOfPage":{"@id":"https:\/\/veritasinfo.org\/?p=1561&lang=sr#primaryimage"},"image":{"@id":"https:\/\/veritasinfo.org\/?p=1561&lang=sr#primaryimage"},"thumbnailUrl":"https:\/\/veritasinfo.org\/wp-content\/uploads\/2025\/06\/SAMITI-2025.jpeg","datePublished":"2025-06-25T14:45:43+00:00","author":{"@id":"https:\/\/veritasinfo.org\/#\/schema\/person\/7701f8c088bece422266b100a712374f"},"breadcrumb":{"@id":"https:\/\/veritasinfo.org\/?p=1561&lang=sr#breadcrumb"},"inLanguage":"en-US","potentialAction":[{"@type":"ReadAction","target":["https:\/\/veritasinfo.org\/?p=1561&lang=sr"]}]},{"@type":"ImageObject","inLanguage":"en-US","@id":"https:\/\/veritasinfo.org\/?p=1561&lang=sr#primaryimage","url":"https:\/\/veritasinfo.org\/wp-content\/uploads\/2025\/06\/SAMITI-2025.jpeg","contentUrl":"https:\/\/veritasinfo.org\/wp-content\/uploads\/2025\/06\/SAMITI-2025.jpeg","width":1320,"height":876},{"@type":"BreadcrumbList","@id":"https:\/\/veritasinfo.org\/?p=1561&lang=sr#breadcrumb","itemListElement":[{"@type":"ListItem","position":1,"name":"Home","item":"https:\/\/veritasinfo.org\/"},{"@type":"ListItem","position":2,"name":"U 2027. godini NATO samit \u0107e se odr\u017eati u Albaniji"}]},{"@type":"WebSite","@id":"https:\/\/veritasinfo.org\/#website","url":"https:\/\/veritasinfo.org\/","name":"","description":"","potentialAction":[{"@type":"SearchAction","target":{"@type":"EntryPoint","urlTemplate":"https:\/\/veritasinfo.org\/?s={search_term_string}"},"query-input":{"@type":"PropertyValueSpecification","valueRequired":true,"valueName":"search_term_string"}}],"inLanguage":"en-US"},{"@type":"Person","@id":"https:\/\/veritasinfo.org\/#\/schema\/person\/7701f8c088bece422266b100a712374f","name":"admin","image":{"@type":"ImageObject","inLanguage":"en-US","@id":"https:\/\/veritasinfo.org\/#\/schema\/person\/image\/","url":"https:\/\/secure.gravatar.com\/avatar\/ea53aa3bf6c9a12d5fde8ce4deff43fef3885ae33cf60184161a50d6987cfd2f?s=96&d=mm&r=g","contentUrl":"https:\/\/secure.gravatar.com\/avatar\/ea53aa3bf6c9a12d5fde8ce4deff43fef3885ae33cf60184161a50d6987cfd2f?s=96&d=mm&r=g","caption":"admin"},"sameAs":["https:\/\/veritasinfo.org"],"url":"https:\/\/veritasinfo.org\/?author=1"}]}},"featured_image_urls":{"full":["https:\/\/veritasinfo.org\/wp-content\/uploads\/2025\/06\/SAMITI-2025.jpeg",1320,876,false],"thumbnail":["https:\/\/veritasinfo.org\/wp-content\/uploads\/2025\/06\/SAMITI-2025-150x150.jpeg",150,150,true],"medium":["https:\/\/veritasinfo.org\/wp-content\/uploads\/2025\/06\/SAMITI-2025-300x199.jpeg",300,199,true],"medium_large":["https:\/\/veritasinfo.org\/wp-content\/uploads\/2025\/06\/SAMITI-2025-768x510.jpeg",640,425,true],"large":["https:\/\/veritasinfo.org\/wp-content\/uploads\/2025\/06\/SAMITI-2025-1024x680.jpeg",640,425,true],"1536x1536":["https:\/\/veritasinfo.org\/wp-content\/uploads\/2025\/06\/SAMITI-2025.jpeg",1320,876,false],"2048x2048":["https:\/\/veritasinfo.org\/wp-content\/uploads\/2025\/06\/SAMITI-2025.jpeg",1320,876,false],"kreeti-slider-full":["https:\/\/veritasinfo.org\/wp-content\/uploads\/2025\/06\/SAMITI-2025.jpeg",1085,720,false],"kreeti-featured":["https:\/\/veritasinfo.org\/wp-content\/uploads\/2025\/06\/SAMITI-2025.jpeg",1024,680,false],"kreeti-medium":["https:\/\/veritasinfo.org\/wp-content\/uploads\/2025\/06\/SAMITI-2025.jpeg",720,478,false],"kreeti-medium-square":["https:\/\/veritasinfo.org\/wp-content\/uploads\/2025\/06\/SAMITI-2025.jpeg",350,232,false]},"author_info":{"info":["admin"]},"category_info":"<a href=\"https:\/\/veritasinfo.org\/?cat=74&#038;lang=sr\" rel=\"category\">Svet<\/a>","tag_info":"Svet","comment_count":"0","_links":{"self":[{"href":"https:\/\/veritasinfo.org\/index.php?rest_route=\/wp\/v2\/posts\/1561","targetHints":{"allow":["GET"]}}],"collection":[{"href":"https:\/\/veritasinfo.org\/index.php?rest_route=\/wp\/v2\/posts"}],"about":[{"href":"https:\/\/veritasinfo.org\/index.php?rest_route=\/wp\/v2\/types\/post"}],"author":[{"embeddable":true,"href":"https:\/\/veritasinfo.org\/index.php?rest_route=\/wp\/v2\/users\/1"}],"replies":[{"embeddable":true,"href":"https:\/\/veritasinfo.org\/index.php?rest_route=%2Fwp%2Fv2%2Fcomments&post=1561"}],"version-history":[{"count":1,"href":"https:\/\/veritasinfo.org\/index.php?rest_route=\/wp\/v2\/posts\/1561\/revisions"}],"predecessor-version":[{"id":1562,"href":"https:\/\/veritasinfo.org\/index.php?rest_route=\/wp\/v2\/posts\/1561\/revisions\/1562"}],"wp:featuredmedia":[{"embeddable":true,"href":"https:\/\/veritasinfo.org\/index.php?rest_route=\/wp\/v2\/media\/1544"}],"wp:attachment":[{"href":"https:\/\/veritasinfo.org\/index.php?rest_route=%2Fwp%2Fv2%2Fmedia&parent=1561"}],"wp:term":[{"taxonomy":"category","embeddable":true,"href":"https:\/\/veritasinfo.org\/index.php?rest_route=%2Fwp%2Fv2%2Fcategories&post=1561"},{"taxonomy":"post_tag","embeddable":true,"href":"https:\/\/veritasinfo.org\/index.php?rest_route=%2Fwp%2Fv2%2Ftags&post=1561"}],"curies":[{"name":"wp","href":"https:\/\/api.w.org\/{rel}","templated":true}]}}