{"id":1551,"date":"2025-06-25T15:13:11","date_gmt":"2025-06-25T13:13:11","guid":{"rendered":"https:\/\/veritasinfo.org\/?p=1551"},"modified":"2025-06-25T15:43:03","modified_gmt":"2025-06-25T13:43:03","slug":"jos-jedan-srpski-policajac-proteran-sa-kosova","status":"publish","type":"post","link":"https:\/\/veritasinfo.org\/?p=1551&lang=sr","title":{"rendered":"Petkovic\u0301 izmi\u0161lja \u201epolitiku terora\u201c dok c\u0301uti o razlozima za pritvaranje srpskih policajaca na Kosovu"},"content":{"rendered":"<div class=\"x_elementToProof\" data-olk-copy-source=\"MessageBody\">Kancelarija zadu\u017eena za neprijateljsku propagandu protiv Kosova, takozvana Srpska kancelarija za Kosovo, koju vodi Petar Petkovic\u0301, objavila je da je \u201epo nalogu vr\u0161ioca du\u017enosti premijera, Aljbina Kurtija, jo\u0161 jedan Srbin proteran sa Kosova preko noc\u0301i\u201c. Kako se navodi, re\u010d je o Aleksandru S. (34) iz Brezovice, kod \u0160trpca, zaposlenom u Ministarstvu unutra\u0161njih poslova u Banji i Ni\u0161u. Prema ovoj kancelariji, Aleksandar S. je priveden ju\u010de popodne na grani\u010dnom prelazu u Elez Hanu, prilikom povratka iz Severne Makedonije na Kosovo. \u201eI on je preko noc\u0301i, istim mehanizmom koji je Pri\u0161tina primenjivala u poslednje dve nedelje, proteran sa Kosova i trenutno se nalazi u Srbiji. On je jedanaesti srpski policajac koji je proteran iz svog doma \u201ejednostranom, nezakonitom i nelegitimnom odlukom\u201c Aljbina Kurtija, tvrdi propaganda.<\/div>\n<div class=\"x_elementToProof\"><\/div>\n<div class=\"x_elementToProof\">Dalje se isti\u010de da se nastavlja politika progona srpskih policajaca sa Kosova, kojima se, prema njihovim re\u010dima, \u201ena ovaj na\u010din kr\u0161e osnovna ljudska prava, garantovana mnogim me\u0111unarodnim konvencijama\u201c, dok ne dobijaju nikakvu za\u0161titu od me\u0111unarodnih misija, koje bi \u201etrebalo\u201c da garantuju po\u0161tovanje prava Srba na Kosovu. \u201ePolitika terora, progona i osvete nad srpskim stanovni\u0161tvom Kosova je osovina antisrpske politike Aljbina Kurtija, koji pred o\u010dima sveta sprovodi politiku etni\u010dkog \u010di\u0161c\u0301enja i preduzima korake koji vode eskalaciji, umesto da se bavi dijalogom i normalizacijom odnosa\u201c, zaklju\u010duje se ova najnovija propaganda iz Petkovic\u0301evog kabineta.<\/div>\n<div class=\"x_elementToProof\"><\/div>\n","protected":false},"excerpt":{"rendered":"<p>Kancelarija zadu\u017eena za neprijateljsku propagandu protiv Kosova, takozvana Srpska kancelarija za Kosovo, koju vodi Petar Petkovic\u0301, objavila je da je \u201epo nalogu vr\u0161ioca du\u017enosti premijera,<\/p>\n","protected":false},"author":1,"featured_media":1547,"comment_status":"open","ping_status":"open","sticky":false,"template":"","format":"standard","meta":{"footnotes":""},"categories":[24],"tags":[],"class_list":["post-1551","post","type-post","status-publish","format-standard","has-post-thumbnail","hentry","category-uncategorized-sr"],"yoast_head":"<!-- This site is optimized with the Yoast SEO plugin v25.3.1 - https:\/\/yoast.com\/wordpress\/plugins\/seo\/ -->\n<title>Petkovic\u0301 izmi\u0161lja \u201epolitiku terora\u201c dok c\u0301uti o razlozima za pritvaranje srpskih policajaca na Kosovu -<\/title>\n<meta name=\"robots\" content=\"index, follow, max-snippet:-1, max-image-preview:large, max-video-preview:-1\" \/>\n<link rel=\"canonical\" href=\"https:\/\/veritasinfo.org\/?p=1551&lang=sr\" \/>\n<meta property=\"og:locale\" content=\"en_US\" \/>\n<meta property=\"og:type\" content=\"article\" \/>\n<meta property=\"og:title\" content=\"Petkovic\u0301 izmi\u0161lja \u201epolitiku terora\u201c dok c\u0301uti o razlozima za pritvaranje srpskih policajaca na Kosovu -\" \/>\n<meta property=\"og:description\" content=\"Kancelarija zadu\u017eena za neprijateljsku propagandu protiv Kosova, takozvana Srpska kancelarija za Kosovo, koju vodi Petar Petkovic\u0301, objavila je da je \u201epo nalogu vr\u0161ioca du\u017enosti premijera,\" \/>\n<meta property=\"og:url\" content=\"https:\/\/veritasinfo.org\/?p=1551&amp;lang=sr\" \/>\n<meta property=\"article:published_time\" content=\"2025-06-25T13:13:11+00:00\" \/>\n<meta property=\"article:modified_time\" content=\"2025-06-25T13:43:03+00:00\" \/>\n<meta property=\"og:image\" content=\"https:\/\/veritasinfo.org\/wp-content\/uploads\/2025\/06\/Policia.jpg\" \/>\n\t<meta property=\"og:image:width\" content=\"960\" \/>\n\t<meta property=\"og:image:height\" content=\"480\" \/>\n\t<meta property=\"og:image:type\" content=\"image\/jpeg\" \/>\n<meta name=\"author\" content=\"admin\" \/>\n<meta name=\"twitter:card\" content=\"summary_large_image\" \/>\n<meta name=\"twitter:label1\" content=\"Written by\" \/>\n\t<meta name=\"twitter:data1\" content=\"admin\" \/>\n\t<meta name=\"twitter:label2\" content=\"Est. reading time\" \/>\n\t<meta name=\"twitter:data2\" content=\"2 minutes\" \/>\n<script type=\"application\/ld+json\" class=\"yoast-schema-graph\">{\"@context\":\"https:\/\/schema.org\",\"@graph\":[{\"@type\":\"WebPage\",\"@id\":\"https:\/\/veritasinfo.org\/?p=1551&lang=sr\",\"url\":\"https:\/\/veritasinfo.org\/?p=1551&lang=sr\",\"name\":\"Petkovic\u0301 izmi\u0161lja \u201epolitiku terora\u201c dok c\u0301uti o razlozima za pritvaranje srpskih policajaca na Kosovu -\",\"isPartOf\":{\"@id\":\"https:\/\/veritasinfo.org\/#website\"},\"primaryImageOfPage\":{\"@id\":\"https:\/\/veritasinfo.org\/?p=1551&lang=sr#primaryimage\"},\"image\":{\"@id\":\"https:\/\/veritasinfo.org\/?p=1551&lang=sr#primaryimage\"},\"thumbnailUrl\":\"https:\/\/veritasinfo.org\/wp-content\/uploads\/2025\/06\/Policia.jpg\",\"datePublished\":\"2025-06-25T13:13:11+00:00\",\"dateModified\":\"2025-06-25T13:43:03+00:00\",\"author\":{\"@id\":\"https:\/\/veritasinfo.org\/#\/schema\/person\/7701f8c088bece422266b100a712374f\"},\"breadcrumb\":{\"@id\":\"https:\/\/veritasinfo.org\/?p=1551&lang=sr#breadcrumb\"},\"inLanguage\":\"en-US\",\"potentialAction\":[{\"@type\":\"ReadAction\",\"target\":[\"https:\/\/veritasinfo.org\/?p=1551&lang=sr\"]}]},{\"@type\":\"ImageObject\",\"inLanguage\":\"en-US\",\"@id\":\"https:\/\/veritasinfo.org\/?p=1551&lang=sr#primaryimage\",\"url\":\"https:\/\/veritasinfo.org\/wp-content\/uploads\/2025\/06\/Policia.jpg\",\"contentUrl\":\"https:\/\/veritasinfo.org\/wp-content\/uploads\/2025\/06\/Policia.jpg\",\"width\":960,\"height\":480},{\"@type\":\"BreadcrumbList\",\"@id\":\"https:\/\/veritasinfo.org\/?p=1551&lang=sr#breadcrumb\",\"itemListElement\":[{\"@type\":\"ListItem\",\"position\":1,\"name\":\"Home\",\"item\":\"https:\/\/veritasinfo.org\/\"},{\"@type\":\"ListItem\",\"position\":2,\"name\":\"Petkovic\u0301 izmi\u0161lja \u201epolitiku terora\u201c dok c\u0301uti o razlozima za pritvaranje srpskih policajaca na Kosovu\"}]},{\"@type\":\"WebSite\",\"@id\":\"https:\/\/veritasinfo.org\/#website\",\"url\":\"https:\/\/veritasinfo.org\/\",\"name\":\"\",\"description\":\"\",\"potentialAction\":[{\"@type\":\"SearchAction\",\"target\":{\"@type\":\"EntryPoint\",\"urlTemplate\":\"https:\/\/veritasinfo.org\/?s={search_term_string}\"},\"query-input\":{\"@type\":\"PropertyValueSpecification\",\"valueRequired\":true,\"valueName\":\"search_term_string\"}}],\"inLanguage\":\"en-US\"},{\"@type\":\"Person\",\"@id\":\"https:\/\/veritasinfo.org\/#\/schema\/person\/7701f8c088bece422266b100a712374f\",\"name\":\"admin\",\"image\":{\"@type\":\"ImageObject\",\"inLanguage\":\"en-US\",\"@id\":\"https:\/\/veritasinfo.org\/#\/schema\/person\/image\/\",\"url\":\"https:\/\/secure.gravatar.com\/avatar\/ea53aa3bf6c9a12d5fde8ce4deff43fef3885ae33cf60184161a50d6987cfd2f?s=96&d=mm&r=g\",\"contentUrl\":\"https:\/\/secure.gravatar.com\/avatar\/ea53aa3bf6c9a12d5fde8ce4deff43fef3885ae33cf60184161a50d6987cfd2f?s=96&d=mm&r=g\",\"caption\":\"admin\"},\"sameAs\":[\"https:\/\/veritasinfo.org\"],\"url\":\"https:\/\/veritasinfo.org\/?author=1\"}]}<\/script>\n<!-- \/ Yoast SEO plugin. -->","yoast_head_json":{"title":"Petkovic\u0301 izmi\u0161lja \u201epolitiku terora\u201c dok c\u0301uti o razlozima za pritvaranje srpskih policajaca na Kosovu -","robots":{"index":"index","follow":"follow","max-snippet":"max-snippet:-1","max-image-preview":"max-image-preview:large","max-video-preview":"max-video-preview:-1"},"canonical":"https:\/\/veritasinfo.org\/?p=1551&lang=sr","og_locale":"en_US","og_type":"article","og_title":"Petkovic\u0301 izmi\u0161lja \u201epolitiku terora\u201c dok c\u0301uti o razlozima za pritvaranje srpskih policajaca na Kosovu -","og_description":"Kancelarija zadu\u017eena za neprijateljsku propagandu protiv Kosova, takozvana Srpska kancelarija za Kosovo, koju vodi Petar Petkovic\u0301, objavila je da je \u201epo nalogu vr\u0161ioca du\u017enosti premijera,","og_url":"https:\/\/veritasinfo.org\/?p=1551&lang=sr","article_published_time":"2025-06-25T13:13:11+00:00","article_modified_time":"2025-06-25T13:43:03+00:00","og_image":[{"width":960,"height":480,"url":"https:\/\/veritasinfo.org\/wp-content\/uploads\/2025\/06\/Policia.jpg","type":"image\/jpeg"}],"author":"admin","twitter_card":"summary_large_image","twitter_misc":{"Written by":"admin","Est. reading time":"2 minutes"},"schema":{"@context":"https:\/\/schema.org","@graph":[{"@type":"WebPage","@id":"https:\/\/veritasinfo.org\/?p=1551&lang=sr","url":"https:\/\/veritasinfo.org\/?p=1551&lang=sr","name":"Petkovic\u0301 izmi\u0161lja \u201epolitiku terora\u201c dok c\u0301uti o razlozima za pritvaranje srpskih policajaca na Kosovu -","isPartOf":{"@id":"https:\/\/veritasinfo.org\/#website"},"primaryImageOfPage":{"@id":"https:\/\/veritasinfo.org\/?p=1551&lang=sr#primaryimage"},"image":{"@id":"https:\/\/veritasinfo.org\/?p=1551&lang=sr#primaryimage"},"thumbnailUrl":"https:\/\/veritasinfo.org\/wp-content\/uploads\/2025\/06\/Policia.jpg","datePublished":"2025-06-25T13:13:11+00:00","dateModified":"2025-06-25T13:43:03+00:00","author":{"@id":"https:\/\/veritasinfo.org\/#\/schema\/person\/7701f8c088bece422266b100a712374f"},"breadcrumb":{"@id":"https:\/\/veritasinfo.org\/?p=1551&lang=sr#breadcrumb"},"inLanguage":"en-US","potentialAction":[{"@type":"ReadAction","target":["https:\/\/veritasinfo.org\/?p=1551&lang=sr"]}]},{"@type":"ImageObject","inLanguage":"en-US","@id":"https:\/\/veritasinfo.org\/?p=1551&lang=sr#primaryimage","url":"https:\/\/veritasinfo.org\/wp-content\/uploads\/2025\/06\/Policia.jpg","contentUrl":"https:\/\/veritasinfo.org\/wp-content\/uploads\/2025\/06\/Policia.jpg","width":960,"height":480},{"@type":"BreadcrumbList","@id":"https:\/\/veritasinfo.org\/?p=1551&lang=sr#breadcrumb","itemListElement":[{"@type":"ListItem","position":1,"name":"Home","item":"https:\/\/veritasinfo.org\/"},{"@type":"ListItem","position":2,"name":"Petkovic\u0301 izmi\u0161lja \u201epolitiku terora\u201c dok c\u0301uti o razlozima za pritvaranje srpskih policajaca na Kosovu"}]},{"@type":"WebSite","@id":"https:\/\/veritasinfo.org\/#website","url":"https:\/\/veritasinfo.org\/","name":"","description":"","potentialAction":[{"@type":"SearchAction","target":{"@type":"EntryPoint","urlTemplate":"https:\/\/veritasinfo.org\/?s={search_term_string}"},"query-input":{"@type":"PropertyValueSpecification","valueRequired":true,"valueName":"search_term_string"}}],"inLanguage":"en-US"},{"@type":"Person","@id":"https:\/\/veritasinfo.org\/#\/schema\/person\/7701f8c088bece422266b100a712374f","name":"admin","image":{"@type":"ImageObject","inLanguage":"en-US","@id":"https:\/\/veritasinfo.org\/#\/schema\/person\/image\/","url":"https:\/\/secure.gravatar.com\/avatar\/ea53aa3bf6c9a12d5fde8ce4deff43fef3885ae33cf60184161a50d6987cfd2f?s=96&d=mm&r=g","contentUrl":"https:\/\/secure.gravatar.com\/avatar\/ea53aa3bf6c9a12d5fde8ce4deff43fef3885ae33cf60184161a50d6987cfd2f?s=96&d=mm&r=g","caption":"admin"},"sameAs":["https:\/\/veritasinfo.org"],"url":"https:\/\/veritasinfo.org\/?author=1"}]}},"featured_image_urls":{"full":["https:\/\/veritasinfo.org\/wp-content\/uploads\/2025\/06\/Policia.jpg",960,480,false],"thumbnail":["https:\/\/veritasinfo.org\/wp-content\/uploads\/2025\/06\/Policia-150x150.jpg",150,150,true],"medium":["https:\/\/veritasinfo.org\/wp-content\/uploads\/2025\/06\/Policia-300x150.jpg",300,150,true],"medium_large":["https:\/\/veritasinfo.org\/wp-content\/uploads\/2025\/06\/Policia-768x384.jpg",640,320,true],"large":["https:\/\/veritasinfo.org\/wp-content\/uploads\/2025\/06\/Policia.jpg",640,320,false],"1536x1536":["https:\/\/veritasinfo.org\/wp-content\/uploads\/2025\/06\/Policia.jpg",960,480,false],"2048x2048":["https:\/\/veritasinfo.org\/wp-content\/uploads\/2025\/06\/Policia.jpg",960,480,false],"kreeti-slider-full":["https:\/\/veritasinfo.org\/wp-content\/uploads\/2025\/06\/Policia.jpg",960,480,false],"kreeti-featured":["https:\/\/veritasinfo.org\/wp-content\/uploads\/2025\/06\/Policia.jpg",960,480,false],"kreeti-medium":["https:\/\/veritasinfo.org\/wp-content\/uploads\/2025\/06\/Policia.jpg",720,360,false],"kreeti-medium-square":["https:\/\/veritasinfo.org\/wp-content\/uploads\/2025\/06\/Policia.jpg",350,175,false]},"author_info":{"info":["admin"]},"category_info":"<a href=\"https:\/\/veritasinfo.org\/?cat=24&#038;lang=sr\" rel=\"category\">Uncategorized<\/a>","tag_info":"Uncategorized","comment_count":"0","_links":{"self":[{"href":"https:\/\/veritasinfo.org\/index.php?rest_route=\/wp\/v2\/posts\/1551","targetHints":{"allow":["GET"]}}],"collection":[{"href":"https:\/\/veritasinfo.org\/index.php?rest_route=\/wp\/v2\/posts"}],"about":[{"href":"https:\/\/veritasinfo.org\/index.php?rest_route=\/wp\/v2\/types\/post"}],"author":[{"embeddable":true,"href":"https:\/\/veritasinfo.org\/index.php?rest_route=\/wp\/v2\/users\/1"}],"replies":[{"embeddable":true,"href":"https:\/\/veritasinfo.org\/index.php?rest_route=%2Fwp%2Fv2%2Fcomments&post=1551"}],"version-history":[{"count":2,"href":"https:\/\/veritasinfo.org\/index.php?rest_route=\/wp\/v2\/posts\/1551\/revisions"}],"predecessor-version":[{"id":1560,"href":"https:\/\/veritasinfo.org\/index.php?rest_route=\/wp\/v2\/posts\/1551\/revisions\/1560"}],"wp:featuredmedia":[{"embeddable":true,"href":"https:\/\/veritasinfo.org\/index.php?rest_route=\/wp\/v2\/media\/1547"}],"wp:attachment":[{"href":"https:\/\/veritasinfo.org\/index.php?rest_route=%2Fwp%2Fv2%2Fmedia&parent=1551"}],"wp:term":[{"taxonomy":"category","embeddable":true,"href":"https:\/\/veritasinfo.org\/index.php?rest_route=%2Fwp%2Fv2%2Fcategories&post=1551"},{"taxonomy":"post_tag","embeddable":true,"href":"https:\/\/veritasinfo.org\/index.php?rest_route=%2Fwp%2Fv2%2Ftags&post=1551"}],"curies":[{"name":"wp","href":"https:\/\/api.w.org\/{rel}","templated":true}]}}