{"id":1549,"date":"2025-06-25T15:07:25","date_gmt":"2025-06-25T13:07:25","guid":{"rendered":"https:\/\/veritasinfo.org\/?p=1549"},"modified":"2025-06-25T15:07:25","modified_gmt":"2025-06-25T13:07:25","slug":"jedanaesti-pronadjen-u-masovnoj-grobnici-u-lutogllavi-svedok-svedoci-kako-mu-je-ubijen-16-godisnji-brat-i-o-torturama-koje-je-preziveo-kada-su-ga-uhapsile-srpske-snage","status":"publish","type":"post","link":"https:\/\/veritasinfo.org\/?p=1549&lang=sr","title":{"rendered":"Jedanaesti prona\u0111en u masovnoj grobnici u Lutogllavi\u201d \u2013 svedok svedo\u010di kako mu je ubijen 16-godi\u0161nji brat i o torturama koje je pre\u017eiveo kada su ga uhapsile srpske snage"},"content":{"rendered":"<p>Pri\u0161tina, 25.06.2025.<\/p>\n<p>Na Osnovnom sudu u Pri\u0161tini, u su\u0111enju Miloradu \u0110okovi\u0107u za ratne zlo\u010dine u selu Ozdrim, u sredu je pred sudskim ve\u0107em saslu\u0161an svedok Ba\u0161kim Ga\u0161i, koji je ispri\u010dao o zlostavljanjima koja je do\u017eiveo kada su ih uhapsile srpske snage. Tako\u0111e, svedo\u010dio je i o ubistvu svog brata koji je tada imao 16 godina.<\/p>\n<p>&nbsp;<\/p>\n<p>Svedok Ga\u0161i je detaljno ispri\u010dao \u0161ta je pre\u017eiveo 7. maja 1999. u Ozdrimu, kao i patnje koje je do\u017eiveo kada je preba\u010den u Leskovac. Naveo je da se oko trideset ljudi nalazilo u jednoj prostoriji, i da su cele no\u0107i bili prebijani i mu\u010deni, prenosi \u201eBetimi p\u00ebr Drejt\u00ebsi\u201c.<\/p>\n<p>&nbsp;<\/p>\n<p>\u201eBilo nas je 27 ili 30 u jednoj sobi u Leskovcu, celu no\u0107 su ih izvodili i tukli. Meni je bilo lo\u0161e, odveli su me u neki podrum, bio je tu neki lekar, vukli su me, bacali 3-4 metra\u2026 Vukli su me kao fudbalsku loptu, bacali \u2018bum\u2019, a jedan je govorio drugom: \u2018Ti zna\u0161 bolje da udari\u0161\u2019. Ne znam kako sam ostao \u017eiv\u201c, rekao je Ga\u0161i.<\/p>\n<p>&nbsp;<\/p>\n<p>Na pitanje specijalnog tu\u017eioca Kastriota Memaja da li je uspeo da identifikuje nekoga tog kriti\u010dnog dana kada se doga\u0111aj odigrao, svedok je izjavio da jeste, iako su bili iza ograde. Me\u0111u osobama koje je identifikovao bio je i Mumo Vukoti\u0107.<\/p>\n<p>&nbsp;<\/p>\n<p>Za optu\u017eenog \u0110okovi\u0107a je rekao da je bio civil, ali naoru\u017ean i nosio je pancir.<\/p>\n<p>&nbsp;<\/p>\n<p>\u201eI on je bio civil\u2026 nosili su pancire, svi su bili naoru\u017eani\u201c, izjavio je Ga\u0161i.<\/p>\n<p>&nbsp;<\/p>\n<p>Svedok je tako\u0111e ispri\u010dao da je njegov brat, tada 16-godi\u0161njak, ranjen i odveden u bolnicu u Pe\u0107i, ali je godinama kasnije prona\u0111en u masovnoj grobnici u Lutogllavi.<\/p>\n<p>&nbsp;<\/p>\n<p>\u201eBrata su ranili u noge, ja sam video kad su do\u0161li po njega, odveli su ga u bolnicu. M.G., sin mog te\u010de, ranjen je bio u ruku, pitali su ga da li \u017eeli da ostane tu ili da ide u bolnicu \u2013 rekao je da \u017eeli da ide u bolnicu. \u010cak smo mi koji smo ostali tamo zavideli, mislili smo da su spaseni. Ali kad je NATO bombardovao kasarnu u Pe\u0107i, odveli su ih\u2026 s\u00e2m jedanaesti je prona\u0111en u masovnoj grobnici u Lutogllavi\u201c, rekao je Ga\u0161i.<\/p>\n<p>Prema planu Suda, naredni svedok trebao je biti Mentor Ga\u0161i, ali je tu\u017eilac Memaj predlo\u017eio da se njegova izjava samo pro\u010dita, uz obrazlo\u017eenje da on samo opisuje doga\u0111aj i zbog lo\u0161ih uslova u sudnici zbog visokih temperatura. Sudsko ve\u0107e, kojim predsedava sudija Valon Kurtaj, uz saglasnost stranaka u postupku, usvojilo je predlog tu\u017eioca i prekinulo dana\u0161nje ro\u010di\u0161te, zakazav\u0161i naredno za drugi datum.<\/p>\n<p>Prema optu\u017enici sa\u010dinjene 23. juna 2023. godine, Milorad \u0110okovi\u0107 se tereti da je tokom 1998\u20131999. godine, u selu Ozdrim \u2013 op\u0161tina Pe\u0107 i okolnim selima regije Pe\u0107i, kao pripadnik srpskih vojnih i policijskih snaga, u\u010destvovao u ubistvima, pretresima, prebijanjima, mu\u010denjima, hap\u0161enjima, neljudskom i surovom postupanju, dr\u017eanju u uslovima sli\u010dnim ropstvu, progonu i deportaciji desetina albanskih civila. Tako\u0111e se tereti za plja\u010dku, paljenje i uni\u0161tavanje ku\u0107a albanskih civila.<\/p>\n<p>U optu\u017enici se navodi da su iz severnog dela sela Ozdrim, uz regionalni put Pe\u0107 \u2013 Mitrovica, u\u0161li regularna vojska, a sa zapadne strane \u2013 gde se selo grani\u010di sa Vitomiri\u0107em \u2013 paramilitarne grupe i pripadnici specijalnih vojnih jedinica, te su po\u010deli da pucaju na civile. Tom prilikom ubijeno je \u0161est albanskih civila: I.K, Sh.K, E.M, R.Sh, Z.Sh i M.H, a troje ranjenih: A.G, H.G i M.G, najpre su transportovani u bolnicu u Pe\u0107i, a zatim pogubljeni i zakopani u Lutogllavi. Jo\u0161 pet albanskih civila: R.K, Z.K, A.K, A.K i A.Sh, ubijeni su tokom ofanzive, ali njihova tela nikada nisu prona\u0111ena i i dalje se vode kao nestali.<\/p>\n<p>Time se \u0110okovi\u0107 tereti da je kao sau\u010desnik po\u010dinio krivi\u010dno delo \u201eRatni zlo\u010din protiv civilnog stanovni\u0161tva\u201c, ka\u017enjivo prema \u010dlanu 142. u vezi sa \u010dlanom 22. Krivi\u010dnog zakona biv\u0161e SFRJ \u2013 koji je bio na snazi u vreme izvr\u0161enja krivi\u010dnog dela.<\/p>\n<p>Napomena: Lica pomenuta u ovom tekstu smatraju se nevinim dok im se krivica ne doka\u017ee pravosna\u017enom sudskom presudom.<\/p>\n<p>&nbsp;<\/p>\n<p>&nbsp;<\/p>\n","protected":false},"excerpt":{"rendered":"<p>Pri\u0161tina, 25.06.2025. Na Osnovnom sudu u Pri\u0161tini, u su\u0111enju Miloradu \u0110okovi\u0107u za ratne zlo\u010dine u selu Ozdrim, u sredu je pred sudskim ve\u0107em saslu\u0161an svedok<\/p>\n","protected":false},"author":1,"featured_media":1541,"comment_status":"open","ping_status":"open","sticky":false,"template":"","format":"standard","meta":{"footnotes":""},"categories":[30],"tags":[],"class_list":["post-1549","post","type-post","status-publish","format-standard","has-post-thumbnail","hentry","category-drustvo"],"yoast_head":"<!-- This site is optimized with the Yoast SEO plugin v25.3.1 - https:\/\/yoast.com\/wordpress\/plugins\/seo\/ -->\n<title>Jedanaesti prona\u0111en u masovnoj grobnici u Lutogllavi\u201d \u2013 svedok svedo\u010di kako mu je ubijen 16-godi\u0161nji brat i o torturama koje je pre\u017eiveo kada su ga uhapsile srpske snage -<\/title>\n<meta name=\"robots\" content=\"index, follow, max-snippet:-1, max-image-preview:large, max-video-preview:-1\" \/>\n<link rel=\"canonical\" href=\"https:\/\/veritasinfo.org\/?p=1549&lang=sr\" \/>\n<meta property=\"og:locale\" content=\"en_US\" \/>\n<meta property=\"og:type\" content=\"article\" \/>\n<meta property=\"og:title\" content=\"Jedanaesti prona\u0111en u masovnoj grobnici u Lutogllavi\u201d \u2013 svedok svedo\u010di kako mu je ubijen 16-godi\u0161nji brat i o torturama koje je pre\u017eiveo kada su ga uhapsile srpske snage -\" \/>\n<meta property=\"og:description\" content=\"Pri\u0161tina, 25.06.2025. Na Osnovnom sudu u Pri\u0161tini, u su\u0111enju Miloradu \u0110okovi\u0107u za ratne zlo\u010dine u selu Ozdrim, u sredu je pred sudskim ve\u0107em saslu\u0161an svedok\" \/>\n<meta property=\"og:url\" content=\"https:\/\/veritasinfo.org\/?p=1549&amp;lang=sr\" \/>\n<meta property=\"article:published_time\" content=\"2025-06-25T13:07:25+00:00\" \/>\n<meta property=\"og:image\" content=\"https:\/\/veritasinfo.org\/wp-content\/uploads\/2025\/06\/IMG_1565.jpeg\" \/>\n\t<meta property=\"og:image:width\" content=\"2560\" \/>\n\t<meta property=\"og:image:height\" content=\"1441\" \/>\n\t<meta property=\"og:image:type\" content=\"image\/jpeg\" \/>\n<meta name=\"author\" content=\"admin\" \/>\n<meta name=\"twitter:card\" content=\"summary_large_image\" \/>\n<meta name=\"twitter:label1\" content=\"Written by\" \/>\n\t<meta name=\"twitter:data1\" content=\"admin\" \/>\n\t<meta name=\"twitter:label2\" content=\"Est. reading time\" \/>\n\t<meta name=\"twitter:data2\" content=\"4 minutes\" \/>\n<script type=\"application\/ld+json\" class=\"yoast-schema-graph\">{\"@context\":\"https:\/\/schema.org\",\"@graph\":[{\"@type\":\"WebPage\",\"@id\":\"https:\/\/veritasinfo.org\/?p=1549&lang=sr\",\"url\":\"https:\/\/veritasinfo.org\/?p=1549&lang=sr\",\"name\":\"Jedanaesti prona\u0111en u masovnoj grobnici u Lutogllavi\u201d \u2013 svedok svedo\u010di kako mu je ubijen 16-godi\u0161nji brat i o torturama koje je pre\u017eiveo kada su ga uhapsile srpske snage -\",\"isPartOf\":{\"@id\":\"https:\/\/veritasinfo.org\/#website\"},\"primaryImageOfPage\":{\"@id\":\"https:\/\/veritasinfo.org\/?p=1549&lang=sr#primaryimage\"},\"image\":{\"@id\":\"https:\/\/veritasinfo.org\/?p=1549&lang=sr#primaryimage\"},\"thumbnailUrl\":\"https:\/\/veritasinfo.org\/wp-content\/uploads\/2025\/06\/IMG_1565.jpeg\",\"datePublished\":\"2025-06-25T13:07:25+00:00\",\"author\":{\"@id\":\"https:\/\/veritasinfo.org\/#\/schema\/person\/7701f8c088bece422266b100a712374f\"},\"breadcrumb\":{\"@id\":\"https:\/\/veritasinfo.org\/?p=1549&lang=sr#breadcrumb\"},\"inLanguage\":\"en-US\",\"potentialAction\":[{\"@type\":\"ReadAction\",\"target\":[\"https:\/\/veritasinfo.org\/?p=1549&lang=sr\"]}]},{\"@type\":\"ImageObject\",\"inLanguage\":\"en-US\",\"@id\":\"https:\/\/veritasinfo.org\/?p=1549&lang=sr#primaryimage\",\"url\":\"https:\/\/veritasinfo.org\/wp-content\/uploads\/2025\/06\/IMG_1565.jpeg\",\"contentUrl\":\"https:\/\/veritasinfo.org\/wp-content\/uploads\/2025\/06\/IMG_1565.jpeg\",\"width\":2560,\"height\":1441},{\"@type\":\"BreadcrumbList\",\"@id\":\"https:\/\/veritasinfo.org\/?p=1549&lang=sr#breadcrumb\",\"itemListElement\":[{\"@type\":\"ListItem\",\"position\":1,\"name\":\"Home\",\"item\":\"https:\/\/veritasinfo.org\/\"},{\"@type\":\"ListItem\",\"position\":2,\"name\":\"Jedanaesti prona\u0111en u masovnoj grobnici u Lutogllavi\u201d \u2013 svedok svedo\u010di kako mu je ubijen 16-godi\u0161nji brat i o torturama koje je pre\u017eiveo kada su ga uhapsile srpske snage\"}]},{\"@type\":\"WebSite\",\"@id\":\"https:\/\/veritasinfo.org\/#website\",\"url\":\"https:\/\/veritasinfo.org\/\",\"name\":\"\",\"description\":\"\",\"potentialAction\":[{\"@type\":\"SearchAction\",\"target\":{\"@type\":\"EntryPoint\",\"urlTemplate\":\"https:\/\/veritasinfo.org\/?s={search_term_string}\"},\"query-input\":{\"@type\":\"PropertyValueSpecification\",\"valueRequired\":true,\"valueName\":\"search_term_string\"}}],\"inLanguage\":\"en-US\"},{\"@type\":\"Person\",\"@id\":\"https:\/\/veritasinfo.org\/#\/schema\/person\/7701f8c088bece422266b100a712374f\",\"name\":\"admin\",\"image\":{\"@type\":\"ImageObject\",\"inLanguage\":\"en-US\",\"@id\":\"https:\/\/veritasinfo.org\/#\/schema\/person\/image\/\",\"url\":\"https:\/\/secure.gravatar.com\/avatar\/ea53aa3bf6c9a12d5fde8ce4deff43fef3885ae33cf60184161a50d6987cfd2f?s=96&d=mm&r=g\",\"contentUrl\":\"https:\/\/secure.gravatar.com\/avatar\/ea53aa3bf6c9a12d5fde8ce4deff43fef3885ae33cf60184161a50d6987cfd2f?s=96&d=mm&r=g\",\"caption\":\"admin\"},\"sameAs\":[\"https:\/\/veritasinfo.org\"],\"url\":\"https:\/\/veritasinfo.org\/?author=1\"}]}<\/script>\n<!-- \/ Yoast SEO plugin. -->","yoast_head_json":{"title":"Jedanaesti prona\u0111en u masovnoj grobnici u Lutogllavi\u201d \u2013 svedok svedo\u010di kako mu je ubijen 16-godi\u0161nji brat i o torturama koje je pre\u017eiveo kada su ga uhapsile srpske snage -","robots":{"index":"index","follow":"follow","max-snippet":"max-snippet:-1","max-image-preview":"max-image-preview:large","max-video-preview":"max-video-preview:-1"},"canonical":"https:\/\/veritasinfo.org\/?p=1549&lang=sr","og_locale":"en_US","og_type":"article","og_title":"Jedanaesti prona\u0111en u masovnoj grobnici u Lutogllavi\u201d \u2013 svedok svedo\u010di kako mu je ubijen 16-godi\u0161nji brat i o torturama koje je pre\u017eiveo kada su ga uhapsile srpske snage -","og_description":"Pri\u0161tina, 25.06.2025. Na Osnovnom sudu u Pri\u0161tini, u su\u0111enju Miloradu \u0110okovi\u0107u za ratne zlo\u010dine u selu Ozdrim, u sredu je pred sudskim ve\u0107em saslu\u0161an svedok","og_url":"https:\/\/veritasinfo.org\/?p=1549&lang=sr","article_published_time":"2025-06-25T13:07:25+00:00","og_image":[{"width":2560,"height":1441,"url":"https:\/\/veritasinfo.org\/wp-content\/uploads\/2025\/06\/IMG_1565.jpeg","type":"image\/jpeg"}],"author":"admin","twitter_card":"summary_large_image","twitter_misc":{"Written by":"admin","Est. reading time":"4 minutes"},"schema":{"@context":"https:\/\/schema.org","@graph":[{"@type":"WebPage","@id":"https:\/\/veritasinfo.org\/?p=1549&lang=sr","url":"https:\/\/veritasinfo.org\/?p=1549&lang=sr","name":"Jedanaesti prona\u0111en u masovnoj grobnici u Lutogllavi\u201d \u2013 svedok svedo\u010di kako mu je ubijen 16-godi\u0161nji brat i o torturama koje je pre\u017eiveo kada su ga uhapsile srpske snage -","isPartOf":{"@id":"https:\/\/veritasinfo.org\/#website"},"primaryImageOfPage":{"@id":"https:\/\/veritasinfo.org\/?p=1549&lang=sr#primaryimage"},"image":{"@id":"https:\/\/veritasinfo.org\/?p=1549&lang=sr#primaryimage"},"thumbnailUrl":"https:\/\/veritasinfo.org\/wp-content\/uploads\/2025\/06\/IMG_1565.jpeg","datePublished":"2025-06-25T13:07:25+00:00","author":{"@id":"https:\/\/veritasinfo.org\/#\/schema\/person\/7701f8c088bece422266b100a712374f"},"breadcrumb":{"@id":"https:\/\/veritasinfo.org\/?p=1549&lang=sr#breadcrumb"},"inLanguage":"en-US","potentialAction":[{"@type":"ReadAction","target":["https:\/\/veritasinfo.org\/?p=1549&lang=sr"]}]},{"@type":"ImageObject","inLanguage":"en-US","@id":"https:\/\/veritasinfo.org\/?p=1549&lang=sr#primaryimage","url":"https:\/\/veritasinfo.org\/wp-content\/uploads\/2025\/06\/IMG_1565.jpeg","contentUrl":"https:\/\/veritasinfo.org\/wp-content\/uploads\/2025\/06\/IMG_1565.jpeg","width":2560,"height":1441},{"@type":"BreadcrumbList","@id":"https:\/\/veritasinfo.org\/?p=1549&lang=sr#breadcrumb","itemListElement":[{"@type":"ListItem","position":1,"name":"Home","item":"https:\/\/veritasinfo.org\/"},{"@type":"ListItem","position":2,"name":"Jedanaesti prona\u0111en u masovnoj grobnici u Lutogllavi\u201d \u2013 svedok svedo\u010di kako mu je ubijen 16-godi\u0161nji brat i o torturama koje je pre\u017eiveo kada su ga uhapsile srpske snage"}]},{"@type":"WebSite","@id":"https:\/\/veritasinfo.org\/#website","url":"https:\/\/veritasinfo.org\/","name":"","description":"","potentialAction":[{"@type":"SearchAction","target":{"@type":"EntryPoint","urlTemplate":"https:\/\/veritasinfo.org\/?s={search_term_string}"},"query-input":{"@type":"PropertyValueSpecification","valueRequired":true,"valueName":"search_term_string"}}],"inLanguage":"en-US"},{"@type":"Person","@id":"https:\/\/veritasinfo.org\/#\/schema\/person\/7701f8c088bece422266b100a712374f","name":"admin","image":{"@type":"ImageObject","inLanguage":"en-US","@id":"https:\/\/veritasinfo.org\/#\/schema\/person\/image\/","url":"https:\/\/secure.gravatar.com\/avatar\/ea53aa3bf6c9a12d5fde8ce4deff43fef3885ae33cf60184161a50d6987cfd2f?s=96&d=mm&r=g","contentUrl":"https:\/\/secure.gravatar.com\/avatar\/ea53aa3bf6c9a12d5fde8ce4deff43fef3885ae33cf60184161a50d6987cfd2f?s=96&d=mm&r=g","caption":"admin"},"sameAs":["https:\/\/veritasinfo.org"],"url":"https:\/\/veritasinfo.org\/?author=1"}]}},"featured_image_urls":{"full":["https:\/\/veritasinfo.org\/wp-content\/uploads\/2025\/06\/IMG_1565.jpeg",2560,1441,false],"thumbnail":["https:\/\/veritasinfo.org\/wp-content\/uploads\/2025\/06\/IMG_1565-150x150.jpeg",150,150,true],"medium":["https:\/\/veritasinfo.org\/wp-content\/uploads\/2025\/06\/IMG_1565-300x169.jpeg",300,169,true],"medium_large":["https:\/\/veritasinfo.org\/wp-content\/uploads\/2025\/06\/IMG_1565-768x432.jpeg",640,360,true],"large":["https:\/\/veritasinfo.org\/wp-content\/uploads\/2025\/06\/IMG_1565-1024x576.jpeg",640,360,true],"1536x1536":["https:\/\/veritasinfo.org\/wp-content\/uploads\/2025\/06\/IMG_1565-1536x865.jpeg",1536,865,true],"2048x2048":["https:\/\/veritasinfo.org\/wp-content\/uploads\/2025\/06\/IMG_1565-2048x1153.jpeg",2048,1153,true],"kreeti-slider-full":["https:\/\/veritasinfo.org\/wp-content\/uploads\/2025\/06\/IMG_1565.jpeg",1280,720,false],"kreeti-featured":["https:\/\/veritasinfo.org\/wp-content\/uploads\/2025\/06\/IMG_1565.jpeg",1024,576,false],"kreeti-medium":["https:\/\/veritasinfo.org\/wp-content\/uploads\/2025\/06\/IMG_1565.jpeg",720,405,false],"kreeti-medium-square":["https:\/\/veritasinfo.org\/wp-content\/uploads\/2025\/06\/IMG_1565.jpeg",350,197,false]},"author_info":{"info":["admin"]},"category_info":"<a href=\"https:\/\/veritasinfo.org\/?cat=30&#038;lang=sr\" rel=\"category\">Dru\u0161tvo<\/a>","tag_info":"Dru\u0161tvo","comment_count":"0","_links":{"self":[{"href":"https:\/\/veritasinfo.org\/index.php?rest_route=\/wp\/v2\/posts\/1549","targetHints":{"allow":["GET"]}}],"collection":[{"href":"https:\/\/veritasinfo.org\/index.php?rest_route=\/wp\/v2\/posts"}],"about":[{"href":"https:\/\/veritasinfo.org\/index.php?rest_route=\/wp\/v2\/types\/post"}],"author":[{"embeddable":true,"href":"https:\/\/veritasinfo.org\/index.php?rest_route=\/wp\/v2\/users\/1"}],"replies":[{"embeddable":true,"href":"https:\/\/veritasinfo.org\/index.php?rest_route=%2Fwp%2Fv2%2Fcomments&post=1549"}],"version-history":[{"count":1,"href":"https:\/\/veritasinfo.org\/index.php?rest_route=\/wp\/v2\/posts\/1549\/revisions"}],"predecessor-version":[{"id":1550,"href":"https:\/\/veritasinfo.org\/index.php?rest_route=\/wp\/v2\/posts\/1549\/revisions\/1550"}],"wp:featuredmedia":[{"embeddable":true,"href":"https:\/\/veritasinfo.org\/index.php?rest_route=\/wp\/v2\/media\/1541"}],"wp:attachment":[{"href":"https:\/\/veritasinfo.org\/index.php?rest_route=%2Fwp%2Fv2%2Fmedia&parent=1549"}],"wp:term":[{"taxonomy":"category","embeddable":true,"href":"https:\/\/veritasinfo.org\/index.php?rest_route=%2Fwp%2Fv2%2Fcategories&post=1549"},{"taxonomy":"post_tag","embeddable":true,"href":"https:\/\/veritasinfo.org\/index.php?rest_route=%2Fwp%2Fv2%2Ftags&post=1549"}],"curies":[{"name":"wp","href":"https:\/\/api.w.org\/{rel}","templated":true}]}}