{"id":15488,"date":"2025-10-09T11:28:37","date_gmt":"2025-10-09T09:28:37","guid":{"rendered":"https:\/\/veritasinfo.org\/?p=15488"},"modified":"2025-10-09T11:28:37","modified_gmt":"2025-10-09T09:28:37","slug":"ne-secilen-komune-nga-nje-keto-jane-38-qendrat-e-votimit-per-votimin-me-kusht-ne-zgjedhjet-e-12-tetorit","status":"publish","type":"post","link":"https:\/\/veritasinfo.org\/?p=15488","title":{"rendered":"N\u00eb secil\u00ebn komun\u00eb nga nj\u00eb, k\u00ebto jan\u00eb 38 qendrat e votimit p\u00ebr votimin me kusht n\u00eb zgjedhjet e 12 tetorit"},"content":{"rendered":"<p>Prishtin\u00eb 9 Tetor 2025<\/p>\n<p>Komisioni Qendror i Zgjedhjeve ka njoftuar se p\u00ebr t\u00eb mund\u00ebsuar votimin me kusht n\u00eb Zgjedhjet Lokale p\u00ebr Kryetar\u00eb t\u00eb Komunave dhe p\u00ebr Kuvende Komunale, n\u00eb \u00e7do komun\u00eb \u00ebsht\u00eb caktuar nga nj\u00eb Qend\u00ebr Votimi.<\/p>\n<p>Pra, m\u00eb 12 tetor, do t\u00eb hapen 38 Qendra Votimi p\u00ebr votim me kusht, me gjithsej 54 vendvotime.<\/p>\n<p>KQZ ka njoftuar se n\u00eb Zgjedhjet Lokale votimi me kusht lejohet vet\u00ebm brenda komun\u00ebs ku \u00ebsht\u00eb i regjistruar votuesi dhe mund\u00ebsohet n\u00eb qendr\u00ebn e ve\u00e7ant\u00eb p\u00ebr votim me kusht e cila \u00ebsht\u00eb caktuar nga KQZ.<\/p>\n<p>\u201cKQZ mund\u00ebson votimin me kusht p\u00ebr votuesit t\u00eb cil\u00ebt e kan\u00eb emrin n\u00eb list\u00ebn votuese, por p\u00ebr arsye objektive nuk mund t\u00eb votojn\u00eb n\u00eb vendvotimin e tyre t\u00eb rregullt. Num\u00ebrimi i votave me kusht b\u00ebhet n\u00eb Qendr\u00ebn e Num\u00ebrimit dhe Rezultateve, disa dit\u00eb pas dit\u00ebs s\u00eb zgjedhjeve, pas p\u00ebrfundimit t\u00eb procedurave t\u00eb parapara\u201d, thuhet n\u00eb njoftimin e KQZ-s\u00eb.<\/p>\n","protected":false},"excerpt":{"rendered":"<p>Prishtin\u00eb 9 Tetor 2025 Komisioni Qendror i Zgjedhjeve ka njoftuar se p\u00ebr t\u00eb mund\u00ebsuar votimin me kusht n\u00eb Zgjedhjet Lokale p\u00ebr Kryetar\u00eb t\u00eb Komunave dhe<\/p>\n","protected":false},"author":6,"featured_media":15489,"comment_status":"open","ping_status":"open","sticky":false,"template":"","format":"standard","meta":{"footnotes":""},"categories":[8],"tags":[],"class_list":["post-15488","post","type-post","status-publish","format-standard","has-post-thumbnail","hentry","category-blog-sq"],"yoast_head":"<!-- This site is optimized with the Yoast SEO plugin v25.3.1 - https:\/\/yoast.com\/wordpress\/plugins\/seo\/ -->\n<title>N\u00eb secil\u00ebn komun\u00eb nga nj\u00eb, k\u00ebto jan\u00eb 38 qendrat e votimit p\u00ebr votimin me kusht n\u00eb zgjedhjet e 12 tetorit -<\/title>\n<meta name=\"robots\" content=\"index, follow, max-snippet:-1, max-image-preview:large, max-video-preview:-1\" \/>\n<link rel=\"canonical\" href=\"https:\/\/veritasinfo.org\/?p=15488\" \/>\n<meta property=\"og:locale\" content=\"en_US\" \/>\n<meta property=\"og:type\" content=\"article\" \/>\n<meta property=\"og:title\" content=\"N\u00eb secil\u00ebn komun\u00eb nga nj\u00eb, k\u00ebto jan\u00eb 38 qendrat e votimit p\u00ebr votimin me kusht n\u00eb zgjedhjet e 12 tetorit -\" \/>\n<meta property=\"og:description\" content=\"Prishtin\u00eb 9 Tetor 2025 Komisioni Qendror i Zgjedhjeve ka njoftuar se p\u00ebr t\u00eb mund\u00ebsuar votimin me kusht n\u00eb Zgjedhjet Lokale p\u00ebr Kryetar\u00eb t\u00eb Komunave dhe\" \/>\n<meta property=\"og:url\" content=\"https:\/\/veritasinfo.org\/?p=15488\" \/>\n<meta property=\"article:published_time\" content=\"2025-10-09T09:28:37+00:00\" \/>\n<meta property=\"og:image\" content=\"https:\/\/veritasinfo.org\/wp-content\/uploads\/2025\/10\/Imazh-i-WhatsApp-2025-10-09-ne-11.27.59_d9c92794.jpg\" \/>\n\t<meta property=\"og:image:width\" content=\"900\" \/>\n\t<meta property=\"og:image:height\" content=\"570\" \/>\n\t<meta property=\"og:image:type\" content=\"image\/jpeg\" \/>\n<meta name=\"author\" content=\"US5\" \/>\n<meta name=\"twitter:card\" content=\"summary_large_image\" \/>\n<meta name=\"twitter:label1\" content=\"Written by\" \/>\n\t<meta name=\"twitter:data1\" content=\"US5\" \/>\n\t<meta name=\"twitter:label2\" content=\"Est. reading time\" \/>\n\t<meta name=\"twitter:data2\" content=\"1 minute\" \/>\n<script type=\"application\/ld+json\" class=\"yoast-schema-graph\">{\"@context\":\"https:\/\/schema.org\",\"@graph\":[{\"@type\":\"WebPage\",\"@id\":\"https:\/\/veritasinfo.org\/?p=15488\",\"url\":\"https:\/\/veritasinfo.org\/?p=15488\",\"name\":\"N\u00eb secil\u00ebn komun\u00eb nga nj\u00eb, k\u00ebto jan\u00eb 38 qendrat e votimit p\u00ebr votimin me kusht n\u00eb zgjedhjet e 12 tetorit -\",\"isPartOf\":{\"@id\":\"https:\/\/veritasinfo.org\/#website\"},\"primaryImageOfPage\":{\"@id\":\"https:\/\/veritasinfo.org\/?p=15488#primaryimage\"},\"image\":{\"@id\":\"https:\/\/veritasinfo.org\/?p=15488#primaryimage\"},\"thumbnailUrl\":\"https:\/\/veritasinfo.org\/wp-content\/uploads\/2025\/10\/Imazh-i-WhatsApp-2025-10-09-ne-11.27.59_d9c92794.jpg\",\"datePublished\":\"2025-10-09T09:28:37+00:00\",\"author\":{\"@id\":\"https:\/\/veritasinfo.org\/#\/schema\/person\/bc442336e35414d04494ab8fb45db4c6\"},\"breadcrumb\":{\"@id\":\"https:\/\/veritasinfo.org\/?p=15488#breadcrumb\"},\"inLanguage\":\"en-US\",\"potentialAction\":[{\"@type\":\"ReadAction\",\"target\":[\"https:\/\/veritasinfo.org\/?p=15488\"]}]},{\"@type\":\"ImageObject\",\"inLanguage\":\"en-US\",\"@id\":\"https:\/\/veritasinfo.org\/?p=15488#primaryimage\",\"url\":\"https:\/\/veritasinfo.org\/wp-content\/uploads\/2025\/10\/Imazh-i-WhatsApp-2025-10-09-ne-11.27.59_d9c92794.jpg\",\"contentUrl\":\"https:\/\/veritasinfo.org\/wp-content\/uploads\/2025\/10\/Imazh-i-WhatsApp-2025-10-09-ne-11.27.59_d9c92794.jpg\",\"width\":900,\"height\":570},{\"@type\":\"BreadcrumbList\",\"@id\":\"https:\/\/veritasinfo.org\/?p=15488#breadcrumb\",\"itemListElement\":[{\"@type\":\"ListItem\",\"position\":1,\"name\":\"Home\",\"item\":\"https:\/\/veritasinfo.org\/\"},{\"@type\":\"ListItem\",\"position\":2,\"name\":\"N\u00eb secil\u00ebn komun\u00eb nga nj\u00eb, k\u00ebto jan\u00eb 38 qendrat e votimit p\u00ebr votimin me kusht n\u00eb zgjedhjet e 12 tetorit\"}]},{\"@type\":\"WebSite\",\"@id\":\"https:\/\/veritasinfo.org\/#website\",\"url\":\"https:\/\/veritasinfo.org\/\",\"name\":\"\",\"description\":\"\",\"potentialAction\":[{\"@type\":\"SearchAction\",\"target\":{\"@type\":\"EntryPoint\",\"urlTemplate\":\"https:\/\/veritasinfo.org\/?s={search_term_string}\"},\"query-input\":{\"@type\":\"PropertyValueSpecification\",\"valueRequired\":true,\"valueName\":\"search_term_string\"}}],\"inLanguage\":\"en-US\"},{\"@type\":\"Person\",\"@id\":\"https:\/\/veritasinfo.org\/#\/schema\/person\/bc442336e35414d04494ab8fb45db4c6\",\"name\":\"US5\",\"image\":{\"@type\":\"ImageObject\",\"inLanguage\":\"en-US\",\"@id\":\"https:\/\/veritasinfo.org\/#\/schema\/person\/image\/\",\"url\":\"https:\/\/secure.gravatar.com\/avatar\/16a61e7272a0c5d001121ebb9e60e925d5816e4ac1e443ed3e640d9a6ae55d0c?s=96&d=mm&r=g\",\"contentUrl\":\"https:\/\/secure.gravatar.com\/avatar\/16a61e7272a0c5d001121ebb9e60e925d5816e4ac1e443ed3e640d9a6ae55d0c?s=96&d=mm&r=g\",\"caption\":\"US5\"},\"url\":\"https:\/\/veritasinfo.org\/?author=6\"}]}<\/script>\n<!-- \/ Yoast SEO plugin. -->","yoast_head_json":{"title":"N\u00eb secil\u00ebn komun\u00eb nga nj\u00eb, k\u00ebto jan\u00eb 38 qendrat e votimit p\u00ebr votimin me kusht n\u00eb zgjedhjet e 12 tetorit -","robots":{"index":"index","follow":"follow","max-snippet":"max-snippet:-1","max-image-preview":"max-image-preview:large","max-video-preview":"max-video-preview:-1"},"canonical":"https:\/\/veritasinfo.org\/?p=15488","og_locale":"en_US","og_type":"article","og_title":"N\u00eb secil\u00ebn komun\u00eb nga nj\u00eb, k\u00ebto jan\u00eb 38 qendrat e votimit p\u00ebr votimin me kusht n\u00eb zgjedhjet e 12 tetorit -","og_description":"Prishtin\u00eb 9 Tetor 2025 Komisioni Qendror i Zgjedhjeve ka njoftuar se p\u00ebr t\u00eb mund\u00ebsuar votimin me kusht n\u00eb Zgjedhjet Lokale p\u00ebr Kryetar\u00eb t\u00eb Komunave dhe","og_url":"https:\/\/veritasinfo.org\/?p=15488","article_published_time":"2025-10-09T09:28:37+00:00","og_image":[{"width":900,"height":570,"url":"https:\/\/veritasinfo.org\/wp-content\/uploads\/2025\/10\/Imazh-i-WhatsApp-2025-10-09-ne-11.27.59_d9c92794.jpg","type":"image\/jpeg"}],"author":"US5","twitter_card":"summary_large_image","twitter_misc":{"Written by":"US5","Est. reading time":"1 minute"},"schema":{"@context":"https:\/\/schema.org","@graph":[{"@type":"WebPage","@id":"https:\/\/veritasinfo.org\/?p=15488","url":"https:\/\/veritasinfo.org\/?p=15488","name":"N\u00eb secil\u00ebn komun\u00eb nga nj\u00eb, k\u00ebto jan\u00eb 38 qendrat e votimit p\u00ebr votimin me kusht n\u00eb zgjedhjet e 12 tetorit -","isPartOf":{"@id":"https:\/\/veritasinfo.org\/#website"},"primaryImageOfPage":{"@id":"https:\/\/veritasinfo.org\/?p=15488#primaryimage"},"image":{"@id":"https:\/\/veritasinfo.org\/?p=15488#primaryimage"},"thumbnailUrl":"https:\/\/veritasinfo.org\/wp-content\/uploads\/2025\/10\/Imazh-i-WhatsApp-2025-10-09-ne-11.27.59_d9c92794.jpg","datePublished":"2025-10-09T09:28:37+00:00","author":{"@id":"https:\/\/veritasinfo.org\/#\/schema\/person\/bc442336e35414d04494ab8fb45db4c6"},"breadcrumb":{"@id":"https:\/\/veritasinfo.org\/?p=15488#breadcrumb"},"inLanguage":"en-US","potentialAction":[{"@type":"ReadAction","target":["https:\/\/veritasinfo.org\/?p=15488"]}]},{"@type":"ImageObject","inLanguage":"en-US","@id":"https:\/\/veritasinfo.org\/?p=15488#primaryimage","url":"https:\/\/veritasinfo.org\/wp-content\/uploads\/2025\/10\/Imazh-i-WhatsApp-2025-10-09-ne-11.27.59_d9c92794.jpg","contentUrl":"https:\/\/veritasinfo.org\/wp-content\/uploads\/2025\/10\/Imazh-i-WhatsApp-2025-10-09-ne-11.27.59_d9c92794.jpg","width":900,"height":570},{"@type":"BreadcrumbList","@id":"https:\/\/veritasinfo.org\/?p=15488#breadcrumb","itemListElement":[{"@type":"ListItem","position":1,"name":"Home","item":"https:\/\/veritasinfo.org\/"},{"@type":"ListItem","position":2,"name":"N\u00eb secil\u00ebn komun\u00eb nga nj\u00eb, k\u00ebto jan\u00eb 38 qendrat e votimit p\u00ebr votimin me kusht n\u00eb zgjedhjet e 12 tetorit"}]},{"@type":"WebSite","@id":"https:\/\/veritasinfo.org\/#website","url":"https:\/\/veritasinfo.org\/","name":"","description":"","potentialAction":[{"@type":"SearchAction","target":{"@type":"EntryPoint","urlTemplate":"https:\/\/veritasinfo.org\/?s={search_term_string}"},"query-input":{"@type":"PropertyValueSpecification","valueRequired":true,"valueName":"search_term_string"}}],"inLanguage":"en-US"},{"@type":"Person","@id":"https:\/\/veritasinfo.org\/#\/schema\/person\/bc442336e35414d04494ab8fb45db4c6","name":"US5","image":{"@type":"ImageObject","inLanguage":"en-US","@id":"https:\/\/veritasinfo.org\/#\/schema\/person\/image\/","url":"https:\/\/secure.gravatar.com\/avatar\/16a61e7272a0c5d001121ebb9e60e925d5816e4ac1e443ed3e640d9a6ae55d0c?s=96&d=mm&r=g","contentUrl":"https:\/\/secure.gravatar.com\/avatar\/16a61e7272a0c5d001121ebb9e60e925d5816e4ac1e443ed3e640d9a6ae55d0c?s=96&d=mm&r=g","caption":"US5"},"url":"https:\/\/veritasinfo.org\/?author=6"}]}},"featured_image_urls":{"full":["https:\/\/veritasinfo.org\/wp-content\/uploads\/2025\/10\/Imazh-i-WhatsApp-2025-10-09-ne-11.27.59_d9c92794.jpg",900,570,false],"thumbnail":["https:\/\/veritasinfo.org\/wp-content\/uploads\/2025\/10\/Imazh-i-WhatsApp-2025-10-09-ne-11.27.59_d9c92794-150x150.jpg",150,150,true],"medium":["https:\/\/veritasinfo.org\/wp-content\/uploads\/2025\/10\/Imazh-i-WhatsApp-2025-10-09-ne-11.27.59_d9c92794-300x190.jpg",300,190,true],"medium_large":["https:\/\/veritasinfo.org\/wp-content\/uploads\/2025\/10\/Imazh-i-WhatsApp-2025-10-09-ne-11.27.59_d9c92794-768x486.jpg",640,405,true],"large":["https:\/\/veritasinfo.org\/wp-content\/uploads\/2025\/10\/Imazh-i-WhatsApp-2025-10-09-ne-11.27.59_d9c92794.jpg",640,405,false],"1536x1536":["https:\/\/veritasinfo.org\/wp-content\/uploads\/2025\/10\/Imazh-i-WhatsApp-2025-10-09-ne-11.27.59_d9c92794.jpg",900,570,false],"2048x2048":["https:\/\/veritasinfo.org\/wp-content\/uploads\/2025\/10\/Imazh-i-WhatsApp-2025-10-09-ne-11.27.59_d9c92794.jpg",900,570,false],"kreeti-slider-full":["https:\/\/veritasinfo.org\/wp-content\/uploads\/2025\/10\/Imazh-i-WhatsApp-2025-10-09-ne-11.27.59_d9c92794.jpg",900,570,false],"kreeti-featured":["https:\/\/veritasinfo.org\/wp-content\/uploads\/2025\/10\/Imazh-i-WhatsApp-2025-10-09-ne-11.27.59_d9c92794.jpg",900,570,false],"kreeti-medium":["https:\/\/veritasinfo.org\/wp-content\/uploads\/2025\/10\/Imazh-i-WhatsApp-2025-10-09-ne-11.27.59_d9c92794.jpg",720,456,false],"kreeti-medium-square":["https:\/\/veritasinfo.org\/wp-content\/uploads\/2025\/10\/Imazh-i-WhatsApp-2025-10-09-ne-11.27.59_d9c92794.jpg",350,222,false]},"author_info":{"info":["US5"]},"category_info":"<a href=\"https:\/\/veritasinfo.org\/?cat=8\" rel=\"category\">Zgjedhjet parlamentare 2025<\/a>","tag_info":"Zgjedhjet parlamentare 2025","comment_count":"0","_links":{"self":[{"href":"https:\/\/veritasinfo.org\/index.php?rest_route=\/wp\/v2\/posts\/15488","targetHints":{"allow":["GET"]}}],"collection":[{"href":"https:\/\/veritasinfo.org\/index.php?rest_route=\/wp\/v2\/posts"}],"about":[{"href":"https:\/\/veritasinfo.org\/index.php?rest_route=\/wp\/v2\/types\/post"}],"author":[{"embeddable":true,"href":"https:\/\/veritasinfo.org\/index.php?rest_route=\/wp\/v2\/users\/6"}],"replies":[{"embeddable":true,"href":"https:\/\/veritasinfo.org\/index.php?rest_route=%2Fwp%2Fv2%2Fcomments&post=15488"}],"version-history":[{"count":1,"href":"https:\/\/veritasinfo.org\/index.php?rest_route=\/wp\/v2\/posts\/15488\/revisions"}],"predecessor-version":[{"id":15490,"href":"https:\/\/veritasinfo.org\/index.php?rest_route=\/wp\/v2\/posts\/15488\/revisions\/15490"}],"wp:featuredmedia":[{"embeddable":true,"href":"https:\/\/veritasinfo.org\/index.php?rest_route=\/wp\/v2\/media\/15489"}],"wp:attachment":[{"href":"https:\/\/veritasinfo.org\/index.php?rest_route=%2Fwp%2Fv2%2Fmedia&parent=15488"}],"wp:term":[{"taxonomy":"category","embeddable":true,"href":"https:\/\/veritasinfo.org\/index.php?rest_route=%2Fwp%2Fv2%2Fcategories&post=15488"},{"taxonomy":"post_tag","embeddable":true,"href":"https:\/\/veritasinfo.org\/index.php?rest_route=%2Fwp%2Fv2%2Ftags&post=15488"}],"curies":[{"name":"wp","href":"https:\/\/api.w.org\/{rel}","templated":true}]}}