{"id":15456,"date":"2025-10-09T08:39:10","date_gmt":"2025-10-09T06:39:10","guid":{"rendered":"https:\/\/veritasinfo.org\/?p=15456"},"modified":"2025-10-09T08:40:28","modified_gmt":"2025-10-09T06:40:28","slug":"sllavko-simiq-del-sot-para-gjykates-per-sulmin-ndaj-gazetareve-ne-protesten-e-vitit-2023","status":"publish","type":"post","link":"https:\/\/veritasinfo.org\/?p=15456","title":{"rendered":"Sllavko Simiq del sot para Gjykat\u00ebs p\u00ebr sulmin ndaj gazetar\u00ebve n\u00eb protest\u00ebn e vitit 2023"},"content":{"rendered":"<p>Mitrovic\u00eb 9 Tetor 2025<\/p>\n<p>Sot Gjykat\u00ebn Themelore t\u00eb Mitrovic\u00ebs, vazhdon seanca ndaj n\u00ebnkryetarit t\u00eb List\u00ebs Serbe dhe deputetit t\u00eb Kuvendit t\u00eb Kosov\u00ebs, Sllavko Simiq, si dhe Urosh Vukashinoviqit p\u00ebr sulmin fizik kund\u00ebr gazetar\u00ebve n\u00eb protest\u00ebn e 2023-s n\u00eb Leposaviq, ku pati edhe shum\u00eb t\u00eb l\u00ebnduar.<\/p>\n<p>Seanca e caktuar me 18 shator nuk i mbajt dhe ishte shtyr\u00eb p\u00ebr dat\u00ebn 9 tetor, p\u00ebr shkak t\u00eb pretendimeve nga mbrojtja se nuk jan\u00eb pranuar shkresat e nevojshme nga Prokuroria.<\/p>\n<div class=\"jeg_ad jeg_ad_article jnews_content_inline_ads \">\n<div class=\"ads-wrapper align-center \"><\/div>\n<\/div>\n<p>Sipas aktakuz\u00ebs s\u00eb Prokuroris\u00eb Themelore n\u00eb Mitrovic\u00eb, Sllavko Simiq dyshohet se ka nxitur protestuesit q\u00eb t`i sulmojn\u00eb mediat, nd\u00ebrsa Urosh Vukashinoviq \u00ebsht\u00eb i dyshuar p\u00ebr pjes\u00ebmarrje aktive n\u00eb dhun\u00eb.<\/p>\n<p>T\u00eb dy t\u00eb akuzuarit po p\u00ebrballen me akuza t\u00eb r\u00ebnda n\u00eb lidhje me ngjarjet e dat\u00ebs 16 qershor 2023, kur gjat\u00eb nj\u00eb proteste n\u00eb Leposaviq, gazetar\u00ebt shqiptar\u00eb u sulmuan fizikisht dhe me mjete t\u00eb forta nga turma e protestuesve.<\/p>\n<p>Prokuroria e ngarkon Simiqin me vepr\u00ebn penale \u201cPjes\u00ebmarrje n\u00eb turm\u00eb q\u00eb kreu vep\u00ebr penale dhe huliganiz\u00ebm\u201d, nd\u00ebrsa Vukashinoviqin me \u201cSulm\u201d dhe t\u00eb nj\u00ebjt\u00ebn vep\u00ebr penale t\u00eb turm\u00ebs. Gjat\u00eb incidentit, dy gazetar\u00eb kan\u00eb p\u00ebsuar l\u00ebndime t\u00eb r\u00ebnda trupore nga goditjet me grushte, shqelma, tulla, boj\u00eb dhe mjete t\u00eb tjera.<\/p>\n<p>Shtyrja e seanc\u00ebs erdhi pasi avokat\u00ebt e t\u00eb akuzuarve pretenduan se shkresat nuk ishin pranuar plot\u00ebsisht ose fare.<\/p>\n<p>Pritet q\u00eb p\u00ebr seanc\u00ebn t\u00eb ftohen edhe gazetar\u00ebt.<\/p>\n","protected":false},"excerpt":{"rendered":"<p>Mitrovic\u00eb 9 Tetor 2025 Sot Gjykat\u00ebn Themelore t\u00eb Mitrovic\u00ebs, vazhdon seanca ndaj n\u00ebnkryetarit t\u00eb List\u00ebs Serbe dhe deputetit t\u00eb Kuvendit t\u00eb Kosov\u00ebs, Sllavko Simiq, si<\/p>\n","protected":false},"author":6,"featured_media":15457,"comment_status":"open","ping_status":"open","sticky":false,"template":"","format":"standard","meta":{"footnotes":""},"categories":[60],"tags":[],"class_list":["post-15456","post","type-post","status-publish","format-standard","has-post-thumbnail","hentry","category-shoqerore-sq"],"yoast_head":"<!-- This site is optimized with the Yoast SEO plugin v25.3.1 - https:\/\/yoast.com\/wordpress\/plugins\/seo\/ -->\n<title>Sllavko Simiq del sot para Gjykat\u00ebs p\u00ebr sulmin ndaj gazetar\u00ebve n\u00eb protest\u00ebn e vitit 2023 -<\/title>\n<meta name=\"robots\" content=\"index, follow, max-snippet:-1, max-image-preview:large, max-video-preview:-1\" \/>\n<link rel=\"canonical\" href=\"https:\/\/veritasinfo.org\/?p=15456\" \/>\n<meta property=\"og:locale\" content=\"en_US\" \/>\n<meta property=\"og:type\" content=\"article\" \/>\n<meta property=\"og:title\" content=\"Sllavko Simiq del sot para Gjykat\u00ebs p\u00ebr sulmin ndaj gazetar\u00ebve n\u00eb protest\u00ebn e vitit 2023 -\" \/>\n<meta property=\"og:description\" content=\"Mitrovic\u00eb 9 Tetor 2025 Sot Gjykat\u00ebn Themelore t\u00eb Mitrovic\u00ebs, vazhdon seanca ndaj n\u00ebnkryetarit t\u00eb List\u00ebs Serbe dhe deputetit t\u00eb Kuvendit t\u00eb Kosov\u00ebs, Sllavko Simiq, si\" \/>\n<meta property=\"og:url\" content=\"https:\/\/veritasinfo.org\/?p=15456\" \/>\n<meta property=\"article:published_time\" content=\"2025-10-09T06:39:10+00:00\" \/>\n<meta property=\"article:modified_time\" content=\"2025-10-09T06:40:28+00:00\" \/>\n<meta property=\"og:image\" content=\"https:\/\/veritasinfo.org\/wp-content\/uploads\/2025\/10\/Imazh-i-WhatsApp-2025-10-09-ne-08.38.38_6f21cfde.jpg\" \/>\n\t<meta property=\"og:image:width\" content=\"600\" \/>\n\t<meta property=\"og:image:height\" content=\"360\" \/>\n\t<meta property=\"og:image:type\" content=\"image\/jpeg\" \/>\n<meta name=\"author\" content=\"US5\" \/>\n<meta name=\"twitter:card\" content=\"summary_large_image\" \/>\n<meta name=\"twitter:label1\" content=\"Written by\" \/>\n\t<meta name=\"twitter:data1\" content=\"US5\" \/>\n\t<meta name=\"twitter:label2\" content=\"Est. reading time\" \/>\n\t<meta name=\"twitter:data2\" content=\"2 minutes\" \/>\n<script type=\"application\/ld+json\" class=\"yoast-schema-graph\">{\"@context\":\"https:\/\/schema.org\",\"@graph\":[{\"@type\":\"WebPage\",\"@id\":\"https:\/\/veritasinfo.org\/?p=15456\",\"url\":\"https:\/\/veritasinfo.org\/?p=15456\",\"name\":\"Sllavko Simiq del sot para Gjykat\u00ebs p\u00ebr sulmin ndaj gazetar\u00ebve n\u00eb protest\u00ebn e vitit 2023 -\",\"isPartOf\":{\"@id\":\"https:\/\/veritasinfo.org\/#website\"},\"primaryImageOfPage\":{\"@id\":\"https:\/\/veritasinfo.org\/?p=15456#primaryimage\"},\"image\":{\"@id\":\"https:\/\/veritasinfo.org\/?p=15456#primaryimage\"},\"thumbnailUrl\":\"https:\/\/veritasinfo.org\/wp-content\/uploads\/2025\/10\/Imazh-i-WhatsApp-2025-10-09-ne-08.38.38_6f21cfde.jpg\",\"datePublished\":\"2025-10-09T06:39:10+00:00\",\"dateModified\":\"2025-10-09T06:40:28+00:00\",\"author\":{\"@id\":\"https:\/\/veritasinfo.org\/#\/schema\/person\/bc442336e35414d04494ab8fb45db4c6\"},\"breadcrumb\":{\"@id\":\"https:\/\/veritasinfo.org\/?p=15456#breadcrumb\"},\"inLanguage\":\"en-US\",\"potentialAction\":[{\"@type\":\"ReadAction\",\"target\":[\"https:\/\/veritasinfo.org\/?p=15456\"]}]},{\"@type\":\"ImageObject\",\"inLanguage\":\"en-US\",\"@id\":\"https:\/\/veritasinfo.org\/?p=15456#primaryimage\",\"url\":\"https:\/\/veritasinfo.org\/wp-content\/uploads\/2025\/10\/Imazh-i-WhatsApp-2025-10-09-ne-08.38.38_6f21cfde.jpg\",\"contentUrl\":\"https:\/\/veritasinfo.org\/wp-content\/uploads\/2025\/10\/Imazh-i-WhatsApp-2025-10-09-ne-08.38.38_6f21cfde.jpg\",\"width\":600,\"height\":360},{\"@type\":\"BreadcrumbList\",\"@id\":\"https:\/\/veritasinfo.org\/?p=15456#breadcrumb\",\"itemListElement\":[{\"@type\":\"ListItem\",\"position\":1,\"name\":\"Home\",\"item\":\"https:\/\/veritasinfo.org\/\"},{\"@type\":\"ListItem\",\"position\":2,\"name\":\"Sllavko Simiq del sot para Gjykat\u00ebs p\u00ebr sulmin ndaj gazetar\u00ebve n\u00eb protest\u00ebn e vitit 2023\"}]},{\"@type\":\"WebSite\",\"@id\":\"https:\/\/veritasinfo.org\/#website\",\"url\":\"https:\/\/veritasinfo.org\/\",\"name\":\"\",\"description\":\"\",\"potentialAction\":[{\"@type\":\"SearchAction\",\"target\":{\"@type\":\"EntryPoint\",\"urlTemplate\":\"https:\/\/veritasinfo.org\/?s={search_term_string}\"},\"query-input\":{\"@type\":\"PropertyValueSpecification\",\"valueRequired\":true,\"valueName\":\"search_term_string\"}}],\"inLanguage\":\"en-US\"},{\"@type\":\"Person\",\"@id\":\"https:\/\/veritasinfo.org\/#\/schema\/person\/bc442336e35414d04494ab8fb45db4c6\",\"name\":\"US5\",\"image\":{\"@type\":\"ImageObject\",\"inLanguage\":\"en-US\",\"@id\":\"https:\/\/veritasinfo.org\/#\/schema\/person\/image\/\",\"url\":\"https:\/\/secure.gravatar.com\/avatar\/16a61e7272a0c5d001121ebb9e60e925d5816e4ac1e443ed3e640d9a6ae55d0c?s=96&d=mm&r=g\",\"contentUrl\":\"https:\/\/secure.gravatar.com\/avatar\/16a61e7272a0c5d001121ebb9e60e925d5816e4ac1e443ed3e640d9a6ae55d0c?s=96&d=mm&r=g\",\"caption\":\"US5\"},\"url\":\"https:\/\/veritasinfo.org\/?author=6\"}]}<\/script>\n<!-- \/ Yoast SEO plugin. -->","yoast_head_json":{"title":"Sllavko Simiq del sot para Gjykat\u00ebs p\u00ebr sulmin ndaj gazetar\u00ebve n\u00eb protest\u00ebn e vitit 2023 -","robots":{"index":"index","follow":"follow","max-snippet":"max-snippet:-1","max-image-preview":"max-image-preview:large","max-video-preview":"max-video-preview:-1"},"canonical":"https:\/\/veritasinfo.org\/?p=15456","og_locale":"en_US","og_type":"article","og_title":"Sllavko Simiq del sot para Gjykat\u00ebs p\u00ebr sulmin ndaj gazetar\u00ebve n\u00eb protest\u00ebn e vitit 2023 -","og_description":"Mitrovic\u00eb 9 Tetor 2025 Sot Gjykat\u00ebn Themelore t\u00eb Mitrovic\u00ebs, vazhdon seanca ndaj n\u00ebnkryetarit t\u00eb List\u00ebs Serbe dhe deputetit t\u00eb Kuvendit t\u00eb Kosov\u00ebs, Sllavko Simiq, si","og_url":"https:\/\/veritasinfo.org\/?p=15456","article_published_time":"2025-10-09T06:39:10+00:00","article_modified_time":"2025-10-09T06:40:28+00:00","og_image":[{"width":600,"height":360,"url":"https:\/\/veritasinfo.org\/wp-content\/uploads\/2025\/10\/Imazh-i-WhatsApp-2025-10-09-ne-08.38.38_6f21cfde.jpg","type":"image\/jpeg"}],"author":"US5","twitter_card":"summary_large_image","twitter_misc":{"Written by":"US5","Est. reading time":"2 minutes"},"schema":{"@context":"https:\/\/schema.org","@graph":[{"@type":"WebPage","@id":"https:\/\/veritasinfo.org\/?p=15456","url":"https:\/\/veritasinfo.org\/?p=15456","name":"Sllavko Simiq del sot para Gjykat\u00ebs p\u00ebr sulmin ndaj gazetar\u00ebve n\u00eb protest\u00ebn e vitit 2023 -","isPartOf":{"@id":"https:\/\/veritasinfo.org\/#website"},"primaryImageOfPage":{"@id":"https:\/\/veritasinfo.org\/?p=15456#primaryimage"},"image":{"@id":"https:\/\/veritasinfo.org\/?p=15456#primaryimage"},"thumbnailUrl":"https:\/\/veritasinfo.org\/wp-content\/uploads\/2025\/10\/Imazh-i-WhatsApp-2025-10-09-ne-08.38.38_6f21cfde.jpg","datePublished":"2025-10-09T06:39:10+00:00","dateModified":"2025-10-09T06:40:28+00:00","author":{"@id":"https:\/\/veritasinfo.org\/#\/schema\/person\/bc442336e35414d04494ab8fb45db4c6"},"breadcrumb":{"@id":"https:\/\/veritasinfo.org\/?p=15456#breadcrumb"},"inLanguage":"en-US","potentialAction":[{"@type":"ReadAction","target":["https:\/\/veritasinfo.org\/?p=15456"]}]},{"@type":"ImageObject","inLanguage":"en-US","@id":"https:\/\/veritasinfo.org\/?p=15456#primaryimage","url":"https:\/\/veritasinfo.org\/wp-content\/uploads\/2025\/10\/Imazh-i-WhatsApp-2025-10-09-ne-08.38.38_6f21cfde.jpg","contentUrl":"https:\/\/veritasinfo.org\/wp-content\/uploads\/2025\/10\/Imazh-i-WhatsApp-2025-10-09-ne-08.38.38_6f21cfde.jpg","width":600,"height":360},{"@type":"BreadcrumbList","@id":"https:\/\/veritasinfo.org\/?p=15456#breadcrumb","itemListElement":[{"@type":"ListItem","position":1,"name":"Home","item":"https:\/\/veritasinfo.org\/"},{"@type":"ListItem","position":2,"name":"Sllavko Simiq del sot para Gjykat\u00ebs p\u00ebr sulmin ndaj gazetar\u00ebve n\u00eb protest\u00ebn e vitit 2023"}]},{"@type":"WebSite","@id":"https:\/\/veritasinfo.org\/#website","url":"https:\/\/veritasinfo.org\/","name":"","description":"","potentialAction":[{"@type":"SearchAction","target":{"@type":"EntryPoint","urlTemplate":"https:\/\/veritasinfo.org\/?s={search_term_string}"},"query-input":{"@type":"PropertyValueSpecification","valueRequired":true,"valueName":"search_term_string"}}],"inLanguage":"en-US"},{"@type":"Person","@id":"https:\/\/veritasinfo.org\/#\/schema\/person\/bc442336e35414d04494ab8fb45db4c6","name":"US5","image":{"@type":"ImageObject","inLanguage":"en-US","@id":"https:\/\/veritasinfo.org\/#\/schema\/person\/image\/","url":"https:\/\/secure.gravatar.com\/avatar\/16a61e7272a0c5d001121ebb9e60e925d5816e4ac1e443ed3e640d9a6ae55d0c?s=96&d=mm&r=g","contentUrl":"https:\/\/secure.gravatar.com\/avatar\/16a61e7272a0c5d001121ebb9e60e925d5816e4ac1e443ed3e640d9a6ae55d0c?s=96&d=mm&r=g","caption":"US5"},"url":"https:\/\/veritasinfo.org\/?author=6"}]}},"featured_image_urls":{"full":["https:\/\/veritasinfo.org\/wp-content\/uploads\/2025\/10\/Imazh-i-WhatsApp-2025-10-09-ne-08.38.38_6f21cfde.jpg",600,360,false],"thumbnail":["https:\/\/veritasinfo.org\/wp-content\/uploads\/2025\/10\/Imazh-i-WhatsApp-2025-10-09-ne-08.38.38_6f21cfde-150x150.jpg",150,150,true],"medium":["https:\/\/veritasinfo.org\/wp-content\/uploads\/2025\/10\/Imazh-i-WhatsApp-2025-10-09-ne-08.38.38_6f21cfde-300x180.jpg",300,180,true],"medium_large":["https:\/\/veritasinfo.org\/wp-content\/uploads\/2025\/10\/Imazh-i-WhatsApp-2025-10-09-ne-08.38.38_6f21cfde.jpg",600,360,false],"large":["https:\/\/veritasinfo.org\/wp-content\/uploads\/2025\/10\/Imazh-i-WhatsApp-2025-10-09-ne-08.38.38_6f21cfde.jpg",600,360,false],"1536x1536":["https:\/\/veritasinfo.org\/wp-content\/uploads\/2025\/10\/Imazh-i-WhatsApp-2025-10-09-ne-08.38.38_6f21cfde.jpg",600,360,false],"2048x2048":["https:\/\/veritasinfo.org\/wp-content\/uploads\/2025\/10\/Imazh-i-WhatsApp-2025-10-09-ne-08.38.38_6f21cfde.jpg",600,360,false],"kreeti-slider-full":["https:\/\/veritasinfo.org\/wp-content\/uploads\/2025\/10\/Imazh-i-WhatsApp-2025-10-09-ne-08.38.38_6f21cfde.jpg",600,360,false],"kreeti-featured":["https:\/\/veritasinfo.org\/wp-content\/uploads\/2025\/10\/Imazh-i-WhatsApp-2025-10-09-ne-08.38.38_6f21cfde.jpg",600,360,false],"kreeti-medium":["https:\/\/veritasinfo.org\/wp-content\/uploads\/2025\/10\/Imazh-i-WhatsApp-2025-10-09-ne-08.38.38_6f21cfde.jpg",600,360,false],"kreeti-medium-square":["https:\/\/veritasinfo.org\/wp-content\/uploads\/2025\/10\/Imazh-i-WhatsApp-2025-10-09-ne-08.38.38_6f21cfde.jpg",350,210,false]},"author_info":{"info":["US5"]},"category_info":"<a href=\"https:\/\/veritasinfo.org\/?cat=60\" rel=\"category\">Shoq\u00ebrore<\/a>","tag_info":"Shoq\u00ebrore","comment_count":"0","_links":{"self":[{"href":"https:\/\/veritasinfo.org\/index.php?rest_route=\/wp\/v2\/posts\/15456","targetHints":{"allow":["GET"]}}],"collection":[{"href":"https:\/\/veritasinfo.org\/index.php?rest_route=\/wp\/v2\/posts"}],"about":[{"href":"https:\/\/veritasinfo.org\/index.php?rest_route=\/wp\/v2\/types\/post"}],"author":[{"embeddable":true,"href":"https:\/\/veritasinfo.org\/index.php?rest_route=\/wp\/v2\/users\/6"}],"replies":[{"embeddable":true,"href":"https:\/\/veritasinfo.org\/index.php?rest_route=%2Fwp%2Fv2%2Fcomments&post=15456"}],"version-history":[{"count":2,"href":"https:\/\/veritasinfo.org\/index.php?rest_route=\/wp\/v2\/posts\/15456\/revisions"}],"predecessor-version":[{"id":15460,"href":"https:\/\/veritasinfo.org\/index.php?rest_route=\/wp\/v2\/posts\/15456\/revisions\/15460"}],"wp:featuredmedia":[{"embeddable":true,"href":"https:\/\/veritasinfo.org\/index.php?rest_route=\/wp\/v2\/media\/15457"}],"wp:attachment":[{"href":"https:\/\/veritasinfo.org\/index.php?rest_route=%2Fwp%2Fv2%2Fmedia&parent=15456"}],"wp:term":[{"taxonomy":"category","embeddable":true,"href":"https:\/\/veritasinfo.org\/index.php?rest_route=%2Fwp%2Fv2%2Fcategories&post=15456"},{"taxonomy":"post_tag","embeddable":true,"href":"https:\/\/veritasinfo.org\/index.php?rest_route=%2Fwp%2Fv2%2Ftags&post=15456"}],"curies":[{"name":"wp","href":"https:\/\/api.w.org\/{rel}","templated":true}]}}