{"id":15345,"date":"2025-10-08T08:49:27","date_gmt":"2025-10-08T06:49:27","guid":{"rendered":"https:\/\/veritasinfo.org\/?p=15345"},"modified":"2025-10-08T08:49:27","modified_gmt":"2025-10-08T06:49:27","slug":"qytetaret-e-mitrovices-se-veriut-me-e-rendesishme-eshte-jeta-normale-jo-alfabeti","status":"publish","type":"post","link":"https:\/\/veritasinfo.org\/?p=15345","title":{"rendered":"Qytetar\u00ebt e Mitrovic\u00ebs s\u00eb Veriut: M\u00eb e r\u00ebnd\u00ebsishme \u00ebsht\u00eb jeta normale, jo alfabeti"},"content":{"rendered":"<p>Mitrovic\u00eb e Veriut, 8 tetor 2025<\/p>\n<p>Ndryshimi i mbishkrimeve publike n\u00eb Mitrovic\u00ebn e Veriut \u2013 nga cirilik\u00eb n\u00eb latinic\u00eb \u2013 ka shkaktuar reagime t\u00eb ndara mes qytetar\u00ebve.<br \/>\nNd\u00ebrsa nj\u00eb pjes\u00eb e banor\u00ebve reagojn\u00eb ashp\u00ebr ndaj z\u00ebvend\u00ebsimit t\u00eb tabelave n\u00eb cirilik\u00eb me ato n\u00eb latinic\u00eb, ka edhe nga ata q\u00eb nuk e shohin k\u00ebt\u00eb ndryshim si problem. P\u00ebr ta, \u00e7\u00ebshtja e alfabetit nuk ka r\u00ebnd\u00ebsi vendimtare \u2013 m\u00eb e r\u00ebnd\u00ebsishme \u00ebsht\u00eb q\u00eb qyteti t\u00eb funksionoj\u00eb, t\u00eb ket\u00eb stabilitet, paqe dhe jet\u00eb normale.<br \/>\nQytetarja e Mitrovic\u00ebs s\u00eb Veriut, Tanja Maksimoviq, thot\u00eb se ndryshimi i alfabetit nuk p\u00ebrb\u00ebn problem p\u00ebr t\u00eb.<br \/>\n\u201cMua m\u00eb \u00ebsht\u00eb krejt nj\u00ebsoj n\u00ebse shkruhet me latinic\u00eb apo cirilik\u00eb. E r\u00ebnd\u00ebsishme \u00ebsht\u00eb q\u00eb rrug\u00ebt t\u00eb jen\u00eb t\u00eb rregulluara, t\u00eb ket\u00eb ndri\u00e7im dhe q\u00eb njer\u00ebzit t\u00eb ndihen t\u00eb sigurt. Mendoj se temat simbolike, si mbishkrimet, shpesh ekzagjerohen dhe nuk duhet t\u00eb shkaktojn\u00eb tensione mes komuniteteve. M\u00eb shum\u00eb v\u00ebmendje duhet t\u2019u kushtohet problemeve konkrete \u2013 ekonomis\u00eb, pun\u00ebsimit, infrastruktur\u00ebs dhe nevojave t\u00eb p\u00ebrditshme t\u00eb banor\u00ebve\u201d, thot\u00eb Maksimoviq.<br \/>\nT\u00eb nj\u00ebjtin mendim ndan edhe nj\u00eb profesor i Shkoll\u00ebs s\u00eb Mjek\u00ebsis\u00eb, M.N., i cili thekson se alfabeti nuk e ndryshon thelbin e identitetit \u2013 nuk ndryshon se kush jemi, por si jetojm\u00eb.<br \/>\n\u201cMendoj po ashtu se, n\u00ebse kjo mund t\u00eb p\u00ebrmir\u00ebsoj\u00eb marr\u00ebdh\u00ebniet \u2013 pse jo? Ky ndryshim \u00ebsht\u00eb pjes\u00eb e procesit t\u00eb modernizimit dhe harmonizimit administrativ me rregulloret e Republik\u00ebs s\u00eb Kosov\u00ebs, dhe jo nj\u00eb akt politik. Situata t\u00eb ngjashme ekzistojn\u00eb edhe n\u00eb mjedise t\u00eb tjera shum\u00ebgjuh\u00ebshe. Edhe cirilica, edhe latinica jan\u00eb alfabetet tona \u2013 e r\u00ebnd\u00ebsishme \u00ebsht\u00eb t\u00eb kuptohemi mes vete dhe t\u00eb jetojm\u00eb normalisht. N\u00ebse kjo ndihmon n\u00eb uljen e tensioneve dhe n\u00eb p\u00ebrparimin e qytetit, at\u00ebher\u00eb \u00ebsht\u00eb gj\u00eb e mir\u00eb\u201d, p\u00ebrfundon profesori.<\/p>\n","protected":false},"excerpt":{"rendered":"<p>Mitrovic\u00eb e Veriut, 8 tetor 2025 Ndryshimi i mbishkrimeve publike n\u00eb Mitrovic\u00ebn e Veriut \u2013 nga cirilik\u00eb n\u00eb latinic\u00eb \u2013 ka shkaktuar reagime t\u00eb ndara<\/p>\n","protected":false},"author":6,"featured_media":15346,"comment_status":"open","ping_status":"open","sticky":false,"template":"","format":"standard","meta":{"footnotes":""},"categories":[52],"tags":[],"class_list":["post-15345","post","type-post","status-publish","format-standard","has-post-thumbnail","hentry","category-komunat-sq"],"yoast_head":"<!-- This site is optimized with the Yoast SEO plugin v25.3.1 - https:\/\/yoast.com\/wordpress\/plugins\/seo\/ -->\n<title>Qytetar\u00ebt e Mitrovic\u00ebs s\u00eb Veriut: M\u00eb e r\u00ebnd\u00ebsishme \u00ebsht\u00eb jeta normale, jo alfabeti -<\/title>\n<meta name=\"robots\" content=\"index, follow, max-snippet:-1, max-image-preview:large, max-video-preview:-1\" \/>\n<link rel=\"canonical\" href=\"https:\/\/veritasinfo.org\/?p=15345\" \/>\n<meta property=\"og:locale\" content=\"en_US\" \/>\n<meta property=\"og:type\" content=\"article\" \/>\n<meta property=\"og:title\" content=\"Qytetar\u00ebt e Mitrovic\u00ebs s\u00eb Veriut: M\u00eb e r\u00ebnd\u00ebsishme \u00ebsht\u00eb jeta normale, jo alfabeti -\" \/>\n<meta property=\"og:description\" content=\"Mitrovic\u00eb e Veriut, 8 tetor 2025 Ndryshimi i mbishkrimeve publike n\u00eb Mitrovic\u00ebn e Veriut \u2013 nga cirilik\u00eb n\u00eb latinic\u00eb \u2013 ka shkaktuar reagime t\u00eb ndara\" \/>\n<meta property=\"og:url\" content=\"https:\/\/veritasinfo.org\/?p=15345\" \/>\n<meta property=\"article:published_time\" content=\"2025-10-08T06:49:27+00:00\" \/>\n<meta property=\"og:image\" content=\"https:\/\/veritasinfo.org\/wp-content\/uploads\/2025\/10\/Imazh-i-WhatsApp-2025-10-07-ne-14.14.15_cc92631c.jpg\" \/>\n\t<meta property=\"og:image:width\" content=\"2000\" \/>\n\t<meta property=\"og:image:height\" content=\"924\" \/>\n\t<meta property=\"og:image:type\" content=\"image\/jpeg\" \/>\n<meta name=\"author\" content=\"US5\" \/>\n<meta name=\"twitter:card\" content=\"summary_large_image\" \/>\n<meta name=\"twitter:label1\" content=\"Written by\" \/>\n\t<meta name=\"twitter:data1\" content=\"US5\" \/>\n\t<meta name=\"twitter:label2\" content=\"Est. reading time\" \/>\n\t<meta name=\"twitter:data2\" content=\"2 minutes\" \/>\n<script type=\"application\/ld+json\" class=\"yoast-schema-graph\">{\"@context\":\"https:\/\/schema.org\",\"@graph\":[{\"@type\":\"WebPage\",\"@id\":\"https:\/\/veritasinfo.org\/?p=15345\",\"url\":\"https:\/\/veritasinfo.org\/?p=15345\",\"name\":\"Qytetar\u00ebt e Mitrovic\u00ebs s\u00eb Veriut: M\u00eb e r\u00ebnd\u00ebsishme \u00ebsht\u00eb jeta normale, jo alfabeti -\",\"isPartOf\":{\"@id\":\"https:\/\/veritasinfo.org\/#website\"},\"primaryImageOfPage\":{\"@id\":\"https:\/\/veritasinfo.org\/?p=15345#primaryimage\"},\"image\":{\"@id\":\"https:\/\/veritasinfo.org\/?p=15345#primaryimage\"},\"thumbnailUrl\":\"https:\/\/veritasinfo.org\/wp-content\/uploads\/2025\/10\/Imazh-i-WhatsApp-2025-10-07-ne-14.14.15_cc92631c.jpg\",\"datePublished\":\"2025-10-08T06:49:27+00:00\",\"author\":{\"@id\":\"https:\/\/veritasinfo.org\/#\/schema\/person\/bc442336e35414d04494ab8fb45db4c6\"},\"breadcrumb\":{\"@id\":\"https:\/\/veritasinfo.org\/?p=15345#breadcrumb\"},\"inLanguage\":\"en-US\",\"potentialAction\":[{\"@type\":\"ReadAction\",\"target\":[\"https:\/\/veritasinfo.org\/?p=15345\"]}]},{\"@type\":\"ImageObject\",\"inLanguage\":\"en-US\",\"@id\":\"https:\/\/veritasinfo.org\/?p=15345#primaryimage\",\"url\":\"https:\/\/veritasinfo.org\/wp-content\/uploads\/2025\/10\/Imazh-i-WhatsApp-2025-10-07-ne-14.14.15_cc92631c.jpg\",\"contentUrl\":\"https:\/\/veritasinfo.org\/wp-content\/uploads\/2025\/10\/Imazh-i-WhatsApp-2025-10-07-ne-14.14.15_cc92631c.jpg\",\"width\":2000,\"height\":924},{\"@type\":\"BreadcrumbList\",\"@id\":\"https:\/\/veritasinfo.org\/?p=15345#breadcrumb\",\"itemListElement\":[{\"@type\":\"ListItem\",\"position\":1,\"name\":\"Home\",\"item\":\"https:\/\/veritasinfo.org\/\"},{\"@type\":\"ListItem\",\"position\":2,\"name\":\"Qytetar\u00ebt e Mitrovic\u00ebs s\u00eb Veriut: M\u00eb e r\u00ebnd\u00ebsishme \u00ebsht\u00eb jeta normale, jo alfabeti\"}]},{\"@type\":\"WebSite\",\"@id\":\"https:\/\/veritasinfo.org\/#website\",\"url\":\"https:\/\/veritasinfo.org\/\",\"name\":\"\",\"description\":\"\",\"potentialAction\":[{\"@type\":\"SearchAction\",\"target\":{\"@type\":\"EntryPoint\",\"urlTemplate\":\"https:\/\/veritasinfo.org\/?s={search_term_string}\"},\"query-input\":{\"@type\":\"PropertyValueSpecification\",\"valueRequired\":true,\"valueName\":\"search_term_string\"}}],\"inLanguage\":\"en-US\"},{\"@type\":\"Person\",\"@id\":\"https:\/\/veritasinfo.org\/#\/schema\/person\/bc442336e35414d04494ab8fb45db4c6\",\"name\":\"US5\",\"image\":{\"@type\":\"ImageObject\",\"inLanguage\":\"en-US\",\"@id\":\"https:\/\/veritasinfo.org\/#\/schema\/person\/image\/\",\"url\":\"https:\/\/secure.gravatar.com\/avatar\/16a61e7272a0c5d001121ebb9e60e925d5816e4ac1e443ed3e640d9a6ae55d0c?s=96&d=mm&r=g\",\"contentUrl\":\"https:\/\/secure.gravatar.com\/avatar\/16a61e7272a0c5d001121ebb9e60e925d5816e4ac1e443ed3e640d9a6ae55d0c?s=96&d=mm&r=g\",\"caption\":\"US5\"},\"url\":\"https:\/\/veritasinfo.org\/?author=6\"}]}<\/script>\n<!-- \/ Yoast SEO plugin. -->","yoast_head_json":{"title":"Qytetar\u00ebt e Mitrovic\u00ebs s\u00eb Veriut: M\u00eb e r\u00ebnd\u00ebsishme \u00ebsht\u00eb jeta normale, jo alfabeti -","robots":{"index":"index","follow":"follow","max-snippet":"max-snippet:-1","max-image-preview":"max-image-preview:large","max-video-preview":"max-video-preview:-1"},"canonical":"https:\/\/veritasinfo.org\/?p=15345","og_locale":"en_US","og_type":"article","og_title":"Qytetar\u00ebt e Mitrovic\u00ebs s\u00eb Veriut: M\u00eb e r\u00ebnd\u00ebsishme \u00ebsht\u00eb jeta normale, jo alfabeti -","og_description":"Mitrovic\u00eb e Veriut, 8 tetor 2025 Ndryshimi i mbishkrimeve publike n\u00eb Mitrovic\u00ebn e Veriut \u2013 nga cirilik\u00eb n\u00eb latinic\u00eb \u2013 ka shkaktuar reagime t\u00eb ndara","og_url":"https:\/\/veritasinfo.org\/?p=15345","article_published_time":"2025-10-08T06:49:27+00:00","og_image":[{"width":2000,"height":924,"url":"https:\/\/veritasinfo.org\/wp-content\/uploads\/2025\/10\/Imazh-i-WhatsApp-2025-10-07-ne-14.14.15_cc92631c.jpg","type":"image\/jpeg"}],"author":"US5","twitter_card":"summary_large_image","twitter_misc":{"Written by":"US5","Est. reading time":"2 minutes"},"schema":{"@context":"https:\/\/schema.org","@graph":[{"@type":"WebPage","@id":"https:\/\/veritasinfo.org\/?p=15345","url":"https:\/\/veritasinfo.org\/?p=15345","name":"Qytetar\u00ebt e Mitrovic\u00ebs s\u00eb Veriut: M\u00eb e r\u00ebnd\u00ebsishme \u00ebsht\u00eb jeta normale, jo alfabeti -","isPartOf":{"@id":"https:\/\/veritasinfo.org\/#website"},"primaryImageOfPage":{"@id":"https:\/\/veritasinfo.org\/?p=15345#primaryimage"},"image":{"@id":"https:\/\/veritasinfo.org\/?p=15345#primaryimage"},"thumbnailUrl":"https:\/\/veritasinfo.org\/wp-content\/uploads\/2025\/10\/Imazh-i-WhatsApp-2025-10-07-ne-14.14.15_cc92631c.jpg","datePublished":"2025-10-08T06:49:27+00:00","author":{"@id":"https:\/\/veritasinfo.org\/#\/schema\/person\/bc442336e35414d04494ab8fb45db4c6"},"breadcrumb":{"@id":"https:\/\/veritasinfo.org\/?p=15345#breadcrumb"},"inLanguage":"en-US","potentialAction":[{"@type":"ReadAction","target":["https:\/\/veritasinfo.org\/?p=15345"]}]},{"@type":"ImageObject","inLanguage":"en-US","@id":"https:\/\/veritasinfo.org\/?p=15345#primaryimage","url":"https:\/\/veritasinfo.org\/wp-content\/uploads\/2025\/10\/Imazh-i-WhatsApp-2025-10-07-ne-14.14.15_cc92631c.jpg","contentUrl":"https:\/\/veritasinfo.org\/wp-content\/uploads\/2025\/10\/Imazh-i-WhatsApp-2025-10-07-ne-14.14.15_cc92631c.jpg","width":2000,"height":924},{"@type":"BreadcrumbList","@id":"https:\/\/veritasinfo.org\/?p=15345#breadcrumb","itemListElement":[{"@type":"ListItem","position":1,"name":"Home","item":"https:\/\/veritasinfo.org\/"},{"@type":"ListItem","position":2,"name":"Qytetar\u00ebt e Mitrovic\u00ebs s\u00eb Veriut: M\u00eb e r\u00ebnd\u00ebsishme \u00ebsht\u00eb jeta normale, jo alfabeti"}]},{"@type":"WebSite","@id":"https:\/\/veritasinfo.org\/#website","url":"https:\/\/veritasinfo.org\/","name":"","description":"","potentialAction":[{"@type":"SearchAction","target":{"@type":"EntryPoint","urlTemplate":"https:\/\/veritasinfo.org\/?s={search_term_string}"},"query-input":{"@type":"PropertyValueSpecification","valueRequired":true,"valueName":"search_term_string"}}],"inLanguage":"en-US"},{"@type":"Person","@id":"https:\/\/veritasinfo.org\/#\/schema\/person\/bc442336e35414d04494ab8fb45db4c6","name":"US5","image":{"@type":"ImageObject","inLanguage":"en-US","@id":"https:\/\/veritasinfo.org\/#\/schema\/person\/image\/","url":"https:\/\/secure.gravatar.com\/avatar\/16a61e7272a0c5d001121ebb9e60e925d5816e4ac1e443ed3e640d9a6ae55d0c?s=96&d=mm&r=g","contentUrl":"https:\/\/secure.gravatar.com\/avatar\/16a61e7272a0c5d001121ebb9e60e925d5816e4ac1e443ed3e640d9a6ae55d0c?s=96&d=mm&r=g","caption":"US5"},"url":"https:\/\/veritasinfo.org\/?author=6"}]}},"featured_image_urls":{"full":["https:\/\/veritasinfo.org\/wp-content\/uploads\/2025\/10\/Imazh-i-WhatsApp-2025-10-07-ne-14.14.15_cc92631c.jpg",2000,924,false],"thumbnail":["https:\/\/veritasinfo.org\/wp-content\/uploads\/2025\/10\/Imazh-i-WhatsApp-2025-10-07-ne-14.14.15_cc92631c-150x150.jpg",150,150,true],"medium":["https:\/\/veritasinfo.org\/wp-content\/uploads\/2025\/10\/Imazh-i-WhatsApp-2025-10-07-ne-14.14.15_cc92631c-300x139.jpg",300,139,true],"medium_large":["https:\/\/veritasinfo.org\/wp-content\/uploads\/2025\/10\/Imazh-i-WhatsApp-2025-10-07-ne-14.14.15_cc92631c-768x355.jpg",640,296,true],"large":["https:\/\/veritasinfo.org\/wp-content\/uploads\/2025\/10\/Imazh-i-WhatsApp-2025-10-07-ne-14.14.15_cc92631c-1024x473.jpg",640,296,true],"1536x1536":["https:\/\/veritasinfo.org\/wp-content\/uploads\/2025\/10\/Imazh-i-WhatsApp-2025-10-07-ne-14.14.15_cc92631c-1536x710.jpg",1536,710,true],"2048x2048":["https:\/\/veritasinfo.org\/wp-content\/uploads\/2025\/10\/Imazh-i-WhatsApp-2025-10-07-ne-14.14.15_cc92631c.jpg",2000,924,false],"kreeti-slider-full":["https:\/\/veritasinfo.org\/wp-content\/uploads\/2025\/10\/Imazh-i-WhatsApp-2025-10-07-ne-14.14.15_cc92631c.jpg",1280,591,false],"kreeti-featured":["https:\/\/veritasinfo.org\/wp-content\/uploads\/2025\/10\/Imazh-i-WhatsApp-2025-10-07-ne-14.14.15_cc92631c.jpg",1024,473,false],"kreeti-medium":["https:\/\/veritasinfo.org\/wp-content\/uploads\/2025\/10\/Imazh-i-WhatsApp-2025-10-07-ne-14.14.15_cc92631c.jpg",720,333,false],"kreeti-medium-square":["https:\/\/veritasinfo.org\/wp-content\/uploads\/2025\/10\/Imazh-i-WhatsApp-2025-10-07-ne-14.14.15_cc92631c.jpg",350,162,false]},"author_info":{"info":["US5"]},"category_info":"<a href=\"https:\/\/veritasinfo.org\/?cat=52\" rel=\"category\">Komunat<\/a>","tag_info":"Komunat","comment_count":"0","_links":{"self":[{"href":"https:\/\/veritasinfo.org\/index.php?rest_route=\/wp\/v2\/posts\/15345","targetHints":{"allow":["GET"]}}],"collection":[{"href":"https:\/\/veritasinfo.org\/index.php?rest_route=\/wp\/v2\/posts"}],"about":[{"href":"https:\/\/veritasinfo.org\/index.php?rest_route=\/wp\/v2\/types\/post"}],"author":[{"embeddable":true,"href":"https:\/\/veritasinfo.org\/index.php?rest_route=\/wp\/v2\/users\/6"}],"replies":[{"embeddable":true,"href":"https:\/\/veritasinfo.org\/index.php?rest_route=%2Fwp%2Fv2%2Fcomments&post=15345"}],"version-history":[{"count":1,"href":"https:\/\/veritasinfo.org\/index.php?rest_route=\/wp\/v2\/posts\/15345\/revisions"}],"predecessor-version":[{"id":15347,"href":"https:\/\/veritasinfo.org\/index.php?rest_route=\/wp\/v2\/posts\/15345\/revisions\/15347"}],"wp:featuredmedia":[{"embeddable":true,"href":"https:\/\/veritasinfo.org\/index.php?rest_route=\/wp\/v2\/media\/15346"}],"wp:attachment":[{"href":"https:\/\/veritasinfo.org\/index.php?rest_route=%2Fwp%2Fv2%2Fmedia&parent=15345"}],"wp:term":[{"taxonomy":"category","embeddable":true,"href":"https:\/\/veritasinfo.org\/index.php?rest_route=%2Fwp%2Fv2%2Fcategories&post=15345"},{"taxonomy":"post_tag","embeddable":true,"href":"https:\/\/veritasinfo.org\/index.php?rest_route=%2Fwp%2Fv2%2Ftags&post=15345"}],"curies":[{"name":"wp","href":"https:\/\/api.w.org\/{rel}","templated":true}]}}