{"id":1534,"date":"2025-06-25T14:16:54","date_gmt":"2025-06-25T12:16:54","guid":{"rendered":"https:\/\/veritasinfo.org\/?p=1534"},"modified":"2025-06-25T14:16:54","modified_gmt":"2025-06-25T12:16:54","slug":"%f0%9f%9a%a8-saopstenje-ministarstva-spoljnih-poslova","status":"publish","type":"post","link":"https:\/\/veritasinfo.org\/?p=1534&lang=sr","title":{"rendered":"\ud83d\udea8 Saop\u0161tenje Ministarstva spoljnih poslova"},"content":{"rendered":"<div class=\"x_elementToProof\" data-olk-copy-source=\"MessageBody\">Ministarstvo spoljnih poslova i dijaspore (MSPD), u tesnoj saradnji sa Ambasadom Republike Kosovo u Izraelu, uspe\u0161no je zavr\u0161ilo, od prvih dana eskalacije bezbednosne situacije, evakuaciju nekoliko gra\u0111ana Republike Kosovo sa teritorije Izraela, preko Jordana i Egipta. Proces je sproveden u tesnoj koordinaciji sa izraelskim vlastima i ambasadama Albanije, Bugarske, Gr\u010dke i Egipta u Izraelu. MSP izra\u017eava duboku zahvalnost na saradnji i olak\u0161avanju procesa od strane nadle\u017enih organa ovih zemalja<\/div>\n<div class=\"x_elementToProof\">U me\u0111uvremenu, Ministarstvo spoljnih poslova pa\u017eljivo prati slu\u010daj dr\u017eavljanki Kosova koja je na le\u010denju u bolnici \u201eSoroka\u201c u gradu Beer \u0160eva, gde je nedavno prijavljen napad. Srec\u0301om, ona nije bila prisutna tokom napada i u dobrom je zdravstvenom stanju. Ambasada Kosova u Izraelu je u stalnom kontaktu sa njenom porodicom i radi na olak\u0161avanju njihove evakuacije \u010dim se stvore odgovarajuc\u0301i uslovi. Tako\u0111e, jo\u0161 jedna dr\u017eavljanka Kosova je trenutno u procesu napu\u0161tanja Izraela preko Egipta, uz podr\u0161ku Ambasade.<\/div>\n<div class=\"x_elementToProof\">Prema poslednjim podacima Ambasade Republike Kosovo u Izraelu, na izraelskoj teritoriji nalazi se jo\u0161 13 dr\u017eavljana Republike Kosovo, koji jo\u0161 uvek nisu izrazili interesovanje za evakuaciju. Ambasada Republike Kosovo u Izraelu ostaje u potpunosti spremna i posvec\u0301ena odgovoru na svaki zahtev za pomoc\u0301 na\u0161ih gra\u0111ana, tesno koordinirajuc\u0301i sa izraelskim vlastima i me\u0111unarodnim partnerima za sve dalje moguc\u0301nosti evakuacije.<\/div>\n<div class=\"x_elementToProof\"><\/div>\n<div class=\"x_elementToProof\">Kako se bezbednosna situacija u Izraelu nastavlja pogor\u0161avati, Ministarstvo spoljnih poslova poziva sve gra\u0111ane Republike Kosovo koji se nalaze na ovoj teritoriji da budu maksimalan oprez i da borave samo u bezbednim podru\u010djima. Molimo vas da se strogo pridr\u017eavate uputstava i upozorenja koje je objavila Komanda unutra\u0161nje odbrane Izraela. Uputstva su a\u017eurirana i dostupna na engleskom jeziku na zvani\u010dnom linku: \ud83d\udc49 https:\/\/www.oref.org.il\/eng \ud83d\udcde Za sva pitanja, nedoumice ili hitnu potrebu za pomoc\u0301i, obratite se Ambasadi na: \ud83d\udcf1 +972 (0) 586 340 450 \ud83d\udce7 imejl: embassy.israel@rks-gov.net Ministarstvo spoljnih poslova c\u0301e nastaviti da redovno obave\u0161tava javnost o svakom daljem razvoju doga\u0111aja u vezi sa ovim pitanjem.<\/div>\n<div class=\"x_elementToProof\"><\/div>\n","protected":false},"excerpt":{"rendered":"<p>Ministarstvo spoljnih poslova i dijaspore (MSPD), u tesnoj saradnji sa Ambasadom Republike Kosovo u Izraelu, uspe\u0161no je zavr\u0161ilo, od prvih dana eskalacije bezbednosne situacije, evakuaciju<\/p>\n","protected":false},"author":1,"featured_media":1531,"comment_status":"open","ping_status":"open","sticky":false,"template":"","format":"standard","meta":{"footnotes":""},"categories":[28],"tags":[],"class_list":["post-1534","post","type-post","status-publish","format-standard","has-post-thumbnail","hentry","category-politika"],"yoast_head":"<!-- This site is optimized with the Yoast SEO plugin v25.3.1 - https:\/\/yoast.com\/wordpress\/plugins\/seo\/ -->\n<title>\ud83d\udea8 Saop\u0161tenje Ministarstva spoljnih poslova -<\/title>\n<meta name=\"robots\" content=\"index, follow, max-snippet:-1, max-image-preview:large, max-video-preview:-1\" \/>\n<link rel=\"canonical\" href=\"https:\/\/veritasinfo.org\/?p=1534&lang=sr\" \/>\n<meta property=\"og:locale\" content=\"en_US\" \/>\n<meta property=\"og:type\" content=\"article\" \/>\n<meta property=\"og:title\" content=\"\ud83d\udea8 Saop\u0161tenje Ministarstva spoljnih poslova -\" \/>\n<meta property=\"og:description\" content=\"Ministarstvo spoljnih poslova i dijaspore (MSPD), u tesnoj saradnji sa Ambasadom Republike Kosovo u Izraelu, uspe\u0161no je zavr\u0161ilo, od prvih dana eskalacije bezbednosne situacije, evakuaciju\" \/>\n<meta property=\"og:url\" content=\"https:\/\/veritasinfo.org\/?p=1534&amp;lang=sr\" \/>\n<meta property=\"article:published_time\" content=\"2025-06-25T12:16:54+00:00\" \/>\n<meta property=\"og:image\" content=\"https:\/\/veritasinfo.org\/wp-content\/uploads\/2025\/06\/Ministria-e-Jashtme.jpg\" \/>\n\t<meta property=\"og:image:width\" content=\"1500\" \/>\n\t<meta property=\"og:image:height\" content=\"1060\" \/>\n\t<meta property=\"og:image:type\" content=\"image\/jpeg\" \/>\n<meta name=\"author\" content=\"admin\" \/>\n<meta name=\"twitter:card\" content=\"summary_large_image\" \/>\n<meta name=\"twitter:label1\" content=\"Written by\" \/>\n\t<meta name=\"twitter:data1\" content=\"admin\" \/>\n\t<meta name=\"twitter:label2\" content=\"Est. reading time\" \/>\n\t<meta name=\"twitter:data2\" content=\"2 minutes\" \/>\n<script type=\"application\/ld+json\" class=\"yoast-schema-graph\">{\"@context\":\"https:\/\/schema.org\",\"@graph\":[{\"@type\":\"WebPage\",\"@id\":\"https:\/\/veritasinfo.org\/?p=1534&lang=sr\",\"url\":\"https:\/\/veritasinfo.org\/?p=1534&lang=sr\",\"name\":\"\ud83d\udea8 Saop\u0161tenje Ministarstva spoljnih poslova -\",\"isPartOf\":{\"@id\":\"https:\/\/veritasinfo.org\/#website\"},\"primaryImageOfPage\":{\"@id\":\"https:\/\/veritasinfo.org\/?p=1534&lang=sr#primaryimage\"},\"image\":{\"@id\":\"https:\/\/veritasinfo.org\/?p=1534&lang=sr#primaryimage\"},\"thumbnailUrl\":\"https:\/\/veritasinfo.org\/wp-content\/uploads\/2025\/06\/Ministria-e-Jashtme.jpg\",\"datePublished\":\"2025-06-25T12:16:54+00:00\",\"author\":{\"@id\":\"https:\/\/veritasinfo.org\/#\/schema\/person\/7701f8c088bece422266b100a712374f\"},\"breadcrumb\":{\"@id\":\"https:\/\/veritasinfo.org\/?p=1534&lang=sr#breadcrumb\"},\"inLanguage\":\"en-US\",\"potentialAction\":[{\"@type\":\"ReadAction\",\"target\":[\"https:\/\/veritasinfo.org\/?p=1534&lang=sr\"]}]},{\"@type\":\"ImageObject\",\"inLanguage\":\"en-US\",\"@id\":\"https:\/\/veritasinfo.org\/?p=1534&lang=sr#primaryimage\",\"url\":\"https:\/\/veritasinfo.org\/wp-content\/uploads\/2025\/06\/Ministria-e-Jashtme.jpg\",\"contentUrl\":\"https:\/\/veritasinfo.org\/wp-content\/uploads\/2025\/06\/Ministria-e-Jashtme.jpg\",\"width\":1500,\"height\":1060},{\"@type\":\"BreadcrumbList\",\"@id\":\"https:\/\/veritasinfo.org\/?p=1534&lang=sr#breadcrumb\",\"itemListElement\":[{\"@type\":\"ListItem\",\"position\":1,\"name\":\"Home\",\"item\":\"https:\/\/veritasinfo.org\/\"},{\"@type\":\"ListItem\",\"position\":2,\"name\":\"\ud83d\udea8 Saop\u0161tenje Ministarstva spoljnih poslova\"}]},{\"@type\":\"WebSite\",\"@id\":\"https:\/\/veritasinfo.org\/#website\",\"url\":\"https:\/\/veritasinfo.org\/\",\"name\":\"\",\"description\":\"\",\"potentialAction\":[{\"@type\":\"SearchAction\",\"target\":{\"@type\":\"EntryPoint\",\"urlTemplate\":\"https:\/\/veritasinfo.org\/?s={search_term_string}\"},\"query-input\":{\"@type\":\"PropertyValueSpecification\",\"valueRequired\":true,\"valueName\":\"search_term_string\"}}],\"inLanguage\":\"en-US\"},{\"@type\":\"Person\",\"@id\":\"https:\/\/veritasinfo.org\/#\/schema\/person\/7701f8c088bece422266b100a712374f\",\"name\":\"admin\",\"image\":{\"@type\":\"ImageObject\",\"inLanguage\":\"en-US\",\"@id\":\"https:\/\/veritasinfo.org\/#\/schema\/person\/image\/\",\"url\":\"https:\/\/secure.gravatar.com\/avatar\/ea53aa3bf6c9a12d5fde8ce4deff43fef3885ae33cf60184161a50d6987cfd2f?s=96&d=mm&r=g\",\"contentUrl\":\"https:\/\/secure.gravatar.com\/avatar\/ea53aa3bf6c9a12d5fde8ce4deff43fef3885ae33cf60184161a50d6987cfd2f?s=96&d=mm&r=g\",\"caption\":\"admin\"},\"sameAs\":[\"https:\/\/veritasinfo.org\"],\"url\":\"https:\/\/veritasinfo.org\/?author=1\"}]}<\/script>\n<!-- \/ Yoast SEO plugin. -->","yoast_head_json":{"title":"\ud83d\udea8 Saop\u0161tenje Ministarstva spoljnih poslova -","robots":{"index":"index","follow":"follow","max-snippet":"max-snippet:-1","max-image-preview":"max-image-preview:large","max-video-preview":"max-video-preview:-1"},"canonical":"https:\/\/veritasinfo.org\/?p=1534&lang=sr","og_locale":"en_US","og_type":"article","og_title":"\ud83d\udea8 Saop\u0161tenje Ministarstva spoljnih poslova -","og_description":"Ministarstvo spoljnih poslova i dijaspore (MSPD), u tesnoj saradnji sa Ambasadom Republike Kosovo u Izraelu, uspe\u0161no je zavr\u0161ilo, od prvih dana eskalacije bezbednosne situacije, evakuaciju","og_url":"https:\/\/veritasinfo.org\/?p=1534&lang=sr","article_published_time":"2025-06-25T12:16:54+00:00","og_image":[{"width":1500,"height":1060,"url":"https:\/\/veritasinfo.org\/wp-content\/uploads\/2025\/06\/Ministria-e-Jashtme.jpg","type":"image\/jpeg"}],"author":"admin","twitter_card":"summary_large_image","twitter_misc":{"Written by":"admin","Est. reading time":"2 minutes"},"schema":{"@context":"https:\/\/schema.org","@graph":[{"@type":"WebPage","@id":"https:\/\/veritasinfo.org\/?p=1534&lang=sr","url":"https:\/\/veritasinfo.org\/?p=1534&lang=sr","name":"\ud83d\udea8 Saop\u0161tenje Ministarstva spoljnih poslova -","isPartOf":{"@id":"https:\/\/veritasinfo.org\/#website"},"primaryImageOfPage":{"@id":"https:\/\/veritasinfo.org\/?p=1534&lang=sr#primaryimage"},"image":{"@id":"https:\/\/veritasinfo.org\/?p=1534&lang=sr#primaryimage"},"thumbnailUrl":"https:\/\/veritasinfo.org\/wp-content\/uploads\/2025\/06\/Ministria-e-Jashtme.jpg","datePublished":"2025-06-25T12:16:54+00:00","author":{"@id":"https:\/\/veritasinfo.org\/#\/schema\/person\/7701f8c088bece422266b100a712374f"},"breadcrumb":{"@id":"https:\/\/veritasinfo.org\/?p=1534&lang=sr#breadcrumb"},"inLanguage":"en-US","potentialAction":[{"@type":"ReadAction","target":["https:\/\/veritasinfo.org\/?p=1534&lang=sr"]}]},{"@type":"ImageObject","inLanguage":"en-US","@id":"https:\/\/veritasinfo.org\/?p=1534&lang=sr#primaryimage","url":"https:\/\/veritasinfo.org\/wp-content\/uploads\/2025\/06\/Ministria-e-Jashtme.jpg","contentUrl":"https:\/\/veritasinfo.org\/wp-content\/uploads\/2025\/06\/Ministria-e-Jashtme.jpg","width":1500,"height":1060},{"@type":"BreadcrumbList","@id":"https:\/\/veritasinfo.org\/?p=1534&lang=sr#breadcrumb","itemListElement":[{"@type":"ListItem","position":1,"name":"Home","item":"https:\/\/veritasinfo.org\/"},{"@type":"ListItem","position":2,"name":"\ud83d\udea8 Saop\u0161tenje Ministarstva spoljnih poslova"}]},{"@type":"WebSite","@id":"https:\/\/veritasinfo.org\/#website","url":"https:\/\/veritasinfo.org\/","name":"","description":"","potentialAction":[{"@type":"SearchAction","target":{"@type":"EntryPoint","urlTemplate":"https:\/\/veritasinfo.org\/?s={search_term_string}"},"query-input":{"@type":"PropertyValueSpecification","valueRequired":true,"valueName":"search_term_string"}}],"inLanguage":"en-US"},{"@type":"Person","@id":"https:\/\/veritasinfo.org\/#\/schema\/person\/7701f8c088bece422266b100a712374f","name":"admin","image":{"@type":"ImageObject","inLanguage":"en-US","@id":"https:\/\/veritasinfo.org\/#\/schema\/person\/image\/","url":"https:\/\/secure.gravatar.com\/avatar\/ea53aa3bf6c9a12d5fde8ce4deff43fef3885ae33cf60184161a50d6987cfd2f?s=96&d=mm&r=g","contentUrl":"https:\/\/secure.gravatar.com\/avatar\/ea53aa3bf6c9a12d5fde8ce4deff43fef3885ae33cf60184161a50d6987cfd2f?s=96&d=mm&r=g","caption":"admin"},"sameAs":["https:\/\/veritasinfo.org"],"url":"https:\/\/veritasinfo.org\/?author=1"}]}},"featured_image_urls":{"full":["https:\/\/veritasinfo.org\/wp-content\/uploads\/2025\/06\/Ministria-e-Jashtme.jpg",1500,1060,false],"thumbnail":["https:\/\/veritasinfo.org\/wp-content\/uploads\/2025\/06\/Ministria-e-Jashtme-150x150.jpg",150,150,true],"medium":["https:\/\/veritasinfo.org\/wp-content\/uploads\/2025\/06\/Ministria-e-Jashtme-300x212.jpg",300,212,true],"medium_large":["https:\/\/veritasinfo.org\/wp-content\/uploads\/2025\/06\/Ministria-e-Jashtme-768x543.jpg",640,453,true],"large":["https:\/\/veritasinfo.org\/wp-content\/uploads\/2025\/06\/Ministria-e-Jashtme-1024x724.jpg",640,453,true],"1536x1536":["https:\/\/veritasinfo.org\/wp-content\/uploads\/2025\/06\/Ministria-e-Jashtme.jpg",1500,1060,false],"2048x2048":["https:\/\/veritasinfo.org\/wp-content\/uploads\/2025\/06\/Ministria-e-Jashtme.jpg",1500,1060,false],"kreeti-slider-full":["https:\/\/veritasinfo.org\/wp-content\/uploads\/2025\/06\/Ministria-e-Jashtme.jpg",1019,720,false],"kreeti-featured":["https:\/\/veritasinfo.org\/wp-content\/uploads\/2025\/06\/Ministria-e-Jashtme.jpg",1024,724,false],"kreeti-medium":["https:\/\/veritasinfo.org\/wp-content\/uploads\/2025\/06\/Ministria-e-Jashtme.jpg",720,509,false],"kreeti-medium-square":["https:\/\/veritasinfo.org\/wp-content\/uploads\/2025\/06\/Ministria-e-Jashtme.jpg",350,247,false]},"author_info":{"info":["admin"]},"category_info":"<a href=\"https:\/\/veritasinfo.org\/?cat=28&#038;lang=sr\" rel=\"category\">Politika<\/a>","tag_info":"Politika","comment_count":"0","_links":{"self":[{"href":"https:\/\/veritasinfo.org\/index.php?rest_route=\/wp\/v2\/posts\/1534","targetHints":{"allow":["GET"]}}],"collection":[{"href":"https:\/\/veritasinfo.org\/index.php?rest_route=\/wp\/v2\/posts"}],"about":[{"href":"https:\/\/veritasinfo.org\/index.php?rest_route=\/wp\/v2\/types\/post"}],"author":[{"embeddable":true,"href":"https:\/\/veritasinfo.org\/index.php?rest_route=\/wp\/v2\/users\/1"}],"replies":[{"embeddable":true,"href":"https:\/\/veritasinfo.org\/index.php?rest_route=%2Fwp%2Fv2%2Fcomments&post=1534"}],"version-history":[{"count":1,"href":"https:\/\/veritasinfo.org\/index.php?rest_route=\/wp\/v2\/posts\/1534\/revisions"}],"predecessor-version":[{"id":1535,"href":"https:\/\/veritasinfo.org\/index.php?rest_route=\/wp\/v2\/posts\/1534\/revisions\/1535"}],"wp:featuredmedia":[{"embeddable":true,"href":"https:\/\/veritasinfo.org\/index.php?rest_route=\/wp\/v2\/media\/1531"}],"wp:attachment":[{"href":"https:\/\/veritasinfo.org\/index.php?rest_route=%2Fwp%2Fv2%2Fmedia&parent=1534"}],"wp:term":[{"taxonomy":"category","embeddable":true,"href":"https:\/\/veritasinfo.org\/index.php?rest_route=%2Fwp%2Fv2%2Fcategories&post=1534"},{"taxonomy":"post_tag","embeddable":true,"href":"https:\/\/veritasinfo.org\/index.php?rest_route=%2Fwp%2Fv2%2Ftags&post=1534"}],"curies":[{"name":"wp","href":"https:\/\/api.w.org\/{rel}","templated":true}]}}