{"id":15308,"date":"2025-10-07T17:54:41","date_gmt":"2025-10-07T15:54:41","guid":{"rendered":"https:\/\/veritasinfo.org\/?p=15308"},"modified":"2025-10-07T17:54:41","modified_gmt":"2025-10-07T15:54:41","slug":"ngjarje-e-rende-ne-gjermani-kryetarja-e-sapozgjedhur-e-bashkise-sulmohet-me-thike","status":"publish","type":"post","link":"https:\/\/veritasinfo.org\/?p=15308","title":{"rendered":"Ngjarje e r\u00ebnd\u00eb n\u00eb Gjermani, kryetarja e sapozgjedhur e bashkis\u00eb sulmohet me thik\u00eb"},"content":{"rendered":"<p>Gjermani 7 Tetor 2025<\/p>\n<p>Nj\u00eb kryetare bashkie e nj\u00eb qyteti gjerman \u00ebsht\u00eb plagosur r\u00ebnd\u00eb pasi \u00ebsht\u00eb therur disa her\u00eb me thik\u00eb.<\/p>\n<p>Iris Stalzer, kryetarja e bashkis\u00eb Herdecker n\u00eb Gjermanin\u00eb veriper\u00ebndimore, \u00ebsht\u00eb transportuar me helikopter n\u00eb spital pas nj\u00eb sulmi t\u00eb dyshuar me thik\u00eb, shkruajn\u00eb mediat e huaja,<\/p>\n<p>Kryetarja e sapozgjedhur socialdemokrate thuhet se \u00ebsht\u00eb therur disa her\u00eb n\u00eb bark dhe shpin\u00eb, sipas gazet\u00ebs Bild.<\/p>\n<p>Si\u00e7 theksohet m\u00eb tej, n\u00ebna e dy f\u00ebmij\u00ebve ka p\u00ebsuar 13 plag\u00eb me thik\u00eb.<\/p>\n<p>Sipas raportimeve, 57-vje\u00e7arja thuhet se i ka th\u00ebn\u00eb t\u00eb birit se \u00ebsht\u00eb sulmuar nga nj\u00eb grup burrash.<\/p>\n<p>Ajo thuhet se \u00ebsht\u00eb goditur me thik\u00eb pran\u00eb sht\u00ebpis\u00eb s\u00eb saj p\u00ebrpara se t\u00eb t\u00ebrhiqej zvarr\u00eb brenda, sipas gazet\u00ebs gjermane Welt.<\/p>\n<p>Dhe sigurisht, policia ka nisur nj\u00eb k\u00ebrkim p\u00ebr sulmuesit.<\/p>\n<p>Friedrich Merz, kancelari gjerman, tha se \u00ebsht\u00eb informuar \u201cp\u00ebr nj\u00eb akt t\u00eb neveritsh\u00ebm\u201d n\u00eb Herdecke.<\/p>\n<p>Znj. Stalzer u zgjodh kryebashkiake e Herdecke m\u00eb 28 shtator.<\/p>\n<p>Ajo mori rreth 52% t\u00eb votave n\u00eb qytetin e rajonit t\u00eb Ruhr-it me nj\u00eb popullsi prej 22,500 banor\u00ebsh<\/p>\n","protected":false},"excerpt":{"rendered":"<p>Gjermani 7 Tetor 2025 Nj\u00eb kryetare bashkie e nj\u00eb qyteti gjerman \u00ebsht\u00eb plagosur r\u00ebnd\u00eb pasi \u00ebsht\u00eb therur disa her\u00eb me thik\u00eb. Iris Stalzer, kryetarja e<\/p>\n","protected":false},"author":6,"featured_media":15309,"comment_status":"open","ping_status":"open","sticky":false,"template":"","format":"standard","meta":{"footnotes":""},"categories":[72],"tags":[],"class_list":["post-15308","post","type-post","status-publish","format-standard","has-post-thumbnail","hentry","category-bota"],"yoast_head":"<!-- This site is optimized with the Yoast SEO plugin v25.3.1 - https:\/\/yoast.com\/wordpress\/plugins\/seo\/ -->\n<title>Ngjarje e r\u00ebnd\u00eb n\u00eb Gjermani, kryetarja e sapozgjedhur e bashkis\u00eb sulmohet me thik\u00eb -<\/title>\n<meta name=\"robots\" content=\"index, follow, max-snippet:-1, max-image-preview:large, max-video-preview:-1\" \/>\n<link rel=\"canonical\" href=\"https:\/\/veritasinfo.org\/?p=15308\" \/>\n<meta property=\"og:locale\" content=\"en_US\" \/>\n<meta property=\"og:type\" content=\"article\" \/>\n<meta property=\"og:title\" content=\"Ngjarje e r\u00ebnd\u00eb n\u00eb Gjermani, kryetarja e sapozgjedhur e bashkis\u00eb sulmohet me thik\u00eb -\" \/>\n<meta property=\"og:description\" content=\"Gjermani 7 Tetor 2025 Nj\u00eb kryetare bashkie e nj\u00eb qyteti gjerman \u00ebsht\u00eb plagosur r\u00ebnd\u00eb pasi \u00ebsht\u00eb therur disa her\u00eb me thik\u00eb. Iris Stalzer, kryetarja e\" \/>\n<meta property=\"og:url\" content=\"https:\/\/veritasinfo.org\/?p=15308\" \/>\n<meta property=\"article:published_time\" content=\"2025-10-07T15:54:41+00:00\" \/>\n<meta property=\"og:image\" content=\"https:\/\/veritasinfo.org\/wp-content\/uploads\/2025\/10\/image-2-17.webp\" \/>\n\t<meta property=\"og:image:width\" content=\"1245\" \/>\n\t<meta property=\"og:image:height\" content=\"700\" \/>\n\t<meta property=\"og:image:type\" content=\"image\/webp\" \/>\n<meta name=\"author\" content=\"US5\" \/>\n<meta name=\"twitter:card\" content=\"summary_large_image\" \/>\n<meta name=\"twitter:label1\" content=\"Written by\" \/>\n\t<meta name=\"twitter:data1\" content=\"US5\" \/>\n\t<meta name=\"twitter:label2\" content=\"Est. reading time\" \/>\n\t<meta name=\"twitter:data2\" content=\"1 minute\" \/>\n<script type=\"application\/ld+json\" class=\"yoast-schema-graph\">{\"@context\":\"https:\/\/schema.org\",\"@graph\":[{\"@type\":\"WebPage\",\"@id\":\"https:\/\/veritasinfo.org\/?p=15308\",\"url\":\"https:\/\/veritasinfo.org\/?p=15308\",\"name\":\"Ngjarje e r\u00ebnd\u00eb n\u00eb Gjermani, kryetarja e sapozgjedhur e bashkis\u00eb sulmohet me thik\u00eb -\",\"isPartOf\":{\"@id\":\"https:\/\/veritasinfo.org\/#website\"},\"primaryImageOfPage\":{\"@id\":\"https:\/\/veritasinfo.org\/?p=15308#primaryimage\"},\"image\":{\"@id\":\"https:\/\/veritasinfo.org\/?p=15308#primaryimage\"},\"thumbnailUrl\":\"https:\/\/veritasinfo.org\/wp-content\/uploads\/2025\/10\/image-2-17.webp\",\"datePublished\":\"2025-10-07T15:54:41+00:00\",\"author\":{\"@id\":\"https:\/\/veritasinfo.org\/#\/schema\/person\/bc442336e35414d04494ab8fb45db4c6\"},\"breadcrumb\":{\"@id\":\"https:\/\/veritasinfo.org\/?p=15308#breadcrumb\"},\"inLanguage\":\"en-US\",\"potentialAction\":[{\"@type\":\"ReadAction\",\"target\":[\"https:\/\/veritasinfo.org\/?p=15308\"]}]},{\"@type\":\"ImageObject\",\"inLanguage\":\"en-US\",\"@id\":\"https:\/\/veritasinfo.org\/?p=15308#primaryimage\",\"url\":\"https:\/\/veritasinfo.org\/wp-content\/uploads\/2025\/10\/image-2-17.webp\",\"contentUrl\":\"https:\/\/veritasinfo.org\/wp-content\/uploads\/2025\/10\/image-2-17.webp\",\"width\":1245,\"height\":700},{\"@type\":\"BreadcrumbList\",\"@id\":\"https:\/\/veritasinfo.org\/?p=15308#breadcrumb\",\"itemListElement\":[{\"@type\":\"ListItem\",\"position\":1,\"name\":\"Home\",\"item\":\"https:\/\/veritasinfo.org\/\"},{\"@type\":\"ListItem\",\"position\":2,\"name\":\"Ngjarje e r\u00ebnd\u00eb n\u00eb Gjermani, kryetarja e sapozgjedhur e bashkis\u00eb sulmohet me thik\u00eb\"}]},{\"@type\":\"WebSite\",\"@id\":\"https:\/\/veritasinfo.org\/#website\",\"url\":\"https:\/\/veritasinfo.org\/\",\"name\":\"\",\"description\":\"\",\"potentialAction\":[{\"@type\":\"SearchAction\",\"target\":{\"@type\":\"EntryPoint\",\"urlTemplate\":\"https:\/\/veritasinfo.org\/?s={search_term_string}\"},\"query-input\":{\"@type\":\"PropertyValueSpecification\",\"valueRequired\":true,\"valueName\":\"search_term_string\"}}],\"inLanguage\":\"en-US\"},{\"@type\":\"Person\",\"@id\":\"https:\/\/veritasinfo.org\/#\/schema\/person\/bc442336e35414d04494ab8fb45db4c6\",\"name\":\"US5\",\"image\":{\"@type\":\"ImageObject\",\"inLanguage\":\"en-US\",\"@id\":\"https:\/\/veritasinfo.org\/#\/schema\/person\/image\/\",\"url\":\"https:\/\/secure.gravatar.com\/avatar\/16a61e7272a0c5d001121ebb9e60e925d5816e4ac1e443ed3e640d9a6ae55d0c?s=96&d=mm&r=g\",\"contentUrl\":\"https:\/\/secure.gravatar.com\/avatar\/16a61e7272a0c5d001121ebb9e60e925d5816e4ac1e443ed3e640d9a6ae55d0c?s=96&d=mm&r=g\",\"caption\":\"US5\"},\"url\":\"https:\/\/veritasinfo.org\/?author=6\"}]}<\/script>\n<!-- \/ Yoast SEO plugin. -->","yoast_head_json":{"title":"Ngjarje e r\u00ebnd\u00eb n\u00eb Gjermani, kryetarja e sapozgjedhur e bashkis\u00eb sulmohet me thik\u00eb -","robots":{"index":"index","follow":"follow","max-snippet":"max-snippet:-1","max-image-preview":"max-image-preview:large","max-video-preview":"max-video-preview:-1"},"canonical":"https:\/\/veritasinfo.org\/?p=15308","og_locale":"en_US","og_type":"article","og_title":"Ngjarje e r\u00ebnd\u00eb n\u00eb Gjermani, kryetarja e sapozgjedhur e bashkis\u00eb sulmohet me thik\u00eb -","og_description":"Gjermani 7 Tetor 2025 Nj\u00eb kryetare bashkie e nj\u00eb qyteti gjerman \u00ebsht\u00eb plagosur r\u00ebnd\u00eb pasi \u00ebsht\u00eb therur disa her\u00eb me thik\u00eb. Iris Stalzer, kryetarja e","og_url":"https:\/\/veritasinfo.org\/?p=15308","article_published_time":"2025-10-07T15:54:41+00:00","og_image":[{"width":1245,"height":700,"url":"https:\/\/veritasinfo.org\/wp-content\/uploads\/2025\/10\/image-2-17.webp","type":"image\/webp"}],"author":"US5","twitter_card":"summary_large_image","twitter_misc":{"Written by":"US5","Est. reading time":"1 minute"},"schema":{"@context":"https:\/\/schema.org","@graph":[{"@type":"WebPage","@id":"https:\/\/veritasinfo.org\/?p=15308","url":"https:\/\/veritasinfo.org\/?p=15308","name":"Ngjarje e r\u00ebnd\u00eb n\u00eb Gjermani, kryetarja e sapozgjedhur e bashkis\u00eb sulmohet me thik\u00eb -","isPartOf":{"@id":"https:\/\/veritasinfo.org\/#website"},"primaryImageOfPage":{"@id":"https:\/\/veritasinfo.org\/?p=15308#primaryimage"},"image":{"@id":"https:\/\/veritasinfo.org\/?p=15308#primaryimage"},"thumbnailUrl":"https:\/\/veritasinfo.org\/wp-content\/uploads\/2025\/10\/image-2-17.webp","datePublished":"2025-10-07T15:54:41+00:00","author":{"@id":"https:\/\/veritasinfo.org\/#\/schema\/person\/bc442336e35414d04494ab8fb45db4c6"},"breadcrumb":{"@id":"https:\/\/veritasinfo.org\/?p=15308#breadcrumb"},"inLanguage":"en-US","potentialAction":[{"@type":"ReadAction","target":["https:\/\/veritasinfo.org\/?p=15308"]}]},{"@type":"ImageObject","inLanguage":"en-US","@id":"https:\/\/veritasinfo.org\/?p=15308#primaryimage","url":"https:\/\/veritasinfo.org\/wp-content\/uploads\/2025\/10\/image-2-17.webp","contentUrl":"https:\/\/veritasinfo.org\/wp-content\/uploads\/2025\/10\/image-2-17.webp","width":1245,"height":700},{"@type":"BreadcrumbList","@id":"https:\/\/veritasinfo.org\/?p=15308#breadcrumb","itemListElement":[{"@type":"ListItem","position":1,"name":"Home","item":"https:\/\/veritasinfo.org\/"},{"@type":"ListItem","position":2,"name":"Ngjarje e r\u00ebnd\u00eb n\u00eb Gjermani, kryetarja e sapozgjedhur e bashkis\u00eb sulmohet me thik\u00eb"}]},{"@type":"WebSite","@id":"https:\/\/veritasinfo.org\/#website","url":"https:\/\/veritasinfo.org\/","name":"","description":"","potentialAction":[{"@type":"SearchAction","target":{"@type":"EntryPoint","urlTemplate":"https:\/\/veritasinfo.org\/?s={search_term_string}"},"query-input":{"@type":"PropertyValueSpecification","valueRequired":true,"valueName":"search_term_string"}}],"inLanguage":"en-US"},{"@type":"Person","@id":"https:\/\/veritasinfo.org\/#\/schema\/person\/bc442336e35414d04494ab8fb45db4c6","name":"US5","image":{"@type":"ImageObject","inLanguage":"en-US","@id":"https:\/\/veritasinfo.org\/#\/schema\/person\/image\/","url":"https:\/\/secure.gravatar.com\/avatar\/16a61e7272a0c5d001121ebb9e60e925d5816e4ac1e443ed3e640d9a6ae55d0c?s=96&d=mm&r=g","contentUrl":"https:\/\/secure.gravatar.com\/avatar\/16a61e7272a0c5d001121ebb9e60e925d5816e4ac1e443ed3e640d9a6ae55d0c?s=96&d=mm&r=g","caption":"US5"},"url":"https:\/\/veritasinfo.org\/?author=6"}]}},"featured_image_urls":{"full":["https:\/\/veritasinfo.org\/wp-content\/uploads\/2025\/10\/image-2-17.webp",1245,700,false],"thumbnail":["https:\/\/veritasinfo.org\/wp-content\/uploads\/2025\/10\/image-2-17-150x150.webp",150,150,true],"medium":["https:\/\/veritasinfo.org\/wp-content\/uploads\/2025\/10\/image-2-17-300x169.webp",300,169,true],"medium_large":["https:\/\/veritasinfo.org\/wp-content\/uploads\/2025\/10\/image-2-17-768x432.webp",640,360,true],"large":["https:\/\/veritasinfo.org\/wp-content\/uploads\/2025\/10\/image-2-17-1024x576.webp",640,360,true],"1536x1536":["https:\/\/veritasinfo.org\/wp-content\/uploads\/2025\/10\/image-2-17.webp",1245,700,false],"2048x2048":["https:\/\/veritasinfo.org\/wp-content\/uploads\/2025\/10\/image-2-17.webp",1245,700,false],"kreeti-slider-full":["https:\/\/veritasinfo.org\/wp-content\/uploads\/2025\/10\/image-2-17.webp",1245,700,false],"kreeti-featured":["https:\/\/veritasinfo.org\/wp-content\/uploads\/2025\/10\/image-2-17.webp",1024,576,false],"kreeti-medium":["https:\/\/veritasinfo.org\/wp-content\/uploads\/2025\/10\/image-2-17.webp",720,405,false],"kreeti-medium-square":["https:\/\/veritasinfo.org\/wp-content\/uploads\/2025\/10\/image-2-17.webp",350,197,false]},"author_info":{"info":["US5"]},"category_info":"<a href=\"https:\/\/veritasinfo.org\/?cat=72\" rel=\"category\">Bota<\/a>","tag_info":"Bota","comment_count":"0","_links":{"self":[{"href":"https:\/\/veritasinfo.org\/index.php?rest_route=\/wp\/v2\/posts\/15308","targetHints":{"allow":["GET"]}}],"collection":[{"href":"https:\/\/veritasinfo.org\/index.php?rest_route=\/wp\/v2\/posts"}],"about":[{"href":"https:\/\/veritasinfo.org\/index.php?rest_route=\/wp\/v2\/types\/post"}],"author":[{"embeddable":true,"href":"https:\/\/veritasinfo.org\/index.php?rest_route=\/wp\/v2\/users\/6"}],"replies":[{"embeddable":true,"href":"https:\/\/veritasinfo.org\/index.php?rest_route=%2Fwp%2Fv2%2Fcomments&post=15308"}],"version-history":[{"count":1,"href":"https:\/\/veritasinfo.org\/index.php?rest_route=\/wp\/v2\/posts\/15308\/revisions"}],"predecessor-version":[{"id":15310,"href":"https:\/\/veritasinfo.org\/index.php?rest_route=\/wp\/v2\/posts\/15308\/revisions\/15310"}],"wp:featuredmedia":[{"embeddable":true,"href":"https:\/\/veritasinfo.org\/index.php?rest_route=\/wp\/v2\/media\/15309"}],"wp:attachment":[{"href":"https:\/\/veritasinfo.org\/index.php?rest_route=%2Fwp%2Fv2%2Fmedia&parent=15308"}],"wp:term":[{"taxonomy":"category","embeddable":true,"href":"https:\/\/veritasinfo.org\/index.php?rest_route=%2Fwp%2Fv2%2Fcategories&post=15308"},{"taxonomy":"post_tag","embeddable":true,"href":"https:\/\/veritasinfo.org\/index.php?rest_route=%2Fwp%2Fv2%2Ftags&post=15308"}],"curies":[{"name":"wp","href":"https:\/\/api.w.org\/{rel}","templated":true}]}}