{"id":15166,"date":"2025-10-06T10:23:02","date_gmt":"2025-10-06T08:23:02","guid":{"rendered":"https:\/\/veritasinfo.org\/?p=15166"},"modified":"2025-10-06T10:23:02","modified_gmt":"2025-10-06T08:23:02","slug":"qendrat-e-numerimit-dhe-vendvotimet-do-te-vezhgohen-me-kamera","status":"publish","type":"post","link":"https:\/\/veritasinfo.org\/?p=15166","title":{"rendered":"Qendrat e num\u00ebrimit dhe vendvotimet do t\u00eb v\u00ebzhgohen me kamera"},"content":{"rendered":"<p>Prishtin\u00eb, 6 tetor 2025<\/p>\n<p>Ashtu si n\u00eb zgjedhjet e mbajtura m\u00eb 9 shkurt t\u00eb k\u00ebtij viti, edhe n\u00eb Zgjedhjet Lokale q\u00eb do t\u00eb mbahen m\u00eb 12 tetor, Komisioni Qendror i Zgjedhjeve (KQZ) do t\u00eb vendos\u00eb kamera regjistruese n\u00eb \u00e7do vendvotim n\u00eb vend.<\/p>\n<p>Lajmin e ka konfirmuar Z\u00ebdh\u00ebn\u00ebsi i KQZ-s\u00eb, Valmir Elezi, i cili b\u00ebri t\u00eb ditur se kamerat do t\u00eb p\u00ebrdoren jo vet\u00ebm n\u00eb vendvotime, por edhe n\u00eb t\u00eb gjitha hap\u00ebsirat ku zhvillohet procesi i num\u00ebrimit t\u00eb votave, si\u00e7 jan\u00eb: Qendrat Komunale t\u00eb Num\u00ebrimit dhe Qendra e Num\u00ebrimit dhe Rezultateve.<\/p>\n<p>\u201cNumri i vendvotimeve ku do t\u00eb zhvillohet procesi i votimit m\u00eb 12 tetor dhe q\u00eb do t\u00eb mbulohen me kamera regjistruese \u00ebsht\u00eb 2,625, n\u00eb 2,571 prej t\u00eb cilave do t\u00eb b\u00ebhet num\u00ebrimi i flet\u00ebvotimeve nga zgjedhjet p\u00ebr Kryetar\u00eb t\u00eb Komunave dhe votave t\u00eb subjekteve politike nga zgjedhjet p\u00ebr Kuvende Komunale. Gjithashtu, do t\u00eb mbulohen qindra tavolina num\u00ebrimi n\u00eb 38 Qendra Komunale t\u00eb Num\u00ebrimit dhe dhjet\u00ebra t\u00eb tjera n\u00eb Qendr\u00ebn e Num\u00ebrimit dhe Rezultateve\u201d, ka deklaruar Elezi.<\/p>\n<p>Ai theksoi se kamera t\u00eb nj\u00ebjta jan\u00eb p\u00ebrdorur edhe n\u00eb zgjedhjet e muajit shkurt dhe do t\u00eb rikthehen p\u00ebr t\u00eb nj\u00ebjtin q\u00ebllim: garantimin e siguris\u00eb dhe integritetit t\u00eb procesit zgjedhor.<\/p>\n<p>\u201cVendosja e kamerave regjistruese brenda vendvotimit b\u00ebhet me q\u00ebllim t\u00eb garantimit t\u00eb siguris\u00eb s\u00eb materialeve zgjedhore dhe ruajtjes s\u00eb integritetit zgjedhor t\u00eb procesit t\u00eb votimit dhe num\u00ebrimit t\u00eb flet\u00ebvotimeve n\u00eb vendvotim\u201d, sqaroi z\u00ebdh\u00ebn\u00ebsi i KQZ-s\u00eb.<\/p>\n<p>Ai siguroi se pozicionimi i kamerave nuk do t\u00eb cenoj\u00eb aspak fsheht\u00ebsin\u00eb e vot\u00ebs.<\/p>\n<p>\u201cKamerat n\u00eb vendvotime do t\u00eb vendosen n\u00eb m\u00ebnyr\u00eb t\u00eb till\u00eb q\u00eb t\u00eb respektohet plot\u00ebsisht fsheht\u00ebsia e vot\u00ebs. Ato do t\u00eb pozicionohen larg kabinave t\u00eb votimit, n\u00eb nj\u00eb skaj tjet\u00ebr t\u00eb hap\u00ebsir\u00ebs, dhe nuk do t\u00eb ken\u00eb asnj\u00eb mund\u00ebsi t\u00eb kapin apo t\u00eb regjistrojn\u00eb momentin kur votuesi sh\u00ebnon preferenc\u00ebn e tij\u201d, theksoi Elezi.<\/p>\n<p>Lidhur me ruajtjen e videove t\u00eb regjistruara, ai ka sqaruar se k\u00ebto pamje nuk do t\u00eb monitorohen nga KQZ gjat\u00eb dit\u00ebs s\u00eb zgjedhjeve.<\/p>\n<p>\u201cRegjistrimi do t\u00eb b\u00ebhet n\u00eb m\u00ebnyr\u00eb pasive dhe n\u00eb videoregjistrime mund t\u00eb sigurohet qasje vet\u00ebm me vendim apo k\u00ebrkes\u00eb t\u00eb institucioneve t\u00eb zbatimit t\u00eb ligjit\u201d, tha ai, duke shtuar se \u201cruajtja e k\u00ebtyre regjistrimeve do t\u00eb jet\u00eb e p\u00ebrkohshme, deri n\u00eb shkat\u00ebrrimin e materialit zgjedhor, q\u00eb sipas Ligjit p\u00ebr Zgjedhjet e P\u00ebrgjithshme duhet t\u00eb b\u00ebhet brenda 60 dit\u00ebve pas certifikimit t\u00eb rezultatit t\u00eb zgjedhjeve\u201d.<\/p>\n<p>KQZ ka b\u00ebr\u00eb t\u00eb ditur se k\u00ebto masa jan\u00eb pjes\u00eb e p\u00ebrpjekjeve p\u00ebr t\u00eb garantuar transparenc\u00eb, besueshm\u00ebri dhe siguri n\u00eb t\u00eb gjitha fazat e procesit zgjedhor.<\/p>\n<p>N\u00eb dit\u00ebn e zgjedhjeve, pas p\u00ebrfundimit t\u00eb votimit, n\u00eb vendvotime do t\u00eb num\u00ebrohen flet\u00ebvotimet nga Zgjedhjet p\u00ebr Kryetar t\u00eb Komunave dhe votat p\u00ebr subjektet politike nga Zgjedhjet p\u00ebr Kuvende Komunale. Nd\u00ebrkaq, n\u00eb Qendrat Komunale t\u00eb Num\u00ebrimit, t\u00eb cilat jan\u00eb t\u00eb vendosura n\u00ebp\u00ebr komuna, do t\u00eb num\u00ebrohen votat e kandidat\u00ebve p\u00ebr an\u00ebtar\u00eb t\u00eb Kuvendeve Komunale, shkruan gazeta Express.<\/p>\n<p>Num\u00ebrimi i votave me kusht, votave t\u00eb personave me nevoja t\u00eb ve\u00e7anta dhe votave t\u00eb diaspor\u00ebs do t\u00eb b\u00ebhet n\u00eb Qendr\u00ebn e Num\u00ebrimit dhe Rezultateve.<\/p>\n<p>&nbsp;<\/p>\n","protected":false},"excerpt":{"rendered":"<p>Prishtin\u00eb, 6 tetor 2025 Ashtu si n\u00eb zgjedhjet e mbajtura m\u00eb 9 shkurt t\u00eb k\u00ebtij viti, edhe n\u00eb Zgjedhjet Lokale q\u00eb do t\u00eb mbahen m\u00eb<\/p>\n","protected":false},"author":7,"featured_media":15167,"comment_status":"open","ping_status":"open","sticky":false,"template":"","format":"standard","meta":{"footnotes":""},"categories":[8],"tags":[],"class_list":["post-15166","post","type-post","status-publish","format-standard","has-post-thumbnail","hentry","category-blog-sq"],"yoast_head":"<!-- This site is optimized with the Yoast SEO plugin v25.3.1 - https:\/\/yoast.com\/wordpress\/plugins\/seo\/ -->\n<title>Qendrat e num\u00ebrimit dhe vendvotimet do t\u00eb v\u00ebzhgohen me kamera -<\/title>\n<meta name=\"robots\" content=\"index, follow, max-snippet:-1, max-image-preview:large, max-video-preview:-1\" \/>\n<link rel=\"canonical\" href=\"https:\/\/veritasinfo.org\/?p=15166\" \/>\n<meta property=\"og:locale\" content=\"en_US\" \/>\n<meta property=\"og:type\" content=\"article\" \/>\n<meta property=\"og:title\" content=\"Qendrat e num\u00ebrimit dhe vendvotimet do t\u00eb v\u00ebzhgohen me kamera -\" \/>\n<meta property=\"og:description\" content=\"Prishtin\u00eb, 6 tetor 2025 Ashtu si n\u00eb zgjedhjet e mbajtura m\u00eb 9 shkurt t\u00eb k\u00ebtij viti, edhe n\u00eb Zgjedhjet Lokale q\u00eb do t\u00eb mbahen m\u00eb\" \/>\n<meta property=\"og:url\" content=\"https:\/\/veritasinfo.org\/?p=15166\" \/>\n<meta property=\"article:published_time\" content=\"2025-10-06T08:23:02+00:00\" \/>\n<meta property=\"og:image\" content=\"https:\/\/veritasinfo.org\/wp-content\/uploads\/2025\/10\/kamera.jpg\" \/>\n\t<meta property=\"og:image:width\" content=\"640\" \/>\n\t<meta property=\"og:image:height\" content=\"427\" \/>\n\t<meta property=\"og:image:type\" content=\"image\/jpeg\" \/>\n<meta name=\"author\" content=\"US6\" \/>\n<meta name=\"twitter:card\" content=\"summary_large_image\" \/>\n<meta name=\"twitter:label1\" content=\"Written by\" \/>\n\t<meta name=\"twitter:data1\" content=\"US6\" \/>\n\t<meta name=\"twitter:label2\" content=\"Est. reading time\" \/>\n\t<meta name=\"twitter:data2\" content=\"3 minutes\" \/>\n<script type=\"application\/ld+json\" class=\"yoast-schema-graph\">{\"@context\":\"https:\/\/schema.org\",\"@graph\":[{\"@type\":\"WebPage\",\"@id\":\"https:\/\/veritasinfo.org\/?p=15166\",\"url\":\"https:\/\/veritasinfo.org\/?p=15166\",\"name\":\"Qendrat e num\u00ebrimit dhe vendvotimet do t\u00eb v\u00ebzhgohen me kamera -\",\"isPartOf\":{\"@id\":\"https:\/\/veritasinfo.org\/#website\"},\"primaryImageOfPage\":{\"@id\":\"https:\/\/veritasinfo.org\/?p=15166#primaryimage\"},\"image\":{\"@id\":\"https:\/\/veritasinfo.org\/?p=15166#primaryimage\"},\"thumbnailUrl\":\"https:\/\/veritasinfo.org\/wp-content\/uploads\/2025\/10\/kamera.jpg\",\"datePublished\":\"2025-10-06T08:23:02+00:00\",\"author\":{\"@id\":\"https:\/\/veritasinfo.org\/#\/schema\/person\/fe199eede04c3937362892b7444747cc\"},\"breadcrumb\":{\"@id\":\"https:\/\/veritasinfo.org\/?p=15166#breadcrumb\"},\"inLanguage\":\"en-US\",\"potentialAction\":[{\"@type\":\"ReadAction\",\"target\":[\"https:\/\/veritasinfo.org\/?p=15166\"]}]},{\"@type\":\"ImageObject\",\"inLanguage\":\"en-US\",\"@id\":\"https:\/\/veritasinfo.org\/?p=15166#primaryimage\",\"url\":\"https:\/\/veritasinfo.org\/wp-content\/uploads\/2025\/10\/kamera.jpg\",\"contentUrl\":\"https:\/\/veritasinfo.org\/wp-content\/uploads\/2025\/10\/kamera.jpg\",\"width\":640,\"height\":427},{\"@type\":\"BreadcrumbList\",\"@id\":\"https:\/\/veritasinfo.org\/?p=15166#breadcrumb\",\"itemListElement\":[{\"@type\":\"ListItem\",\"position\":1,\"name\":\"Home\",\"item\":\"https:\/\/veritasinfo.org\/\"},{\"@type\":\"ListItem\",\"position\":2,\"name\":\"Qendrat e num\u00ebrimit dhe vendvotimet do t\u00eb v\u00ebzhgohen me kamera\"}]},{\"@type\":\"WebSite\",\"@id\":\"https:\/\/veritasinfo.org\/#website\",\"url\":\"https:\/\/veritasinfo.org\/\",\"name\":\"\",\"description\":\"\",\"potentialAction\":[{\"@type\":\"SearchAction\",\"target\":{\"@type\":\"EntryPoint\",\"urlTemplate\":\"https:\/\/veritasinfo.org\/?s={search_term_string}\"},\"query-input\":{\"@type\":\"PropertyValueSpecification\",\"valueRequired\":true,\"valueName\":\"search_term_string\"}}],\"inLanguage\":\"en-US\"},{\"@type\":\"Person\",\"@id\":\"https:\/\/veritasinfo.org\/#\/schema\/person\/fe199eede04c3937362892b7444747cc\",\"name\":\"US6\",\"image\":{\"@type\":\"ImageObject\",\"inLanguage\":\"en-US\",\"@id\":\"https:\/\/veritasinfo.org\/#\/schema\/person\/image\/\",\"url\":\"https:\/\/secure.gravatar.com\/avatar\/cb16c3c31c9d23b9b8c705964598220b3014e42ff51eb540ff23cefa3ae8c15f?s=96&d=mm&r=g\",\"contentUrl\":\"https:\/\/secure.gravatar.com\/avatar\/cb16c3c31c9d23b9b8c705964598220b3014e42ff51eb540ff23cefa3ae8c15f?s=96&d=mm&r=g\",\"caption\":\"US6\"},\"url\":\"https:\/\/veritasinfo.org\/?author=7\"}]}<\/script>\n<!-- \/ Yoast SEO plugin. -->","yoast_head_json":{"title":"Qendrat e num\u00ebrimit dhe vendvotimet do t\u00eb v\u00ebzhgohen me kamera -","robots":{"index":"index","follow":"follow","max-snippet":"max-snippet:-1","max-image-preview":"max-image-preview:large","max-video-preview":"max-video-preview:-1"},"canonical":"https:\/\/veritasinfo.org\/?p=15166","og_locale":"en_US","og_type":"article","og_title":"Qendrat e num\u00ebrimit dhe vendvotimet do t\u00eb v\u00ebzhgohen me kamera -","og_description":"Prishtin\u00eb, 6 tetor 2025 Ashtu si n\u00eb zgjedhjet e mbajtura m\u00eb 9 shkurt t\u00eb k\u00ebtij viti, edhe n\u00eb Zgjedhjet Lokale q\u00eb do t\u00eb mbahen m\u00eb","og_url":"https:\/\/veritasinfo.org\/?p=15166","article_published_time":"2025-10-06T08:23:02+00:00","og_image":[{"width":640,"height":427,"url":"https:\/\/veritasinfo.org\/wp-content\/uploads\/2025\/10\/kamera.jpg","type":"image\/jpeg"}],"author":"US6","twitter_card":"summary_large_image","twitter_misc":{"Written by":"US6","Est. reading time":"3 minutes"},"schema":{"@context":"https:\/\/schema.org","@graph":[{"@type":"WebPage","@id":"https:\/\/veritasinfo.org\/?p=15166","url":"https:\/\/veritasinfo.org\/?p=15166","name":"Qendrat e num\u00ebrimit dhe vendvotimet do t\u00eb v\u00ebzhgohen me kamera -","isPartOf":{"@id":"https:\/\/veritasinfo.org\/#website"},"primaryImageOfPage":{"@id":"https:\/\/veritasinfo.org\/?p=15166#primaryimage"},"image":{"@id":"https:\/\/veritasinfo.org\/?p=15166#primaryimage"},"thumbnailUrl":"https:\/\/veritasinfo.org\/wp-content\/uploads\/2025\/10\/kamera.jpg","datePublished":"2025-10-06T08:23:02+00:00","author":{"@id":"https:\/\/veritasinfo.org\/#\/schema\/person\/fe199eede04c3937362892b7444747cc"},"breadcrumb":{"@id":"https:\/\/veritasinfo.org\/?p=15166#breadcrumb"},"inLanguage":"en-US","potentialAction":[{"@type":"ReadAction","target":["https:\/\/veritasinfo.org\/?p=15166"]}]},{"@type":"ImageObject","inLanguage":"en-US","@id":"https:\/\/veritasinfo.org\/?p=15166#primaryimage","url":"https:\/\/veritasinfo.org\/wp-content\/uploads\/2025\/10\/kamera.jpg","contentUrl":"https:\/\/veritasinfo.org\/wp-content\/uploads\/2025\/10\/kamera.jpg","width":640,"height":427},{"@type":"BreadcrumbList","@id":"https:\/\/veritasinfo.org\/?p=15166#breadcrumb","itemListElement":[{"@type":"ListItem","position":1,"name":"Home","item":"https:\/\/veritasinfo.org\/"},{"@type":"ListItem","position":2,"name":"Qendrat e num\u00ebrimit dhe vendvotimet do t\u00eb v\u00ebzhgohen me kamera"}]},{"@type":"WebSite","@id":"https:\/\/veritasinfo.org\/#website","url":"https:\/\/veritasinfo.org\/","name":"","description":"","potentialAction":[{"@type":"SearchAction","target":{"@type":"EntryPoint","urlTemplate":"https:\/\/veritasinfo.org\/?s={search_term_string}"},"query-input":{"@type":"PropertyValueSpecification","valueRequired":true,"valueName":"search_term_string"}}],"inLanguage":"en-US"},{"@type":"Person","@id":"https:\/\/veritasinfo.org\/#\/schema\/person\/fe199eede04c3937362892b7444747cc","name":"US6","image":{"@type":"ImageObject","inLanguage":"en-US","@id":"https:\/\/veritasinfo.org\/#\/schema\/person\/image\/","url":"https:\/\/secure.gravatar.com\/avatar\/cb16c3c31c9d23b9b8c705964598220b3014e42ff51eb540ff23cefa3ae8c15f?s=96&d=mm&r=g","contentUrl":"https:\/\/secure.gravatar.com\/avatar\/cb16c3c31c9d23b9b8c705964598220b3014e42ff51eb540ff23cefa3ae8c15f?s=96&d=mm&r=g","caption":"US6"},"url":"https:\/\/veritasinfo.org\/?author=7"}]}},"featured_image_urls":{"full":["https:\/\/veritasinfo.org\/wp-content\/uploads\/2025\/10\/kamera.jpg",640,427,false],"thumbnail":["https:\/\/veritasinfo.org\/wp-content\/uploads\/2025\/10\/kamera-150x150.jpg",150,150,true],"medium":["https:\/\/veritasinfo.org\/wp-content\/uploads\/2025\/10\/kamera-300x200.jpg",300,200,true],"medium_large":["https:\/\/veritasinfo.org\/wp-content\/uploads\/2025\/10\/kamera.jpg",640,427,false],"large":["https:\/\/veritasinfo.org\/wp-content\/uploads\/2025\/10\/kamera.jpg",640,427,false],"1536x1536":["https:\/\/veritasinfo.org\/wp-content\/uploads\/2025\/10\/kamera.jpg",640,427,false],"2048x2048":["https:\/\/veritasinfo.org\/wp-content\/uploads\/2025\/10\/kamera.jpg",640,427,false],"kreeti-slider-full":["https:\/\/veritasinfo.org\/wp-content\/uploads\/2025\/10\/kamera.jpg",640,427,false],"kreeti-featured":["https:\/\/veritasinfo.org\/wp-content\/uploads\/2025\/10\/kamera.jpg",640,427,false],"kreeti-medium":["https:\/\/veritasinfo.org\/wp-content\/uploads\/2025\/10\/kamera.jpg",640,427,false],"kreeti-medium-square":["https:\/\/veritasinfo.org\/wp-content\/uploads\/2025\/10\/kamera.jpg",350,234,false]},"author_info":{"info":["US6"]},"category_info":"<a href=\"https:\/\/veritasinfo.org\/?cat=8\" rel=\"category\">Zgjedhjet parlamentare 2025<\/a>","tag_info":"Zgjedhjet parlamentare 2025","comment_count":"0","_links":{"self":[{"href":"https:\/\/veritasinfo.org\/index.php?rest_route=\/wp\/v2\/posts\/15166","targetHints":{"allow":["GET"]}}],"collection":[{"href":"https:\/\/veritasinfo.org\/index.php?rest_route=\/wp\/v2\/posts"}],"about":[{"href":"https:\/\/veritasinfo.org\/index.php?rest_route=\/wp\/v2\/types\/post"}],"author":[{"embeddable":true,"href":"https:\/\/veritasinfo.org\/index.php?rest_route=\/wp\/v2\/users\/7"}],"replies":[{"embeddable":true,"href":"https:\/\/veritasinfo.org\/index.php?rest_route=%2Fwp%2Fv2%2Fcomments&post=15166"}],"version-history":[{"count":1,"href":"https:\/\/veritasinfo.org\/index.php?rest_route=\/wp\/v2\/posts\/15166\/revisions"}],"predecessor-version":[{"id":15168,"href":"https:\/\/veritasinfo.org\/index.php?rest_route=\/wp\/v2\/posts\/15166\/revisions\/15168"}],"wp:featuredmedia":[{"embeddable":true,"href":"https:\/\/veritasinfo.org\/index.php?rest_route=\/wp\/v2\/media\/15167"}],"wp:attachment":[{"href":"https:\/\/veritasinfo.org\/index.php?rest_route=%2Fwp%2Fv2%2Fmedia&parent=15166"}],"wp:term":[{"taxonomy":"category","embeddable":true,"href":"https:\/\/veritasinfo.org\/index.php?rest_route=%2Fwp%2Fv2%2Fcategories&post=15166"},{"taxonomy":"post_tag","embeddable":true,"href":"https:\/\/veritasinfo.org\/index.php?rest_route=%2Fwp%2Fv2%2Ftags&post=15166"}],"curies":[{"name":"wp","href":"https:\/\/api.w.org\/{rel}","templated":true}]}}