{"id":1515,"date":"2025-06-25T09:03:24","date_gmt":"2025-06-25T07:03:24","guid":{"rendered":"https:\/\/veritasinfo.org\/?p=1515"},"modified":"2025-06-25T09:03:24","modified_gmt":"2025-06-25T07:03:24","slug":"protestat-ne-serbi-bia-kidnapon-studentet","status":"publish","type":"post","link":"https:\/\/veritasinfo.org\/?p=1515","title":{"rendered":"Protestat n\u00eb Serbi: BIA kidnapon student\u00ebt"},"content":{"rendered":"<p><strong>Beograd 26 Qershor 2025<\/strong><\/p>\n<p>Tash e disa muaj n\u00eb Serbi po zhvillohen protesta masive t\u00eb udh\u00ebhequra nga studentet e fakulteteve t\u00eb Beogradit dhe Novi Sadit, mir\u00ebpo protesta n\u00eb p\u00ebrkrahje t\u00eb student\u00ebve po zhvillohen n\u00eb t\u00eb gjitha qytetet e Serbis\u00eb.<\/p>\n<p>Pushteti n\u00eb Serbi nuk q\u00ebndron duarkryq ndaj k\u00ebtyre protestave. Presidenti i Serbis\u00eb, Aleksandar Vu\u00e7i\u00e7 dhe vart\u00ebsit e tij, student\u00ebve protestues u kan\u00eb dh\u00ebn\u00eb epitetin e \u201cbllokuesve\u201d, nd\u00ebrsa kauz\u00ebn e tyre e kan\u00eb cil\u00ebsuar si \u201cRevolucion me ngjyra\u201d, madje duke akuzuar disa vende per\u00ebndimore se q\u00ebndrojn\u00eb prapa k\u00ebtyre protestave.<\/p>\n<p>N\u00eb an\u00ebn tjet\u00ebr, p\u00ebr t\u2019i shtypur k\u00ebto protesta, pushteti i Vu\u00e7i\u00e7it ka angazhuar t\u00eb gjith\u00eb mekanizmat shtet\u00ebror, p\u00ebrfshir\u00eb edhe Agjencin\u00eb e Siguris\u00eb s\u00eb Informacionit (BIA), e cila po e p\u00ebrdor\u00eb praktiken e viteve t\u00eb \u201990-ta q\u00eb e zbatonte n\u00eb Kosov\u00eb, duke kidnapuar njer\u00ebzit.<\/p>\n<p>Kjo praktik\u00eb po zbatohet edhe ndaj student\u00ebve protestues. Pasi disa muaj m\u00eb par\u00eb, gjasht\u00eb operativ\u00eb t\u00eb BIA-s kidnapuan student\u00ebt Mila Pajiq dhe Dorotea Antiq, t\u00eb m\u00ebrkur\u00ebn n\u00eb mbr\u00ebmje u kidnapua edhe studenti Stefan Tomiq.<\/p>\n<p>M\u00eb her\u00ebt politikanja opozitare, Marinika Tepiq kishte deklaruar se k\u00ebto kidnapime nga ana e BIA-s po kryhen me urdh\u00ebr t\u00eb Darko Be\u00e7iqit, p\u00ebrndryshe v\u00ebllait t\u00eb Igor Be\u00e7iqit, kryetar Bordit t\u00eb Partis\u00eb Progresive (SNS) n\u00eb pushtet p\u00ebr Kontrollin e \u00a0Sh\u00ebrbimeve t\u00eb Siguris\u00eb.<\/p>\n","protected":false},"excerpt":{"rendered":"<p>Beograd 26 Qershor 2025 Tash e disa muaj n\u00eb Serbi po zhvillohen protesta masive t\u00eb udh\u00ebhequra nga studentet e fakulteteve t\u00eb Beogradit dhe Novi Sadit,<\/p>\n","protected":false},"author":2,"featured_media":1516,"comment_status":"open","ping_status":"open","sticky":false,"template":"","format":"standard","meta":{"footnotes":""},"categories":[72],"tags":[],"class_list":["post-1515","post","type-post","status-publish","format-standard","has-post-thumbnail","hentry","category-bota"],"yoast_head":"<!-- This site is optimized with the Yoast SEO plugin v25.3.1 - https:\/\/yoast.com\/wordpress\/plugins\/seo\/ -->\n<title>Protestat n\u00eb Serbi: BIA kidnapon student\u00ebt -<\/title>\n<meta name=\"robots\" content=\"index, follow, max-snippet:-1, max-image-preview:large, max-video-preview:-1\" \/>\n<link rel=\"canonical\" href=\"https:\/\/veritasinfo.org\/?p=1515\" \/>\n<meta property=\"og:locale\" content=\"en_US\" \/>\n<meta property=\"og:type\" content=\"article\" \/>\n<meta property=\"og:title\" content=\"Protestat n\u00eb Serbi: BIA kidnapon student\u00ebt -\" \/>\n<meta property=\"og:description\" content=\"Beograd 26 Qershor 2025 Tash e disa muaj n\u00eb Serbi po zhvillohen protesta masive t\u00eb udh\u00ebhequra nga studentet e fakulteteve t\u00eb Beogradit dhe Novi Sadit,\" \/>\n<meta property=\"og:url\" content=\"https:\/\/veritasinfo.org\/?p=1515\" \/>\n<meta property=\"article:published_time\" content=\"2025-06-25T07:03:24+00:00\" \/>\n<meta property=\"og:image\" content=\"https:\/\/veritasinfo.org\/wp-content\/uploads\/2025\/06\/srbija-protesti.jpg\" \/>\n\t<meta property=\"og:image:width\" content=\"900\" \/>\n\t<meta property=\"og:image:height\" content=\"563\" \/>\n\t<meta property=\"og:image:type\" content=\"image\/jpeg\" \/>\n<meta name=\"author\" content=\"US1\" \/>\n<meta name=\"twitter:card\" content=\"summary_large_image\" \/>\n<meta name=\"twitter:label1\" content=\"Written by\" \/>\n\t<meta name=\"twitter:data1\" content=\"US1\" \/>\n\t<meta name=\"twitter:label2\" content=\"Est. reading time\" \/>\n\t<meta name=\"twitter:data2\" content=\"2 minutes\" \/>\n<script type=\"application\/ld+json\" class=\"yoast-schema-graph\">{\"@context\":\"https:\/\/schema.org\",\"@graph\":[{\"@type\":\"WebPage\",\"@id\":\"https:\/\/veritasinfo.org\/?p=1515\",\"url\":\"https:\/\/veritasinfo.org\/?p=1515\",\"name\":\"Protestat n\u00eb Serbi: BIA kidnapon student\u00ebt -\",\"isPartOf\":{\"@id\":\"https:\/\/veritasinfo.org\/#website\"},\"primaryImageOfPage\":{\"@id\":\"https:\/\/veritasinfo.org\/?p=1515#primaryimage\"},\"image\":{\"@id\":\"https:\/\/veritasinfo.org\/?p=1515#primaryimage\"},\"thumbnailUrl\":\"https:\/\/veritasinfo.org\/wp-content\/uploads\/2025\/06\/srbija-protesti.jpg\",\"datePublished\":\"2025-06-25T07:03:24+00:00\",\"author\":{\"@id\":\"https:\/\/veritasinfo.org\/#\/schema\/person\/c2b8be262ea994d0995addca692c5e98\"},\"breadcrumb\":{\"@id\":\"https:\/\/veritasinfo.org\/?p=1515#breadcrumb\"},\"inLanguage\":\"en-US\",\"potentialAction\":[{\"@type\":\"ReadAction\",\"target\":[\"https:\/\/veritasinfo.org\/?p=1515\"]}]},{\"@type\":\"ImageObject\",\"inLanguage\":\"en-US\",\"@id\":\"https:\/\/veritasinfo.org\/?p=1515#primaryimage\",\"url\":\"https:\/\/veritasinfo.org\/wp-content\/uploads\/2025\/06\/srbija-protesti.jpg\",\"contentUrl\":\"https:\/\/veritasinfo.org\/wp-content\/uploads\/2025\/06\/srbija-protesti.jpg\",\"width\":900,\"height\":563},{\"@type\":\"BreadcrumbList\",\"@id\":\"https:\/\/veritasinfo.org\/?p=1515#breadcrumb\",\"itemListElement\":[{\"@type\":\"ListItem\",\"position\":1,\"name\":\"Home\",\"item\":\"https:\/\/veritasinfo.org\/\"},{\"@type\":\"ListItem\",\"position\":2,\"name\":\"Protestat n\u00eb Serbi: BIA kidnapon student\u00ebt\"}]},{\"@type\":\"WebSite\",\"@id\":\"https:\/\/veritasinfo.org\/#website\",\"url\":\"https:\/\/veritasinfo.org\/\",\"name\":\"\",\"description\":\"\",\"potentialAction\":[{\"@type\":\"SearchAction\",\"target\":{\"@type\":\"EntryPoint\",\"urlTemplate\":\"https:\/\/veritasinfo.org\/?s={search_term_string}\"},\"query-input\":{\"@type\":\"PropertyValueSpecification\",\"valueRequired\":true,\"valueName\":\"search_term_string\"}}],\"inLanguage\":\"en-US\"},{\"@type\":\"Person\",\"@id\":\"https:\/\/veritasinfo.org\/#\/schema\/person\/c2b8be262ea994d0995addca692c5e98\",\"name\":\"US1\",\"image\":{\"@type\":\"ImageObject\",\"inLanguage\":\"en-US\",\"@id\":\"https:\/\/veritasinfo.org\/#\/schema\/person\/image\/\",\"url\":\"https:\/\/secure.gravatar.com\/avatar\/4e96a59bd256abf9956eb9963ac891a47461ffb364d47b0e9aab113328fdb75b?s=96&d=mm&r=g\",\"contentUrl\":\"https:\/\/secure.gravatar.com\/avatar\/4e96a59bd256abf9956eb9963ac891a47461ffb364d47b0e9aab113328fdb75b?s=96&d=mm&r=g\",\"caption\":\"US1\"},\"url\":\"https:\/\/veritasinfo.org\/?author=2\"}]}<\/script>\n<!-- \/ Yoast SEO plugin. -->","yoast_head_json":{"title":"Protestat n\u00eb Serbi: BIA kidnapon student\u00ebt -","robots":{"index":"index","follow":"follow","max-snippet":"max-snippet:-1","max-image-preview":"max-image-preview:large","max-video-preview":"max-video-preview:-1"},"canonical":"https:\/\/veritasinfo.org\/?p=1515","og_locale":"en_US","og_type":"article","og_title":"Protestat n\u00eb Serbi: BIA kidnapon student\u00ebt -","og_description":"Beograd 26 Qershor 2025 Tash e disa muaj n\u00eb Serbi po zhvillohen protesta masive t\u00eb udh\u00ebhequra nga studentet e fakulteteve t\u00eb Beogradit dhe Novi Sadit,","og_url":"https:\/\/veritasinfo.org\/?p=1515","article_published_time":"2025-06-25T07:03:24+00:00","og_image":[{"width":900,"height":563,"url":"https:\/\/veritasinfo.org\/wp-content\/uploads\/2025\/06\/srbija-protesti.jpg","type":"image\/jpeg"}],"author":"US1","twitter_card":"summary_large_image","twitter_misc":{"Written by":"US1","Est. reading time":"2 minutes"},"schema":{"@context":"https:\/\/schema.org","@graph":[{"@type":"WebPage","@id":"https:\/\/veritasinfo.org\/?p=1515","url":"https:\/\/veritasinfo.org\/?p=1515","name":"Protestat n\u00eb Serbi: BIA kidnapon student\u00ebt -","isPartOf":{"@id":"https:\/\/veritasinfo.org\/#website"},"primaryImageOfPage":{"@id":"https:\/\/veritasinfo.org\/?p=1515#primaryimage"},"image":{"@id":"https:\/\/veritasinfo.org\/?p=1515#primaryimage"},"thumbnailUrl":"https:\/\/veritasinfo.org\/wp-content\/uploads\/2025\/06\/srbija-protesti.jpg","datePublished":"2025-06-25T07:03:24+00:00","author":{"@id":"https:\/\/veritasinfo.org\/#\/schema\/person\/c2b8be262ea994d0995addca692c5e98"},"breadcrumb":{"@id":"https:\/\/veritasinfo.org\/?p=1515#breadcrumb"},"inLanguage":"en-US","potentialAction":[{"@type":"ReadAction","target":["https:\/\/veritasinfo.org\/?p=1515"]}]},{"@type":"ImageObject","inLanguage":"en-US","@id":"https:\/\/veritasinfo.org\/?p=1515#primaryimage","url":"https:\/\/veritasinfo.org\/wp-content\/uploads\/2025\/06\/srbija-protesti.jpg","contentUrl":"https:\/\/veritasinfo.org\/wp-content\/uploads\/2025\/06\/srbija-protesti.jpg","width":900,"height":563},{"@type":"BreadcrumbList","@id":"https:\/\/veritasinfo.org\/?p=1515#breadcrumb","itemListElement":[{"@type":"ListItem","position":1,"name":"Home","item":"https:\/\/veritasinfo.org\/"},{"@type":"ListItem","position":2,"name":"Protestat n\u00eb Serbi: BIA kidnapon student\u00ebt"}]},{"@type":"WebSite","@id":"https:\/\/veritasinfo.org\/#website","url":"https:\/\/veritasinfo.org\/","name":"","description":"","potentialAction":[{"@type":"SearchAction","target":{"@type":"EntryPoint","urlTemplate":"https:\/\/veritasinfo.org\/?s={search_term_string}"},"query-input":{"@type":"PropertyValueSpecification","valueRequired":true,"valueName":"search_term_string"}}],"inLanguage":"en-US"},{"@type":"Person","@id":"https:\/\/veritasinfo.org\/#\/schema\/person\/c2b8be262ea994d0995addca692c5e98","name":"US1","image":{"@type":"ImageObject","inLanguage":"en-US","@id":"https:\/\/veritasinfo.org\/#\/schema\/person\/image\/","url":"https:\/\/secure.gravatar.com\/avatar\/4e96a59bd256abf9956eb9963ac891a47461ffb364d47b0e9aab113328fdb75b?s=96&d=mm&r=g","contentUrl":"https:\/\/secure.gravatar.com\/avatar\/4e96a59bd256abf9956eb9963ac891a47461ffb364d47b0e9aab113328fdb75b?s=96&d=mm&r=g","caption":"US1"},"url":"https:\/\/veritasinfo.org\/?author=2"}]}},"featured_image_urls":{"full":["https:\/\/veritasinfo.org\/wp-content\/uploads\/2025\/06\/srbija-protesti.jpg",900,563,false],"thumbnail":["https:\/\/veritasinfo.org\/wp-content\/uploads\/2025\/06\/srbija-protesti-150x150.jpg",150,150,true],"medium":["https:\/\/veritasinfo.org\/wp-content\/uploads\/2025\/06\/srbija-protesti-300x188.jpg",300,188,true],"medium_large":["https:\/\/veritasinfo.org\/wp-content\/uploads\/2025\/06\/srbija-protesti-768x480.jpg",640,400,true],"large":["https:\/\/veritasinfo.org\/wp-content\/uploads\/2025\/06\/srbija-protesti.jpg",640,400,false],"1536x1536":["https:\/\/veritasinfo.org\/wp-content\/uploads\/2025\/06\/srbija-protesti.jpg",900,563,false],"2048x2048":["https:\/\/veritasinfo.org\/wp-content\/uploads\/2025\/06\/srbija-protesti.jpg",900,563,false],"kreeti-slider-full":["https:\/\/veritasinfo.org\/wp-content\/uploads\/2025\/06\/srbija-protesti.jpg",900,563,false],"kreeti-featured":["https:\/\/veritasinfo.org\/wp-content\/uploads\/2025\/06\/srbija-protesti.jpg",900,563,false],"kreeti-medium":["https:\/\/veritasinfo.org\/wp-content\/uploads\/2025\/06\/srbija-protesti.jpg",720,450,false],"kreeti-medium-square":["https:\/\/veritasinfo.org\/wp-content\/uploads\/2025\/06\/srbija-protesti.jpg",350,219,false]},"author_info":{"info":["US1"]},"category_info":"<a href=\"https:\/\/veritasinfo.org\/?cat=72\" rel=\"category\">Bota<\/a>","tag_info":"Bota","comment_count":"0","_links":{"self":[{"href":"https:\/\/veritasinfo.org\/index.php?rest_route=\/wp\/v2\/posts\/1515","targetHints":{"allow":["GET"]}}],"collection":[{"href":"https:\/\/veritasinfo.org\/index.php?rest_route=\/wp\/v2\/posts"}],"about":[{"href":"https:\/\/veritasinfo.org\/index.php?rest_route=\/wp\/v2\/types\/post"}],"author":[{"embeddable":true,"href":"https:\/\/veritasinfo.org\/index.php?rest_route=\/wp\/v2\/users\/2"}],"replies":[{"embeddable":true,"href":"https:\/\/veritasinfo.org\/index.php?rest_route=%2Fwp%2Fv2%2Fcomments&post=1515"}],"version-history":[{"count":1,"href":"https:\/\/veritasinfo.org\/index.php?rest_route=\/wp\/v2\/posts\/1515\/revisions"}],"predecessor-version":[{"id":1517,"href":"https:\/\/veritasinfo.org\/index.php?rest_route=\/wp\/v2\/posts\/1515\/revisions\/1517"}],"wp:featuredmedia":[{"embeddable":true,"href":"https:\/\/veritasinfo.org\/index.php?rest_route=\/wp\/v2\/media\/1516"}],"wp:attachment":[{"href":"https:\/\/veritasinfo.org\/index.php?rest_route=%2Fwp%2Fv2%2Fmedia&parent=1515"}],"wp:term":[{"taxonomy":"category","embeddable":true,"href":"https:\/\/veritasinfo.org\/index.php?rest_route=%2Fwp%2Fv2%2Fcategories&post=1515"},{"taxonomy":"post_tag","embeddable":true,"href":"https:\/\/veritasinfo.org\/index.php?rest_route=%2Fwp%2Fv2%2Ftags&post=1515"}],"curies":[{"name":"wp","href":"https:\/\/api.w.org\/{rel}","templated":true}]}}