{"id":1507,"date":"2025-06-25T08:48:48","date_gmt":"2025-06-25T06:48:48","guid":{"rendered":"https:\/\/veritasinfo.org\/?p=1507"},"modified":"2025-06-25T08:48:48","modified_gmt":"2025-06-25T06:48:48","slug":"svedok-govorio-o-hapsenju-od-strane-srpske-vojske-7-maja-1999-u-ozdrimu-kaze-da-ne-poznaje-optuzenog-milorada-djokovica","status":"publish","type":"post","link":"https:\/\/veritasinfo.org\/?p=1507&lang=sr","title":{"rendered":"Svedok govorio o hap\u0161enju od strane srpske vojske 7. maja 1999. u Ozdrimu, ka\u017ee da ne poznaje optu\u017eenog Milorada \u0110okovic\u0301a"},"content":{"rendered":"<p><strong>Pri\u0161tina, 26 Jun 2025<\/strong><\/p>\n<p>Na utora\u0161njem ro\u010di\u0161tu Osnovnog suda u Pri\u0161tini, u postupku protiv Milorada \u0110okovic\u0301a za ratne zlo\u010dine u selu Ozdrim, svedok Fadil Ga\u0161i je rekao da nikada nije video optu\u017eenog i da ga je prvi put video danas na zasedanju.<\/p>\n<p>\u201eNisam ga video 57 godina, danas je prvi put c\u0301utao\u201c, rekao je svedok Ga\u0161i, prenosi \u201eZakletva za pravdu\u201c.<\/p>\n<p>Svedok Ga\u0161i je rekao da su 7. maja 1999. godine, zajedno sa jo\u0161 11 osoba, uhap\u0161eni od strane regularne srpske vojske. Prema njegovim re\u010dima, bili su tri dana i tri noc\u0301i u zatvoru i da su zahvaljujuc\u0301i osobi crnogorske nacionalnosti jeli hleb i pili vodu.<\/p>\n<p>Svedok je rekao da je na mestu gde su bili dr\u017eani kao zatvor, prema njegovim re\u010dima, bilo ukupno 33 osobe. Rekao je da nije video optu\u017eenog \u0110okovic\u0301a u selu Ozdrim i da mu nije poznato da je radio u tom selu.<\/p>\n<p>Na dana\u0161njem ro\u010di\u0161tu svedo\u010dila su jo\u0161 tri svedoka: Li\u0111a \u0110okovic\u0301, Borislav \u0110okovic\u0301 i Halil Ga\u0161i.<\/p>\n<p>Svedok Halil Ga\u0161i je, po po\u010detku svedo\u010denja, rekao da lo\u0161e \u010duje, da je imao tri operacije i da ima ozbiljnih zdravstvenih problema. Rekao je da ga je srpska vojska odvela 7. maja 1999. godine, ali da nije identifikovao ko su oni. \u201eNismo smeli ni glave da podignemo\u201c, rekao je svedok Halil Ga\u0161i.<\/p>\n<p>U me\u0111uvremenu, svedok Li\u0111a \u0110okovic\u0301 je rekla da kriti\u010dnog dana, 7. maja 1999. godine, uop\u0161te nije videla optu\u017eenog \u0110okovic\u0301a u selu Ozdrim, gde je, kako ka\u017ee, \u017eivela. Ona je rekla da je optu\u017eeni Milorad \u0110okovic\u0301, njen mu\u017e, sin od njenog ujaka i da ga je vi\u0161e puta videla u Domu kulture u selu Vitomirica, zbog \u010dega ga je, kako ka\u017ee, pozdravila.<\/p>\n<p>Ova svedokinja je navela da optu\u017eeni Milorad nije \u010desto bio gost u njihovoj kuc\u0301i i da je jedno vreme boravio i u dr\u017eavi Crnoj Gori.<\/p>\n<p>Tako\u0111e, Li\u0111a \u0110okovic\u0301 je rekla da je radila u \u0161koli u selu Vitomirica. Rekla je da je optu\u017eeni rezervista srpske vojske \u201ekao i svi ostali\u201c. Svedok je negirala da li ju je brat optu\u017eenog nau\u010dio \u0161ta da izjavljuje, dodajuc\u0301i da ju je on samo obavestio o datumu i vremenu su\u0111enja kada c\u0301e dati svoj iskaz.<\/p>\n<p>Na ro\u010di\u0161tu je svedo\u010dio i Borislav \u0110okovic\u0301, rekav\u0161i da je kom\u0161ija optu\u017eenog i da su 7. maja 1999. godine zajedno oti\u0161li \u200b\u200bda kupe gra\u0111evinski materijal za Miloradovu kuc\u0301u, nakon \u0161to je o\u0161tec\u0301ena jakim vetrom.<\/p>\n<p>Rekao je da nije znao da je optu\u017eeni Milorad \u0110okovic\u0301 bio deo srpske vojske i da je od brata prvi put saznao da je uhap\u0161en zbog ratnih zlo\u010dina Svedok Borislav je tako\u0111e negirao da ga je brat optu\u017eenog Milorada nau\u010dio \u0161ta da svedo\u010di, dodajuc\u0301i da se dobro sec\u0301a doga\u0111aja od 7. maja jer je 6. maj bio zvani\u010dni praznik i da tog dana nije radio.<\/p>\n<p>O\u010dekuje se da c\u0301e se su\u0111enje nastaviti narednih dana saslu\u0161avanjem drugih svedoka.<\/p>\n","protected":false},"excerpt":{"rendered":"<p>Pri\u0161tina, 26 Jun 2025 Na utora\u0161njem ro\u010di\u0161tu Osnovnog suda u Pri\u0161tini, u postupku protiv Milorada \u0110okovic\u0301a za ratne zlo\u010dine u selu Ozdrim, svedok Fadil Ga\u0161i<\/p>\n","protected":false},"author":2,"featured_media":1505,"comment_status":"open","ping_status":"open","sticky":false,"template":"","format":"standard","meta":{"footnotes":""},"categories":[30],"tags":[],"class_list":["post-1507","post","type-post","status-publish","format-standard","has-post-thumbnail","hentry","category-drustvo"],"yoast_head":"<!-- This site is optimized with the Yoast SEO plugin v25.3.1 - https:\/\/yoast.com\/wordpress\/plugins\/seo\/ -->\n<title>Svedok govorio o hap\u0161enju od strane srpske vojske 7. maja 1999. u Ozdrimu, ka\u017ee da ne poznaje optu\u017eenog Milorada \u0110okovic\u0301a -<\/title>\n<meta name=\"robots\" content=\"index, follow, max-snippet:-1, max-image-preview:large, max-video-preview:-1\" \/>\n<link rel=\"canonical\" href=\"https:\/\/veritasinfo.org\/?p=1507&lang=sr\" \/>\n<meta property=\"og:locale\" content=\"en_US\" \/>\n<meta property=\"og:type\" content=\"article\" \/>\n<meta property=\"og:title\" content=\"Svedok govorio o hap\u0161enju od strane srpske vojske 7. maja 1999. u Ozdrimu, ka\u017ee da ne poznaje optu\u017eenog Milorada \u0110okovic\u0301a -\" \/>\n<meta property=\"og:description\" content=\"Pri\u0161tina, 26 Jun 2025 Na utora\u0161njem ro\u010di\u0161tu Osnovnog suda u Pri\u0161tini, u postupku protiv Milorada \u0110okovic\u0301a za ratne zlo\u010dine u selu Ozdrim, svedok Fadil Ga\u0161i\" \/>\n<meta property=\"og:url\" content=\"https:\/\/veritasinfo.org\/?p=1507&amp;lang=sr\" \/>\n<meta property=\"article:published_time\" content=\"2025-06-25T06:48:48+00:00\" \/>\n<meta property=\"og:image\" content=\"https:\/\/veritasinfo.org\/wp-content\/uploads\/2025\/06\/IMG_1561.jpeg\" \/>\n\t<meta property=\"og:image:width\" content=\"750\" \/>\n\t<meta property=\"og:image:height\" content=\"430\" \/>\n\t<meta property=\"og:image:type\" content=\"image\/jpeg\" \/>\n<meta name=\"author\" content=\"US1\" \/>\n<meta name=\"twitter:card\" content=\"summary_large_image\" \/>\n<meta name=\"twitter:label1\" content=\"Written by\" \/>\n\t<meta name=\"twitter:data1\" content=\"US1\" \/>\n\t<meta name=\"twitter:label2\" content=\"Est. reading time\" \/>\n\t<meta name=\"twitter:data2\" content=\"3 minutes\" \/>\n<script type=\"application\/ld+json\" class=\"yoast-schema-graph\">{\"@context\":\"https:\/\/schema.org\",\"@graph\":[{\"@type\":\"WebPage\",\"@id\":\"https:\/\/veritasinfo.org\/?p=1507&lang=sr\",\"url\":\"https:\/\/veritasinfo.org\/?p=1507&lang=sr\",\"name\":\"Svedok govorio o hap\u0161enju od strane srpske vojske 7. maja 1999. u Ozdrimu, ka\u017ee da ne poznaje optu\u017eenog Milorada \u0110okovic\u0301a -\",\"isPartOf\":{\"@id\":\"https:\/\/veritasinfo.org\/#website\"},\"primaryImageOfPage\":{\"@id\":\"https:\/\/veritasinfo.org\/?p=1507&lang=sr#primaryimage\"},\"image\":{\"@id\":\"https:\/\/veritasinfo.org\/?p=1507&lang=sr#primaryimage\"},\"thumbnailUrl\":\"https:\/\/veritasinfo.org\/wp-content\/uploads\/2025\/06\/IMG_1561.jpeg\",\"datePublished\":\"2025-06-25T06:48:48+00:00\",\"author\":{\"@id\":\"https:\/\/veritasinfo.org\/#\/schema\/person\/c2b8be262ea994d0995addca692c5e98\"},\"breadcrumb\":{\"@id\":\"https:\/\/veritasinfo.org\/?p=1507&lang=sr#breadcrumb\"},\"inLanguage\":\"en-US\",\"potentialAction\":[{\"@type\":\"ReadAction\",\"target\":[\"https:\/\/veritasinfo.org\/?p=1507&lang=sr\"]}]},{\"@type\":\"ImageObject\",\"inLanguage\":\"en-US\",\"@id\":\"https:\/\/veritasinfo.org\/?p=1507&lang=sr#primaryimage\",\"url\":\"https:\/\/veritasinfo.org\/wp-content\/uploads\/2025\/06\/IMG_1561.jpeg\",\"contentUrl\":\"https:\/\/veritasinfo.org\/wp-content\/uploads\/2025\/06\/IMG_1561.jpeg\",\"width\":750,\"height\":430},{\"@type\":\"BreadcrumbList\",\"@id\":\"https:\/\/veritasinfo.org\/?p=1507&lang=sr#breadcrumb\",\"itemListElement\":[{\"@type\":\"ListItem\",\"position\":1,\"name\":\"Home\",\"item\":\"https:\/\/veritasinfo.org\/\"},{\"@type\":\"ListItem\",\"position\":2,\"name\":\"Svedok govorio o hap\u0161enju od strane srpske vojske 7. maja 1999. u Ozdrimu, ka\u017ee da ne poznaje optu\u017eenog Milorada \u0110okovic\u0301a\"}]},{\"@type\":\"WebSite\",\"@id\":\"https:\/\/veritasinfo.org\/#website\",\"url\":\"https:\/\/veritasinfo.org\/\",\"name\":\"\",\"description\":\"\",\"potentialAction\":[{\"@type\":\"SearchAction\",\"target\":{\"@type\":\"EntryPoint\",\"urlTemplate\":\"https:\/\/veritasinfo.org\/?s={search_term_string}\"},\"query-input\":{\"@type\":\"PropertyValueSpecification\",\"valueRequired\":true,\"valueName\":\"search_term_string\"}}],\"inLanguage\":\"en-US\"},{\"@type\":\"Person\",\"@id\":\"https:\/\/veritasinfo.org\/#\/schema\/person\/c2b8be262ea994d0995addca692c5e98\",\"name\":\"US1\",\"image\":{\"@type\":\"ImageObject\",\"inLanguage\":\"en-US\",\"@id\":\"https:\/\/veritasinfo.org\/#\/schema\/person\/image\/\",\"url\":\"https:\/\/secure.gravatar.com\/avatar\/4e96a59bd256abf9956eb9963ac891a47461ffb364d47b0e9aab113328fdb75b?s=96&d=mm&r=g\",\"contentUrl\":\"https:\/\/secure.gravatar.com\/avatar\/4e96a59bd256abf9956eb9963ac891a47461ffb364d47b0e9aab113328fdb75b?s=96&d=mm&r=g\",\"caption\":\"US1\"},\"url\":\"https:\/\/veritasinfo.org\/?author=2\"}]}<\/script>\n<!-- \/ Yoast SEO plugin. -->","yoast_head_json":{"title":"Svedok govorio o hap\u0161enju od strane srpske vojske 7. maja 1999. u Ozdrimu, ka\u017ee da ne poznaje optu\u017eenog Milorada \u0110okovic\u0301a -","robots":{"index":"index","follow":"follow","max-snippet":"max-snippet:-1","max-image-preview":"max-image-preview:large","max-video-preview":"max-video-preview:-1"},"canonical":"https:\/\/veritasinfo.org\/?p=1507&lang=sr","og_locale":"en_US","og_type":"article","og_title":"Svedok govorio o hap\u0161enju od strane srpske vojske 7. maja 1999. u Ozdrimu, ka\u017ee da ne poznaje optu\u017eenog Milorada \u0110okovic\u0301a -","og_description":"Pri\u0161tina, 26 Jun 2025 Na utora\u0161njem ro\u010di\u0161tu Osnovnog suda u Pri\u0161tini, u postupku protiv Milorada \u0110okovic\u0301a za ratne zlo\u010dine u selu Ozdrim, svedok Fadil Ga\u0161i","og_url":"https:\/\/veritasinfo.org\/?p=1507&lang=sr","article_published_time":"2025-06-25T06:48:48+00:00","og_image":[{"width":750,"height":430,"url":"https:\/\/veritasinfo.org\/wp-content\/uploads\/2025\/06\/IMG_1561.jpeg","type":"image\/jpeg"}],"author":"US1","twitter_card":"summary_large_image","twitter_misc":{"Written by":"US1","Est. reading time":"3 minutes"},"schema":{"@context":"https:\/\/schema.org","@graph":[{"@type":"WebPage","@id":"https:\/\/veritasinfo.org\/?p=1507&lang=sr","url":"https:\/\/veritasinfo.org\/?p=1507&lang=sr","name":"Svedok govorio o hap\u0161enju od strane srpske vojske 7. maja 1999. u Ozdrimu, ka\u017ee da ne poznaje optu\u017eenog Milorada \u0110okovic\u0301a -","isPartOf":{"@id":"https:\/\/veritasinfo.org\/#website"},"primaryImageOfPage":{"@id":"https:\/\/veritasinfo.org\/?p=1507&lang=sr#primaryimage"},"image":{"@id":"https:\/\/veritasinfo.org\/?p=1507&lang=sr#primaryimage"},"thumbnailUrl":"https:\/\/veritasinfo.org\/wp-content\/uploads\/2025\/06\/IMG_1561.jpeg","datePublished":"2025-06-25T06:48:48+00:00","author":{"@id":"https:\/\/veritasinfo.org\/#\/schema\/person\/c2b8be262ea994d0995addca692c5e98"},"breadcrumb":{"@id":"https:\/\/veritasinfo.org\/?p=1507&lang=sr#breadcrumb"},"inLanguage":"en-US","potentialAction":[{"@type":"ReadAction","target":["https:\/\/veritasinfo.org\/?p=1507&lang=sr"]}]},{"@type":"ImageObject","inLanguage":"en-US","@id":"https:\/\/veritasinfo.org\/?p=1507&lang=sr#primaryimage","url":"https:\/\/veritasinfo.org\/wp-content\/uploads\/2025\/06\/IMG_1561.jpeg","contentUrl":"https:\/\/veritasinfo.org\/wp-content\/uploads\/2025\/06\/IMG_1561.jpeg","width":750,"height":430},{"@type":"BreadcrumbList","@id":"https:\/\/veritasinfo.org\/?p=1507&lang=sr#breadcrumb","itemListElement":[{"@type":"ListItem","position":1,"name":"Home","item":"https:\/\/veritasinfo.org\/"},{"@type":"ListItem","position":2,"name":"Svedok govorio o hap\u0161enju od strane srpske vojske 7. maja 1999. u Ozdrimu, ka\u017ee da ne poznaje optu\u017eenog Milorada \u0110okovic\u0301a"}]},{"@type":"WebSite","@id":"https:\/\/veritasinfo.org\/#website","url":"https:\/\/veritasinfo.org\/","name":"","description":"","potentialAction":[{"@type":"SearchAction","target":{"@type":"EntryPoint","urlTemplate":"https:\/\/veritasinfo.org\/?s={search_term_string}"},"query-input":{"@type":"PropertyValueSpecification","valueRequired":true,"valueName":"search_term_string"}}],"inLanguage":"en-US"},{"@type":"Person","@id":"https:\/\/veritasinfo.org\/#\/schema\/person\/c2b8be262ea994d0995addca692c5e98","name":"US1","image":{"@type":"ImageObject","inLanguage":"en-US","@id":"https:\/\/veritasinfo.org\/#\/schema\/person\/image\/","url":"https:\/\/secure.gravatar.com\/avatar\/4e96a59bd256abf9956eb9963ac891a47461ffb364d47b0e9aab113328fdb75b?s=96&d=mm&r=g","contentUrl":"https:\/\/secure.gravatar.com\/avatar\/4e96a59bd256abf9956eb9963ac891a47461ffb364d47b0e9aab113328fdb75b?s=96&d=mm&r=g","caption":"US1"},"url":"https:\/\/veritasinfo.org\/?author=2"}]}},"featured_image_urls":{"full":["https:\/\/veritasinfo.org\/wp-content\/uploads\/2025\/06\/IMG_1561.jpeg",750,430,false],"thumbnail":["https:\/\/veritasinfo.org\/wp-content\/uploads\/2025\/06\/IMG_1561-150x150.jpeg",150,150,true],"medium":["https:\/\/veritasinfo.org\/wp-content\/uploads\/2025\/06\/IMG_1561-300x172.jpeg",300,172,true],"medium_large":["https:\/\/veritasinfo.org\/wp-content\/uploads\/2025\/06\/IMG_1561.jpeg",640,367,false],"large":["https:\/\/veritasinfo.org\/wp-content\/uploads\/2025\/06\/IMG_1561.jpeg",640,367,false],"1536x1536":["https:\/\/veritasinfo.org\/wp-content\/uploads\/2025\/06\/IMG_1561.jpeg",750,430,false],"2048x2048":["https:\/\/veritasinfo.org\/wp-content\/uploads\/2025\/06\/IMG_1561.jpeg",750,430,false],"kreeti-slider-full":["https:\/\/veritasinfo.org\/wp-content\/uploads\/2025\/06\/IMG_1561.jpeg",750,430,false],"kreeti-featured":["https:\/\/veritasinfo.org\/wp-content\/uploads\/2025\/06\/IMG_1561.jpeg",750,430,false],"kreeti-medium":["https:\/\/veritasinfo.org\/wp-content\/uploads\/2025\/06\/IMG_1561.jpeg",720,413,false],"kreeti-medium-square":["https:\/\/veritasinfo.org\/wp-content\/uploads\/2025\/06\/IMG_1561.jpeg",350,201,false]},"author_info":{"info":["US1"]},"category_info":"<a href=\"https:\/\/veritasinfo.org\/?cat=30&#038;lang=sr\" rel=\"category\">Dru\u0161tvo<\/a>","tag_info":"Dru\u0161tvo","comment_count":"0","_links":{"self":[{"href":"https:\/\/veritasinfo.org\/index.php?rest_route=\/wp\/v2\/posts\/1507","targetHints":{"allow":["GET"]}}],"collection":[{"href":"https:\/\/veritasinfo.org\/index.php?rest_route=\/wp\/v2\/posts"}],"about":[{"href":"https:\/\/veritasinfo.org\/index.php?rest_route=\/wp\/v2\/types\/post"}],"author":[{"embeddable":true,"href":"https:\/\/veritasinfo.org\/index.php?rest_route=\/wp\/v2\/users\/2"}],"replies":[{"embeddable":true,"href":"https:\/\/veritasinfo.org\/index.php?rest_route=%2Fwp%2Fv2%2Fcomments&post=1507"}],"version-history":[{"count":1,"href":"https:\/\/veritasinfo.org\/index.php?rest_route=\/wp\/v2\/posts\/1507\/revisions"}],"predecessor-version":[{"id":1508,"href":"https:\/\/veritasinfo.org\/index.php?rest_route=\/wp\/v2\/posts\/1507\/revisions\/1508"}],"wp:featuredmedia":[{"embeddable":true,"href":"https:\/\/veritasinfo.org\/index.php?rest_route=\/wp\/v2\/media\/1505"}],"wp:attachment":[{"href":"https:\/\/veritasinfo.org\/index.php?rest_route=%2Fwp%2Fv2%2Fmedia&parent=1507"}],"wp:term":[{"taxonomy":"category","embeddable":true,"href":"https:\/\/veritasinfo.org\/index.php?rest_route=%2Fwp%2Fv2%2Fcategories&post=1507"},{"taxonomy":"post_tag","embeddable":true,"href":"https:\/\/veritasinfo.org\/index.php?rest_route=%2Fwp%2Fv2%2Ftags&post=1507"}],"curies":[{"name":"wp","href":"https:\/\/api.w.org\/{rel}","templated":true}]}}