{"id":15027,"date":"2025-10-05T07:37:09","date_gmt":"2025-10-05T05:37:09","guid":{"rendered":"https:\/\/veritasinfo.org\/?p=15027"},"modified":"2025-10-05T07:37:09","modified_gmt":"2025-10-05T05:37:09","slug":"return-to-kosovo-dokumentar-qe-risjell-plaget-e-luftes-ne-nje-mbremje-te-vecante-ne-cyrih","status":"publish","type":"post","link":"https:\/\/veritasinfo.org\/?p=15027","title":{"rendered":"\u201cReturn to Kosovo\u201d, dokumentar q\u00eb risjell plag\u00ebt e luft\u00ebs n\u00eb nj\u00eb mbr\u00ebmje t\u00eb ve\u00e7ant\u00eb n\u00eb Cyrih"},"content":{"rendered":"<p>Prishtin\u00eb, 5 tetor 2025<\/p>\n<p>N\u00eb nj\u00eb atmosfer\u00eb t\u00eb ngarkuar emocionale, Konsullata e Republik\u00ebs s\u00eb Kosov\u00ebs n\u00eb Cyrih organizoi shfaqjen e dokumentarit \u201cReturn to Kosovo\u201d, i gazetarit britanik Julius Strauss.<\/p>\n<p>\u201cN\u00eb p\u00ebrvoj\u00ebn time 15-vje\u00e7are n\u00eb institucionet e Republik\u00ebs s\u00eb Kosov\u00ebs, kam udh\u00ebhequr shum\u00eb procese e projekte, por shfaqja e filmit dokumentar Return to Kosovo mbetet nj\u00eb nd\u00ebr aktivitetet m\u00eb t\u00eb ve\u00e7anta n\u00eb detyr\u00ebn time diplomatike\u201d, u shpreh Konsulli i Kosov\u00ebs n\u00eb Cyrih, Vigan Berisha, duke hapur mbr\u00ebmjen.<\/p>\n<p>Dokumentari sjell rr\u00ebfimin e dhimbsh\u00ebm t\u00eb familjes Deliu nga Abri e Ep\u00ebrme. Besnik Deliu, q\u00eb si f\u00ebmij\u00eb pes\u00ebvje\u00e7ar mbijetoi masakr\u00ebn ku humb\u00ebn jet\u00ebn 23 an\u00ebtar\u00eb t\u00eb familjes s\u00eb tij, \u00ebsht\u00eb n\u00eb qend\u00ebr t\u00eb filmit. Strauss, i cili e kishte takuar Besnikun menj\u00ebher\u00eb pas tragjedis\u00eb, rikthehet pas dy dekadash p\u00ebr ta gjetur at\u00eb tashm\u00eb si burr\u00eb, bashk\u00ebshort, baba dhe pjes\u00ebtar i Ushtris\u00eb s\u00eb Kosov\u00ebs. Ky ribashkim p\u00ebrb\u00ebn boshtin emocional t\u00eb filmit.<\/p>\n<p>Dokumentari sjell edhe histori t\u00eb tjera t\u00eb prekshme nga lufta e Kosov\u00ebs, mes tyre edhe rr\u00ebfimin e nj\u00eb vajze dhjet\u00ebvje\u00e7are, e cila \u00e7do dit\u00eb ndalonte fshehurazi pran\u00eb varrit t\u00eb n\u00ebn\u00ebs s\u00eb saj t\u00eb vrar\u00eb mizorisht, duke marr\u00eb nj\u00eb gur q\u00eb e mbante n\u00ebn jast\u00ebk si kujtim. Ky detaj i dhimbsh\u00ebm ilustron plag\u00ebt e thella q\u00eb lufta u ka l\u00ebn\u00eb f\u00ebmij\u00ebve.<\/p>\n<p>N\u00eb k\u00ebt\u00eb mbr\u00ebmje ishin t\u00eb pranish\u00ebm p\u00ebrfaq\u00ebsues t\u00eb shum\u00eb shteteve mike \u2013 Shqip\u00ebris\u00eb, Turqis\u00eb, Kroacis\u00eb, Portugalis\u00eb, Italis\u00eb, Japonis\u00eb, Belgjik\u00ebs, Republik\u00ebs \u00c7eke, Estonis\u00eb, Sllovakis\u00eb, Gambias, Bahamas, Malt\u00ebs, Monakos dhe Seychelles.<\/p>\n<p>Po ashtu mor\u00ebn pjes\u00eb deputet\u00eb kantonal\u00eb dhe komunal\u00eb si Drin Alaj, Daniel W\u00e4fler dhe Dafi Muharemi, si dhe personalitete nga fusha e sh\u00ebndet\u00ebsis\u00eb, mes tyre Labinot Demaj, Sekretar i P\u00ebrgjithsh\u00ebm i Departamentit t\u00eb Sh\u00ebndet\u00ebsis\u00eb n\u00eb Kantonin e Cyrihut.<\/p>\n<p>Konsulli Berisha fal\u00ebnderoi gjithashtu komunitetin shqiptar n\u00eb Zvic\u00ebr, shoqatat kulturore e sportive, misionet fetare, ansamblet, bizneset dhe mjek\u00ebt, p\u00ebr pjes\u00ebmarrjen e tyre, duke theksuar unitetin e m\u00ebrgat\u00ebs.<\/p>\n<p>&nbsp;<\/p>\n","protected":false},"excerpt":{"rendered":"<p>Prishtin\u00eb, 5 tetor 2025 N\u00eb nj\u00eb atmosfer\u00eb t\u00eb ngarkuar emocionale, Konsullata e Republik\u00ebs s\u00eb Kosov\u00ebs n\u00eb Cyrih organizoi shfaqjen e dokumentarit \u201cReturn to Kosovo\u201d, i<\/p>\n","protected":false},"author":7,"featured_media":15028,"comment_status":"open","ping_status":"open","sticky":false,"template":"","format":"standard","meta":{"footnotes":""},"categories":[54],"tags":[],"class_list":["post-15027","post","type-post","status-publish","format-standard","has-post-thumbnail","hentry","category-kulture-sq"],"yoast_head":"<!-- This site is optimized with the Yoast SEO plugin v25.3.1 - https:\/\/yoast.com\/wordpress\/plugins\/seo\/ -->\n<title>\u201cReturn to Kosovo\u201d, dokumentar q\u00eb risjell plag\u00ebt e luft\u00ebs n\u00eb nj\u00eb mbr\u00ebmje t\u00eb ve\u00e7ant\u00eb n\u00eb Cyrih -<\/title>\n<meta name=\"robots\" content=\"index, follow, max-snippet:-1, max-image-preview:large, max-video-preview:-1\" \/>\n<link rel=\"canonical\" href=\"https:\/\/veritasinfo.org\/?p=15027\" \/>\n<meta property=\"og:locale\" content=\"en_US\" \/>\n<meta property=\"og:type\" content=\"article\" \/>\n<meta property=\"og:title\" content=\"\u201cReturn to Kosovo\u201d, dokumentar q\u00eb risjell plag\u00ebt e luft\u00ebs n\u00eb nj\u00eb mbr\u00ebmje t\u00eb ve\u00e7ant\u00eb n\u00eb Cyrih -\" \/>\n<meta property=\"og:description\" content=\"Prishtin\u00eb, 5 tetor 2025 N\u00eb nj\u00eb atmosfer\u00eb t\u00eb ngarkuar emocionale, Konsullata e Republik\u00ebs s\u00eb Kosov\u00ebs n\u00eb Cyrih organizoi shfaqjen e dokumentarit \u201cReturn to Kosovo\u201d, i\" \/>\n<meta property=\"og:url\" content=\"https:\/\/veritasinfo.org\/?p=15027\" \/>\n<meta property=\"article:published_time\" content=\"2025-10-05T05:37:09+00:00\" \/>\n<meta property=\"og:image\" content=\"https:\/\/veritasinfo.org\/wp-content\/uploads\/2025\/10\/filmi-nga-konsullata-528x396-1.jpg\" \/>\n\t<meta property=\"og:image:width\" content=\"528\" \/>\n\t<meta property=\"og:image:height\" content=\"396\" \/>\n\t<meta property=\"og:image:type\" content=\"image\/jpeg\" \/>\n<meta name=\"author\" content=\"US6\" \/>\n<meta name=\"twitter:card\" content=\"summary_large_image\" \/>\n<meta name=\"twitter:label1\" content=\"Written by\" \/>\n\t<meta name=\"twitter:data1\" content=\"US6\" \/>\n\t<meta name=\"twitter:label2\" content=\"Est. reading time\" \/>\n\t<meta name=\"twitter:data2\" content=\"2 minutes\" \/>\n<script type=\"application\/ld+json\" class=\"yoast-schema-graph\">{\"@context\":\"https:\/\/schema.org\",\"@graph\":[{\"@type\":\"WebPage\",\"@id\":\"https:\/\/veritasinfo.org\/?p=15027\",\"url\":\"https:\/\/veritasinfo.org\/?p=15027\",\"name\":\"\u201cReturn to Kosovo\u201d, dokumentar q\u00eb risjell plag\u00ebt e luft\u00ebs n\u00eb nj\u00eb mbr\u00ebmje t\u00eb ve\u00e7ant\u00eb n\u00eb Cyrih -\",\"isPartOf\":{\"@id\":\"https:\/\/veritasinfo.org\/#website\"},\"primaryImageOfPage\":{\"@id\":\"https:\/\/veritasinfo.org\/?p=15027#primaryimage\"},\"image\":{\"@id\":\"https:\/\/veritasinfo.org\/?p=15027#primaryimage\"},\"thumbnailUrl\":\"https:\/\/veritasinfo.org\/wp-content\/uploads\/2025\/10\/filmi-nga-konsullata-528x396-1.jpg\",\"datePublished\":\"2025-10-05T05:37:09+00:00\",\"author\":{\"@id\":\"https:\/\/veritasinfo.org\/#\/schema\/person\/fe199eede04c3937362892b7444747cc\"},\"breadcrumb\":{\"@id\":\"https:\/\/veritasinfo.org\/?p=15027#breadcrumb\"},\"inLanguage\":\"en-US\",\"potentialAction\":[{\"@type\":\"ReadAction\",\"target\":[\"https:\/\/veritasinfo.org\/?p=15027\"]}]},{\"@type\":\"ImageObject\",\"inLanguage\":\"en-US\",\"@id\":\"https:\/\/veritasinfo.org\/?p=15027#primaryimage\",\"url\":\"https:\/\/veritasinfo.org\/wp-content\/uploads\/2025\/10\/filmi-nga-konsullata-528x396-1.jpg\",\"contentUrl\":\"https:\/\/veritasinfo.org\/wp-content\/uploads\/2025\/10\/filmi-nga-konsullata-528x396-1.jpg\",\"width\":528,\"height\":396},{\"@type\":\"BreadcrumbList\",\"@id\":\"https:\/\/veritasinfo.org\/?p=15027#breadcrumb\",\"itemListElement\":[{\"@type\":\"ListItem\",\"position\":1,\"name\":\"Home\",\"item\":\"https:\/\/veritasinfo.org\/\"},{\"@type\":\"ListItem\",\"position\":2,\"name\":\"\u201cReturn to Kosovo\u201d, dokumentar q\u00eb risjell plag\u00ebt e luft\u00ebs n\u00eb nj\u00eb mbr\u00ebmje t\u00eb ve\u00e7ant\u00eb n\u00eb Cyrih\"}]},{\"@type\":\"WebSite\",\"@id\":\"https:\/\/veritasinfo.org\/#website\",\"url\":\"https:\/\/veritasinfo.org\/\",\"name\":\"\",\"description\":\"\",\"potentialAction\":[{\"@type\":\"SearchAction\",\"target\":{\"@type\":\"EntryPoint\",\"urlTemplate\":\"https:\/\/veritasinfo.org\/?s={search_term_string}\"},\"query-input\":{\"@type\":\"PropertyValueSpecification\",\"valueRequired\":true,\"valueName\":\"search_term_string\"}}],\"inLanguage\":\"en-US\"},{\"@type\":\"Person\",\"@id\":\"https:\/\/veritasinfo.org\/#\/schema\/person\/fe199eede04c3937362892b7444747cc\",\"name\":\"US6\",\"image\":{\"@type\":\"ImageObject\",\"inLanguage\":\"en-US\",\"@id\":\"https:\/\/veritasinfo.org\/#\/schema\/person\/image\/\",\"url\":\"https:\/\/secure.gravatar.com\/avatar\/cb16c3c31c9d23b9b8c705964598220b3014e42ff51eb540ff23cefa3ae8c15f?s=96&d=mm&r=g\",\"contentUrl\":\"https:\/\/secure.gravatar.com\/avatar\/cb16c3c31c9d23b9b8c705964598220b3014e42ff51eb540ff23cefa3ae8c15f?s=96&d=mm&r=g\",\"caption\":\"US6\"},\"url\":\"https:\/\/veritasinfo.org\/?author=7\"}]}<\/script>\n<!-- \/ Yoast SEO plugin. -->","yoast_head_json":{"title":"\u201cReturn to Kosovo\u201d, dokumentar q\u00eb risjell plag\u00ebt e luft\u00ebs n\u00eb nj\u00eb mbr\u00ebmje t\u00eb ve\u00e7ant\u00eb n\u00eb Cyrih -","robots":{"index":"index","follow":"follow","max-snippet":"max-snippet:-1","max-image-preview":"max-image-preview:large","max-video-preview":"max-video-preview:-1"},"canonical":"https:\/\/veritasinfo.org\/?p=15027","og_locale":"en_US","og_type":"article","og_title":"\u201cReturn to Kosovo\u201d, dokumentar q\u00eb risjell plag\u00ebt e luft\u00ebs n\u00eb nj\u00eb mbr\u00ebmje t\u00eb ve\u00e7ant\u00eb n\u00eb Cyrih -","og_description":"Prishtin\u00eb, 5 tetor 2025 N\u00eb nj\u00eb atmosfer\u00eb t\u00eb ngarkuar emocionale, Konsullata e Republik\u00ebs s\u00eb Kosov\u00ebs n\u00eb Cyrih organizoi shfaqjen e dokumentarit \u201cReturn to Kosovo\u201d, i","og_url":"https:\/\/veritasinfo.org\/?p=15027","article_published_time":"2025-10-05T05:37:09+00:00","og_image":[{"width":528,"height":396,"url":"https:\/\/veritasinfo.org\/wp-content\/uploads\/2025\/10\/filmi-nga-konsullata-528x396-1.jpg","type":"image\/jpeg"}],"author":"US6","twitter_card":"summary_large_image","twitter_misc":{"Written by":"US6","Est. reading time":"2 minutes"},"schema":{"@context":"https:\/\/schema.org","@graph":[{"@type":"WebPage","@id":"https:\/\/veritasinfo.org\/?p=15027","url":"https:\/\/veritasinfo.org\/?p=15027","name":"\u201cReturn to Kosovo\u201d, dokumentar q\u00eb risjell plag\u00ebt e luft\u00ebs n\u00eb nj\u00eb mbr\u00ebmje t\u00eb ve\u00e7ant\u00eb n\u00eb Cyrih -","isPartOf":{"@id":"https:\/\/veritasinfo.org\/#website"},"primaryImageOfPage":{"@id":"https:\/\/veritasinfo.org\/?p=15027#primaryimage"},"image":{"@id":"https:\/\/veritasinfo.org\/?p=15027#primaryimage"},"thumbnailUrl":"https:\/\/veritasinfo.org\/wp-content\/uploads\/2025\/10\/filmi-nga-konsullata-528x396-1.jpg","datePublished":"2025-10-05T05:37:09+00:00","author":{"@id":"https:\/\/veritasinfo.org\/#\/schema\/person\/fe199eede04c3937362892b7444747cc"},"breadcrumb":{"@id":"https:\/\/veritasinfo.org\/?p=15027#breadcrumb"},"inLanguage":"en-US","potentialAction":[{"@type":"ReadAction","target":["https:\/\/veritasinfo.org\/?p=15027"]}]},{"@type":"ImageObject","inLanguage":"en-US","@id":"https:\/\/veritasinfo.org\/?p=15027#primaryimage","url":"https:\/\/veritasinfo.org\/wp-content\/uploads\/2025\/10\/filmi-nga-konsullata-528x396-1.jpg","contentUrl":"https:\/\/veritasinfo.org\/wp-content\/uploads\/2025\/10\/filmi-nga-konsullata-528x396-1.jpg","width":528,"height":396},{"@type":"BreadcrumbList","@id":"https:\/\/veritasinfo.org\/?p=15027#breadcrumb","itemListElement":[{"@type":"ListItem","position":1,"name":"Home","item":"https:\/\/veritasinfo.org\/"},{"@type":"ListItem","position":2,"name":"\u201cReturn to Kosovo\u201d, dokumentar q\u00eb risjell plag\u00ebt e luft\u00ebs n\u00eb nj\u00eb mbr\u00ebmje t\u00eb ve\u00e7ant\u00eb n\u00eb Cyrih"}]},{"@type":"WebSite","@id":"https:\/\/veritasinfo.org\/#website","url":"https:\/\/veritasinfo.org\/","name":"","description":"","potentialAction":[{"@type":"SearchAction","target":{"@type":"EntryPoint","urlTemplate":"https:\/\/veritasinfo.org\/?s={search_term_string}"},"query-input":{"@type":"PropertyValueSpecification","valueRequired":true,"valueName":"search_term_string"}}],"inLanguage":"en-US"},{"@type":"Person","@id":"https:\/\/veritasinfo.org\/#\/schema\/person\/fe199eede04c3937362892b7444747cc","name":"US6","image":{"@type":"ImageObject","inLanguage":"en-US","@id":"https:\/\/veritasinfo.org\/#\/schema\/person\/image\/","url":"https:\/\/secure.gravatar.com\/avatar\/cb16c3c31c9d23b9b8c705964598220b3014e42ff51eb540ff23cefa3ae8c15f?s=96&d=mm&r=g","contentUrl":"https:\/\/secure.gravatar.com\/avatar\/cb16c3c31c9d23b9b8c705964598220b3014e42ff51eb540ff23cefa3ae8c15f?s=96&d=mm&r=g","caption":"US6"},"url":"https:\/\/veritasinfo.org\/?author=7"}]}},"featured_image_urls":{"full":["https:\/\/veritasinfo.org\/wp-content\/uploads\/2025\/10\/filmi-nga-konsullata-528x396-1.jpg",528,396,false],"thumbnail":["https:\/\/veritasinfo.org\/wp-content\/uploads\/2025\/10\/filmi-nga-konsullata-528x396-1-150x150.jpg",150,150,true],"medium":["https:\/\/veritasinfo.org\/wp-content\/uploads\/2025\/10\/filmi-nga-konsullata-528x396-1-300x225.jpg",300,225,true],"medium_large":["https:\/\/veritasinfo.org\/wp-content\/uploads\/2025\/10\/filmi-nga-konsullata-528x396-1.jpg",528,396,false],"large":["https:\/\/veritasinfo.org\/wp-content\/uploads\/2025\/10\/filmi-nga-konsullata-528x396-1.jpg",528,396,false],"1536x1536":["https:\/\/veritasinfo.org\/wp-content\/uploads\/2025\/10\/filmi-nga-konsullata-528x396-1.jpg",528,396,false],"2048x2048":["https:\/\/veritasinfo.org\/wp-content\/uploads\/2025\/10\/filmi-nga-konsullata-528x396-1.jpg",528,396,false],"kreeti-slider-full":["https:\/\/veritasinfo.org\/wp-content\/uploads\/2025\/10\/filmi-nga-konsullata-528x396-1.jpg",528,396,false],"kreeti-featured":["https:\/\/veritasinfo.org\/wp-content\/uploads\/2025\/10\/filmi-nga-konsullata-528x396-1.jpg",528,396,false],"kreeti-medium":["https:\/\/veritasinfo.org\/wp-content\/uploads\/2025\/10\/filmi-nga-konsullata-528x396-1.jpg",528,396,false],"kreeti-medium-square":["https:\/\/veritasinfo.org\/wp-content\/uploads\/2025\/10\/filmi-nga-konsullata-528x396-1.jpg",350,263,false]},"author_info":{"info":["US6"]},"category_info":"<a href=\"https:\/\/veritasinfo.org\/?cat=54\" rel=\"category\">Kultur\u00eb<\/a>","tag_info":"Kultur\u00eb","comment_count":"0","_links":{"self":[{"href":"https:\/\/veritasinfo.org\/index.php?rest_route=\/wp\/v2\/posts\/15027","targetHints":{"allow":["GET"]}}],"collection":[{"href":"https:\/\/veritasinfo.org\/index.php?rest_route=\/wp\/v2\/posts"}],"about":[{"href":"https:\/\/veritasinfo.org\/index.php?rest_route=\/wp\/v2\/types\/post"}],"author":[{"embeddable":true,"href":"https:\/\/veritasinfo.org\/index.php?rest_route=\/wp\/v2\/users\/7"}],"replies":[{"embeddable":true,"href":"https:\/\/veritasinfo.org\/index.php?rest_route=%2Fwp%2Fv2%2Fcomments&post=15027"}],"version-history":[{"count":1,"href":"https:\/\/veritasinfo.org\/index.php?rest_route=\/wp\/v2\/posts\/15027\/revisions"}],"predecessor-version":[{"id":15029,"href":"https:\/\/veritasinfo.org\/index.php?rest_route=\/wp\/v2\/posts\/15027\/revisions\/15029"}],"wp:featuredmedia":[{"embeddable":true,"href":"https:\/\/veritasinfo.org\/index.php?rest_route=\/wp\/v2\/media\/15028"}],"wp:attachment":[{"href":"https:\/\/veritasinfo.org\/index.php?rest_route=%2Fwp%2Fv2%2Fmedia&parent=15027"}],"wp:term":[{"taxonomy":"category","embeddable":true,"href":"https:\/\/veritasinfo.org\/index.php?rest_route=%2Fwp%2Fv2%2Fcategories&post=15027"},{"taxonomy":"post_tag","embeddable":true,"href":"https:\/\/veritasinfo.org\/index.php?rest_route=%2Fwp%2Fv2%2Ftags&post=15027"}],"curies":[{"name":"wp","href":"https:\/\/api.w.org\/{rel}","templated":true}]}}