{"id":15017,"date":"2025-10-04T21:56:00","date_gmt":"2025-10-04T19:56:00","guid":{"rendered":"https:\/\/veritasinfo.org\/?p=15017"},"modified":"2025-10-04T21:56:00","modified_gmt":"2025-10-04T19:56:00","slug":"simbolet-e-kosoves-do-te-qendrojne-aty-kater-kryetaret-e-komunave-veriore-paralajmerojne-fitore-e-sfide-te-forte","status":"publish","type":"post","link":"https:\/\/veritasinfo.org\/?p=15017","title":{"rendered":"\u201cSimbolet e Kosov\u00ebs do t\u00eb q\u00ebndrojn\u00eb aty\u201d \u2013 Kat\u00ebr kryetar\u00ebt e komunave veriore paralajm\u00ebrojn\u00eb fitore e sfid\u00eb t\u00eb fort\u00eb"},"content":{"rendered":"<p>Prishtin\u00eb, 4 tetor 2025<\/p>\n<p>Kryetar\u00ebt aktual\u00eb dhe kandidat\u00ebt p\u00ebr kat\u00ebr komunat veriore shprehin optimiz\u00ebm dhe vendosm\u00ebri p\u00ebr zgjedhjet lokale q\u00eb do t\u00eb mbahen m\u00eb 12 tetor 2025, duke paralajm\u00ebruar nj\u00eb gar\u00eb t\u00eb fort\u00eb dhe p\u00ebrballje me sfida t\u00eb shumta politike.<\/p>\n<p>N\u00eb studion e emisionit \u201cK\u00ebndi i Debatit\u201d n\u00eb T\u00ebv\u00eb1, kat\u00ebr kryetar\u00ebt e komunave jan\u00eb shprehur t\u00eb bindur se do t\u00eb fitojn\u00eb dhe p\u00ebrkund\u00ebr ndikimit serb, me t\u00eb cilin ballafaqohen.<\/p>\n<p>Izmir Zeqiri, kryetar aktual dhe kandidat i PDK-s\u00eb p\u00ebr Zubin Potok, ka theksuar se synon fitore dhe se gara k\u00ebt\u00eb vit \u00ebsht\u00eb historike, me n\u00ebnt\u00eb subjekte n\u00eb list\u00eb.<\/p>\n<p>\u201cUn\u00eb kur i futem gar\u00ebs, i futem p\u00ebr t\u00eb fituar. Historikisht \u00ebsht\u00eb hera e par\u00eb q\u00eb garojm\u00eb n\u00ebnt\u00eb subjekte n\u00eb Zubin Potok, kjo \u00ebsht\u00eb e r\u00ebnd\u00ebsishmja e k\u00ebtyre zgjedhjeve. Un\u00eb ju uroj t\u00eb gjith\u00eb qytetar\u00ebve q\u00eb t\u00eb zgjidhin m\u00eb t\u00eb mirin, mir\u00ebpo un\u00eb konsideroj se kam ofruar ofert\u00ebn m\u00eb t\u00eb mir\u00eb dhe kam dh\u00ebn\u00eb d\u00ebshmin\u00eb m\u00eb t\u00eb mir\u00eb. Tash kan\u00eb p\u00ebr t\u00eb votuar p\u00ebr t\u00eb mir\u00ebn dhe te keq\u00ebn, un\u00eb e di se e kam d\u00ebshmuar q\u00eb jam m\u00eb i miri. Ju b\u00ebj thirrje t\u00eb gjith\u00ebve q\u00eb t\u00eb votojn\u00eb p\u00ebr PDK-n\u00eb. Po t\u00eb mos kishin qen\u00eb presionet e indikacionet tjera q\u00eb n\u00eb forma t\u00eb ndryshme i b\u00ebn Lista Serbe p\u00ebr t\u2019i kthyer votat prej veti, besoj q\u00eb do ua kisha marr\u00eb. Un\u00eb besoj akoma, mir\u00ebpo jemi gjat\u00eb subjekte serbe e tri shqiptare \u2013 Lista Serbe po e provon q\u00eb t\u2019i marr\u00eb votat, po hetohet qoft\u00eb me premtime, e qoft\u00eb me disa pagesa e paga e presione n\u00eb nj\u00eb form\u00eb duke i quar tradhtar. P\u00ebr kund\u00ebr t\u00eb gjitha k\u00ebtyre sfidave, besoj q\u00eb do ta kem nj\u00eb p\u00ebrkrahje edhe nga nj\u00eb pjes\u00eb e qytetar\u00ebve serb\u00eb, mir\u00ebpo sidoqoft\u00eb n\u00eb gar\u00eb jemi dhe un\u00eb e synoj fitore\u201d, deklaroi ai.<\/p>\n<p>Ilir Peci, kryetar aktual dhe kandidat i PDK-s\u00eb p\u00ebr Zve\u00e7an, tha se frika \u00ebsht\u00eb nj\u00eb faktor q\u00eb mund t\u00eb ndikoj\u00eb tek qytetar\u00ebt serb\u00eb, por ai mbetet i bindur p\u00ebr nj\u00eb rezultat pozitiv.<\/p>\n<p>\u201cUn\u00eb jam shum\u00eb i bindur se n\u00eb qoft\u00eb se nuk do t\u00eb ekzistonte frika te qytetar\u00ebt serb\u00eb, ndonj\u00ebri prej neve kat\u00ebr kryetar\u00ebve do t\u00eb ishim fitues. Mir\u00ebpo, frika e b\u00ebn gjithmon\u00eb t\u00eb vet\u00ebn, por po presim. Jemi n\u00eb gar\u00eb p\u00ebr t\u00eb fituar\u201d, potencoi Peci.<\/p>\n<p>Nga ana tjet\u00ebr, Lulzim Hetemi, edhe kryetar aktual dhe kandidat i LVV-s\u00eb p\u00ebr Leposaviq, ka theksuar se puna e tij ka krijuar infrastruktur\u00ebn dhe baz\u00ebn p\u00ebr zhvillim, q\u00eb cilido kryetar q\u00eb z\u00eb pozit\u00ebn e tij do t\u2019i ket\u00eb simbolet e nj\u00ebjta \u2013 ato t\u00eb Republik\u00ebs s\u00eb Kosov\u00ebs.<\/p>\n<p>\u201cNuk hyhet gjithmon\u00eb n\u00eb gar\u00eb p\u00ebr t\u00eb fituar. Ne n\u00eb Komun\u00ebn e Leposaviqit e kemi krijuar infrastruktur\u00ebn pa marr\u00eb parasysh kush do t\u00eb fiton, ai duhet me ardh me nd\u00ebrrua kryetarin Hetemi p\u00ebr t\u00eb vazhduar me t\u00eb gjitha simbolet, zyret edhe pun\u00ebtor\u00ebt q\u00eb i kam aty p\u00ebr me punua p\u00ebr Republik\u00ebn e Kosov\u00ebs. Un\u00eb jam i bindur, sepse kemi punuar shum\u00eb. Hetemi ka punuar m\u00eb shum\u00eb se Lista Serbe gjat\u00eb 20 e sa kusur vjet. Un\u00eb kur kam shkuar kam menduar se Leposaviqi \u00ebsht\u00eb nj\u00eb komun\u00eb n\u00eb Zvic\u00ebr. Kam menduar ashtu, sepse ata kan\u00eb marr\u00eb para me thas\u00eb nga t\u00eb dyja an\u00ebt dhe vet\u00ebm i kan\u00eb \u00e7uar dika tjet\u00ebr, konkretisht n\u00eb Beograd. Pas luft\u00ebs edhe pse ishte qyteti im, e kam pas t\u00eb ndaluar t\u00eb shkoj aty. Po t\u00eb mos i kishim k\u00ebta kriminel\u00eb q\u00eb neve na kan\u00eb keqtrajtuar gjat\u00eb dy viteve dhe qytetarin e vet, i bindur jam se kisha dal fitues\u201d, deklaroi ai.<\/p>\n<p>Erden Atiq, kryetar aktual dhe kandidat i LVV-s\u00eb p\u00ebr Mitrovic\u00ebn e Veriut, shpreh optimiz\u00ebm dhe thirrje p\u00ebr qytetar\u00ebt q\u00eb t\u00eb mos bien pre e dezinformatave.<\/p>\n<p>N\u00eb em\u00ebr t\u00eb tre kandidat\u00ebve t\u00eb tjer\u00eb, ai tha se n\u00eb kat\u00ebr komunat veriore do t\u00eb jen\u00eb prezent\u00eb n\u00ebse jo n\u00eb qeverisje, at\u00ebher\u00eb n\u00eb nj\u00eb opozit\u00eb t\u00eb fort\u00eb, duke u ballafaquar me se cilat sfida. N\u00eb fund ai tha se ndikimi serb q\u00eb ekziston atje nuk do t\u00eb ket\u00eb shp\u00ebtim nga ta.<\/p>\n<p>\u201cUn\u00eb jam m\u00eb optimist. I b\u00ebj apel t\u00eb gjith\u00eb qytetar\u00ebve q\u00eb me punua sa m\u00eb shum\u00eb deri n\u00eb dit\u00ebn e diel, mos t\u00eb bien pre e shpifjeve, e dezinformatave. Kthim mbrapa nuk ka, pa marr\u00eb parasysh prej epilogut se kush do t\u00eb jet\u00eb kryetar. S\u2019ka kthim mbrapa edhe n\u00ebse ne q\u00eb t\u00eb kat\u00ebrtit nuk zgjidhemi kryetar komune n\u00eb mandatin e ri 2025\/2029. Un\u00eb si Erden dhe VV do t\u00eb q\u00ebndroj aty si opozit\u00eb e fort\u00eb, i kemi t\u00eb gjith\u00eb mekanizmat aty. S\u2019do e lejojm\u00eb ask\u00ebnd, qoft\u00eb Lista Serbe, qoft\u00eb ndonj\u00eb eksponent nga Beogradi, nuk ka t\u00ebrheqje flamuj t\u00eb Kosov\u00ebs prej objekteve t\u00eb kat\u00ebr komunave veriore. T\u00eb gjitha k\u00ebto i mbron ligji. N\u00eb nj\u00eb form\u00eb ose tjet\u00ebr, do t\u00eb vazhdojm\u00eb t\u00eb jem konstant n\u00eb institucione komunale, k\u00ebshtu q\u00eb pshtim prej neve nuk ka\u201d, deklaroi Atiq.<\/p>\n<p>T\u00eb kat\u00ebr kandidat\u00ebt b\u00ebjn\u00eb thirrje p\u00ebr pjes\u00ebmarrje aktive dhe mb\u00ebshtetje nga qytetar\u00ebt, duke theksuar se fituesi do t\u00eb jet\u00eb ai q\u00eb ofron qeverisje t\u00eb q\u00ebndrueshme, mbrojtje t\u00eb interesave dhe respekt t\u00eb ligjit n\u00eb komunat veriore t\u00eb Kosov\u00ebs.<\/p>\n<p>&nbsp;<\/p>\n","protected":false},"excerpt":{"rendered":"<p>Prishtin\u00eb, 4 tetor 2025 Kryetar\u00ebt aktual\u00eb dhe kandidat\u00ebt p\u00ebr kat\u00ebr komunat veriore shprehin optimiz\u00ebm dhe vendosm\u00ebri p\u00ebr zgjedhjet lokale q\u00eb do t\u00eb mbahen m\u00eb 12<\/p>\n","protected":false},"author":7,"featured_media":15018,"comment_status":"open","ping_status":"open","sticky":false,"template":"","format":"standard","meta":{"footnotes":""},"categories":[8],"tags":[],"class_list":["post-15017","post","type-post","status-publish","format-standard","has-post-thumbnail","hentry","category-blog-sq"],"yoast_head":"<!-- This site is optimized with the Yoast SEO plugin v25.3.1 - https:\/\/yoast.com\/wordpress\/plugins\/seo\/ -->\n<title>\u201cSimbolet e Kosov\u00ebs do t\u00eb q\u00ebndrojn\u00eb aty\u201d \u2013 Kat\u00ebr kryetar\u00ebt e komunave veriore paralajm\u00ebrojn\u00eb fitore e sfid\u00eb t\u00eb fort\u00eb -<\/title>\n<meta name=\"robots\" content=\"index, follow, max-snippet:-1, max-image-preview:large, max-video-preview:-1\" \/>\n<link rel=\"canonical\" href=\"https:\/\/veritasinfo.org\/?p=15017\" \/>\n<meta property=\"og:locale\" content=\"en_US\" \/>\n<meta property=\"og:type\" content=\"article\" \/>\n<meta property=\"og:title\" content=\"\u201cSimbolet e Kosov\u00ebs do t\u00eb q\u00ebndrojn\u00eb aty\u201d \u2013 Kat\u00ebr kryetar\u00ebt e komunave veriore paralajm\u00ebrojn\u00eb fitore e sfid\u00eb t\u00eb fort\u00eb -\" \/>\n<meta property=\"og:description\" content=\"Prishtin\u00eb, 4 tetor 2025 Kryetar\u00ebt aktual\u00eb dhe kandidat\u00ebt p\u00ebr kat\u00ebr komunat veriore shprehin optimiz\u00ebm dhe vendosm\u00ebri p\u00ebr zgjedhjet lokale q\u00eb do t\u00eb mbahen m\u00eb 12\" \/>\n<meta property=\"og:url\" content=\"https:\/\/veritasinfo.org\/?p=15017\" \/>\n<meta property=\"article:published_time\" content=\"2025-10-04T19:56:00+00:00\" \/>\n<meta property=\"og:image\" content=\"https:\/\/veritasinfo.org\/wp-content\/uploads\/2025\/10\/1-1.jpg\" \/>\n\t<meta property=\"og:image:width\" content=\"1341\" \/>\n\t<meta property=\"og:image:height\" content=\"849\" \/>\n\t<meta property=\"og:image:type\" content=\"image\/jpeg\" \/>\n<meta name=\"author\" content=\"US6\" \/>\n<meta name=\"twitter:card\" content=\"summary_large_image\" \/>\n<meta name=\"twitter:label1\" content=\"Written by\" \/>\n\t<meta name=\"twitter:data1\" content=\"US6\" \/>\n\t<meta name=\"twitter:label2\" content=\"Est. reading time\" \/>\n\t<meta name=\"twitter:data2\" content=\"4 minutes\" \/>\n<script type=\"application\/ld+json\" class=\"yoast-schema-graph\">{\"@context\":\"https:\/\/schema.org\",\"@graph\":[{\"@type\":\"WebPage\",\"@id\":\"https:\/\/veritasinfo.org\/?p=15017\",\"url\":\"https:\/\/veritasinfo.org\/?p=15017\",\"name\":\"\u201cSimbolet e Kosov\u00ebs do t\u00eb q\u00ebndrojn\u00eb aty\u201d \u2013 Kat\u00ebr kryetar\u00ebt e komunave veriore paralajm\u00ebrojn\u00eb fitore e sfid\u00eb t\u00eb fort\u00eb -\",\"isPartOf\":{\"@id\":\"https:\/\/veritasinfo.org\/#website\"},\"primaryImageOfPage\":{\"@id\":\"https:\/\/veritasinfo.org\/?p=15017#primaryimage\"},\"image\":{\"@id\":\"https:\/\/veritasinfo.org\/?p=15017#primaryimage\"},\"thumbnailUrl\":\"https:\/\/veritasinfo.org\/wp-content\/uploads\/2025\/10\/1-1.jpg\",\"datePublished\":\"2025-10-04T19:56:00+00:00\",\"author\":{\"@id\":\"https:\/\/veritasinfo.org\/#\/schema\/person\/fe199eede04c3937362892b7444747cc\"},\"breadcrumb\":{\"@id\":\"https:\/\/veritasinfo.org\/?p=15017#breadcrumb\"},\"inLanguage\":\"en-US\",\"potentialAction\":[{\"@type\":\"ReadAction\",\"target\":[\"https:\/\/veritasinfo.org\/?p=15017\"]}]},{\"@type\":\"ImageObject\",\"inLanguage\":\"en-US\",\"@id\":\"https:\/\/veritasinfo.org\/?p=15017#primaryimage\",\"url\":\"https:\/\/veritasinfo.org\/wp-content\/uploads\/2025\/10\/1-1.jpg\",\"contentUrl\":\"https:\/\/veritasinfo.org\/wp-content\/uploads\/2025\/10\/1-1.jpg\",\"width\":1341,\"height\":849},{\"@type\":\"BreadcrumbList\",\"@id\":\"https:\/\/veritasinfo.org\/?p=15017#breadcrumb\",\"itemListElement\":[{\"@type\":\"ListItem\",\"position\":1,\"name\":\"Home\",\"item\":\"https:\/\/veritasinfo.org\/\"},{\"@type\":\"ListItem\",\"position\":2,\"name\":\"\u201cSimbolet e Kosov\u00ebs do t\u00eb q\u00ebndrojn\u00eb aty\u201d \u2013 Kat\u00ebr kryetar\u00ebt e komunave veriore paralajm\u00ebrojn\u00eb fitore e sfid\u00eb t\u00eb fort\u00eb\"}]},{\"@type\":\"WebSite\",\"@id\":\"https:\/\/veritasinfo.org\/#website\",\"url\":\"https:\/\/veritasinfo.org\/\",\"name\":\"\",\"description\":\"\",\"potentialAction\":[{\"@type\":\"SearchAction\",\"target\":{\"@type\":\"EntryPoint\",\"urlTemplate\":\"https:\/\/veritasinfo.org\/?s={search_term_string}\"},\"query-input\":{\"@type\":\"PropertyValueSpecification\",\"valueRequired\":true,\"valueName\":\"search_term_string\"}}],\"inLanguage\":\"en-US\"},{\"@type\":\"Person\",\"@id\":\"https:\/\/veritasinfo.org\/#\/schema\/person\/fe199eede04c3937362892b7444747cc\",\"name\":\"US6\",\"image\":{\"@type\":\"ImageObject\",\"inLanguage\":\"en-US\",\"@id\":\"https:\/\/veritasinfo.org\/#\/schema\/person\/image\/\",\"url\":\"https:\/\/secure.gravatar.com\/avatar\/cb16c3c31c9d23b9b8c705964598220b3014e42ff51eb540ff23cefa3ae8c15f?s=96&d=mm&r=g\",\"contentUrl\":\"https:\/\/secure.gravatar.com\/avatar\/cb16c3c31c9d23b9b8c705964598220b3014e42ff51eb540ff23cefa3ae8c15f?s=96&d=mm&r=g\",\"caption\":\"US6\"},\"url\":\"https:\/\/veritasinfo.org\/?author=7\"}]}<\/script>\n<!-- \/ Yoast SEO plugin. -->","yoast_head_json":{"title":"\u201cSimbolet e Kosov\u00ebs do t\u00eb q\u00ebndrojn\u00eb aty\u201d \u2013 Kat\u00ebr kryetar\u00ebt e komunave veriore paralajm\u00ebrojn\u00eb fitore e sfid\u00eb t\u00eb fort\u00eb -","robots":{"index":"index","follow":"follow","max-snippet":"max-snippet:-1","max-image-preview":"max-image-preview:large","max-video-preview":"max-video-preview:-1"},"canonical":"https:\/\/veritasinfo.org\/?p=15017","og_locale":"en_US","og_type":"article","og_title":"\u201cSimbolet e Kosov\u00ebs do t\u00eb q\u00ebndrojn\u00eb aty\u201d \u2013 Kat\u00ebr kryetar\u00ebt e komunave veriore paralajm\u00ebrojn\u00eb fitore e sfid\u00eb t\u00eb fort\u00eb -","og_description":"Prishtin\u00eb, 4 tetor 2025 Kryetar\u00ebt aktual\u00eb dhe kandidat\u00ebt p\u00ebr kat\u00ebr komunat veriore shprehin optimiz\u00ebm dhe vendosm\u00ebri p\u00ebr zgjedhjet lokale q\u00eb do t\u00eb mbahen m\u00eb 12","og_url":"https:\/\/veritasinfo.org\/?p=15017","article_published_time":"2025-10-04T19:56:00+00:00","og_image":[{"width":1341,"height":849,"url":"https:\/\/veritasinfo.org\/wp-content\/uploads\/2025\/10\/1-1.jpg","type":"image\/jpeg"}],"author":"US6","twitter_card":"summary_large_image","twitter_misc":{"Written by":"US6","Est. reading time":"4 minutes"},"schema":{"@context":"https:\/\/schema.org","@graph":[{"@type":"WebPage","@id":"https:\/\/veritasinfo.org\/?p=15017","url":"https:\/\/veritasinfo.org\/?p=15017","name":"\u201cSimbolet e Kosov\u00ebs do t\u00eb q\u00ebndrojn\u00eb aty\u201d \u2013 Kat\u00ebr kryetar\u00ebt e komunave veriore paralajm\u00ebrojn\u00eb fitore e sfid\u00eb t\u00eb fort\u00eb -","isPartOf":{"@id":"https:\/\/veritasinfo.org\/#website"},"primaryImageOfPage":{"@id":"https:\/\/veritasinfo.org\/?p=15017#primaryimage"},"image":{"@id":"https:\/\/veritasinfo.org\/?p=15017#primaryimage"},"thumbnailUrl":"https:\/\/veritasinfo.org\/wp-content\/uploads\/2025\/10\/1-1.jpg","datePublished":"2025-10-04T19:56:00+00:00","author":{"@id":"https:\/\/veritasinfo.org\/#\/schema\/person\/fe199eede04c3937362892b7444747cc"},"breadcrumb":{"@id":"https:\/\/veritasinfo.org\/?p=15017#breadcrumb"},"inLanguage":"en-US","potentialAction":[{"@type":"ReadAction","target":["https:\/\/veritasinfo.org\/?p=15017"]}]},{"@type":"ImageObject","inLanguage":"en-US","@id":"https:\/\/veritasinfo.org\/?p=15017#primaryimage","url":"https:\/\/veritasinfo.org\/wp-content\/uploads\/2025\/10\/1-1.jpg","contentUrl":"https:\/\/veritasinfo.org\/wp-content\/uploads\/2025\/10\/1-1.jpg","width":1341,"height":849},{"@type":"BreadcrumbList","@id":"https:\/\/veritasinfo.org\/?p=15017#breadcrumb","itemListElement":[{"@type":"ListItem","position":1,"name":"Home","item":"https:\/\/veritasinfo.org\/"},{"@type":"ListItem","position":2,"name":"\u201cSimbolet e Kosov\u00ebs do t\u00eb q\u00ebndrojn\u00eb aty\u201d \u2013 Kat\u00ebr kryetar\u00ebt e komunave veriore paralajm\u00ebrojn\u00eb fitore e sfid\u00eb t\u00eb fort\u00eb"}]},{"@type":"WebSite","@id":"https:\/\/veritasinfo.org\/#website","url":"https:\/\/veritasinfo.org\/","name":"","description":"","potentialAction":[{"@type":"SearchAction","target":{"@type":"EntryPoint","urlTemplate":"https:\/\/veritasinfo.org\/?s={search_term_string}"},"query-input":{"@type":"PropertyValueSpecification","valueRequired":true,"valueName":"search_term_string"}}],"inLanguage":"en-US"},{"@type":"Person","@id":"https:\/\/veritasinfo.org\/#\/schema\/person\/fe199eede04c3937362892b7444747cc","name":"US6","image":{"@type":"ImageObject","inLanguage":"en-US","@id":"https:\/\/veritasinfo.org\/#\/schema\/person\/image\/","url":"https:\/\/secure.gravatar.com\/avatar\/cb16c3c31c9d23b9b8c705964598220b3014e42ff51eb540ff23cefa3ae8c15f?s=96&d=mm&r=g","contentUrl":"https:\/\/secure.gravatar.com\/avatar\/cb16c3c31c9d23b9b8c705964598220b3014e42ff51eb540ff23cefa3ae8c15f?s=96&d=mm&r=g","caption":"US6"},"url":"https:\/\/veritasinfo.org\/?author=7"}]}},"featured_image_urls":{"full":["https:\/\/veritasinfo.org\/wp-content\/uploads\/2025\/10\/1-1.jpg",1341,849,false],"thumbnail":["https:\/\/veritasinfo.org\/wp-content\/uploads\/2025\/10\/1-1-150x150.jpg",150,150,true],"medium":["https:\/\/veritasinfo.org\/wp-content\/uploads\/2025\/10\/1-1-300x190.jpg",300,190,true],"medium_large":["https:\/\/veritasinfo.org\/wp-content\/uploads\/2025\/10\/1-1-768x486.jpg",640,405,true],"large":["https:\/\/veritasinfo.org\/wp-content\/uploads\/2025\/10\/1-1-1024x648.jpg",640,405,true],"1536x1536":["https:\/\/veritasinfo.org\/wp-content\/uploads\/2025\/10\/1-1.jpg",1341,849,false],"2048x2048":["https:\/\/veritasinfo.org\/wp-content\/uploads\/2025\/10\/1-1.jpg",1341,849,false],"kreeti-slider-full":["https:\/\/veritasinfo.org\/wp-content\/uploads\/2025\/10\/1-1.jpg",1137,720,false],"kreeti-featured":["https:\/\/veritasinfo.org\/wp-content\/uploads\/2025\/10\/1-1.jpg",1024,648,false],"kreeti-medium":["https:\/\/veritasinfo.org\/wp-content\/uploads\/2025\/10\/1-1.jpg",720,456,false],"kreeti-medium-square":["https:\/\/veritasinfo.org\/wp-content\/uploads\/2025\/10\/1-1.jpg",350,222,false]},"author_info":{"info":["US6"]},"category_info":"<a href=\"https:\/\/veritasinfo.org\/?cat=8\" rel=\"category\">Zgjedhjet parlamentare 2025<\/a>","tag_info":"Zgjedhjet parlamentare 2025","comment_count":"0","_links":{"self":[{"href":"https:\/\/veritasinfo.org\/index.php?rest_route=\/wp\/v2\/posts\/15017","targetHints":{"allow":["GET"]}}],"collection":[{"href":"https:\/\/veritasinfo.org\/index.php?rest_route=\/wp\/v2\/posts"}],"about":[{"href":"https:\/\/veritasinfo.org\/index.php?rest_route=\/wp\/v2\/types\/post"}],"author":[{"embeddable":true,"href":"https:\/\/veritasinfo.org\/index.php?rest_route=\/wp\/v2\/users\/7"}],"replies":[{"embeddable":true,"href":"https:\/\/veritasinfo.org\/index.php?rest_route=%2Fwp%2Fv2%2Fcomments&post=15017"}],"version-history":[{"count":1,"href":"https:\/\/veritasinfo.org\/index.php?rest_route=\/wp\/v2\/posts\/15017\/revisions"}],"predecessor-version":[{"id":15019,"href":"https:\/\/veritasinfo.org\/index.php?rest_route=\/wp\/v2\/posts\/15017\/revisions\/15019"}],"wp:featuredmedia":[{"embeddable":true,"href":"https:\/\/veritasinfo.org\/index.php?rest_route=\/wp\/v2\/media\/15018"}],"wp:attachment":[{"href":"https:\/\/veritasinfo.org\/index.php?rest_route=%2Fwp%2Fv2%2Fmedia&parent=15017"}],"wp:term":[{"taxonomy":"category","embeddable":true,"href":"https:\/\/veritasinfo.org\/index.php?rest_route=%2Fwp%2Fv2%2Fcategories&post=15017"},{"taxonomy":"post_tag","embeddable":true,"href":"https:\/\/veritasinfo.org\/index.php?rest_route=%2Fwp%2Fv2%2Ftags&post=15017"}],"curies":[{"name":"wp","href":"https:\/\/api.w.org\/{rel}","templated":true}]}}