{"id":14770,"date":"2025-10-03T08:54:08","date_gmt":"2025-10-03T06:54:08","guid":{"rendered":"https:\/\/veritasinfo.org\/?p=14770"},"modified":"2025-10-03T08:54:08","modified_gmt":"2025-10-03T06:54:08","slug":"svetska-nagrada-priznanje-za-izuzetnu-umetnost-petrita-haljiljaja","status":"publish","type":"post","link":"https:\/\/veritasinfo.org\/?p=14770&lang=sr","title":{"rendered":"Svetska nagrada \u2013 priznanje za izuzetnu umetnost Petrita Haljiljaja"},"content":{"rendered":"<p data-start=\"83\" data-end=\"113\"><strong data-start=\"83\" data-end=\"113\">Pri\u0161tina, 3. oktobar 2025.<\/strong><\/p>\n<p data-start=\"115\" data-end=\"764\">\u201eJo\u0161 uvek ne mogu da poverujem da je istina\u201c, rekao je Petrit Haljiljaj u izjavi za <em data-start=\"197\" data-end=\"203\">Koha<\/em> u \u010detvrtak kasno uve\u010de, nekoliko sati nakon \u0161to je progla\u0161en laureatom presti\u017ene nagrade za skulpturu \u201eNa<strong data-start=\"83\" data-end=\"113\">\u0161<\/strong>er\u201c. Obrazlo\u017eenje \u017eirija predstavlja niz tuma\u010denja njegovog dela i umetnosti, koja su neraskidivo povezana sa Kosovom i ratom, ali koja imaju mo\u0107 transformacije u ose\u0107aj i potragu za slobodom. Zbog zna\u010daja nagrade, vest su prenele i najuglednije svetske medijske ku\u0107e, uklju\u010duju\u0107i i <em data-start=\"594\" data-end=\"614\">The New York Times<\/em>. Haljiljaj \u0107e nagradu vratiti u svoj rodni kraj, a za to ima vi\u0161e razloga. Kako je rekao, \u017eeli da je \u201epretvori iz li\u010dnog priznanja u kolektivni san\u201c.<\/p>\n<p data-start=\"766\" data-end=\"1010\">Petrit Haljiljaj i njegovo umetni\u010dko stvarala\u0161tvo ve\u0107 se nalaze u jednom sasvim druga\u010dijem dimenzionu. Njegova dela ne otkrivaju svetu samo pri\u010de i snove sa ovih prostora, ve\u0107 slu\u017ee i kao inspiracija za stvarala\u0161tvo i poruke mira \u0161irom planete.<\/p>\n<p data-start=\"1012\" data-end=\"1385\">Jo\u0161 jedna va\u017ena potvrda Haljiljajevog svetskog nivoa stigla je u \u010detvrtak. Haljiljaj, ro\u0111en u Runiku 1986. godine, laureat je presti\u017ene nagrade za skulpturu \u201eNa<strong data-start=\"83\" data-end=\"113\">\u0161<\/strong>er\u201c. Centar za skulpturu \u201eNa<strong data-start=\"83\" data-end=\"113\">\u0161<\/strong>er\u201c iz Dalasa dodelio mu je ovu nagradu za 2027. godinu, obrazla\u017eu\u0107i odluku njegovim stvarala\u0161tvom u kojem se prepli\u0107u iskustva bola, trenuci radosti, ljudska ne\u017enost i pozivi na mir.<\/p>\n<p data-start=\"1387\" data-end=\"1861\">Nagrada, ustanovljena 2015. godine, posve\u0107ena je isklju\u010divo izvrsnosti u savremenoj skulpturi. Time \u0161to je postao njen laureat, Haljiljaj se svrstao u red umetnika sa velikim ugledom kao \u0161to su: Otobong Nkanga, Senga Nengudi, Nairy Baghramian, Michael Rakowitz, Isa Genzken, Theaster Gates, Pierre Huyghe i Doris Salcedo. Zbog zna\u010daja nagrade, koju dodeljuje Centar osnovan 2003. godine, vest su prenele i presti\u017ene svetske medijske ku\u0107e, uklju\u010duju\u0107i i <em data-start=\"1838\" data-end=\"1858\">The New York Times<\/em>.<\/p>\n<p data-start=\"1863\" data-end=\"1899\"><strong data-start=\"1863\" data-end=\"1899\">Umetnost koja govori sada\u0161njosti<\/strong><\/p>\n<p data-start=\"1901\" data-end=\"2430\">\u201eU njegovim instalacijama i performansima, gde crte\u017ei dobijaju skulpturalno prisustvo, a prostor imaginacije se osloba\u0111a u punom smislu te re\u010di, Petrit Haljiljaj pokazuje kako su iskustva bola nerazdvojna od trenutaka radosti, ne\u017enosti i ljudske povezanosti\u201c, rekao je direktor Centra, Karlos Basualdo. Prema njegovim re\u010dima, Halilajeva dela posebno su zna\u010dajna danas, kako zbog duboke posve\u0107enosti ljudskom iskustvu, tako i zbog na\u010dina na koji stvaraju prostore susreta koji prevazilaze umetni\u010dke, kulturne i geografske granice.<\/p>\n<p data-start=\"2432\" data-end=\"2575\">\u201eIzborom Haljiljaja, \u017eiri nagrade \u2018Na<strong data-start=\"83\" data-end=\"113\">\u0161<\/strong>er\u2019 prepoznaje njegov rad kao formalno inovativan i duboko zna\u010dajan za savremeni trenutak\u201c, dodao je on.<\/p>\n<p data-start=\"2577\" data-end=\"2992\">\u010clan \u017eirija, ser Nikolas Serota, predsednik Saveta za umetnost Engleske, istakao je: \u201eUvek govorimo o tome da umetnici imaju sposobnost da uhvate iskrenost detinjstva, a Petrit stvara dela zasnovana na svom iskustvu deteta koje je bilo primorano da napusti dom na Kosovu i da \u017eivi u izbegli\u010dkom kampu, gde je po\u010deo da crta. Te crte\u017ee, kao i radove druge dece, on je koristio za stvaranje monumentalnih skulptura.\u201c<\/p>\n<p data-start=\"2994\" data-end=\"3363\">Haljiljaj je ocenjen kao umetnik koji se nalazi u periodu velikog stvarala\u010dkog uzleta. \u201e\u017deleli smo da izaberemo nekoga ko trenutno stvara veoma zna\u010dajna dela, performanse i skulpture, ali je istovremeno tek na po\u010detku svog sna\u017enog uspona\u201c, rekla je \u010dlanica \u017eirija Kerolin Kristov-Bakargijev, direktorka emeritus Muzeja savremene umetnosti <em data-start=\"3331\" data-end=\"3351\">Castello di Rivoli<\/em> u Torinu.<\/p>\n<p data-start=\"3365\" data-end=\"3782\">U obrazlo\u017eenju Centra za skulpturu u Dalasu, koji nagradu dodeljuje u vrednosti od 100 hiljada dolara, navodi se da Haljiljaj koriste\u0107i \u0161irok spektar umetni\u010dkih izraza \u2013 skulpturu, crte\u017e, tekst i performans \u2013 pretvara simbole nevinosti u trodimenzionalne pejza\u017ee snova i vi\u0161eslojne instalacije. Njegova umetnost uklju\u010duje mitolo\u0161ke narative i performanse, koriste\u0107i simbolizam i fantaziju kao snagu nade i isceljenja.<\/p>\n<p data-start=\"3784\" data-end=\"4159\">Podse\u0107a se na njegovo detinjstvo tokom rata, kada je sa porodicom bio primoran da izbegne u Albaniju usled delovanja srpskih snaga, a njihov dom bio spaljen. Spominje se i italijanski psiholog \u0110akomo Poli, koji je tada vodio umetni\u010dke radionice za decu izbeglice i podsticao Halilaja da crta svoja se\u0107anja i snove, \u0161to je, prema obrazlo\u017eenju, ostao temelj njegove karijere.<\/p>\n<p data-start=\"4161\" data-end=\"4696\">U daljem obrazlo\u017eenju navodi se i retrospektivna izlo\u017eba u Muzeju \u201eTamayo\u201c u Meksiko Sitiju 2023. godine, kada je Haljiljaj oslikao avion \u201eBoeing 747\u201c kompanije <em data-start=\"4320\" data-end=\"4332\">Aeromexico<\/em> i pretvorio ga u \u201elete\u0107u skulpturu\u201c. Tako\u0111e se pominje projekat \u201eAbetare\u201c za Muzej Metropoliten u Njujorku 2024. godine, kao i izlo\u017eba \u201e\u0160krepetima\u201c iz 2018. u njegovom rodnom Runiku. Posebno se isti\u010de ovogodi\u0161nja predstava \u201eSyrigana\u201c, ra\u0111ena u saradnji sa Filharmonijom Kosova, koja je deo izlo\u017ebe \u201eAn Opera Out of Time\u201c u berlinskom muzeju <em data-start=\"4674\" data-end=\"4693\">Hamburger Bahnhof<\/em>.<\/p>\n<p data-start=\"4698\" data-end=\"4731\"><strong data-start=\"4698\" data-end=\"4731\">\u201eOn nam vra\u0107a radost obnove\u2026\u201c<\/strong><\/p>\n<p data-start=\"4733\" data-end=\"5190\">\u010clan \u017eirija Pablo Le\u00f3n de la Barra izjavio je da Halilajeva sposobnost da pretvori te\u0161ku i traumati\u010dnu li\u010dnu istoriju u poetska, razigrana i lepa dela svedo\u010di o njegovoj umetni\u010dkoj mo\u0107i da pove\u017ee istoriju i \u010dinjenice sa imaginacijom i se\u0107anjem. \u201eKroz svoja dela, daju\u0107i oblik traumama detinjstva, rata i progonstva, on nam vra\u0107a radost obnove i mogu\u0107nosti koje umetnost nudi za izgradnju nas samih i na\u0161ih odnosa u jednom slomljenom dru\u0161tvu\u201c, rekao je on.<\/p>\n<p data-start=\"5192\" data-end=\"5500\">Haljiljaj je izjavio da nagradu nije o\u010dekivao ni u jednom trenutku. \u201eOvo je izuzetno zna\u010dajno priznanje, s obzirom na to da se dodeljuje za doprinos skulpturi na svetskom nivou i imaju\u0107i u vidu ko su dosada\u0161nji laureati. Veoma sam po\u010dastvovan i sa zahvalno\u0161\u0107u primam ovu nagradu\u201c, rekao je Haljiljaj za <em data-start=\"5491\" data-end=\"5497\">Koha<\/em>.<\/p>\n<p data-start=\"5502\" data-end=\"5866\">Dodao je i da je za njega \u201enajbolji na\u010din da se ovo priznanje iz li\u010dne zahvalnosti pretvori u kolektivni san\u201c taj da ga posveti Kosovu, kosovskoj kulturi i Fondaciji \u201eHajde\u201c. Sredstva \u0107e, kako je objasnio, biti iskori\u0161\u0107ena za o\u017eivljavanje Doma kulture u Runiku, za zapo\u0161ljavanje menad\u017eera projekata i umetni\u010dkog direktora, i za dalji razvoj fondacije u Pri\u0161tini.<\/p>\n<p data-start=\"5868\" data-end=\"6181\">U zavr\u0161nici se podse\u0107a da je Haljiljaj kroz svoja dela godinama znao da fragmente detinjstva i se\u0107anja preto\u010di u umetni\u010dku poeziju i vi\u0161eslojna dela koja su zadobila svetsku pa\u017enju. \u010cinjenica da \u0107e nov\u010dani deo nagrade posvetiti obnovi Doma kulture u Runiku i Fondaciji \u201eHajde\u201c preneta je i u <em data-start=\"6158\" data-end=\"6178\">The New York Times<\/em>.<\/p>\n","protected":false},"excerpt":{"rendered":"<p>Pri\u0161tina, 3. oktobar 2025. \u201eJo\u0161 uvek ne mogu da poverujem da je istina\u201c, rekao je Petrit Haljiljaj u izjavi za Koha u \u010detvrtak kasno uve\u010de,<\/p>\n","protected":false},"author":6,"featured_media":14768,"comment_status":"open","ping_status":"open","sticky":false,"template":"","format":"standard","meta":{"footnotes":""},"categories":[34],"tags":[],"class_list":["post-14770","post","type-post","status-publish","format-standard","has-post-thumbnail","hentry","category-kultura"],"yoast_head":"<!-- This site is optimized with the Yoast SEO plugin v25.3.1 - https:\/\/yoast.com\/wordpress\/plugins\/seo\/ -->\n<title>Svetska nagrada \u2013 priznanje za izuzetnu umetnost Petrita Haljiljaja -<\/title>\n<meta name=\"robots\" content=\"index, follow, max-snippet:-1, max-image-preview:large, max-video-preview:-1\" \/>\n<link rel=\"canonical\" href=\"https:\/\/veritasinfo.org\/?p=14770&lang=sr\" \/>\n<meta property=\"og:locale\" content=\"en_US\" \/>\n<meta property=\"og:type\" content=\"article\" \/>\n<meta property=\"og:title\" content=\"Svetska nagrada \u2013 priznanje za izuzetnu umetnost Petrita Haljiljaja -\" \/>\n<meta property=\"og:description\" content=\"Pri\u0161tina, 3. oktobar 2025. \u201eJo\u0161 uvek ne mogu da poverujem da je istina\u201c, rekao je Petrit Haljiljaj u izjavi za Koha u \u010detvrtak kasno uve\u010de,\" \/>\n<meta property=\"og:url\" content=\"https:\/\/veritasinfo.org\/?p=14770&amp;lang=sr\" \/>\n<meta property=\"article:published_time\" content=\"2025-10-03T06:54:08+00:00\" \/>\n<meta property=\"og:image\" content=\"https:\/\/veritasinfo.org\/wp-content\/uploads\/2025\/10\/5082030c-43b3-447b-aaa3-50988b56651e.webp\" \/>\n\t<meta property=\"og:image:width\" content=\"1280\" \/>\n\t<meta property=\"og:image:height\" content=\"720\" \/>\n\t<meta property=\"og:image:type\" content=\"image\/webp\" \/>\n<meta name=\"author\" content=\"US5\" \/>\n<meta name=\"twitter:card\" content=\"summary_large_image\" \/>\n<meta name=\"twitter:label1\" content=\"Written by\" \/>\n\t<meta name=\"twitter:data1\" content=\"US5\" \/>\n\t<meta name=\"twitter:label2\" content=\"Est. reading time\" \/>\n\t<meta name=\"twitter:data2\" content=\"5 minutes\" \/>\n<script type=\"application\/ld+json\" class=\"yoast-schema-graph\">{\"@context\":\"https:\/\/schema.org\",\"@graph\":[{\"@type\":\"WebPage\",\"@id\":\"https:\/\/veritasinfo.org\/?p=14770&lang=sr\",\"url\":\"https:\/\/veritasinfo.org\/?p=14770&lang=sr\",\"name\":\"Svetska nagrada \u2013 priznanje za izuzetnu umetnost Petrita Haljiljaja -\",\"isPartOf\":{\"@id\":\"https:\/\/veritasinfo.org\/#website\"},\"primaryImageOfPage\":{\"@id\":\"https:\/\/veritasinfo.org\/?p=14770&lang=sr#primaryimage\"},\"image\":{\"@id\":\"https:\/\/veritasinfo.org\/?p=14770&lang=sr#primaryimage\"},\"thumbnailUrl\":\"https:\/\/veritasinfo.org\/wp-content\/uploads\/2025\/10\/5082030c-43b3-447b-aaa3-50988b56651e.webp\",\"datePublished\":\"2025-10-03T06:54:08+00:00\",\"author\":{\"@id\":\"https:\/\/veritasinfo.org\/#\/schema\/person\/bc442336e35414d04494ab8fb45db4c6\"},\"breadcrumb\":{\"@id\":\"https:\/\/veritasinfo.org\/?p=14770&lang=sr#breadcrumb\"},\"inLanguage\":\"en-US\",\"potentialAction\":[{\"@type\":\"ReadAction\",\"target\":[\"https:\/\/veritasinfo.org\/?p=14770&lang=sr\"]}]},{\"@type\":\"ImageObject\",\"inLanguage\":\"en-US\",\"@id\":\"https:\/\/veritasinfo.org\/?p=14770&lang=sr#primaryimage\",\"url\":\"https:\/\/veritasinfo.org\/wp-content\/uploads\/2025\/10\/5082030c-43b3-447b-aaa3-50988b56651e.webp\",\"contentUrl\":\"https:\/\/veritasinfo.org\/wp-content\/uploads\/2025\/10\/5082030c-43b3-447b-aaa3-50988b56651e.webp\",\"width\":1280,\"height\":720},{\"@type\":\"BreadcrumbList\",\"@id\":\"https:\/\/veritasinfo.org\/?p=14770&lang=sr#breadcrumb\",\"itemListElement\":[{\"@type\":\"ListItem\",\"position\":1,\"name\":\"Home\",\"item\":\"https:\/\/veritasinfo.org\/\"},{\"@type\":\"ListItem\",\"position\":2,\"name\":\"Svetska nagrada \u2013 priznanje za izuzetnu umetnost Petrita Haljiljaja\"}]},{\"@type\":\"WebSite\",\"@id\":\"https:\/\/veritasinfo.org\/#website\",\"url\":\"https:\/\/veritasinfo.org\/\",\"name\":\"\",\"description\":\"\",\"potentialAction\":[{\"@type\":\"SearchAction\",\"target\":{\"@type\":\"EntryPoint\",\"urlTemplate\":\"https:\/\/veritasinfo.org\/?s={search_term_string}\"},\"query-input\":{\"@type\":\"PropertyValueSpecification\",\"valueRequired\":true,\"valueName\":\"search_term_string\"}}],\"inLanguage\":\"en-US\"},{\"@type\":\"Person\",\"@id\":\"https:\/\/veritasinfo.org\/#\/schema\/person\/bc442336e35414d04494ab8fb45db4c6\",\"name\":\"US5\",\"image\":{\"@type\":\"ImageObject\",\"inLanguage\":\"en-US\",\"@id\":\"https:\/\/veritasinfo.org\/#\/schema\/person\/image\/\",\"url\":\"https:\/\/secure.gravatar.com\/avatar\/16a61e7272a0c5d001121ebb9e60e925d5816e4ac1e443ed3e640d9a6ae55d0c?s=96&d=mm&r=g\",\"contentUrl\":\"https:\/\/secure.gravatar.com\/avatar\/16a61e7272a0c5d001121ebb9e60e925d5816e4ac1e443ed3e640d9a6ae55d0c?s=96&d=mm&r=g\",\"caption\":\"US5\"},\"url\":\"https:\/\/veritasinfo.org\/?author=6\"}]}<\/script>\n<!-- \/ Yoast SEO plugin. -->","yoast_head_json":{"title":"Svetska nagrada \u2013 priznanje za izuzetnu umetnost Petrita Haljiljaja -","robots":{"index":"index","follow":"follow","max-snippet":"max-snippet:-1","max-image-preview":"max-image-preview:large","max-video-preview":"max-video-preview:-1"},"canonical":"https:\/\/veritasinfo.org\/?p=14770&lang=sr","og_locale":"en_US","og_type":"article","og_title":"Svetska nagrada \u2013 priznanje za izuzetnu umetnost Petrita Haljiljaja -","og_description":"Pri\u0161tina, 3. oktobar 2025. \u201eJo\u0161 uvek ne mogu da poverujem da je istina\u201c, rekao je Petrit Haljiljaj u izjavi za Koha u \u010detvrtak kasno uve\u010de,","og_url":"https:\/\/veritasinfo.org\/?p=14770&lang=sr","article_published_time":"2025-10-03T06:54:08+00:00","og_image":[{"width":1280,"height":720,"url":"https:\/\/veritasinfo.org\/wp-content\/uploads\/2025\/10\/5082030c-43b3-447b-aaa3-50988b56651e.webp","type":"image\/webp"}],"author":"US5","twitter_card":"summary_large_image","twitter_misc":{"Written by":"US5","Est. reading time":"5 minutes"},"schema":{"@context":"https:\/\/schema.org","@graph":[{"@type":"WebPage","@id":"https:\/\/veritasinfo.org\/?p=14770&lang=sr","url":"https:\/\/veritasinfo.org\/?p=14770&lang=sr","name":"Svetska nagrada \u2013 priznanje za izuzetnu umetnost Petrita Haljiljaja -","isPartOf":{"@id":"https:\/\/veritasinfo.org\/#website"},"primaryImageOfPage":{"@id":"https:\/\/veritasinfo.org\/?p=14770&lang=sr#primaryimage"},"image":{"@id":"https:\/\/veritasinfo.org\/?p=14770&lang=sr#primaryimage"},"thumbnailUrl":"https:\/\/veritasinfo.org\/wp-content\/uploads\/2025\/10\/5082030c-43b3-447b-aaa3-50988b56651e.webp","datePublished":"2025-10-03T06:54:08+00:00","author":{"@id":"https:\/\/veritasinfo.org\/#\/schema\/person\/bc442336e35414d04494ab8fb45db4c6"},"breadcrumb":{"@id":"https:\/\/veritasinfo.org\/?p=14770&lang=sr#breadcrumb"},"inLanguage":"en-US","potentialAction":[{"@type":"ReadAction","target":["https:\/\/veritasinfo.org\/?p=14770&lang=sr"]}]},{"@type":"ImageObject","inLanguage":"en-US","@id":"https:\/\/veritasinfo.org\/?p=14770&lang=sr#primaryimage","url":"https:\/\/veritasinfo.org\/wp-content\/uploads\/2025\/10\/5082030c-43b3-447b-aaa3-50988b56651e.webp","contentUrl":"https:\/\/veritasinfo.org\/wp-content\/uploads\/2025\/10\/5082030c-43b3-447b-aaa3-50988b56651e.webp","width":1280,"height":720},{"@type":"BreadcrumbList","@id":"https:\/\/veritasinfo.org\/?p=14770&lang=sr#breadcrumb","itemListElement":[{"@type":"ListItem","position":1,"name":"Home","item":"https:\/\/veritasinfo.org\/"},{"@type":"ListItem","position":2,"name":"Svetska nagrada \u2013 priznanje za izuzetnu umetnost Petrita Haljiljaja"}]},{"@type":"WebSite","@id":"https:\/\/veritasinfo.org\/#website","url":"https:\/\/veritasinfo.org\/","name":"","description":"","potentialAction":[{"@type":"SearchAction","target":{"@type":"EntryPoint","urlTemplate":"https:\/\/veritasinfo.org\/?s={search_term_string}"},"query-input":{"@type":"PropertyValueSpecification","valueRequired":true,"valueName":"search_term_string"}}],"inLanguage":"en-US"},{"@type":"Person","@id":"https:\/\/veritasinfo.org\/#\/schema\/person\/bc442336e35414d04494ab8fb45db4c6","name":"US5","image":{"@type":"ImageObject","inLanguage":"en-US","@id":"https:\/\/veritasinfo.org\/#\/schema\/person\/image\/","url":"https:\/\/secure.gravatar.com\/avatar\/16a61e7272a0c5d001121ebb9e60e925d5816e4ac1e443ed3e640d9a6ae55d0c?s=96&d=mm&r=g","contentUrl":"https:\/\/secure.gravatar.com\/avatar\/16a61e7272a0c5d001121ebb9e60e925d5816e4ac1e443ed3e640d9a6ae55d0c?s=96&d=mm&r=g","caption":"US5"},"url":"https:\/\/veritasinfo.org\/?author=6"}]}},"featured_image_urls":{"full":["https:\/\/veritasinfo.org\/wp-content\/uploads\/2025\/10\/5082030c-43b3-447b-aaa3-50988b56651e.webp",1280,720,false],"thumbnail":["https:\/\/veritasinfo.org\/wp-content\/uploads\/2025\/10\/5082030c-43b3-447b-aaa3-50988b56651e-150x150.webp",150,150,true],"medium":["https:\/\/veritasinfo.org\/wp-content\/uploads\/2025\/10\/5082030c-43b3-447b-aaa3-50988b56651e-300x169.webp",300,169,true],"medium_large":["https:\/\/veritasinfo.org\/wp-content\/uploads\/2025\/10\/5082030c-43b3-447b-aaa3-50988b56651e-768x432.webp",640,360,true],"large":["https:\/\/veritasinfo.org\/wp-content\/uploads\/2025\/10\/5082030c-43b3-447b-aaa3-50988b56651e-1024x576.webp",640,360,true],"1536x1536":["https:\/\/veritasinfo.org\/wp-content\/uploads\/2025\/10\/5082030c-43b3-447b-aaa3-50988b56651e.webp",1280,720,false],"2048x2048":["https:\/\/veritasinfo.org\/wp-content\/uploads\/2025\/10\/5082030c-43b3-447b-aaa3-50988b56651e.webp",1280,720,false],"kreeti-slider-full":["https:\/\/veritasinfo.org\/wp-content\/uploads\/2025\/10\/5082030c-43b3-447b-aaa3-50988b56651e.webp",1280,720,false],"kreeti-featured":["https:\/\/veritasinfo.org\/wp-content\/uploads\/2025\/10\/5082030c-43b3-447b-aaa3-50988b56651e.webp",1024,576,false],"kreeti-medium":["https:\/\/veritasinfo.org\/wp-content\/uploads\/2025\/10\/5082030c-43b3-447b-aaa3-50988b56651e.webp",720,405,false],"kreeti-medium-square":["https:\/\/veritasinfo.org\/wp-content\/uploads\/2025\/10\/5082030c-43b3-447b-aaa3-50988b56651e.webp",350,197,false]},"author_info":{"info":["US5"]},"category_info":"<a href=\"https:\/\/veritasinfo.org\/?cat=34&#038;lang=sr\" rel=\"category\">Kultura<\/a>","tag_info":"Kultura","comment_count":"0","_links":{"self":[{"href":"https:\/\/veritasinfo.org\/index.php?rest_route=\/wp\/v2\/posts\/14770","targetHints":{"allow":["GET"]}}],"collection":[{"href":"https:\/\/veritasinfo.org\/index.php?rest_route=\/wp\/v2\/posts"}],"about":[{"href":"https:\/\/veritasinfo.org\/index.php?rest_route=\/wp\/v2\/types\/post"}],"author":[{"embeddable":true,"href":"https:\/\/veritasinfo.org\/index.php?rest_route=\/wp\/v2\/users\/6"}],"replies":[{"embeddable":true,"href":"https:\/\/veritasinfo.org\/index.php?rest_route=%2Fwp%2Fv2%2Fcomments&post=14770"}],"version-history":[{"count":1,"href":"https:\/\/veritasinfo.org\/index.php?rest_route=\/wp\/v2\/posts\/14770\/revisions"}],"predecessor-version":[{"id":14771,"href":"https:\/\/veritasinfo.org\/index.php?rest_route=\/wp\/v2\/posts\/14770\/revisions\/14771"}],"wp:featuredmedia":[{"embeddable":true,"href":"https:\/\/veritasinfo.org\/index.php?rest_route=\/wp\/v2\/media\/14768"}],"wp:attachment":[{"href":"https:\/\/veritasinfo.org\/index.php?rest_route=%2Fwp%2Fv2%2Fmedia&parent=14770"}],"wp:term":[{"taxonomy":"category","embeddable":true,"href":"https:\/\/veritasinfo.org\/index.php?rest_route=%2Fwp%2Fv2%2Fcategories&post=14770"},{"taxonomy":"post_tag","embeddable":true,"href":"https:\/\/veritasinfo.org\/index.php?rest_route=%2Fwp%2Fv2%2Ftags&post=14770"}],"curies":[{"name":"wp","href":"https:\/\/api.w.org\/{rel}","templated":true}]}}