{"id":14727,"date":"2025-10-02T16:11:10","date_gmt":"2025-10-02T14:11:10","guid":{"rendered":"https:\/\/veritasinfo.org\/?p=14727"},"modified":"2025-10-02T16:11:10","modified_gmt":"2025-10-02T14:11:10","slug":"kurti-iz-stime-obecava-dodatnih-100-evra-za-bake-i-deke-koji-se-brinu-o-unucima","status":"publish","type":"post","link":"https:\/\/veritasinfo.org\/?p=14727&lang=sr","title":{"rendered":"Kurti iz \u0160time obe\u0107ava dodatnih 100 evra za bake i deke koji se brinu o unucima"},"content":{"rendered":"<p>Pri\u0161tina, 2. oktobar 2025.<\/p>\n<p>Vr\u0161ilac du\u017enosti premijera Aljbin Kurti, na sve\u010danom otvaranju novog vrti\u0107a u selu Godanc u \u0160timlju, obe\u0107ao je da \u0107e u sljede\u0107em mandatu koji \u0107e voditi vlada pru\u017eiti finansijsku podr\u0161ku bakama i djedovima koji brinu o svojim unucima, sa po 100 eura po osobi pored osnovne penzije koju primaju.<\/p>\n<p>Kurti je rekao da je ovo dio \u0161ireg vladinog programa za pobolj\u0161anje dobrobiti porodica na Kosovu i ja\u010danje brige o djeci.<\/p>\n<p>\u201eDje\u010diji dodaci, naknade za porodilje, finansijska podr\u0161ka za \u017eene, za porodice uop\u0161te. U sljede\u0107em mandatu, znate da \u0107emo, pored izgradnje vrti\u0107a i nastavka pobolj\u0161anja dobrobiti porodica, istovremeno pru\u017eiti podr\u0161ku bakama i djedovima koji \u0107e se brinuti o svojim unucima \u2013 100 eura pored osnovne penzije koju primaju. Budu\u0107i da sva djeca nisu samo \u010dlanovi porodica, ve\u0107 i gra\u0111ani Republike Kosovo, kojima \u0107e na\u0161a dr\u017eava, Kosovo sa na\u0161om vladom, uvijek prisko\u010diti u pomo\u0107 i to sve vi\u0161e. Nedostatak zdravstvene za\u0161tite, institucionalne brige o djeci i podr\u0161ke porodicama je ne\u0161to \u0161to ispravljamo korak po korak\u201c, rekao je Kurti.<\/p>\n<p>Govorio je i o va\u017enosti otvaranja vrti\u0107a u Godancu, nagla\u0161avaju\u0107i da je ova investicija dokaz posve\u0107enosti vlade ulaganju u obrazovanje i pred\u0161kolsko obrazovanje.<\/p>\n","protected":false},"excerpt":{"rendered":"<p>Pri\u0161tina, 2. oktobar 2025. Vr\u0161ilac du\u017enosti premijera Aljbin Kurti, na sve\u010danom otvaranju novog vrti\u0107a u selu Godanc u \u0160timlju, obe\u0107ao je da \u0107e u sljede\u0107em<\/p>\n","protected":false},"author":6,"featured_media":14724,"comment_status":"open","ping_status":"open","sticky":false,"template":"","format":"standard","meta":{"footnotes":""},"categories":[42],"tags":[],"class_list":["post-14727","post","type-post","status-publish","format-standard","has-post-thumbnail","hentry","category-blog-sr"],"yoast_head":"<!-- This site is optimized with the Yoast SEO plugin v25.3.1 - https:\/\/yoast.com\/wordpress\/plugins\/seo\/ -->\n<title>Kurti iz \u0160time obe\u0107ava dodatnih 100 evra za bake i deke koji se brinu o unucima -<\/title>\n<meta name=\"robots\" content=\"index, follow, max-snippet:-1, max-image-preview:large, max-video-preview:-1\" \/>\n<link rel=\"canonical\" href=\"https:\/\/veritasinfo.org\/?p=14727&lang=sr\" \/>\n<meta property=\"og:locale\" content=\"en_US\" \/>\n<meta property=\"og:type\" content=\"article\" \/>\n<meta property=\"og:title\" content=\"Kurti iz \u0160time obe\u0107ava dodatnih 100 evra za bake i deke koji se brinu o unucima -\" \/>\n<meta property=\"og:description\" content=\"Pri\u0161tina, 2. oktobar 2025. Vr\u0161ilac du\u017enosti premijera Aljbin Kurti, na sve\u010danom otvaranju novog vrti\u0107a u selu Godanc u \u0160timlju, obe\u0107ao je da \u0107e u sljede\u0107em\" \/>\n<meta property=\"og:url\" content=\"https:\/\/veritasinfo.org\/?p=14727&amp;lang=sr\" \/>\n<meta property=\"article:published_time\" content=\"2025-10-02T14:11:10+00:00\" \/>\n<meta property=\"og:image\" content=\"https:\/\/veritasinfo.org\/wp-content\/uploads\/2025\/10\/Albin-Kurti.jpg\" \/>\n\t<meta property=\"og:image:width\" content=\"1000\" \/>\n\t<meta property=\"og:image:height\" content=\"1000\" \/>\n\t<meta property=\"og:image:type\" content=\"image\/jpeg\" \/>\n<meta name=\"author\" content=\"US5\" \/>\n<meta name=\"twitter:card\" content=\"summary_large_image\" \/>\n<meta name=\"twitter:label1\" content=\"Written by\" \/>\n\t<meta name=\"twitter:data1\" content=\"US5\" \/>\n\t<meta name=\"twitter:label2\" content=\"Est. reading time\" \/>\n\t<meta name=\"twitter:data2\" content=\"2 minutes\" \/>\n<script type=\"application\/ld+json\" class=\"yoast-schema-graph\">{\"@context\":\"https:\/\/schema.org\",\"@graph\":[{\"@type\":\"WebPage\",\"@id\":\"https:\/\/veritasinfo.org\/?p=14727&lang=sr\",\"url\":\"https:\/\/veritasinfo.org\/?p=14727&lang=sr\",\"name\":\"Kurti iz \u0160time obe\u0107ava dodatnih 100 evra za bake i deke koji se brinu o unucima -\",\"isPartOf\":{\"@id\":\"https:\/\/veritasinfo.org\/#website\"},\"primaryImageOfPage\":{\"@id\":\"https:\/\/veritasinfo.org\/?p=14727&lang=sr#primaryimage\"},\"image\":{\"@id\":\"https:\/\/veritasinfo.org\/?p=14727&lang=sr#primaryimage\"},\"thumbnailUrl\":\"https:\/\/veritasinfo.org\/wp-content\/uploads\/2025\/10\/Albin-Kurti.jpg\",\"datePublished\":\"2025-10-02T14:11:10+00:00\",\"author\":{\"@id\":\"https:\/\/veritasinfo.org\/#\/schema\/person\/bc442336e35414d04494ab8fb45db4c6\"},\"breadcrumb\":{\"@id\":\"https:\/\/veritasinfo.org\/?p=14727&lang=sr#breadcrumb\"},\"inLanguage\":\"en-US\",\"potentialAction\":[{\"@type\":\"ReadAction\",\"target\":[\"https:\/\/veritasinfo.org\/?p=14727&lang=sr\"]}]},{\"@type\":\"ImageObject\",\"inLanguage\":\"en-US\",\"@id\":\"https:\/\/veritasinfo.org\/?p=14727&lang=sr#primaryimage\",\"url\":\"https:\/\/veritasinfo.org\/wp-content\/uploads\/2025\/10\/Albin-Kurti.jpg\",\"contentUrl\":\"https:\/\/veritasinfo.org\/wp-content\/uploads\/2025\/10\/Albin-Kurti.jpg\",\"width\":1000,\"height\":1000},{\"@type\":\"BreadcrumbList\",\"@id\":\"https:\/\/veritasinfo.org\/?p=14727&lang=sr#breadcrumb\",\"itemListElement\":[{\"@type\":\"ListItem\",\"position\":1,\"name\":\"Home\",\"item\":\"https:\/\/veritasinfo.org\/\"},{\"@type\":\"ListItem\",\"position\":2,\"name\":\"Kurti iz \u0160time obe\u0107ava dodatnih 100 evra za bake i deke koji se brinu o unucima\"}]},{\"@type\":\"WebSite\",\"@id\":\"https:\/\/veritasinfo.org\/#website\",\"url\":\"https:\/\/veritasinfo.org\/\",\"name\":\"\",\"description\":\"\",\"potentialAction\":[{\"@type\":\"SearchAction\",\"target\":{\"@type\":\"EntryPoint\",\"urlTemplate\":\"https:\/\/veritasinfo.org\/?s={search_term_string}\"},\"query-input\":{\"@type\":\"PropertyValueSpecification\",\"valueRequired\":true,\"valueName\":\"search_term_string\"}}],\"inLanguage\":\"en-US\"},{\"@type\":\"Person\",\"@id\":\"https:\/\/veritasinfo.org\/#\/schema\/person\/bc442336e35414d04494ab8fb45db4c6\",\"name\":\"US5\",\"image\":{\"@type\":\"ImageObject\",\"inLanguage\":\"en-US\",\"@id\":\"https:\/\/veritasinfo.org\/#\/schema\/person\/image\/\",\"url\":\"https:\/\/secure.gravatar.com\/avatar\/16a61e7272a0c5d001121ebb9e60e925d5816e4ac1e443ed3e640d9a6ae55d0c?s=96&d=mm&r=g\",\"contentUrl\":\"https:\/\/secure.gravatar.com\/avatar\/16a61e7272a0c5d001121ebb9e60e925d5816e4ac1e443ed3e640d9a6ae55d0c?s=96&d=mm&r=g\",\"caption\":\"US5\"},\"url\":\"https:\/\/veritasinfo.org\/?author=6\"}]}<\/script>\n<!-- \/ Yoast SEO plugin. -->","yoast_head_json":{"title":"Kurti iz \u0160time obe\u0107ava dodatnih 100 evra za bake i deke koji se brinu o unucima -","robots":{"index":"index","follow":"follow","max-snippet":"max-snippet:-1","max-image-preview":"max-image-preview:large","max-video-preview":"max-video-preview:-1"},"canonical":"https:\/\/veritasinfo.org\/?p=14727&lang=sr","og_locale":"en_US","og_type":"article","og_title":"Kurti iz \u0160time obe\u0107ava dodatnih 100 evra za bake i deke koji se brinu o unucima -","og_description":"Pri\u0161tina, 2. oktobar 2025. Vr\u0161ilac du\u017enosti premijera Aljbin Kurti, na sve\u010danom otvaranju novog vrti\u0107a u selu Godanc u \u0160timlju, obe\u0107ao je da \u0107e u sljede\u0107em","og_url":"https:\/\/veritasinfo.org\/?p=14727&lang=sr","article_published_time":"2025-10-02T14:11:10+00:00","og_image":[{"width":1000,"height":1000,"url":"https:\/\/veritasinfo.org\/wp-content\/uploads\/2025\/10\/Albin-Kurti.jpg","type":"image\/jpeg"}],"author":"US5","twitter_card":"summary_large_image","twitter_misc":{"Written by":"US5","Est. reading time":"2 minutes"},"schema":{"@context":"https:\/\/schema.org","@graph":[{"@type":"WebPage","@id":"https:\/\/veritasinfo.org\/?p=14727&lang=sr","url":"https:\/\/veritasinfo.org\/?p=14727&lang=sr","name":"Kurti iz \u0160time obe\u0107ava dodatnih 100 evra za bake i deke koji se brinu o unucima -","isPartOf":{"@id":"https:\/\/veritasinfo.org\/#website"},"primaryImageOfPage":{"@id":"https:\/\/veritasinfo.org\/?p=14727&lang=sr#primaryimage"},"image":{"@id":"https:\/\/veritasinfo.org\/?p=14727&lang=sr#primaryimage"},"thumbnailUrl":"https:\/\/veritasinfo.org\/wp-content\/uploads\/2025\/10\/Albin-Kurti.jpg","datePublished":"2025-10-02T14:11:10+00:00","author":{"@id":"https:\/\/veritasinfo.org\/#\/schema\/person\/bc442336e35414d04494ab8fb45db4c6"},"breadcrumb":{"@id":"https:\/\/veritasinfo.org\/?p=14727&lang=sr#breadcrumb"},"inLanguage":"en-US","potentialAction":[{"@type":"ReadAction","target":["https:\/\/veritasinfo.org\/?p=14727&lang=sr"]}]},{"@type":"ImageObject","inLanguage":"en-US","@id":"https:\/\/veritasinfo.org\/?p=14727&lang=sr#primaryimage","url":"https:\/\/veritasinfo.org\/wp-content\/uploads\/2025\/10\/Albin-Kurti.jpg","contentUrl":"https:\/\/veritasinfo.org\/wp-content\/uploads\/2025\/10\/Albin-Kurti.jpg","width":1000,"height":1000},{"@type":"BreadcrumbList","@id":"https:\/\/veritasinfo.org\/?p=14727&lang=sr#breadcrumb","itemListElement":[{"@type":"ListItem","position":1,"name":"Home","item":"https:\/\/veritasinfo.org\/"},{"@type":"ListItem","position":2,"name":"Kurti iz \u0160time obe\u0107ava dodatnih 100 evra za bake i deke koji se brinu o unucima"}]},{"@type":"WebSite","@id":"https:\/\/veritasinfo.org\/#website","url":"https:\/\/veritasinfo.org\/","name":"","description":"","potentialAction":[{"@type":"SearchAction","target":{"@type":"EntryPoint","urlTemplate":"https:\/\/veritasinfo.org\/?s={search_term_string}"},"query-input":{"@type":"PropertyValueSpecification","valueRequired":true,"valueName":"search_term_string"}}],"inLanguage":"en-US"},{"@type":"Person","@id":"https:\/\/veritasinfo.org\/#\/schema\/person\/bc442336e35414d04494ab8fb45db4c6","name":"US5","image":{"@type":"ImageObject","inLanguage":"en-US","@id":"https:\/\/veritasinfo.org\/#\/schema\/person\/image\/","url":"https:\/\/secure.gravatar.com\/avatar\/16a61e7272a0c5d001121ebb9e60e925d5816e4ac1e443ed3e640d9a6ae55d0c?s=96&d=mm&r=g","contentUrl":"https:\/\/secure.gravatar.com\/avatar\/16a61e7272a0c5d001121ebb9e60e925d5816e4ac1e443ed3e640d9a6ae55d0c?s=96&d=mm&r=g","caption":"US5"},"url":"https:\/\/veritasinfo.org\/?author=6"}]}},"featured_image_urls":{"full":["https:\/\/veritasinfo.org\/wp-content\/uploads\/2025\/10\/Albin-Kurti.jpg",1000,1000,false],"thumbnail":["https:\/\/veritasinfo.org\/wp-content\/uploads\/2025\/10\/Albin-Kurti-150x150.jpg",150,150,true],"medium":["https:\/\/veritasinfo.org\/wp-content\/uploads\/2025\/10\/Albin-Kurti-300x300.jpg",300,300,true],"medium_large":["https:\/\/veritasinfo.org\/wp-content\/uploads\/2025\/10\/Albin-Kurti-768x768.jpg",640,640,true],"large":["https:\/\/veritasinfo.org\/wp-content\/uploads\/2025\/10\/Albin-Kurti.jpg",640,640,false],"1536x1536":["https:\/\/veritasinfo.org\/wp-content\/uploads\/2025\/10\/Albin-Kurti.jpg",1000,1000,false],"2048x2048":["https:\/\/veritasinfo.org\/wp-content\/uploads\/2025\/10\/Albin-Kurti.jpg",1000,1000,false],"kreeti-slider-full":["https:\/\/veritasinfo.org\/wp-content\/uploads\/2025\/10\/Albin-Kurti.jpg",720,720,false],"kreeti-featured":["https:\/\/veritasinfo.org\/wp-content\/uploads\/2025\/10\/Albin-Kurti.jpg",1000,1000,false],"kreeti-medium":["https:\/\/veritasinfo.org\/wp-content\/uploads\/2025\/10\/Albin-Kurti.jpg",530,530,false],"kreeti-medium-square":["https:\/\/veritasinfo.org\/wp-content\/uploads\/2025\/10\/Albin-Kurti.jpg",350,350,false]},"author_info":{"info":["US5"]},"category_info":"<a href=\"https:\/\/veritasinfo.org\/?cat=42&#038;lang=sr\" rel=\"category\">Parlamentarni izbori\u00a02025<\/a>","tag_info":"Parlamentarni izbori\u00a02025","comment_count":"0","_links":{"self":[{"href":"https:\/\/veritasinfo.org\/index.php?rest_route=\/wp\/v2\/posts\/14727","targetHints":{"allow":["GET"]}}],"collection":[{"href":"https:\/\/veritasinfo.org\/index.php?rest_route=\/wp\/v2\/posts"}],"about":[{"href":"https:\/\/veritasinfo.org\/index.php?rest_route=\/wp\/v2\/types\/post"}],"author":[{"embeddable":true,"href":"https:\/\/veritasinfo.org\/index.php?rest_route=\/wp\/v2\/users\/6"}],"replies":[{"embeddable":true,"href":"https:\/\/veritasinfo.org\/index.php?rest_route=%2Fwp%2Fv2%2Fcomments&post=14727"}],"version-history":[{"count":1,"href":"https:\/\/veritasinfo.org\/index.php?rest_route=\/wp\/v2\/posts\/14727\/revisions"}],"predecessor-version":[{"id":14728,"href":"https:\/\/veritasinfo.org\/index.php?rest_route=\/wp\/v2\/posts\/14727\/revisions\/14728"}],"wp:featuredmedia":[{"embeddable":true,"href":"https:\/\/veritasinfo.org\/index.php?rest_route=\/wp\/v2\/media\/14724"}],"wp:attachment":[{"href":"https:\/\/veritasinfo.org\/index.php?rest_route=%2Fwp%2Fv2%2Fmedia&parent=14727"}],"wp:term":[{"taxonomy":"category","embeddable":true,"href":"https:\/\/veritasinfo.org\/index.php?rest_route=%2Fwp%2Fv2%2Fcategories&post=14727"},{"taxonomy":"post_tag","embeddable":true,"href":"https:\/\/veritasinfo.org\/index.php?rest_route=%2Fwp%2Fv2%2Ftags&post=14727"}],"curies":[{"name":"wp","href":"https:\/\/api.w.org\/{rel}","templated":true}]}}