{"id":14429,"date":"2025-09-30T17:45:06","date_gmt":"2025-09-30T15:45:06","guid":{"rendered":"https:\/\/veritasinfo.org\/?p=14429"},"modified":"2025-09-30T17:45:06","modified_gmt":"2025-09-30T15:45:06","slug":"kushtetuesja-kuvendi-nuk-eshte-konstituuar-12-dite-afat-per-veprim","status":"publish","type":"post","link":"https:\/\/veritasinfo.org\/?p=14429","title":{"rendered":"Kushtetuesja: Kuvendi nuk \u00ebsht\u00eb konstituuar, 12 dit\u00eb afat p\u00ebr veprim"},"content":{"rendered":"<p>Prishtin\u00eb, 20 shtator 2025<\/p>\n<p>Gjykata Kushtetuese ka njoftuar se seanca konstituive e kuvendit, e filluar m\u00eb 15 prill 2025 nuk ka p\u00ebrfunduar si rezultat i moszgjedhjes s\u00eb n\u00ebnkryetarit t\u00eb Kuvendit nga radh\u00ebt e deputet\u00ebve t\u00eb komunitetit serb.<\/p>\n<p>Kushtetuesja ka konstatuar se Kuvendi nuk \u00ebsht\u00eb konstituuar, si dhe ka p\u00ebrcaktuar q\u00eb seanca konstituive e kuvendit t\u00eb p\u00ebrfundoj\u00eb brenda afatit t\u00eb p\u00ebrcaktuar, p\u00ebrkat\u00ebsisht brenda afatit t\u00eb mbetur prej 12 (dymb\u00ebdhjet\u00eb) dit\u00ebve nga hyrja n\u00eb fuqi e k\u00ebtij Aktgjykimi.<\/p>\n<p>Gjykata ka vendosur q\u00eb \u201cT\u00cb URDH\u00cbROJ\u00cb, t\u00eb gjith\u00eb deputet\u00ebt e zgjedhur t\u00eb Kuvendit t\u00eb Republik\u00ebs s\u00eb Kosov\u00ebs, q\u00eb n\u00eb pajtim me nenin 4 [Forma e Qeverisjes dhe Ndarja e Pushtetit], nenin 7 [Vlerat],\u00a0paragrafin 4 t\u00eb nenit 67 [Zgjedhja e Kryetarit dhe N\u00ebnkryetar\u00ebve]\u00a0 dhe nenin 74 [Ushtrimi i Funksionit] t\u00eb Kushtetut\u00ebs s\u00eb Republik\u00ebs s\u00eb Kosov\u00ebs, q\u00eb gjat\u00eb procedur\u00ebs s\u00eb zgjedhjes s\u00eb n\u00ebnkryetarit t\u00eb Kuvendit t\u00eb Republik\u00ebs s\u00eb Kosov\u00ebs nga radh\u00ebt e deputet\u00ebve t\u00eb komunitetit Serb, t\u00eb ushtrojn\u00eb funksionin e tyre kushtetues n\u00eb interesin m\u00eb t\u00eb mir\u00eb t\u00eb Republik\u00ebs s\u00eb Kosov\u00ebs dhe n\u00eb pajtim me Kushtetut\u00ebn dhe Rregulloren e Kuvendit\u201d.<\/p>\n","protected":false},"excerpt":{"rendered":"<p>Prishtin\u00eb, 20 shtator 2025 Gjykata Kushtetuese ka njoftuar se seanca konstituive e kuvendit, e filluar m\u00eb 15 prill 2025 nuk ka p\u00ebrfunduar si rezultat i<\/p>\n","protected":false},"author":7,"featured_media":14430,"comment_status":"open","ping_status":"open","sticky":false,"template":"","format":"standard","meta":{"footnotes":""},"categories":[93],"tags":[],"class_list":["post-14429","post","type-post","status-publish","format-standard","has-post-thumbnail","hentry","category-politika-sq"],"yoast_head":"<!-- This site is optimized with the Yoast SEO plugin v25.3.1 - https:\/\/yoast.com\/wordpress\/plugins\/seo\/ -->\n<title>Kushtetuesja: Kuvendi nuk \u00ebsht\u00eb konstituuar, 12 dit\u00eb afat p\u00ebr veprim -<\/title>\n<meta name=\"robots\" content=\"index, follow, max-snippet:-1, max-image-preview:large, max-video-preview:-1\" \/>\n<link rel=\"canonical\" href=\"https:\/\/veritasinfo.org\/?p=14429\" \/>\n<meta property=\"og:locale\" content=\"en_US\" \/>\n<meta property=\"og:type\" content=\"article\" \/>\n<meta property=\"og:title\" content=\"Kushtetuesja: Kuvendi nuk \u00ebsht\u00eb konstituuar, 12 dit\u00eb afat p\u00ebr veprim -\" \/>\n<meta property=\"og:description\" content=\"Prishtin\u00eb, 20 shtator 2025 Gjykata Kushtetuese ka njoftuar se seanca konstituive e kuvendit, e filluar m\u00eb 15 prill 2025 nuk ka p\u00ebrfunduar si rezultat i\" \/>\n<meta property=\"og:url\" content=\"https:\/\/veritasinfo.org\/?p=14429\" \/>\n<meta property=\"article:published_time\" content=\"2025-09-30T15:45:06+00:00\" \/>\n<meta property=\"og:image\" content=\"https:\/\/veritasinfo.org\/wp-content\/uploads\/2025\/09\/gjykata-kushtetuese.png\" \/>\n\t<meta property=\"og:image:width\" content=\"750\" \/>\n\t<meta property=\"og:image:height\" content=\"430\" \/>\n\t<meta property=\"og:image:type\" content=\"image\/png\" \/>\n<meta name=\"author\" content=\"US6\" \/>\n<meta name=\"twitter:card\" content=\"summary_large_image\" \/>\n<meta name=\"twitter:label1\" content=\"Written by\" \/>\n\t<meta name=\"twitter:data1\" content=\"US6\" \/>\n\t<meta name=\"twitter:label2\" content=\"Est. reading time\" \/>\n\t<meta name=\"twitter:data2\" content=\"1 minute\" \/>\n<script type=\"application\/ld+json\" class=\"yoast-schema-graph\">{\"@context\":\"https:\/\/schema.org\",\"@graph\":[{\"@type\":\"WebPage\",\"@id\":\"https:\/\/veritasinfo.org\/?p=14429\",\"url\":\"https:\/\/veritasinfo.org\/?p=14429\",\"name\":\"Kushtetuesja: Kuvendi nuk \u00ebsht\u00eb konstituuar, 12 dit\u00eb afat p\u00ebr veprim -\",\"isPartOf\":{\"@id\":\"https:\/\/veritasinfo.org\/#website\"},\"primaryImageOfPage\":{\"@id\":\"https:\/\/veritasinfo.org\/?p=14429#primaryimage\"},\"image\":{\"@id\":\"https:\/\/veritasinfo.org\/?p=14429#primaryimage\"},\"thumbnailUrl\":\"https:\/\/veritasinfo.org\/wp-content\/uploads\/2025\/09\/gjykata-kushtetuese.png\",\"datePublished\":\"2025-09-30T15:45:06+00:00\",\"author\":{\"@id\":\"https:\/\/veritasinfo.org\/#\/schema\/person\/fe199eede04c3937362892b7444747cc\"},\"breadcrumb\":{\"@id\":\"https:\/\/veritasinfo.org\/?p=14429#breadcrumb\"},\"inLanguage\":\"en-US\",\"potentialAction\":[{\"@type\":\"ReadAction\",\"target\":[\"https:\/\/veritasinfo.org\/?p=14429\"]}]},{\"@type\":\"ImageObject\",\"inLanguage\":\"en-US\",\"@id\":\"https:\/\/veritasinfo.org\/?p=14429#primaryimage\",\"url\":\"https:\/\/veritasinfo.org\/wp-content\/uploads\/2025\/09\/gjykata-kushtetuese.png\",\"contentUrl\":\"https:\/\/veritasinfo.org\/wp-content\/uploads\/2025\/09\/gjykata-kushtetuese.png\",\"width\":750,\"height\":430},{\"@type\":\"BreadcrumbList\",\"@id\":\"https:\/\/veritasinfo.org\/?p=14429#breadcrumb\",\"itemListElement\":[{\"@type\":\"ListItem\",\"position\":1,\"name\":\"Home\",\"item\":\"https:\/\/veritasinfo.org\/\"},{\"@type\":\"ListItem\",\"position\":2,\"name\":\"Kushtetuesja: Kuvendi nuk \u00ebsht\u00eb konstituuar, 12 dit\u00eb afat p\u00ebr veprim\"}]},{\"@type\":\"WebSite\",\"@id\":\"https:\/\/veritasinfo.org\/#website\",\"url\":\"https:\/\/veritasinfo.org\/\",\"name\":\"\",\"description\":\"\",\"potentialAction\":[{\"@type\":\"SearchAction\",\"target\":{\"@type\":\"EntryPoint\",\"urlTemplate\":\"https:\/\/veritasinfo.org\/?s={search_term_string}\"},\"query-input\":{\"@type\":\"PropertyValueSpecification\",\"valueRequired\":true,\"valueName\":\"search_term_string\"}}],\"inLanguage\":\"en-US\"},{\"@type\":\"Person\",\"@id\":\"https:\/\/veritasinfo.org\/#\/schema\/person\/fe199eede04c3937362892b7444747cc\",\"name\":\"US6\",\"image\":{\"@type\":\"ImageObject\",\"inLanguage\":\"en-US\",\"@id\":\"https:\/\/veritasinfo.org\/#\/schema\/person\/image\/\",\"url\":\"https:\/\/secure.gravatar.com\/avatar\/cb16c3c31c9d23b9b8c705964598220b3014e42ff51eb540ff23cefa3ae8c15f?s=96&d=mm&r=g\",\"contentUrl\":\"https:\/\/secure.gravatar.com\/avatar\/cb16c3c31c9d23b9b8c705964598220b3014e42ff51eb540ff23cefa3ae8c15f?s=96&d=mm&r=g\",\"caption\":\"US6\"},\"url\":\"https:\/\/veritasinfo.org\/?author=7\"}]}<\/script>\n<!-- \/ Yoast SEO plugin. -->","yoast_head_json":{"title":"Kushtetuesja: Kuvendi nuk \u00ebsht\u00eb konstituuar, 12 dit\u00eb afat p\u00ebr veprim -","robots":{"index":"index","follow":"follow","max-snippet":"max-snippet:-1","max-image-preview":"max-image-preview:large","max-video-preview":"max-video-preview:-1"},"canonical":"https:\/\/veritasinfo.org\/?p=14429","og_locale":"en_US","og_type":"article","og_title":"Kushtetuesja: Kuvendi nuk \u00ebsht\u00eb konstituuar, 12 dit\u00eb afat p\u00ebr veprim -","og_description":"Prishtin\u00eb, 20 shtator 2025 Gjykata Kushtetuese ka njoftuar se seanca konstituive e kuvendit, e filluar m\u00eb 15 prill 2025 nuk ka p\u00ebrfunduar si rezultat i","og_url":"https:\/\/veritasinfo.org\/?p=14429","article_published_time":"2025-09-30T15:45:06+00:00","og_image":[{"width":750,"height":430,"url":"https:\/\/veritasinfo.org\/wp-content\/uploads\/2025\/09\/gjykata-kushtetuese.png","type":"image\/png"}],"author":"US6","twitter_card":"summary_large_image","twitter_misc":{"Written by":"US6","Est. reading time":"1 minute"},"schema":{"@context":"https:\/\/schema.org","@graph":[{"@type":"WebPage","@id":"https:\/\/veritasinfo.org\/?p=14429","url":"https:\/\/veritasinfo.org\/?p=14429","name":"Kushtetuesja: Kuvendi nuk \u00ebsht\u00eb konstituuar, 12 dit\u00eb afat p\u00ebr veprim -","isPartOf":{"@id":"https:\/\/veritasinfo.org\/#website"},"primaryImageOfPage":{"@id":"https:\/\/veritasinfo.org\/?p=14429#primaryimage"},"image":{"@id":"https:\/\/veritasinfo.org\/?p=14429#primaryimage"},"thumbnailUrl":"https:\/\/veritasinfo.org\/wp-content\/uploads\/2025\/09\/gjykata-kushtetuese.png","datePublished":"2025-09-30T15:45:06+00:00","author":{"@id":"https:\/\/veritasinfo.org\/#\/schema\/person\/fe199eede04c3937362892b7444747cc"},"breadcrumb":{"@id":"https:\/\/veritasinfo.org\/?p=14429#breadcrumb"},"inLanguage":"en-US","potentialAction":[{"@type":"ReadAction","target":["https:\/\/veritasinfo.org\/?p=14429"]}]},{"@type":"ImageObject","inLanguage":"en-US","@id":"https:\/\/veritasinfo.org\/?p=14429#primaryimage","url":"https:\/\/veritasinfo.org\/wp-content\/uploads\/2025\/09\/gjykata-kushtetuese.png","contentUrl":"https:\/\/veritasinfo.org\/wp-content\/uploads\/2025\/09\/gjykata-kushtetuese.png","width":750,"height":430},{"@type":"BreadcrumbList","@id":"https:\/\/veritasinfo.org\/?p=14429#breadcrumb","itemListElement":[{"@type":"ListItem","position":1,"name":"Home","item":"https:\/\/veritasinfo.org\/"},{"@type":"ListItem","position":2,"name":"Kushtetuesja: Kuvendi nuk \u00ebsht\u00eb konstituuar, 12 dit\u00eb afat p\u00ebr veprim"}]},{"@type":"WebSite","@id":"https:\/\/veritasinfo.org\/#website","url":"https:\/\/veritasinfo.org\/","name":"","description":"","potentialAction":[{"@type":"SearchAction","target":{"@type":"EntryPoint","urlTemplate":"https:\/\/veritasinfo.org\/?s={search_term_string}"},"query-input":{"@type":"PropertyValueSpecification","valueRequired":true,"valueName":"search_term_string"}}],"inLanguage":"en-US"},{"@type":"Person","@id":"https:\/\/veritasinfo.org\/#\/schema\/person\/fe199eede04c3937362892b7444747cc","name":"US6","image":{"@type":"ImageObject","inLanguage":"en-US","@id":"https:\/\/veritasinfo.org\/#\/schema\/person\/image\/","url":"https:\/\/secure.gravatar.com\/avatar\/cb16c3c31c9d23b9b8c705964598220b3014e42ff51eb540ff23cefa3ae8c15f?s=96&d=mm&r=g","contentUrl":"https:\/\/secure.gravatar.com\/avatar\/cb16c3c31c9d23b9b8c705964598220b3014e42ff51eb540ff23cefa3ae8c15f?s=96&d=mm&r=g","caption":"US6"},"url":"https:\/\/veritasinfo.org\/?author=7"}]}},"featured_image_urls":{"full":["https:\/\/veritasinfo.org\/wp-content\/uploads\/2025\/09\/gjykata-kushtetuese.png",750,430,false],"thumbnail":["https:\/\/veritasinfo.org\/wp-content\/uploads\/2025\/09\/gjykata-kushtetuese-150x150.png",150,150,true],"medium":["https:\/\/veritasinfo.org\/wp-content\/uploads\/2025\/09\/gjykata-kushtetuese-300x172.png",300,172,true],"medium_large":["https:\/\/veritasinfo.org\/wp-content\/uploads\/2025\/09\/gjykata-kushtetuese.png",640,367,false],"large":["https:\/\/veritasinfo.org\/wp-content\/uploads\/2025\/09\/gjykata-kushtetuese.png",640,367,false],"1536x1536":["https:\/\/veritasinfo.org\/wp-content\/uploads\/2025\/09\/gjykata-kushtetuese.png",750,430,false],"2048x2048":["https:\/\/veritasinfo.org\/wp-content\/uploads\/2025\/09\/gjykata-kushtetuese.png",750,430,false],"kreeti-slider-full":["https:\/\/veritasinfo.org\/wp-content\/uploads\/2025\/09\/gjykata-kushtetuese.png",750,430,false],"kreeti-featured":["https:\/\/veritasinfo.org\/wp-content\/uploads\/2025\/09\/gjykata-kushtetuese.png",750,430,false],"kreeti-medium":["https:\/\/veritasinfo.org\/wp-content\/uploads\/2025\/09\/gjykata-kushtetuese.png",720,413,false],"kreeti-medium-square":["https:\/\/veritasinfo.org\/wp-content\/uploads\/2025\/09\/gjykata-kushtetuese.png",350,201,false]},"author_info":{"info":["US6"]},"category_info":"<a href=\"https:\/\/veritasinfo.org\/?cat=93\" rel=\"category\">Politika<\/a>","tag_info":"Politika","comment_count":"0","_links":{"self":[{"href":"https:\/\/veritasinfo.org\/index.php?rest_route=\/wp\/v2\/posts\/14429","targetHints":{"allow":["GET"]}}],"collection":[{"href":"https:\/\/veritasinfo.org\/index.php?rest_route=\/wp\/v2\/posts"}],"about":[{"href":"https:\/\/veritasinfo.org\/index.php?rest_route=\/wp\/v2\/types\/post"}],"author":[{"embeddable":true,"href":"https:\/\/veritasinfo.org\/index.php?rest_route=\/wp\/v2\/users\/7"}],"replies":[{"embeddable":true,"href":"https:\/\/veritasinfo.org\/index.php?rest_route=%2Fwp%2Fv2%2Fcomments&post=14429"}],"version-history":[{"count":1,"href":"https:\/\/veritasinfo.org\/index.php?rest_route=\/wp\/v2\/posts\/14429\/revisions"}],"predecessor-version":[{"id":14431,"href":"https:\/\/veritasinfo.org\/index.php?rest_route=\/wp\/v2\/posts\/14429\/revisions\/14431"}],"wp:featuredmedia":[{"embeddable":true,"href":"https:\/\/veritasinfo.org\/index.php?rest_route=\/wp\/v2\/media\/14430"}],"wp:attachment":[{"href":"https:\/\/veritasinfo.org\/index.php?rest_route=%2Fwp%2Fv2%2Fmedia&parent=14429"}],"wp:term":[{"taxonomy":"category","embeddable":true,"href":"https:\/\/veritasinfo.org\/index.php?rest_route=%2Fwp%2Fv2%2Fcategories&post=14429"},{"taxonomy":"post_tag","embeddable":true,"href":"https:\/\/veritasinfo.org\/index.php?rest_route=%2Fwp%2Fv2%2Ftags&post=14429"}],"curies":[{"name":"wp","href":"https:\/\/api.w.org\/{rel}","templated":true}]}}