{"id":14395,"date":"2025-09-30T12:16:53","date_gmt":"2025-09-30T10:16:53","guid":{"rendered":"https:\/\/veritasinfo.org\/?p=14395"},"modified":"2025-09-30T15:12:10","modified_gmt":"2025-09-30T13:12:10","slug":"partite-serbe-ankohen-per-shantazh-nga-lista-serbe-nje-rast-denoncohet-edhe-ne-polici","status":"publish","type":"post","link":"https:\/\/veritasinfo.org\/?p=14395","title":{"rendered":"Partit\u00eb serbe ankohen p\u00ebr shantazh nga Lista Serbe, nj\u00eb rast denoncohet edhe n\u00eb Polici"},"content":{"rendered":"<p>Prishtin\u00eb 30 Shtator 2025<\/p>\n<p>Dy subjekte politike serbe jan\u00eb ankuar p\u00ebr ndikim te kandidat\u00ebt e tyre nga an\u00ebtar\u00ebt e List\u00ebs Serbe. Nj\u00eb an\u00ebtar i Partis\u00eb p\u00ebr Liri, Drejt\u00ebsi dhe Mbijetes\u00eb dhe nj\u00eb tjet\u00ebr nga L\u00ebvizja Komb\u00ebtare Serbe kan\u00eb mbajtur grev\u00eb urie treditore shkaku i largimit t\u00eb tyre nga puna nga komunat paralele t\u00eb Kamenic\u00ebs. Ata kan\u00eb akuzuar p\u00ebr k\u00ebt\u00eb vendim List\u00ebn Serbe dhe kryetarin e Komun\u00ebs s\u00eb Novob\u00ebrd\u00ebs nga kjo parti, Sasha Millosheviqin. Praktik\u00ebn e presionit t\u00eb List\u00ebs Serbe ndaj kund\u00ebrshtar\u00ebve e kan\u00eb konstatuar drejtuesit e misionit t\u00eb BE-s\u00eb p\u00ebr v\u00ebzhgimin e zgjedhjeve t\u00eb fundit parlamentare (2025) dhe atyre lokale t\u00eb vitit 2021 Hyrja n\u00eb gar\u00eb p\u00ebr asamble komunale jasht\u00eb List\u00ebs Serbe iu ka kushtuar me largim nga puna Ivan Petroviqit dhe Ivan Ristiqit. Dy kandidat\u00eb serb\u00eb p\u00ebr asamble komunale n\u00eb Ranillug, nj\u00ebri i L\u00ebvizjes Komb\u00ebtare Serbe (Srpski Narodni Pokret &#8211; SNP) e tjetri i subjektit politik p\u00ebr Liri, Drejt\u00ebsi dhe Mbijetes\u00eb (Za Slobodu, Pravdu i Opstanak), largimin nga puna nga komuna paralele e Kamenic\u00ebs e kan\u00eb kund\u00ebrshtuar me grev\u00eb treditore. P\u00ebr p\u00ebrjashtimin e tyre nga puna ata e kan\u00eb akuzuar kryetarin e Komun\u00ebs s\u00eb Novob\u00ebrd\u00ebs, i cili \u00ebsht\u00eb kryetar i komun\u00ebs paralele t\u00eb Gjilanit, Sasha Millosheviq.<\/p>\n<p>Pasi t\u00eb shtun\u00ebn nd\u00ebrpren\u00eb grev\u00ebn, kandidati i SNP-s\u00eb, Ivan Petroviq ka th\u00ebn\u00eb p\u00ebr KOH\u00cbN se rasti \u00ebsht\u00eb paraqitur edhe n\u00eb Policin\u00eb e Kosov\u00ebs. Ai ka paralajm\u00ebruar protest\u00eb edhe n\u00eb Serbi.<\/p>\n<p>\u201cDisa t\u00eb pun\u00ebsuar jemi shkarkuar nga puna, sepse kemi kandiduar n\u00eb listat e partive opozitare serbe dhe dy prej nesh kemi b\u00ebr\u00eb grev\u00eb urie n\u00eb Ranillug q\u00eb zgjati tri dit\u00eb. K\u00ebrkesat tona p\u00ebr kthim n\u00eb vend t\u00eb pun\u00ebs dhe p\u00ebr t\u00eb na dh\u00ebn\u00eb pagat nuk jan\u00eb plot\u00ebsuar. Do t\u00eb vazhdojm\u00eb me forma t\u00eb tjera proteste. Do t\u00eb protestojm\u00eb kudo q\u00eb konsiderojm\u00eb se k\u00ebrkesat tona duhet t\u00eb p\u00ebrmbushen, tek institucionet n\u00eb Beograd dhe n\u00eb vende t\u00eb tjera&#8230; Po kemi dh\u00ebn\u00eb deklarata n\u00eb polici para fillimit t\u00eb grev\u00ebs s\u00eb uris\u00eb n\u00eb stacionin policor n\u00eb Ranillug\u201d, tha Petroviq.<\/p>\n<p>N\u00eb nj\u00eb p\u00ebrgjigje q\u00eb ia ka d\u00ebrguar portalit KoSSev, Ambasada e Shteteve t\u00eb Bashkuara ka k\u00ebrkuar q\u00eb t\u00eb mos pengohet gara mes partive politike.<\/p>\n<p>\u201cJemi t\u00eb shqet\u00ebsuar p\u00ebr \u00e7do p\u00ebrpjekje p\u00ebr t\u00eb kufizuar konkurrenc\u00ebn midis partive politike dhe p\u00ebr t\u00eb penguar qytetar\u00ebt e Kosov\u00ebs t\u00eb zgjedhin p\u00ebrfaq\u00ebsuesit e tyre. T\u00eb gjith\u00eb qytetar\u00ebt e Kosov\u00ebs &#8211; pavar\u00ebsisht n\u00ebse jan\u00eb serb\u00eb, shqiptar\u00eb apo nga ndonj\u00eb grup tjet\u00ebr &#8211; pavar\u00ebsisht nga p\u00ebrkat\u00ebsia politike, duhet t\u00eb ken\u00eb mund\u00ebsin\u00eb t\u00eb marrin pjes\u00eb plot\u00ebsisht n\u00eb jet\u00ebn politike dhe qytetare t\u00eb Kosov\u00ebs\u201d, thuhet n\u00eb p\u00ebrgjigjen e Ambasad\u00ebs.<\/p>\n<p>Kryetari i L\u00ebvizjes Komb\u00ebtare Serbe, Branimir Stojanoviq, thot\u00eb se krimi e shantazhi q\u00eb b\u00ebhen n\u00eb komunat me shumic\u00eb serbe jan\u00eb anashkaluar vazhdimisht nga institucionet e Kosov\u00ebs.<\/p>\n<p>\u201cAjo q\u00eb e ka b\u00ebr\u00eb Ivan Petroviqi, \u00ebsht\u00eb q\u00eb direkt ka treguar se kush, si e pse e kan\u00eb pushuar nga puna dhe \u00ebsht\u00eb e mjaftueshme p\u00ebr k\u00ebdo q\u00eb do t\u00eb punoj\u00eb. E kush s\u2019punon gjen arsyetime pse nuk e b\u00ebn pun\u00ebn e tij. Ai ka qen\u00eb shum\u00eb konkret, ka th\u00ebn\u00eb: un\u00eb jam ai q\u00eb \u00ebsht\u00eb p\u00ebrjashtuar nga puna p\u00ebr k\u00ebt\u00eb dhe k\u00ebt\u00eb arsye, ia ka treguar vendimin, q\u00eb k\u00ebta e k\u00ebta njer\u00ebz e kan\u00eb b\u00ebr\u00eb k\u00ebt\u00eb. \u00c7\u2019t\u00eb b\u00ebjn\u00eb tjet\u00ebr Ivani Petroviqi e njer\u00ebzit e tjer\u00eb si Ristiqi, do ta b\u00ebjn\u00eb t\u00eb gjith\u00eb at\u00eb q\u00eb \u00ebsht\u00eb e mundshme. E se a do t\u00eb b\u00ebjn\u00eb t\u00eb tjer\u00ebt di\u00e7ka apo jo, kjo \u00ebsht\u00eb pyetje p\u00ebr ta, nuk \u00ebsht\u00eb pyetje p\u00ebr ne\u201d, tha Stonajoviq.<\/p>\n<p>Si n\u00eb fjalimet e fushat\u00ebs zgjedhore ai e ka akuzuar edhe ministrin p\u00ebr Komunitete dhe Kthim, Nenad Rashiq, se po p\u00ebrdor resurset shtet\u00ebrore p\u00ebr promovimin e fushat\u00ebs politike t\u00eb kandidat\u00ebve nga subjekti i tij.<\/p>\n<p>As kandidati p\u00ebr kryetar t\u00eb Novob\u00ebrd\u00ebs, Sasha Millosheviq, e as Lista Serbe nuk u jan\u00eb p\u00ebrgjigjur akuzave t\u00eb partive t\u00eb tjera serbe se po u b\u00ebhet presion p\u00ebr largim nga gara.<\/p>\n<p>Krahas List\u00ebs Serbe, KOHA ka tentuar ta kontaktoj\u00eb edhe kryetarin e subjektit politik p\u00ebr Liri, Drejt\u00ebsi dhe Mbijetes\u00eb, Nenad Rashiq, por ai nuk \u00ebsht\u00eb p\u00ebrgjigjur. P\u00ebrgjigje nuk ka dh\u00ebn\u00eb as Prokuroria Themelore n\u00eb Gjilan.<\/p>\n<p>Ndikimi nga Serbia \u00ebsht\u00eb identifikuar edhe n\u00eb raportin m\u00eb t\u00eb fundit t\u00eb BE-s\u00eb p\u00ebr zgjedhjet e p\u00ebrgjithshme. N\u00eb k\u00ebt\u00eb raport thuhet se \u00ebsht\u00eb raportuar p\u00ebr presion mbi votuesit, t\u00eb cil\u00ebt varen nga asistenca sociale dhe pun\u00ebsimi n\u00eb organet e Serbis\u00eb.<\/p>\n<p>Po ashtu edhe n\u00eb raportin e Misionit t\u00eb Bashkimit Evropian p\u00ebr V\u00ebzhgim t\u00eb Zgjedhjeve komunale t\u00eb 17 tetorit t\u00eb vitit 2021 thuhet se n\u00eb komunat e banuara m\u00eb shumic\u00eb serbe, konkurrenca politike ka qen\u00eb e kufizuar.<\/p>\n<p>\u201cE kemi par\u00eb q\u00eb Lista Serbe e ka monopolizuar jet\u00ebn politike t\u00eb serb\u00ebve t\u00eb Kosov\u00ebs, madje ka pasur raste t\u00eb k\u00ebrc\u00ebnimit dhe presioneve nga kandidat\u00ebt e List\u00ebs Serbe dhe aktivist\u00eb t\u00eb tyre. P\u00ebr fat t\u00eb keq grat\u00eb kan\u00eb qen\u00eb t\u00eb n\u00ebnp\u00ebrfaq\u00ebsuara n\u00eb gara p\u00ebr kryetar\u00eb t\u00eb komunave, financimi i fushat\u00ebs nuk ishte transparent\u201d, pati th\u00ebn\u00eb shefi i Misionit t\u00eb Bashkimit Evropian p\u00ebr V\u00ebzhgim t\u00eb Zgjedhjeve, Lukas Mandl, m\u00eb 19 tetor t\u00eb vitit 2021.<\/p>\n<p>Presionin e List\u00ebs Serbe dhe aktivist\u00ebve t\u00eb saj ndaj votuesve dhe subjekteve t\u00eb tjera e ka p\u00ebrmendur po at\u00eb dit\u00eb edhe Viola von Cramon, raportuese p\u00ebr Kosov\u00ebn n\u00eb Parlamentin Evropian.<\/p>\n","protected":false},"excerpt":{"rendered":"<p>Prishtin\u00eb 30 Shtator 2025 Dy subjekte politike serbe jan\u00eb ankuar p\u00ebr ndikim te kandidat\u00ebt e tyre nga an\u00ebtar\u00ebt e List\u00ebs Serbe. Nj\u00eb an\u00ebtar i Partis\u00eb<\/p>\n","protected":false},"author":6,"featured_media":14396,"comment_status":"open","ping_status":"open","sticky":false,"template":"","format":"standard","meta":{"footnotes":""},"categories":[93,60],"tags":[],"class_list":["post-14395","post","type-post","status-publish","format-standard","has-post-thumbnail","hentry","category-politika-sq","category-shoqerore-sq"],"yoast_head":"<!-- This site is optimized with the Yoast SEO plugin v25.3.1 - https:\/\/yoast.com\/wordpress\/plugins\/seo\/ -->\n<title>Partit\u00eb serbe ankohen p\u00ebr shantazh nga Lista Serbe, nj\u00eb rast denoncohet edhe n\u00eb Polici -<\/title>\n<meta name=\"robots\" content=\"index, follow, max-snippet:-1, max-image-preview:large, max-video-preview:-1\" \/>\n<link rel=\"canonical\" href=\"https:\/\/veritasinfo.org\/?p=14395\" \/>\n<meta property=\"og:locale\" content=\"en_US\" \/>\n<meta property=\"og:type\" content=\"article\" \/>\n<meta property=\"og:title\" content=\"Partit\u00eb serbe ankohen p\u00ebr shantazh nga Lista Serbe, nj\u00eb rast denoncohet edhe n\u00eb Polici -\" \/>\n<meta property=\"og:description\" content=\"Prishtin\u00eb 30 Shtator 2025 Dy subjekte politike serbe jan\u00eb ankuar p\u00ebr ndikim te kandidat\u00ebt e tyre nga an\u00ebtar\u00ebt e List\u00ebs Serbe. Nj\u00eb an\u00ebtar i Partis\u00eb\" \/>\n<meta property=\"og:url\" content=\"https:\/\/veritasinfo.org\/?p=14395\" \/>\n<meta property=\"article:published_time\" content=\"2025-09-30T10:16:53+00:00\" \/>\n<meta property=\"article:modified_time\" content=\"2025-09-30T13:12:10+00:00\" \/>\n<meta property=\"og:image\" content=\"https:\/\/veritasinfo.org\/wp-content\/uploads\/2025\/09\/1fed1808-db50-4335-8af2-b62cec3e1203.webp\" \/>\n\t<meta property=\"og:image:width\" content=\"841\" \/>\n\t<meta property=\"og:image:height\" content=\"566\" \/>\n\t<meta property=\"og:image:type\" content=\"image\/webp\" \/>\n<meta name=\"author\" content=\"US5\" \/>\n<meta name=\"twitter:card\" content=\"summary_large_image\" \/>\n<meta name=\"twitter:label1\" content=\"Written by\" \/>\n\t<meta name=\"twitter:data1\" content=\"US5\" \/>\n\t<meta name=\"twitter:label2\" content=\"Est. reading time\" \/>\n\t<meta name=\"twitter:data2\" content=\"4 minutes\" \/>\n<script type=\"application\/ld+json\" class=\"yoast-schema-graph\">{\"@context\":\"https:\/\/schema.org\",\"@graph\":[{\"@type\":\"WebPage\",\"@id\":\"https:\/\/veritasinfo.org\/?p=14395\",\"url\":\"https:\/\/veritasinfo.org\/?p=14395\",\"name\":\"Partit\u00eb serbe ankohen p\u00ebr shantazh nga Lista Serbe, nj\u00eb rast denoncohet edhe n\u00eb Polici -\",\"isPartOf\":{\"@id\":\"https:\/\/veritasinfo.org\/#website\"},\"primaryImageOfPage\":{\"@id\":\"https:\/\/veritasinfo.org\/?p=14395#primaryimage\"},\"image\":{\"@id\":\"https:\/\/veritasinfo.org\/?p=14395#primaryimage\"},\"thumbnailUrl\":\"https:\/\/veritasinfo.org\/wp-content\/uploads\/2025\/09\/1fed1808-db50-4335-8af2-b62cec3e1203.webp\",\"datePublished\":\"2025-09-30T10:16:53+00:00\",\"dateModified\":\"2025-09-30T13:12:10+00:00\",\"author\":{\"@id\":\"https:\/\/veritasinfo.org\/#\/schema\/person\/bc442336e35414d04494ab8fb45db4c6\"},\"breadcrumb\":{\"@id\":\"https:\/\/veritasinfo.org\/?p=14395#breadcrumb\"},\"inLanguage\":\"en-US\",\"potentialAction\":[{\"@type\":\"ReadAction\",\"target\":[\"https:\/\/veritasinfo.org\/?p=14395\"]}]},{\"@type\":\"ImageObject\",\"inLanguage\":\"en-US\",\"@id\":\"https:\/\/veritasinfo.org\/?p=14395#primaryimage\",\"url\":\"https:\/\/veritasinfo.org\/wp-content\/uploads\/2025\/09\/1fed1808-db50-4335-8af2-b62cec3e1203.webp\",\"contentUrl\":\"https:\/\/veritasinfo.org\/wp-content\/uploads\/2025\/09\/1fed1808-db50-4335-8af2-b62cec3e1203.webp\",\"width\":841,\"height\":566},{\"@type\":\"BreadcrumbList\",\"@id\":\"https:\/\/veritasinfo.org\/?p=14395#breadcrumb\",\"itemListElement\":[{\"@type\":\"ListItem\",\"position\":1,\"name\":\"Home\",\"item\":\"https:\/\/veritasinfo.org\/\"},{\"@type\":\"ListItem\",\"position\":2,\"name\":\"Partit\u00eb serbe ankohen p\u00ebr shantazh nga Lista Serbe, nj\u00eb rast denoncohet edhe n\u00eb Polici\"}]},{\"@type\":\"WebSite\",\"@id\":\"https:\/\/veritasinfo.org\/#website\",\"url\":\"https:\/\/veritasinfo.org\/\",\"name\":\"\",\"description\":\"\",\"potentialAction\":[{\"@type\":\"SearchAction\",\"target\":{\"@type\":\"EntryPoint\",\"urlTemplate\":\"https:\/\/veritasinfo.org\/?s={search_term_string}\"},\"query-input\":{\"@type\":\"PropertyValueSpecification\",\"valueRequired\":true,\"valueName\":\"search_term_string\"}}],\"inLanguage\":\"en-US\"},{\"@type\":\"Person\",\"@id\":\"https:\/\/veritasinfo.org\/#\/schema\/person\/bc442336e35414d04494ab8fb45db4c6\",\"name\":\"US5\",\"image\":{\"@type\":\"ImageObject\",\"inLanguage\":\"en-US\",\"@id\":\"https:\/\/veritasinfo.org\/#\/schema\/person\/image\/\",\"url\":\"https:\/\/secure.gravatar.com\/avatar\/16a61e7272a0c5d001121ebb9e60e925d5816e4ac1e443ed3e640d9a6ae55d0c?s=96&d=mm&r=g\",\"contentUrl\":\"https:\/\/secure.gravatar.com\/avatar\/16a61e7272a0c5d001121ebb9e60e925d5816e4ac1e443ed3e640d9a6ae55d0c?s=96&d=mm&r=g\",\"caption\":\"US5\"},\"url\":\"https:\/\/veritasinfo.org\/?author=6\"}]}<\/script>\n<!-- \/ Yoast SEO plugin. -->","yoast_head_json":{"title":"Partit\u00eb serbe ankohen p\u00ebr shantazh nga Lista Serbe, nj\u00eb rast denoncohet edhe n\u00eb Polici -","robots":{"index":"index","follow":"follow","max-snippet":"max-snippet:-1","max-image-preview":"max-image-preview:large","max-video-preview":"max-video-preview:-1"},"canonical":"https:\/\/veritasinfo.org\/?p=14395","og_locale":"en_US","og_type":"article","og_title":"Partit\u00eb serbe ankohen p\u00ebr shantazh nga Lista Serbe, nj\u00eb rast denoncohet edhe n\u00eb Polici -","og_description":"Prishtin\u00eb 30 Shtator 2025 Dy subjekte politike serbe jan\u00eb ankuar p\u00ebr ndikim te kandidat\u00ebt e tyre nga an\u00ebtar\u00ebt e List\u00ebs Serbe. Nj\u00eb an\u00ebtar i Partis\u00eb","og_url":"https:\/\/veritasinfo.org\/?p=14395","article_published_time":"2025-09-30T10:16:53+00:00","article_modified_time":"2025-09-30T13:12:10+00:00","og_image":[{"width":841,"height":566,"url":"https:\/\/veritasinfo.org\/wp-content\/uploads\/2025\/09\/1fed1808-db50-4335-8af2-b62cec3e1203.webp","type":"image\/webp"}],"author":"US5","twitter_card":"summary_large_image","twitter_misc":{"Written by":"US5","Est. reading time":"4 minutes"},"schema":{"@context":"https:\/\/schema.org","@graph":[{"@type":"WebPage","@id":"https:\/\/veritasinfo.org\/?p=14395","url":"https:\/\/veritasinfo.org\/?p=14395","name":"Partit\u00eb serbe ankohen p\u00ebr shantazh nga Lista Serbe, nj\u00eb rast denoncohet edhe n\u00eb Polici -","isPartOf":{"@id":"https:\/\/veritasinfo.org\/#website"},"primaryImageOfPage":{"@id":"https:\/\/veritasinfo.org\/?p=14395#primaryimage"},"image":{"@id":"https:\/\/veritasinfo.org\/?p=14395#primaryimage"},"thumbnailUrl":"https:\/\/veritasinfo.org\/wp-content\/uploads\/2025\/09\/1fed1808-db50-4335-8af2-b62cec3e1203.webp","datePublished":"2025-09-30T10:16:53+00:00","dateModified":"2025-09-30T13:12:10+00:00","author":{"@id":"https:\/\/veritasinfo.org\/#\/schema\/person\/bc442336e35414d04494ab8fb45db4c6"},"breadcrumb":{"@id":"https:\/\/veritasinfo.org\/?p=14395#breadcrumb"},"inLanguage":"en-US","potentialAction":[{"@type":"ReadAction","target":["https:\/\/veritasinfo.org\/?p=14395"]}]},{"@type":"ImageObject","inLanguage":"en-US","@id":"https:\/\/veritasinfo.org\/?p=14395#primaryimage","url":"https:\/\/veritasinfo.org\/wp-content\/uploads\/2025\/09\/1fed1808-db50-4335-8af2-b62cec3e1203.webp","contentUrl":"https:\/\/veritasinfo.org\/wp-content\/uploads\/2025\/09\/1fed1808-db50-4335-8af2-b62cec3e1203.webp","width":841,"height":566},{"@type":"BreadcrumbList","@id":"https:\/\/veritasinfo.org\/?p=14395#breadcrumb","itemListElement":[{"@type":"ListItem","position":1,"name":"Home","item":"https:\/\/veritasinfo.org\/"},{"@type":"ListItem","position":2,"name":"Partit\u00eb serbe ankohen p\u00ebr shantazh nga Lista Serbe, nj\u00eb rast denoncohet edhe n\u00eb Polici"}]},{"@type":"WebSite","@id":"https:\/\/veritasinfo.org\/#website","url":"https:\/\/veritasinfo.org\/","name":"","description":"","potentialAction":[{"@type":"SearchAction","target":{"@type":"EntryPoint","urlTemplate":"https:\/\/veritasinfo.org\/?s={search_term_string}"},"query-input":{"@type":"PropertyValueSpecification","valueRequired":true,"valueName":"search_term_string"}}],"inLanguage":"en-US"},{"@type":"Person","@id":"https:\/\/veritasinfo.org\/#\/schema\/person\/bc442336e35414d04494ab8fb45db4c6","name":"US5","image":{"@type":"ImageObject","inLanguage":"en-US","@id":"https:\/\/veritasinfo.org\/#\/schema\/person\/image\/","url":"https:\/\/secure.gravatar.com\/avatar\/16a61e7272a0c5d001121ebb9e60e925d5816e4ac1e443ed3e640d9a6ae55d0c?s=96&d=mm&r=g","contentUrl":"https:\/\/secure.gravatar.com\/avatar\/16a61e7272a0c5d001121ebb9e60e925d5816e4ac1e443ed3e640d9a6ae55d0c?s=96&d=mm&r=g","caption":"US5"},"url":"https:\/\/veritasinfo.org\/?author=6"}]}},"featured_image_urls":{"full":["https:\/\/veritasinfo.org\/wp-content\/uploads\/2025\/09\/1fed1808-db50-4335-8af2-b62cec3e1203.webp",841,566,false],"thumbnail":["https:\/\/veritasinfo.org\/wp-content\/uploads\/2025\/09\/1fed1808-db50-4335-8af2-b62cec3e1203-150x150.webp",150,150,true],"medium":["https:\/\/veritasinfo.org\/wp-content\/uploads\/2025\/09\/1fed1808-db50-4335-8af2-b62cec3e1203-300x202.webp",300,202,true],"medium_large":["https:\/\/veritasinfo.org\/wp-content\/uploads\/2025\/09\/1fed1808-db50-4335-8af2-b62cec3e1203-768x517.webp",640,431,true],"large":["https:\/\/veritasinfo.org\/wp-content\/uploads\/2025\/09\/1fed1808-db50-4335-8af2-b62cec3e1203.webp",640,431,false],"1536x1536":["https:\/\/veritasinfo.org\/wp-content\/uploads\/2025\/09\/1fed1808-db50-4335-8af2-b62cec3e1203.webp",841,566,false],"2048x2048":["https:\/\/veritasinfo.org\/wp-content\/uploads\/2025\/09\/1fed1808-db50-4335-8af2-b62cec3e1203.webp",841,566,false],"kreeti-slider-full":["https:\/\/veritasinfo.org\/wp-content\/uploads\/2025\/09\/1fed1808-db50-4335-8af2-b62cec3e1203.webp",841,566,false],"kreeti-featured":["https:\/\/veritasinfo.org\/wp-content\/uploads\/2025\/09\/1fed1808-db50-4335-8af2-b62cec3e1203.webp",841,566,false],"kreeti-medium":["https:\/\/veritasinfo.org\/wp-content\/uploads\/2025\/09\/1fed1808-db50-4335-8af2-b62cec3e1203.webp",720,485,false],"kreeti-medium-square":["https:\/\/veritasinfo.org\/wp-content\/uploads\/2025\/09\/1fed1808-db50-4335-8af2-b62cec3e1203.webp",350,236,false]},"author_info":{"info":["US5"]},"category_info":"<a href=\"https:\/\/veritasinfo.org\/?cat=93\" rel=\"category\">Politika<\/a> <a href=\"https:\/\/veritasinfo.org\/?cat=60\" rel=\"category\">Shoq\u00ebrore<\/a>","tag_info":"Shoq\u00ebrore","comment_count":"0","_links":{"self":[{"href":"https:\/\/veritasinfo.org\/index.php?rest_route=\/wp\/v2\/posts\/14395","targetHints":{"allow":["GET"]}}],"collection":[{"href":"https:\/\/veritasinfo.org\/index.php?rest_route=\/wp\/v2\/posts"}],"about":[{"href":"https:\/\/veritasinfo.org\/index.php?rest_route=\/wp\/v2\/types\/post"}],"author":[{"embeddable":true,"href":"https:\/\/veritasinfo.org\/index.php?rest_route=\/wp\/v2\/users\/6"}],"replies":[{"embeddable":true,"href":"https:\/\/veritasinfo.org\/index.php?rest_route=%2Fwp%2Fv2%2Fcomments&post=14395"}],"version-history":[{"count":1,"href":"https:\/\/veritasinfo.org\/index.php?rest_route=\/wp\/v2\/posts\/14395\/revisions"}],"predecessor-version":[{"id":14397,"href":"https:\/\/veritasinfo.org\/index.php?rest_route=\/wp\/v2\/posts\/14395\/revisions\/14397"}],"wp:featuredmedia":[{"embeddable":true,"href":"https:\/\/veritasinfo.org\/index.php?rest_route=\/wp\/v2\/media\/14396"}],"wp:attachment":[{"href":"https:\/\/veritasinfo.org\/index.php?rest_route=%2Fwp%2Fv2%2Fmedia&parent=14395"}],"wp:term":[{"taxonomy":"category","embeddable":true,"href":"https:\/\/veritasinfo.org\/index.php?rest_route=%2Fwp%2Fv2%2Fcategories&post=14395"},{"taxonomy":"post_tag","embeddable":true,"href":"https:\/\/veritasinfo.org\/index.php?rest_route=%2Fwp%2Fv2%2Ftags&post=14395"}],"curies":[{"name":"wp","href":"https:\/\/api.w.org\/{rel}","templated":true}]}}